{"id":408746,"date":"2022-12-16T10:35:58","date_gmt":"2022-12-16T09:35:58","guid":{"rendered":"https:\/\/www.ecinews.fr\/?p=408746"},"modified":"2022-12-16T10:35:58","modified_gmt":"2022-12-16T09:35:58","slug":"le-groupe-de-travail-picmg-com-hpc-mini-franchit-une-etape-cle","status":"publish","type":"post","link":"https:\/\/www.ecinews.fr\/fr\/le-groupe-de-travail-picmg-com-hpc-mini-franchit-une-etape-cle\/","title":{"rendered":"Le groupe de travail PICMG COM-HPC Mini franchit une \u00e9tape cl\u00e9"},"content":{"rendered":"<p>Le consortium pour le d\u00e9veloppement de sp\u00e9cifications informatiques embarqu\u00e9es ouvertes PICMG annonce que le comit\u00e9 COM-HPC a finalis\u00e9 les d\u00e9finitions de brochage et de dimension pour le facteur de forme COM-HPC Mini en un temps record. Cela signifie que la grande majorit\u00e9 des d\u00e9tails de la norme COM-HPC Mini ont \u00e9t\u00e9 d\u00e9finis et que la documentation a d\u00e9j\u00e0 commenc\u00e9. L\u2019atteinte de cette \u00e9tape critique permet aux membres de PICMG de commencer \u00e0 travailler sur la conception de modules conformes afin que les OEM et les d\u00e9veloppeurs embarqu\u00e9s aient acc\u00e8s \u00e0 un \u00e9cosyst\u00e8me \u00e9labor\u00e9 peu de temps apr\u00e8s le lancement des sp\u00e9cifications. Les performances exceptionnelles des 15 soci\u00e9t\u00e9s membres du groupe de travail COM-HPC Mini refl\u00e8tent la grande pertinence du march\u00e9 et la demande pour une norme Computer-on-Modules haute performance de la taille d\u2019une carte de cr\u00e9dit. Seulement 12 semaines se sont \u00e9coul\u00e9es entre l\u2019\u00e9nonc\u00e9 des travaux approuv\u00e9 et la d\u00e9finition finale de la m\u00e9canique et du brochage par le groupe de travail.<br \/>\n\u00ab La d\u00e9finition du COM-HPC Mini se fait presque \u00e0 la vitesse de la lumi\u00e8re. Si le groupe de travail maintient cette performance, et je ne vois aucune raison de la ralentir car il n\u2019y a plus de d\u00e9fis techniques importants \u00e0 relever, je suis confiant d\u2019avoir une version candidate disponible pour le processus de publication PICMG au T1 2023 et une sp\u00e9cification publi\u00e9e d\u2019ici Q2 2023. Je m\u2019attends \u00e0 ce que les annonces des premiers produits soient \u00e9troitement li\u00e9es \u00e0 la date de publication \u00bb, explique Christian Eder, pr\u00e9sident du comit\u00e9 technique COM-HPC et directeur du marketing produit chez congatec.<br \/>\n\u00ab Le &lsquo;HPC&rsquo; dans COM-HPC signifie &lsquo;High-Performance Computing&rsquo;, mais nous l\u2019utilisons maintenant pour d\u00e9signer le &lsquo;High-Performance Crew&rsquo; qui d\u00e9veloppe la famille de sp\u00e9cifications COM-HPC. Les performances de l\u2019\u00e9quipe suivent le rythme de l\u2019\u00e9volution rapide des applications et des technologies embarqu\u00e9es \u00bb, ajoute Jessica Isquith, pr\u00e9sidente de PICMG.<br \/>\nD\u00e9tails sur<br \/>\nCOM-HPC Mini La sp\u00e9cification de brochage COM-HPC Mini d\u00e9finit l\u2019utilisation d\u2019un connecteur au lieu des deux impl\u00e9ment\u00e9s pour les modules client et serveur COM-HPC plus grands (tailles A \u00e0 E), tout comme COM Express Mini par rapport \u00e0 COM Express Type 6. Mais avec COM-HPC, la moiti\u00e9 du nombre de broches de signal signifie toujours 400 voies de signalisation, ce qui \u00e9quivaut \u00e0 90% de la capacit\u00e9 fournie par les modules COM Express Type 6. COM-HPC Mini offre un encombrement 50 % plus petit par rapport aux modules COM-HPC Client Taille A, le plus petit facteur de forme COM-HPC actuellement disponible. De tels modules extr\u00eamement petits mesurant seulement 60 x 95 mm sont n\u00e9cessaires pour la logique informatique embarqu\u00e9e haut de gamme dans des dispositifs tels que les PC \u00e0 rail haut de gamme pour les armoires de commande dans l\u2019automatisation du b\u00e2timent et de l\u2019industrie, ou les appareils de test et de mesure portables. En outre, la nouvelle sp\u00e9cification permettra aux ing\u00e9nieurs d\u2019int\u00e9grer des technologies d\u2019interface informatique de pointe telles que PCIe Gen4 et Gen5 dans des unit\u00e9s de traitement ultra-petites offrant les performances les plus \u00e9lev\u00e9es. Comme la nouvelle sp\u00e9cification sera livr\u00e9e avec un brochage haute performance cibl\u00e9 et sera conforme \u00e0 l\u2019ensemble de l\u2019\u00e9cosyst\u00e8me COM-HPC, elle devrait devenir la norme haut de gamme en plus de l\u2019ancienne norme COM Express Mini du PICMG. PICMG s\u2019attend \u00e0 ce que la sp\u00e9cification COM Express continue de dominer le march\u00e9 COM pendant de nombreuses ann\u00e9es, car elle r\u00e9pond \u00e0 de nombreuses exigences d\u2019application standard d\u00e9sormais allou\u00e9es au secteur des performances de milieu de gamme.<\/p>\n<p>Le groupe de travail comprend 15 entreprises membres et est parrain\u00e9 par ADLINK, Kontron et congatec. Christian Eder de congatec est le pr\u00e9sident et Stefan Milner est le r\u00e9dacteur en chef des sp\u00e9cifications.<\/p>\n<p><a title=\"www.picmg.org\/openstandards\/com-hpc\" href=\"http:\/\/www.picmg.org\/openstandards\/com-hpc\">www.picmg.org\/openstandards\/com-hpc<\/a><\/p>\n<p><a href=\"http:\/\/www.picmg.org\/\">www.picmg.org<\/a>.<\/p>\n<p>&nbsp;<\/p>\n<p>&nbsp;<\/p>\n","protected":false},"excerpt":{"rendered":"<p>Le consortium pour le d\u00e9veloppement de sp\u00e9cifications informatiques embarqu\u00e9es ouvertes PICMG annonce que le comit\u00e9 COM-HPC a finalis\u00e9 les d\u00e9finitions de brochage et de dimension pour le facteur de forme COM-HPC Mini en un temps record. Cela signifie que la grande majorit\u00e9 des d\u00e9tails de la norme COM-HPC Mini ont \u00e9t\u00e9 d\u00e9finis et que la [&hellip;]<\/p>\n","protected":false},"author":36,"featured_media":408747,"comment_status":"closed","ping_status":"closed","sticky":false,"template":"","format":"standard","meta":{"_acf_changed":false,"footnotes":""},"categories":[886],"tags":[],"domains":[47],"ppma_author":[1154],"class_list":["post-408746","post","type-post","status-publish","format-standard","has-post-thumbnail","hentry","category-news-fr","domains-electronique-eci"],"acf":[],"yoast_head":"<title>Le groupe de travail PICMG COM-HPC Mini franchit une \u00e9tape cl\u00e9 ...<\/title>\n<meta name=\"description\" content=\"Le consortium pour le d\u00e9veloppement de sp\u00e9cifications informatiques embarqu\u00e9es ouvertes PICMG annonce que le comit\u00e9 COM-HPC a finalis\u00e9 les d\u00e9finitions...\" \/>\n<meta name=\"robots\" content=\"index, follow, max-snippet:-1, max-image-preview:large, max-video-preview:-1\" \/>\n<link rel=\"canonical\" href=\"https:\/\/www.ecinews.fr\/fr\/wp-json\/wp\/v2\/posts\/408746\/\" \/>\n<meta property=\"og:locale\" content=\"fr_FR\" \/>\n<meta property=\"og:type\" content=\"article\" \/>\n<meta property=\"og:title\" content=\"Le groupe de travail PICMG COM-HPC Mini franchit une \u00e9tape cl\u00e9\" \/>\n<meta property=\"og:description\" content=\"Le consortium pour le d\u00e9veloppement de sp\u00e9cifications informatiques embarqu\u00e9es ouvertes PICMG annonce que le comit\u00e9 COM-HPC a finalis\u00e9 les d\u00e9finitions de brochage et de dimension pour le facteur de forme COM-HPC Mini en un temps record. Cela signifie que la grande majorit\u00e9 des d\u00e9tails de la norme COM-HPC Mini ont \u00e9t\u00e9 d\u00e9finis et que la [&hellip;]\" \/>\n<meta property=\"og:url\" content=\"https:\/\/www.ecinews.fr\/fr\/wp-json\/wp\/v2\/posts\/408746\/\" \/>\n<meta property=\"og:site_name\" content=\"EENewsEurope\" \/>\n<meta property=\"article:published_time\" content=\"2022-12-16T09:35:58+00:00\" \/>\n<meta property=\"og:image\" content=\"https:\/\/www.eenewseurope.com\/wp-content\/uploads\/2022\/12\/ECI1581_PICMG-scaled.jpg\" \/>\n\t<meta property=\"og:image:width\" content=\"1080\" \/>\n\t<meta property=\"og:image:height\" content=\"720\" \/>\n\t<meta property=\"og:image:type\" content=\"image\/jpeg\" \/>\n<meta name=\"author\" content=\"Alain Dieul\" \/>\n<meta name=\"twitter:card\" content=\"summary_large_image\" \/>\n<meta name=\"twitter:label1\" content=\"Written by\" \/>\n\t<meta name=\"twitter:data1\" content=\"Alain Dieul\" \/>\n\t<meta name=\"twitter:label2\" content=\"Est. reading time\" \/>\n\t<meta name=\"twitter:data2\" content=\"3 minutes\" \/>\n<script type=\"application\/ld+json\" class=\"yoast-schema-graph\">{\"@context\":\"https:\/\/schema.org\",\"@graph\":[{\"@type\":\"Article\",\"@id\":\"https:\/\/www.eenewseurope.com\/fr\/le-groupe-de-travail-picmg-com-hpc-mini-franchit-une-etape-cle\/#article\",\"isPartOf\":{\"@id\":\"https:\/\/www.eenewseurope.com\/fr\/le-groupe-de-travail-picmg-com-hpc-mini-franchit-une-etape-cle\/\"},\"author\":{\"name\":\"Alain Dieul\",\"@id\":\"https:\/\/www.eenewseurope.com\/en\/#\/schema\/person\/e4387676ad67ce722325c7832f3c3762\"},\"headline\":\"Le groupe de travail PICMG COM-HPC Mini franchit une \u00e9tape cl\u00e9\",\"datePublished\":\"2022-12-16T09:35:58+00:00\",\"dateModified\":\"2022-12-16T09:35:58+00:00\",\"mainEntityOfPage\":{\"@id\":\"https:\/\/www.eenewseurope.com\/fr\/le-groupe-de-travail-picmg-com-hpc-mini-franchit-une-etape-cle\/\"},\"wordCount\":678,\"publisher\":{\"@id\":\"https:\/\/www.eenewseurope.com\/en\/#organization\"},\"articleSection\":[\"Actualit\u00e9 g\u00e9n\u00e9rale\"],\"inLanguage\":\"fr-FR\"},{\"@type\":\"WebPage\",\"@id\":\"https:\/\/www.eenewseurope.com\/fr\/le-groupe-de-travail-picmg-com-hpc-mini-franchit-une-etape-cle\/\",\"url\":\"https:\/\/www.eenewseurope.com\/fr\/le-groupe-de-travail-picmg-com-hpc-mini-franchit-une-etape-cle\/\",\"name\":\"Le groupe de travail PICMG COM-HPC Mini franchit une \u00e9tape cl\u00e9 -\",\"isPartOf\":{\"@id\":\"https:\/\/www.eenewseurope.com\/en\/#website\"},\"datePublished\":\"2022-12-16T09:35:58+00:00\",\"dateModified\":\"2022-12-16T09:35:58+00:00\",\"breadcrumb\":{\"@id\":\"https:\/\/www.eenewseurope.com\/fr\/le-groupe-de-travail-picmg-com-hpc-mini-franchit-une-etape-cle\/#breadcrumb\"},\"inLanguage\":\"fr-FR\",\"potentialAction\":[{\"@type\":\"ReadAction\",\"target\":[\"https:\/\/www.eenewseurope.com\/fr\/le-groupe-de-travail-picmg-com-hpc-mini-franchit-une-etape-cle\/\"]}]},{\"@type\":\"BreadcrumbList\",\"@id\":\"https:\/\/www.eenewseurope.com\/fr\/le-groupe-de-travail-picmg-com-hpc-mini-franchit-une-etape-cle\/#breadcrumb\",\"itemListElement\":[{\"@type\":\"ListItem\",\"position\":1,\"name\":\"Home\",\"item\":\"https:\/\/www.ecinews.fr\/fr\/\"},{\"@type\":\"ListItem\",\"position\":2,\"name\":\"Le groupe de travail PICMG COM-HPC Mini franchit une \u00e9tape cl\u00e9\"}]},{\"@type\":\"WebSite\",\"@id\":\"https:\/\/www.eenewseurope.com\/en\/#website\",\"url\":\"https:\/\/www.eenewseurope.com\/en\/\",\"name\":\"EENewsEurope\",\"description\":\"Just another WordPress site\",\"publisher\":{\"@id\":\"https:\/\/www.eenewseurope.com\/en\/#organization\"},\"potentialAction\":[{\"@type\":\"SearchAction\",\"target\":{\"@type\":\"EntryPoint\",\"urlTemplate\":\"https:\/\/www.eenewseurope.com\/en\/?s={search_term_string}\"},\"query-input\":\"required name=search_term_string\"}],\"inLanguage\":\"fr-FR\"},{\"@type\":\"Organization\",\"@id\":\"https:\/\/www.eenewseurope.com\/en\/#organization\",\"name\":\"EENewsEurope\",\"url\":\"https:\/\/www.eenewseurope.com\/en\/\",\"logo\":{\"@type\":\"ImageObject\",\"inLanguage\":\"fr-FR\",\"@id\":\"https:\/\/www.eenewseurope.com\/en\/#\/schema\/logo\/image\/\",\"url\":\"https:\/\/www.ecinews.fr\/wp-content\/uploads\/2022\/02\/logo-1.jpg\",\"contentUrl\":\"https:\/\/www.ecinews.fr\/wp-content\/uploads\/2022\/02\/logo-1.jpg\",\"width\":283,\"height\":113,\"caption\":\"EENewsEurope\"},\"image\":{\"@id\":\"https:\/\/www.eenewseurope.com\/en\/#\/schema\/logo\/image\/\"}},{\"@type\":\"Person\",\"@id\":\"https:\/\/www.eenewseurope.com\/en\/#\/schema\/person\/e4387676ad67ce722325c7832f3c3762\",\"name\":\"Alain Dieul\",\"image\":{\"@type\":\"ImageObject\",\"inLanguage\":\"fr-FR\",\"@id\":\"https:\/\/www.eenewseurope.com\/en\/#\/schema\/person\/image\/736120675699dbbf0f0f282b9a9cfb75\",\"url\":\"https:\/\/secure.gravatar.com\/avatar\/bc93b056d07515be5b8eecd4acf49c5c?s=96&d=mm&r=g\",\"contentUrl\":\"https:\/\/secure.gravatar.com\/avatar\/bc93b056d07515be5b8eecd4acf49c5c?s=96&d=mm&r=g\",\"caption\":\"Alain Dieul\"},\"sameAs\":[\"http:\/\/ECINews\"]}]}<\/script>","yoast_head_json":{"title":"Le groupe de travail PICMG COM-HPC Mini franchit une \u00e9tape cl\u00e9 ...","description":"Le consortium pour le d\u00e9veloppement de sp\u00e9cifications informatiques embarqu\u00e9es ouvertes PICMG annonce que le comit\u00e9 COM-HPC a finalis\u00e9 les d\u00e9finitions...","robots":{"index":"index","follow":"follow","max-snippet":"max-snippet:-1","max-image-preview":"max-image-preview:large","max-video-preview":"max-video-preview:-1"},"canonical":"https:\/\/www.ecinews.fr\/fr\/wp-json\/wp\/v2\/posts\/408746\/","og_locale":"fr_FR","og_type":"article","og_title":"Le groupe de travail PICMG COM-HPC Mini franchit une \u00e9tape cl\u00e9","og_description":"Le consortium pour le d\u00e9veloppement de sp\u00e9cifications informatiques embarqu\u00e9es ouvertes PICMG annonce que le comit\u00e9 COM-HPC a finalis\u00e9 les d\u00e9finitions de brochage et de dimension pour le facteur de forme COM-HPC Mini en un temps record. Cela signifie que la grande majorit\u00e9 des d\u00e9tails de la norme COM-HPC Mini ont \u00e9t\u00e9 d\u00e9finis et que la [&hellip;]","og_url":"https:\/\/www.ecinews.fr\/fr\/wp-json\/wp\/v2\/posts\/408746\/","og_site_name":"EENewsEurope","article_published_time":"2022-12-16T09:35:58+00:00","og_image":[{"width":1080,"height":720,"url":"https:\/\/www.eenewseurope.com\/wp-content\/uploads\/2022\/12\/ECI1581_PICMG-scaled.jpg","type":"image\/jpeg"}],"author":"Alain Dieul","twitter_card":"summary_large_image","twitter_misc":{"Written by":"Alain Dieul","Est. reading time":"3 minutes"},"schema":{"@context":"https:\/\/schema.org","@graph":[{"@type":"Article","@id":"https:\/\/www.eenewseurope.com\/fr\/le-groupe-de-travail-picmg-com-hpc-mini-franchit-une-etape-cle\/#article","isPartOf":{"@id":"https:\/\/www.eenewseurope.com\/fr\/le-groupe-de-travail-picmg-com-hpc-mini-franchit-une-etape-cle\/"},"author":{"name":"Alain Dieul","@id":"https:\/\/www.eenewseurope.com\/en\/#\/schema\/person\/e4387676ad67ce722325c7832f3c3762"},"headline":"Le groupe de travail PICMG COM-HPC Mini franchit une \u00e9tape cl\u00e9","datePublished":"2022-12-16T09:35:58+00:00","dateModified":"2022-12-16T09:35:58+00:00","mainEntityOfPage":{"@id":"https:\/\/www.eenewseurope.com\/fr\/le-groupe-de-travail-picmg-com-hpc-mini-franchit-une-etape-cle\/"},"wordCount":678,"publisher":{"@id":"https:\/\/www.eenewseurope.com\/en\/#organization"},"articleSection":["Actualit\u00e9 g\u00e9n\u00e9rale"],"inLanguage":"fr-FR"},{"@type":"WebPage","@id":"https:\/\/www.eenewseurope.com\/fr\/le-groupe-de-travail-picmg-com-hpc-mini-franchit-une-etape-cle\/","url":"https:\/\/www.eenewseurope.com\/fr\/le-groupe-de-travail-picmg-com-hpc-mini-franchit-une-etape-cle\/","name":"Le groupe de travail PICMG COM-HPC Mini franchit une \u00e9tape cl\u00e9 -","isPartOf":{"@id":"https:\/\/www.eenewseurope.com\/en\/#website"},"datePublished":"2022-12-16T09:35:58+00:00","dateModified":"2022-12-16T09:35:58+00:00","breadcrumb":{"@id":"https:\/\/www.eenewseurope.com\/fr\/le-groupe-de-travail-picmg-com-hpc-mini-franchit-une-etape-cle\/#breadcrumb"},"inLanguage":"fr-FR","potentialAction":[{"@type":"ReadAction","target":["https:\/\/www.eenewseurope.com\/fr\/le-groupe-de-travail-picmg-com-hpc-mini-franchit-une-etape-cle\/"]}]},{"@type":"BreadcrumbList","@id":"https:\/\/www.eenewseurope.com\/fr\/le-groupe-de-travail-picmg-com-hpc-mini-franchit-une-etape-cle\/#breadcrumb","itemListElement":[{"@type":"ListItem","position":1,"name":"Home","item":"https:\/\/www.ecinews.fr\/fr\/"},{"@type":"ListItem","position":2,"name":"Le groupe de travail PICMG COM-HPC Mini franchit une \u00e9tape cl\u00e9"}]},{"@type":"WebSite","@id":"https:\/\/www.eenewseurope.com\/en\/#website","url":"https:\/\/www.eenewseurope.com\/en\/","name":"EENewsEurope","description":"Just another WordPress site","publisher":{"@id":"https:\/\/www.eenewseurope.com\/en\/#organization"},"potentialAction":[{"@type":"SearchAction","target":{"@type":"EntryPoint","urlTemplate":"https:\/\/www.eenewseurope.com\/en\/?s={search_term_string}"},"query-input":"required name=search_term_string"}],"inLanguage":"fr-FR"},{"@type":"Organization","@id":"https:\/\/www.eenewseurope.com\/en\/#organization","name":"EENewsEurope","url":"https:\/\/www.eenewseurope.com\/en\/","logo":{"@type":"ImageObject","inLanguage":"fr-FR","@id":"https:\/\/www.eenewseurope.com\/en\/#\/schema\/logo\/image\/","url":"https:\/\/www.ecinews.fr\/wp-content\/uploads\/2022\/02\/logo-1.jpg","contentUrl":"https:\/\/www.ecinews.fr\/wp-content\/uploads\/2022\/02\/logo-1.jpg","width":283,"height":113,"caption":"EENewsEurope"},"image":{"@id":"https:\/\/www.eenewseurope.com\/en\/#\/schema\/logo\/image\/"}},{"@type":"Person","@id":"https:\/\/www.eenewseurope.com\/en\/#\/schema\/person\/e4387676ad67ce722325c7832f3c3762","name":"Alain Dieul","image":{"@type":"ImageObject","inLanguage":"fr-FR","@id":"https:\/\/www.eenewseurope.com\/en\/#\/schema\/person\/image\/736120675699dbbf0f0f282b9a9cfb75","url":"https:\/\/secure.gravatar.com\/avatar\/bc93b056d07515be5b8eecd4acf49c5c?s=96&d=mm&r=g","contentUrl":"https:\/\/secure.gravatar.com\/avatar\/bc93b056d07515be5b8eecd4acf49c5c?s=96&d=mm&r=g","caption":"Alain Dieul"},"sameAs":["http:\/\/ECINews"]}]}},"authors":[{"term_id":1154,"user_id":36,"is_guest":0,"slug":"alain-dieul","display_name":"Alain Dieul","avatar_url":"https:\/\/secure.gravatar.com\/avatar\/bc93b056d07515be5b8eecd4acf49c5c?s=96&d=mm&r=g","0":null,"1":"","2":"","3":"","4":"","5":"","6":"","7":"","8":""}],"_links":{"self":[{"href":"https:\/\/www.ecinews.fr\/fr\/wp-json\/wp\/v2\/posts\/408746"}],"collection":[{"href":"https:\/\/www.ecinews.fr\/fr\/wp-json\/wp\/v2\/posts"}],"about":[{"href":"https:\/\/www.ecinews.fr\/fr\/wp-json\/wp\/v2\/types\/post"}],"author":[{"embeddable":true,"href":"https:\/\/www.ecinews.fr\/fr\/wp-json\/wp\/v2\/users\/36"}],"replies":[{"embeddable":true,"href":"https:\/\/www.ecinews.fr\/fr\/wp-json\/wp\/v2\/comments?post=408746"}],"version-history":[{"count":0,"href":"https:\/\/www.ecinews.fr\/fr\/wp-json\/wp\/v2\/posts\/408746\/revisions"}],"wp:featuredmedia":[{"embeddable":true,"href":"https:\/\/www.ecinews.fr\/fr\/wp-json\/wp\/v2\/media\/408747"}],"wp:attachment":[{"href":"https:\/\/www.ecinews.fr\/fr\/wp-json\/wp\/v2\/media?parent=408746"}],"wp:term":[{"taxonomy":"category","embeddable":true,"href":"https:\/\/www.ecinews.fr\/fr\/wp-json\/wp\/v2\/categories?post=408746"},{"taxonomy":"post_tag","embeddable":true,"href":"https:\/\/www.ecinews.fr\/fr\/wp-json\/wp\/v2\/tags?post=408746"},{"taxonomy":"domains","embeddable":true,"href":"https:\/\/www.ecinews.fr\/fr\/wp-json\/wp\/v2\/domains?post=408746"},{"taxonomy":"author","embeddable":true,"href":"https:\/\/www.ecinews.fr\/fr\/wp-json\/wp\/v2\/ppma_author?post=408746"}],"curies":[{"name":"wp","href":"https:\/\/api.w.org\/{rel}","templated":true}]}}