{"id":408640,"date":"2022-12-14T20:28:56","date_gmt":"2022-12-14T19:28:56","guid":{"rendered":"https:\/\/www.eenewseurope.com\/?p=408640"},"modified":"2022-12-15T10:53:55","modified_gmt":"2022-12-15T09:53:55","slug":"advans-group-simplante-au-portugal","status":"publish","type":"post","link":"https:\/\/www.ecinews.fr\/fr\/advans-group-simplante-au-portugal\/","title":{"rendered":"Advans Group s\u2019implante au Portugal"},"content":{"rendered":"<p><strong>Advans Group vient d&rsquo;annoncer l\u2019ouverture d\u2019un centre de conception \u00e0 Lisbonne, au Portugal. Cette implantation fait suite au renforcement des partenariats de la soci\u00e9t\u00e9 avec plusieurs clients grands comptes internationaux. Advans Group compte d\u00e9sormais quatorze implantations dans quatre pays (France, Serbie, Portugal et Etats-Unis).<\/strong><\/p>\n<p>Pour Radomir Jovanovic, PDG et fondateur d\u2019Advans Group : <em>\u00ab\u00a0Le Portugal forme des ing\u00e9nieurs de haut niveau, tout en b\u00e9n\u00e9ficiant d\u2019une proximit\u00e9 culturelle avec la France : renforcer nos \u00e9quipes avec des salari\u00e9s portugais sera un atout majeur pour r\u00e9aliser notre ambitieux plan de croissance sur 5 ans, qui comprend l\u2019ouverture de filiales suppl\u00e9mentaires dans d&rsquo;autres pays europ\u00e9ens.\u00a0\u00bb<\/em><\/p>\n<p>Apr\u00e8s une croissance organique de +20% en 2021, il a \u00e9t\u00e9 d\u00e9cid\u00e9 d\u2019investir massivement dans le r\u00e9seau de centres de conception afin d\u2019accompagner l\u2019extension des partenariats avec ses principaux clients internationaux. L&rsquo;ouverture de Lisbonne est ainsi la troisi\u00e8me en 2022, apr\u00e8s celles de Ni\u0161, en Serbie, et de Lille, en France. Le groupe a \u00e9galement agrandi ses locaux existants \u00e0 Paris, Aix, Lyon et Toulouse.<\/p>\n<p>Les ing\u00e9nieurs en cours de recrutement au Portugal vont rejoindre les \u00e9quipes transnationales existantes entre la France et la Serbie. Des opportunit\u00e9s d&#8217;emploi sont actuellement ouvertes dans les domaines du d\u00e9veloppement logiciel agile, du DevOps et de l\u2019assurance qualit\u00e9 logicielle. A moyen terme, le centre de conception de Lisbonne couvrira tous les domaines d&rsquo;expertise du Groupe (\u00e9lectronique \/ logiciel \/ m\u00e9canique).<\/p>\n<p style=\"text-align: justify;\"><a href=\"https:\/\/www.advans-group.com\/fr\/\">Advans Group<\/a><\/p>\n","protected":false},"excerpt":{"rendered":"<p>Advans Group vient d&rsquo;annoncer l\u2019ouverture d\u2019un centre de conception \u00e0 Lisbonne, au Portugal. Cette implantation fait suite au renforcement des partenariats de la soci\u00e9t\u00e9 avec plusieurs clients grands comptes internationaux. Advans Group compte d\u00e9sormais quatorze implantations dans quatre pays (France, Serbie, Portugal et Etats-Unis). Pour Radomir Jovanovic, PDG et fondateur d\u2019Advans Group : \u00ab\u00a0Le Portugal [&hellip;]<\/p>\n","protected":false},"author":11,"featured_media":408642,"comment_status":"closed","ping_status":"closed","sticky":true,"template":"","format":"standard","meta":{"_acf_changed":false,"footnotes":""},"categories":[886],"tags":[2426],"domains":[47],"ppma_author":[1143],"class_list":["post-408640","post","type-post","status-publish","format-standard","has-post-thumbnail","hentry","category-news-fr","tag-implantation-au-portugal","domains-electronique-eci"],"acf":[],"yoast_head":"<title>Advans Group s\u2019implante au Portugal ...<\/title>\n<meta name=\"description\" content=\"Advans Group vient d&rsquo;annoncer l\u2019ouverture d\u2019un centre de conception \u00e0 Lisbonne, au Portugal. Cette implantation fait suite au renforcement des...\" \/>\n<meta name=\"robots\" content=\"index, follow, max-snippet:-1, max-image-preview:large, max-video-preview:-1\" \/>\n<link rel=\"canonical\" href=\"https:\/\/www.ecinews.fr\/fr\/wp-json\/wp\/v2\/posts\/408640\/\" \/>\n<meta property=\"og:locale\" content=\"fr_FR\" \/>\n<meta property=\"og:type\" content=\"article\" \/>\n<meta property=\"og:title\" content=\"Advans Group s\u2019implante au Portugal\" \/>\n<meta property=\"og:description\" content=\"Advans Group vient d&rsquo;annoncer l\u2019ouverture d\u2019un centre de conception \u00e0 Lisbonne, au Portugal. Cette implantation fait suite au renforcement des partenariats de la soci\u00e9t\u00e9 avec plusieurs clients grands comptes internationaux. Advans Group compte d\u00e9sormais quatorze implantations dans quatre pays (France, Serbie, Portugal et Etats-Unis). Pour Radomir Jovanovic, PDG et fondateur d\u2019Advans Group : \u00ab\u00a0Le Portugal [&hellip;]\" \/>\n<meta property=\"og:url\" content=\"https:\/\/www.ecinews.fr\/fr\/wp-json\/wp\/v2\/posts\/408640\/\" \/>\n<meta property=\"og:site_name\" content=\"EENewsEurope\" \/>\n<meta property=\"article:published_time\" content=\"2022-12-14T19:28:56+00:00\" \/>\n<meta property=\"article:modified_time\" content=\"2022-12-15T09:53:55+00:00\" \/>\n<meta property=\"og:image\" content=\"https:\/\/www.ecinews.fr\/wp-content\/uploads\/2022\/12\/Advans-Group-Lisbonne.jpg\" \/>\n\t<meta property=\"og:image:width\" content=\"600\" \/>\n\t<meta property=\"og:image:height\" content=\"385\" \/>\n\t<meta property=\"og:image:type\" content=\"image\/jpeg\" \/>\n<meta name=\"author\" content=\"Daniel Cardon\" \/>\n<meta name=\"twitter:card\" content=\"summary_large_image\" \/>\n<meta name=\"twitter:label1\" content=\"Written by\" \/>\n\t<meta name=\"twitter:data1\" content=\"Daniel Cardon\" \/>\n\t<meta name=\"twitter:label2\" content=\"Est. reading time\" \/>\n\t<meta name=\"twitter:data2\" content=\"1 minute\" \/>\n<script type=\"application\/ld+json\" class=\"yoast-schema-graph\">{\"@context\":\"https:\/\/schema.org\",\"@graph\":[{\"@type\":\"Article\",\"@id\":\"https:\/\/www.ecinews.fr\/fr\/advans-group-simplante-au-portugal\/#article\",\"isPartOf\":{\"@id\":\"https:\/\/www.ecinews.fr\/fr\/advans-group-simplante-au-portugal\/\"},\"author\":{\"name\":\"Daniel Cardon\",\"@id\":\"https:\/\/www.eenewseurope.com\/en\/#\/schema\/person\/93c44cde463762f40a8236eaa44c1c17\"},\"headline\":\"Advans Group s\u2019implante au Portugal\",\"datePublished\":\"2022-12-14T19:28:56+00:00\",\"dateModified\":\"2022-12-15T09:53:55+00:00\",\"mainEntityOfPage\":{\"@id\":\"https:\/\/www.ecinews.fr\/fr\/advans-group-simplante-au-portugal\/\"},\"wordCount\":258,\"publisher\":{\"@id\":\"https:\/\/www.eenewseurope.com\/en\/#organization\"},\"keywords\":[\"Implantation au Portugal\"],\"articleSection\":[\"Actualit\u00e9 g\u00e9n\u00e9rale\"],\"inLanguage\":\"fr-FR\"},{\"@type\":\"WebPage\",\"@id\":\"https:\/\/www.ecinews.fr\/fr\/advans-group-simplante-au-portugal\/\",\"url\":\"https:\/\/www.ecinews.fr\/fr\/advans-group-simplante-au-portugal\/\",\"name\":\"Advans Group s\u2019implante au Portugal -\",\"isPartOf\":{\"@id\":\"https:\/\/www.eenewseurope.com\/en\/#website\"},\"datePublished\":\"2022-12-14T19:28:56+00:00\",\"dateModified\":\"2022-12-15T09:53:55+00:00\",\"breadcrumb\":{\"@id\":\"https:\/\/www.ecinews.fr\/fr\/advans-group-simplante-au-portugal\/#breadcrumb\"},\"inLanguage\":\"fr-FR\",\"potentialAction\":[{\"@type\":\"ReadAction\",\"target\":[\"https:\/\/www.ecinews.fr\/fr\/advans-group-simplante-au-portugal\/\"]}]},{\"@type\":\"BreadcrumbList\",\"@id\":\"https:\/\/www.ecinews.fr\/fr\/advans-group-simplante-au-portugal\/#breadcrumb\",\"itemListElement\":[{\"@type\":\"ListItem\",\"position\":1,\"name\":\"Home\",\"item\":\"https:\/\/www.ecinews.fr\/fr\/\"},{\"@type\":\"ListItem\",\"position\":2,\"name\":\"Advans Group s\u2019implante au Portugal\"}]},{\"@type\":\"WebSite\",\"@id\":\"https:\/\/www.eenewseurope.com\/en\/#website\",\"url\":\"https:\/\/www.eenewseurope.com\/en\/\",\"name\":\"EENewsEurope\",\"description\":\"Just another WordPress site\",\"publisher\":{\"@id\":\"https:\/\/www.eenewseurope.com\/en\/#organization\"},\"potentialAction\":[{\"@type\":\"SearchAction\",\"target\":{\"@type\":\"EntryPoint\",\"urlTemplate\":\"https:\/\/www.eenewseurope.com\/en\/?s={search_term_string}\"},\"query-input\":\"required name=search_term_string\"}],\"inLanguage\":\"fr-FR\"},{\"@type\":\"Organization\",\"@id\":\"https:\/\/www.eenewseurope.com\/en\/#organization\",\"name\":\"EENewsEurope\",\"url\":\"https:\/\/www.eenewseurope.com\/en\/\",\"logo\":{\"@type\":\"ImageObject\",\"inLanguage\":\"fr-FR\",\"@id\":\"https:\/\/www.eenewseurope.com\/en\/#\/schema\/logo\/image\/\",\"url\":\"https:\/\/www.ecinews.fr\/wp-content\/uploads\/2022\/02\/logo-1.jpg\",\"contentUrl\":\"https:\/\/www.ecinews.fr\/wp-content\/uploads\/2022\/02\/logo-1.jpg\",\"width\":283,\"height\":113,\"caption\":\"EENewsEurope\"},\"image\":{\"@id\":\"https:\/\/www.eenewseurope.com\/en\/#\/schema\/logo\/image\/\"}},{\"@type\":\"Person\",\"@id\":\"https:\/\/www.eenewseurope.com\/en\/#\/schema\/person\/93c44cde463762f40a8236eaa44c1c17\",\"name\":\"Daniel Cardon\",\"image\":{\"@type\":\"ImageObject\",\"inLanguage\":\"fr-FR\",\"@id\":\"https:\/\/www.eenewseurope.com\/en\/#\/schema\/person\/image\/2b243f6bcc1cff7d86aadfb2cd0bd870\",\"url\":\"https:\/\/secure.gravatar.com\/avatar\/de9edc136dfc061ad4778e04635baefa?s=96&d=mm&r=g\",\"contentUrl\":\"https:\/\/secure.gravatar.com\/avatar\/de9edc136dfc061ad4778e04635baefa?s=96&d=mm&r=g\",\"caption\":\"Daniel Cardon\"}}]}<\/script>","yoast_head_json":{"title":"Advans Group s\u2019implante au Portugal ...","description":"Advans Group vient d&rsquo;annoncer l\u2019ouverture d\u2019un centre de conception \u00e0 Lisbonne, au Portugal. Cette implantation fait suite au renforcement des...","robots":{"index":"index","follow":"follow","max-snippet":"max-snippet:-1","max-image-preview":"max-image-preview:large","max-video-preview":"max-video-preview:-1"},"canonical":"https:\/\/www.ecinews.fr\/fr\/wp-json\/wp\/v2\/posts\/408640\/","og_locale":"fr_FR","og_type":"article","og_title":"Advans Group s\u2019implante au Portugal","og_description":"Advans Group vient d&rsquo;annoncer l\u2019ouverture d\u2019un centre de conception \u00e0 Lisbonne, au Portugal. Cette implantation fait suite au renforcement des partenariats de la soci\u00e9t\u00e9 avec plusieurs clients grands comptes internationaux. Advans Group compte d\u00e9sormais quatorze implantations dans quatre pays (France, Serbie, Portugal et Etats-Unis). Pour Radomir Jovanovic, PDG et fondateur d\u2019Advans Group : \u00ab\u00a0Le Portugal [&hellip;]","og_url":"https:\/\/www.ecinews.fr\/fr\/wp-json\/wp\/v2\/posts\/408640\/","og_site_name":"EENewsEurope","article_published_time":"2022-12-14T19:28:56+00:00","article_modified_time":"2022-12-15T09:53:55+00:00","og_image":[{"width":600,"height":385,"url":"https:\/\/www.ecinews.fr\/wp-content\/uploads\/2022\/12\/Advans-Group-Lisbonne.jpg","type":"image\/jpeg"}],"author":"Daniel Cardon","twitter_card":"summary_large_image","twitter_misc":{"Written by":"Daniel Cardon","Est. reading time":"1 minute"},"schema":{"@context":"https:\/\/schema.org","@graph":[{"@type":"Article","@id":"https:\/\/www.ecinews.fr\/fr\/advans-group-simplante-au-portugal\/#article","isPartOf":{"@id":"https:\/\/www.ecinews.fr\/fr\/advans-group-simplante-au-portugal\/"},"author":{"name":"Daniel Cardon","@id":"https:\/\/www.eenewseurope.com\/en\/#\/schema\/person\/93c44cde463762f40a8236eaa44c1c17"},"headline":"Advans Group s\u2019implante au Portugal","datePublished":"2022-12-14T19:28:56+00:00","dateModified":"2022-12-15T09:53:55+00:00","mainEntityOfPage":{"@id":"https:\/\/www.ecinews.fr\/fr\/advans-group-simplante-au-portugal\/"},"wordCount":258,"publisher":{"@id":"https:\/\/www.eenewseurope.com\/en\/#organization"},"keywords":["Implantation au Portugal"],"articleSection":["Actualit\u00e9 g\u00e9n\u00e9rale"],"inLanguage":"fr-FR"},{"@type":"WebPage","@id":"https:\/\/www.ecinews.fr\/fr\/advans-group-simplante-au-portugal\/","url":"https:\/\/www.ecinews.fr\/fr\/advans-group-simplante-au-portugal\/","name":"Advans Group s\u2019implante au Portugal -","isPartOf":{"@id":"https:\/\/www.eenewseurope.com\/en\/#website"},"datePublished":"2022-12-14T19:28:56+00:00","dateModified":"2022-12-15T09:53:55+00:00","breadcrumb":{"@id":"https:\/\/www.ecinews.fr\/fr\/advans-group-simplante-au-portugal\/#breadcrumb"},"inLanguage":"fr-FR","potentialAction":[{"@type":"ReadAction","target":["https:\/\/www.ecinews.fr\/fr\/advans-group-simplante-au-portugal\/"]}]},{"@type":"BreadcrumbList","@id":"https:\/\/www.ecinews.fr\/fr\/advans-group-simplante-au-portugal\/#breadcrumb","itemListElement":[{"@type":"ListItem","position":1,"name":"Home","item":"https:\/\/www.ecinews.fr\/fr\/"},{"@type":"ListItem","position":2,"name":"Advans Group s\u2019implante au Portugal"}]},{"@type":"WebSite","@id":"https:\/\/www.eenewseurope.com\/en\/#website","url":"https:\/\/www.eenewseurope.com\/en\/","name":"EENewsEurope","description":"Just another WordPress site","publisher":{"@id":"https:\/\/www.eenewseurope.com\/en\/#organization"},"potentialAction":[{"@type":"SearchAction","target":{"@type":"EntryPoint","urlTemplate":"https:\/\/www.eenewseurope.com\/en\/?s={search_term_string}"},"query-input":"required name=search_term_string"}],"inLanguage":"fr-FR"},{"@type":"Organization","@id":"https:\/\/www.eenewseurope.com\/en\/#organization","name":"EENewsEurope","url":"https:\/\/www.eenewseurope.com\/en\/","logo":{"@type":"ImageObject","inLanguage":"fr-FR","@id":"https:\/\/www.eenewseurope.com\/en\/#\/schema\/logo\/image\/","url":"https:\/\/www.ecinews.fr\/wp-content\/uploads\/2022\/02\/logo-1.jpg","contentUrl":"https:\/\/www.ecinews.fr\/wp-content\/uploads\/2022\/02\/logo-1.jpg","width":283,"height":113,"caption":"EENewsEurope"},"image":{"@id":"https:\/\/www.eenewseurope.com\/en\/#\/schema\/logo\/image\/"}},{"@type":"Person","@id":"https:\/\/www.eenewseurope.com\/en\/#\/schema\/person\/93c44cde463762f40a8236eaa44c1c17","name":"Daniel Cardon","image":{"@type":"ImageObject","inLanguage":"fr-FR","@id":"https:\/\/www.eenewseurope.com\/en\/#\/schema\/person\/image\/2b243f6bcc1cff7d86aadfb2cd0bd870","url":"https:\/\/secure.gravatar.com\/avatar\/de9edc136dfc061ad4778e04635baefa?s=96&d=mm&r=g","contentUrl":"https:\/\/secure.gravatar.com\/avatar\/de9edc136dfc061ad4778e04635baefa?s=96&d=mm&r=g","caption":"Daniel Cardon"}}]}},"authors":[{"term_id":1143,"user_id":11,"is_guest":0,"slug":"danielcardon","display_name":"Daniel Cardon","avatar_url":"https:\/\/secure.gravatar.com\/avatar\/de9edc136dfc061ad4778e04635baefa?s=96&d=mm&r=g","0":null,"1":"","2":"","3":"","4":"","5":"","6":"","7":"","8":""}],"_links":{"self":[{"href":"https:\/\/www.ecinews.fr\/fr\/wp-json\/wp\/v2\/posts\/408640"}],"collection":[{"href":"https:\/\/www.ecinews.fr\/fr\/wp-json\/wp\/v2\/posts"}],"about":[{"href":"https:\/\/www.ecinews.fr\/fr\/wp-json\/wp\/v2\/types\/post"}],"author":[{"embeddable":true,"href":"https:\/\/www.ecinews.fr\/fr\/wp-json\/wp\/v2\/users\/11"}],"replies":[{"embeddable":true,"href":"https:\/\/www.ecinews.fr\/fr\/wp-json\/wp\/v2\/comments?post=408640"}],"version-history":[{"count":0,"href":"https:\/\/www.ecinews.fr\/fr\/wp-json\/wp\/v2\/posts\/408640\/revisions"}],"wp:featuredmedia":[{"embeddable":true,"href":"https:\/\/www.ecinews.fr\/fr\/wp-json\/wp\/v2\/media\/408642"}],"wp:attachment":[{"href":"https:\/\/www.ecinews.fr\/fr\/wp-json\/wp\/v2\/media?parent=408640"}],"wp:term":[{"taxonomy":"category","embeddable":true,"href":"https:\/\/www.ecinews.fr\/fr\/wp-json\/wp\/v2\/categories?post=408640"},{"taxonomy":"post_tag","embeddable":true,"href":"https:\/\/www.ecinews.fr\/fr\/wp-json\/wp\/v2\/tags?post=408640"},{"taxonomy":"domains","embeddable":true,"href":"https:\/\/www.ecinews.fr\/fr\/wp-json\/wp\/v2\/domains?post=408640"},{"taxonomy":"author","embeddable":true,"href":"https:\/\/www.ecinews.fr\/fr\/wp-json\/wp\/v2\/ppma_author?post=408640"}],"curies":[{"name":"wp","href":"https:\/\/api.w.org\/{rel}","templated":true}]}}