{"id":408631,"date":"2022-12-14T19:16:22","date_gmt":"2022-12-14T18:16:22","guid":{"rendered":"https:\/\/www.ecinews.fr\/?p=408631"},"modified":"2022-12-14T19:16:22","modified_gmt":"2022-12-14T18:16:22","slug":"nouvelle-formation-unique-en-france-dans-le-domaine-de-lelectronique-imprimee-et-integree","status":"publish","type":"post","link":"https:\/\/www.ecinews.fr\/fr\/nouvelle-formation-unique-en-france-dans-le-domaine-de-lelectronique-imprimee-et-integree\/","title":{"rendered":"Nouvelle formation unique en France dans le domaine de l\u2019\u00e9lectronique imprim\u00e9e et int\u00e9gr\u00e9e"},"content":{"rendered":"<p>Grenoble INP \u2013\u00a0Pagora, UGA ouvre pour la rentr\u00e9e 2023, en collaboration avec Grenoble INP \u2013 G\u00e9nie industriel, UGA\u00a0et en s\u2019appuyant sur l\u2019expertise du laboratoire LGP2,\u00a0un nouveau parcours de formation. Ce parcours, nomm\u00e9 \u00c9lectronique imprim\u00e9e et int\u00e9gr\u00e9e durable (e.PEPS),\u00a0s\u2019inscrit\u00a0dans la 2<sup>e<\/sup>\u00a0ann\u00e9e du Master G\u00e9nie industriel de Grenoble INP \u2013 G\u00e9nie industriel.<br \/>\nOrient\u00e9 sur les th\u00e9matiques de l\u2019\u00e9lectronique imprim\u00e9e et int\u00e9gr\u00e9e durable, l\u2019objectif de ce\u00a0parcours\u00a0est de former des sp\u00e9cialistes en mesure de mettre en \u0153uvre diff\u00e9rents proc\u00e9d\u00e9s d\u2019impression fonctionnelle et technologies li\u00e9es \u00e0 l\u2019\u00e9lectronique imprim\u00e9e afin de d\u00e9velopper et ajouter des fonctionnalit\u00e9s sur des objets 2D ou 3D\u00a0pour cr\u00e9er des\u00a0pi\u00e8ces connect\u00e9es. Avec l\u2019utilisation de technologies de production additives, comme les proc\u00e9d\u00e9s d\u2019impression,\u00a0et\u00a0s\u2019inscrivant dans une d\u00e9marche d\u2019\u00e9co-conception et de d\u00e9veloppement durable, des objets et \u00e9l\u00e9ments 2D\/3D peuvent d\u00e9sormais b\u00e9n\u00e9ficier de nouvelles fonctionnalit\u00e9s ou devenir des pi\u00e8ces connect\u00e9es sur-demande.<\/p>\n<p>Unique en France, ce\u00a0parcours dipl\u00f4mant de niveau\u00a0Master 2, associant science des mat\u00e9riaux, \u00e9lectronique et innovation durable, couvre les th\u00e9matiques suivantes\u00a0:<\/p>\n<ul>\n<li>\u00c9lectronique et opto\u00e9lectronique (conception, fonctionnalit\u00e9s, utilisation de capteurs, gestion de l\u2019\u00e9nergie, objets connect\u00e9s)<\/li>\n<li>Fabrication additive, proc\u00e9d\u00e9s d\u2019impression et encres fonctionnelles<\/li>\n<li>Mat\u00e9riaux (biosourc\u00e9s, polym\u00e9riques, etc.) pour l\u2019\u00e9lectronique imprim\u00e9e<\/li>\n<li>\u00c9coconception et \u00e9valuation de la durabilit\u00e9 (analyse du cycle de vie, impacts environnementaux, innovation durable).<\/li>\n<\/ul>\n<p>Aujourd\u2019hui, les sp\u00e9cialistes poss\u00e9dant cet ensemble de comp\u00e9tences sont recherch\u00e9s par de nombreuses entreprises des secteurs de l\u2019automobile, de l\u2019a\u00e9ronautique, de l\u2019\u00e9lectronique, de la sant\u00e9\u00a0et\u00a0de l\u2019impression.<\/p>\n<p>Ce parcours en Master 2 est accessible aux \u00e9tudiants\u00a0et \u00e9tudiantes\u00a0ayant valid\u00e9 au moins 4 ann\u00e9es d\u2019enseignement sup\u00e9rieur scientifique en France ou \u00e0 l\u2019\u00e9tranger. Avec des cours dispens\u00e9s\u00a0uniquement\u00a0en anglais, cette formation se veut \u00e0 vocation internationale afin d\u2019attirer un plus grand nombre d\u2019\u00e9l\u00e8ves.<\/p>\n<p>\u00ab\u00a0Du fait\u00a0de fortes synergies avec le LGP2, Grenoble INP \u2013\u00a0Pagora\u00a0int\u00e8gre les derni\u00e8res avanc\u00e9es et innovations du laboratoire au sein de ses programmes de formation.\u00a0Commenc\u00e9 avec l\u2019ouverture du parcours, en un an, Bioraffinerie et Biomat\u00e9riaux du Master Science et G\u00e9nie des Mat\u00e9riaux en 2018, le d\u00e9veloppement de formations destin\u00e9es aux \u00e9tudiants\u00a0et \u00e9tudiantes\u00a0internationaux s\u2019inscrit dans les orientations strat\u00e9giques de l\u2019\u00e9cole.\u00a0Il\u00a0se poursuit avec l\u2019ouverture en 2023 de ce nouveau\u00a0parcours de Master\u00a0en \u00e9lectronique imprim\u00e9e et int\u00e9gr\u00e9e durable.\u00a0Ce nouveau\u00a0parcours\u00a0s\u2019inscrit \u00e9galement dans la continuit\u00e9 de la\u00a0Chaire d\u2019Excellence\u00a0industrielle MINT (Innovating\u00a0for\u00a0Molded\u00a0&amp;\u00a0Printed\u00a0Electronics) port\u00e9e par la Fondation Grenoble INP\u00a0avec le m\u00e9c\u00e9nat de Schneider Electric\u00a0et\u00a0qui a \u00e9t\u00e9\u00a0h\u00e9berg\u00e9e par l\u2019\u00e9cole et le LGP2, de 2016 \u00e0 2022.\u00a0\u00bb d\u00e9clare Agn\u00e8s Boyer,\u00a0directrice des \u00e9tudes, Grenoble INP &#8211;\u00a0Pagora<\/p>\n<p>\u00a0\u00bb Grenoble INP &#8211; G\u00e9nie industriel porte une mention de master relative aux th\u00e9matiques du d\u00e9veloppement durable et de la transformation de notre industrie vers une industrie plus responsable. L\u2019objectif de cette formation est de former les \u00e9tudiants, dans un environnement interculturel et international, \u00e0 des m\u00e9tiers de l\u2019excellence op\u00e9rationnelle, de l\u2019industrie 4.0, de l\u2019innovation et de la supply chain durable. Ce nouveau parcours de Grenoble INP &#8211; Pagora apporte un \u00e9clairage sp\u00e9cifique \u00e0 cette th\u00e9matique.\u00a0\u00bb\u00a0 d\u00e9clare Jean-Fran\u00e7ois Boujut, responsable du Master G\u00e9nie industriel, Grenoble INP \u2013 G\u00e9nie industriel.<\/p>\n<p><a href=\"https:\/\/pagora.grenoble-inp.fr\/\">https:\/\/pagora.grenoble-inp.fr\/<\/a><\/p>\n<p><a href=\"https:\/\/lgp2.grenoble-inp.fr\/\">https:\/\/lgp2.grenoble-inp.fr\/<\/a><\/p>\n<p><a href=\"https:\/\/genie-industriel.grenoble-inp.fr\/\">https:\/\/genie-industriel.grenoble-inp.fr\/<\/a><\/p>\n<p><a href=\"https:\/\/www.grenoble-inp.fr\/\">https:\/\/www.grenoble-inp.fr\/<\/a><\/p>\n<p>&nbsp;<\/p>\n","protected":false},"excerpt":{"rendered":"<p>Grenoble INP \u2013\u00a0Pagora, UGA ouvre pour la rentr\u00e9e 2023, en collaboration avec Grenoble INP \u2013 G\u00e9nie industriel, UGA\u00a0et en s\u2019appuyant sur l\u2019expertise du laboratoire LGP2,\u00a0un nouveau parcours de formation. Ce parcours, nomm\u00e9 \u00c9lectronique imprim\u00e9e et int\u00e9gr\u00e9e durable (e.PEPS),\u00a0s\u2019inscrit\u00a0dans la 2e\u00a0ann\u00e9e du Master G\u00e9nie industriel de Grenoble INP \u2013 G\u00e9nie industriel. Orient\u00e9 sur les th\u00e9matiques de [&hellip;]<\/p>\n","protected":false},"author":36,"featured_media":408632,"comment_status":"closed","ping_status":"closed","sticky":false,"template":"","format":"standard","meta":{"_acf_changed":false,"footnotes":""},"categories":[886],"tags":[],"domains":[47],"ppma_author":[1154],"class_list":["post-408631","post","type-post","status-publish","format-standard","has-post-thumbnail","hentry","category-news-fr","domains-electronique-eci"],"acf":[],"yoast_head":"<title>Nouvelle formation unique en France dans le domaine de l\u2019\u00e9le...<\/title>\n<meta name=\"description\" content=\"Grenoble INP \u2013\u00a0Pagora, UGA ouvre pour la rentr\u00e9e 2023, en collaboration avec Grenoble INP \u2013 G\u00e9nie industriel, UGA\u00a0et en s\u2019appuyant sur...\" \/>\n<meta name=\"robots\" content=\"index, follow, max-snippet:-1, max-image-preview:large, max-video-preview:-1\" \/>\n<link rel=\"canonical\" href=\"https:\/\/www.ecinews.fr\/fr\/wp-json\/wp\/v2\/posts\/408631\/\" \/>\n<meta property=\"og:locale\" content=\"fr_FR\" \/>\n<meta property=\"og:type\" content=\"article\" \/>\n<meta property=\"og:title\" content=\"Nouvelle formation unique en France dans le domaine de l\u2019\u00e9lectronique imprim\u00e9e et int\u00e9gr\u00e9e\" \/>\n<meta property=\"og:description\" content=\"Grenoble INP \u2013\u00a0Pagora, UGA ouvre pour la rentr\u00e9e 2023, en collaboration avec Grenoble INP \u2013 G\u00e9nie industriel, UGA\u00a0et en s\u2019appuyant sur l\u2019expertise du laboratoire LGP2,\u00a0un nouveau parcours de formation. Ce parcours, nomm\u00e9 \u00c9lectronique imprim\u00e9e et int\u00e9gr\u00e9e durable (e.PEPS),\u00a0s\u2019inscrit\u00a0dans la 2e\u00a0ann\u00e9e du Master G\u00e9nie industriel de Grenoble INP \u2013 G\u00e9nie industriel. Orient\u00e9 sur les th\u00e9matiques de [&hellip;]\" \/>\n<meta property=\"og:url\" content=\"https:\/\/www.ecinews.fr\/fr\/wp-json\/wp\/v2\/posts\/408631\/\" \/>\n<meta property=\"og:site_name\" content=\"EENewsEurope\" \/>\n<meta property=\"article:published_time\" content=\"2022-12-14T18:16:22+00:00\" \/>\n<meta property=\"og:image\" content=\"https:\/\/www.ecinews.fr\/wp-content\/uploads\/2022\/12\/ECI1589_Pagora-actu.jpg\" \/>\n\t<meta property=\"og:image:width\" content=\"394\" \/>\n\t<meta property=\"og:image:height\" content=\"259\" \/>\n\t<meta property=\"og:image:type\" content=\"image\/jpeg\" \/>\n<meta name=\"author\" content=\"Alain Dieul\" \/>\n<meta name=\"twitter:card\" content=\"summary_large_image\" \/>\n<meta name=\"twitter:label1\" content=\"Written by\" \/>\n\t<meta name=\"twitter:data1\" content=\"Alain Dieul\" \/>\n\t<meta name=\"twitter:label2\" content=\"Est. reading time\" \/>\n\t<meta name=\"twitter:data2\" content=\"3 minutes\" \/>\n<script type=\"application\/ld+json\" class=\"yoast-schema-graph\">{\"@context\":\"https:\/\/schema.org\",\"@graph\":[{\"@type\":\"Article\",\"@id\":\"https:\/\/www.ecinews.fr\/fr\/nouvelle-formation-unique-en-france-dans-le-domaine-de-lelectronique-imprimee-et-integree\/#article\",\"isPartOf\":{\"@id\":\"https:\/\/www.ecinews.fr\/fr\/nouvelle-formation-unique-en-france-dans-le-domaine-de-lelectronique-imprimee-et-integree\/\"},\"author\":{\"name\":\"Alain Dieul\",\"@id\":\"https:\/\/www.eenewseurope.com\/en\/#\/schema\/person\/e4387676ad67ce722325c7832f3c3762\"},\"headline\":\"Nouvelle formation unique en France dans le domaine de l\u2019\u00e9lectronique imprim\u00e9e et int\u00e9gr\u00e9e\",\"datePublished\":\"2022-12-14T18:16:22+00:00\",\"dateModified\":\"2022-12-14T18:16:22+00:00\",\"mainEntityOfPage\":{\"@id\":\"https:\/\/www.ecinews.fr\/fr\/nouvelle-formation-unique-en-france-dans-le-domaine-de-lelectronique-imprimee-et-integree\/\"},\"wordCount\":647,\"publisher\":{\"@id\":\"https:\/\/www.eenewseurope.com\/en\/#organization\"},\"articleSection\":[\"Actualit\u00e9 g\u00e9n\u00e9rale\"],\"inLanguage\":\"fr-FR\"},{\"@type\":\"WebPage\",\"@id\":\"https:\/\/www.ecinews.fr\/fr\/nouvelle-formation-unique-en-france-dans-le-domaine-de-lelectronique-imprimee-et-integree\/\",\"url\":\"https:\/\/www.ecinews.fr\/fr\/nouvelle-formation-unique-en-france-dans-le-domaine-de-lelectronique-imprimee-et-integree\/\",\"name\":\"Nouvelle formation unique en France dans le domaine de l\u2019\u00e9lectronique imprim\u00e9e et int\u00e9gr\u00e9e -\",\"isPartOf\":{\"@id\":\"https:\/\/www.eenewseurope.com\/en\/#website\"},\"datePublished\":\"2022-12-14T18:16:22+00:00\",\"dateModified\":\"2022-12-14T18:16:22+00:00\",\"breadcrumb\":{\"@id\":\"https:\/\/www.ecinews.fr\/fr\/nouvelle-formation-unique-en-france-dans-le-domaine-de-lelectronique-imprimee-et-integree\/#breadcrumb\"},\"inLanguage\":\"fr-FR\",\"potentialAction\":[{\"@type\":\"ReadAction\",\"target\":[\"https:\/\/www.ecinews.fr\/fr\/nouvelle-formation-unique-en-france-dans-le-domaine-de-lelectronique-imprimee-et-integree\/\"]}]},{\"@type\":\"BreadcrumbList\",\"@id\":\"https:\/\/www.ecinews.fr\/fr\/nouvelle-formation-unique-en-france-dans-le-domaine-de-lelectronique-imprimee-et-integree\/#breadcrumb\",\"itemListElement\":[{\"@type\":\"ListItem\",\"position\":1,\"name\":\"Home\",\"item\":\"https:\/\/www.ecinews.fr\/fr\/\"},{\"@type\":\"ListItem\",\"position\":2,\"name\":\"Nouvelle formation unique en France dans le domaine de l\u2019\u00e9lectronique imprim\u00e9e et int\u00e9gr\u00e9e\"}]},{\"@type\":\"WebSite\",\"@id\":\"https:\/\/www.eenewseurope.com\/en\/#website\",\"url\":\"https:\/\/www.eenewseurope.com\/en\/\",\"name\":\"EENewsEurope\",\"description\":\"Just another WordPress site\",\"publisher\":{\"@id\":\"https:\/\/www.eenewseurope.com\/en\/#organization\"},\"potentialAction\":[{\"@type\":\"SearchAction\",\"target\":{\"@type\":\"EntryPoint\",\"urlTemplate\":\"https:\/\/www.eenewseurope.com\/en\/?s={search_term_string}\"},\"query-input\":\"required name=search_term_string\"}],\"inLanguage\":\"fr-FR\"},{\"@type\":\"Organization\",\"@id\":\"https:\/\/www.eenewseurope.com\/en\/#organization\",\"name\":\"EENewsEurope\",\"url\":\"https:\/\/www.eenewseurope.com\/en\/\",\"logo\":{\"@type\":\"ImageObject\",\"inLanguage\":\"fr-FR\",\"@id\":\"https:\/\/www.eenewseurope.com\/en\/#\/schema\/logo\/image\/\",\"url\":\"https:\/\/www.ecinews.fr\/wp-content\/uploads\/2022\/02\/logo-1.jpg\",\"contentUrl\":\"https:\/\/www.ecinews.fr\/wp-content\/uploads\/2022\/02\/logo-1.jpg\",\"width\":283,\"height\":113,\"caption\":\"EENewsEurope\"},\"image\":{\"@id\":\"https:\/\/www.eenewseurope.com\/en\/#\/schema\/logo\/image\/\"}},{\"@type\":\"Person\",\"@id\":\"https:\/\/www.eenewseurope.com\/en\/#\/schema\/person\/e4387676ad67ce722325c7832f3c3762\",\"name\":\"Alain Dieul\",\"image\":{\"@type\":\"ImageObject\",\"inLanguage\":\"fr-FR\",\"@id\":\"https:\/\/www.eenewseurope.com\/en\/#\/schema\/person\/image\/736120675699dbbf0f0f282b9a9cfb75\",\"url\":\"https:\/\/secure.gravatar.com\/avatar\/bc93b056d07515be5b8eecd4acf49c5c?s=96&d=mm&r=g\",\"contentUrl\":\"https:\/\/secure.gravatar.com\/avatar\/bc93b056d07515be5b8eecd4acf49c5c?s=96&d=mm&r=g\",\"caption\":\"Alain Dieul\"},\"sameAs\":[\"http:\/\/ECINews\"]}]}<\/script>","yoast_head_json":{"title":"Nouvelle formation unique en France dans le domaine de l\u2019\u00e9le...","description":"Grenoble INP \u2013\u00a0Pagora, UGA ouvre pour la rentr\u00e9e 2023, en collaboration avec Grenoble INP \u2013 G\u00e9nie industriel, UGA\u00a0et en s\u2019appuyant sur...","robots":{"index":"index","follow":"follow","max-snippet":"max-snippet:-1","max-image-preview":"max-image-preview:large","max-video-preview":"max-video-preview:-1"},"canonical":"https:\/\/www.ecinews.fr\/fr\/wp-json\/wp\/v2\/posts\/408631\/","og_locale":"fr_FR","og_type":"article","og_title":"Nouvelle formation unique en France dans le domaine de l\u2019\u00e9lectronique imprim\u00e9e et int\u00e9gr\u00e9e","og_description":"Grenoble INP \u2013\u00a0Pagora, UGA ouvre pour la rentr\u00e9e 2023, en collaboration avec Grenoble INP \u2013 G\u00e9nie industriel, UGA\u00a0et en s\u2019appuyant sur l\u2019expertise du laboratoire LGP2,\u00a0un nouveau parcours de formation. Ce parcours, nomm\u00e9 \u00c9lectronique imprim\u00e9e et int\u00e9gr\u00e9e durable (e.PEPS),\u00a0s\u2019inscrit\u00a0dans la 2e\u00a0ann\u00e9e du Master G\u00e9nie industriel de Grenoble INP \u2013 G\u00e9nie industriel. Orient\u00e9 sur les th\u00e9matiques de [&hellip;]","og_url":"https:\/\/www.ecinews.fr\/fr\/wp-json\/wp\/v2\/posts\/408631\/","og_site_name":"EENewsEurope","article_published_time":"2022-12-14T18:16:22+00:00","og_image":[{"width":394,"height":259,"url":"https:\/\/www.ecinews.fr\/wp-content\/uploads\/2022\/12\/ECI1589_Pagora-actu.jpg","type":"image\/jpeg"}],"author":"Alain Dieul","twitter_card":"summary_large_image","twitter_misc":{"Written by":"Alain Dieul","Est. reading time":"3 minutes"},"schema":{"@context":"https:\/\/schema.org","@graph":[{"@type":"Article","@id":"https:\/\/www.ecinews.fr\/fr\/nouvelle-formation-unique-en-france-dans-le-domaine-de-lelectronique-imprimee-et-integree\/#article","isPartOf":{"@id":"https:\/\/www.ecinews.fr\/fr\/nouvelle-formation-unique-en-france-dans-le-domaine-de-lelectronique-imprimee-et-integree\/"},"author":{"name":"Alain Dieul","@id":"https:\/\/www.eenewseurope.com\/en\/#\/schema\/person\/e4387676ad67ce722325c7832f3c3762"},"headline":"Nouvelle formation unique en France dans le domaine de l\u2019\u00e9lectronique imprim\u00e9e et int\u00e9gr\u00e9e","datePublished":"2022-12-14T18:16:22+00:00","dateModified":"2022-12-14T18:16:22+00:00","mainEntityOfPage":{"@id":"https:\/\/www.ecinews.fr\/fr\/nouvelle-formation-unique-en-france-dans-le-domaine-de-lelectronique-imprimee-et-integree\/"},"wordCount":647,"publisher":{"@id":"https:\/\/www.eenewseurope.com\/en\/#organization"},"articleSection":["Actualit\u00e9 g\u00e9n\u00e9rale"],"inLanguage":"fr-FR"},{"@type":"WebPage","@id":"https:\/\/www.ecinews.fr\/fr\/nouvelle-formation-unique-en-france-dans-le-domaine-de-lelectronique-imprimee-et-integree\/","url":"https:\/\/www.ecinews.fr\/fr\/nouvelle-formation-unique-en-france-dans-le-domaine-de-lelectronique-imprimee-et-integree\/","name":"Nouvelle formation unique en France dans le domaine de l\u2019\u00e9lectronique imprim\u00e9e et int\u00e9gr\u00e9e -","isPartOf":{"@id":"https:\/\/www.eenewseurope.com\/en\/#website"},"datePublished":"2022-12-14T18:16:22+00:00","dateModified":"2022-12-14T18:16:22+00:00","breadcrumb":{"@id":"https:\/\/www.ecinews.fr\/fr\/nouvelle-formation-unique-en-france-dans-le-domaine-de-lelectronique-imprimee-et-integree\/#breadcrumb"},"inLanguage":"fr-FR","potentialAction":[{"@type":"ReadAction","target":["https:\/\/www.ecinews.fr\/fr\/nouvelle-formation-unique-en-france-dans-le-domaine-de-lelectronique-imprimee-et-integree\/"]}]},{"@type":"BreadcrumbList","@id":"https:\/\/www.ecinews.fr\/fr\/nouvelle-formation-unique-en-france-dans-le-domaine-de-lelectronique-imprimee-et-integree\/#breadcrumb","itemListElement":[{"@type":"ListItem","position":1,"name":"Home","item":"https:\/\/www.ecinews.fr\/fr\/"},{"@type":"ListItem","position":2,"name":"Nouvelle formation unique en France dans le domaine de l\u2019\u00e9lectronique imprim\u00e9e et int\u00e9gr\u00e9e"}]},{"@type":"WebSite","@id":"https:\/\/www.eenewseurope.com\/en\/#website","url":"https:\/\/www.eenewseurope.com\/en\/","name":"EENewsEurope","description":"Just another WordPress site","publisher":{"@id":"https:\/\/www.eenewseurope.com\/en\/#organization"},"potentialAction":[{"@type":"SearchAction","target":{"@type":"EntryPoint","urlTemplate":"https:\/\/www.eenewseurope.com\/en\/?s={search_term_string}"},"query-input":"required name=search_term_string"}],"inLanguage":"fr-FR"},{"@type":"Organization","@id":"https:\/\/www.eenewseurope.com\/en\/#organization","name":"EENewsEurope","url":"https:\/\/www.eenewseurope.com\/en\/","logo":{"@type":"ImageObject","inLanguage":"fr-FR","@id":"https:\/\/www.eenewseurope.com\/en\/#\/schema\/logo\/image\/","url":"https:\/\/www.ecinews.fr\/wp-content\/uploads\/2022\/02\/logo-1.jpg","contentUrl":"https:\/\/www.ecinews.fr\/wp-content\/uploads\/2022\/02\/logo-1.jpg","width":283,"height":113,"caption":"EENewsEurope"},"image":{"@id":"https:\/\/www.eenewseurope.com\/en\/#\/schema\/logo\/image\/"}},{"@type":"Person","@id":"https:\/\/www.eenewseurope.com\/en\/#\/schema\/person\/e4387676ad67ce722325c7832f3c3762","name":"Alain Dieul","image":{"@type":"ImageObject","inLanguage":"fr-FR","@id":"https:\/\/www.eenewseurope.com\/en\/#\/schema\/person\/image\/736120675699dbbf0f0f282b9a9cfb75","url":"https:\/\/secure.gravatar.com\/avatar\/bc93b056d07515be5b8eecd4acf49c5c?s=96&d=mm&r=g","contentUrl":"https:\/\/secure.gravatar.com\/avatar\/bc93b056d07515be5b8eecd4acf49c5c?s=96&d=mm&r=g","caption":"Alain Dieul"},"sameAs":["http:\/\/ECINews"]}]}},"authors":[{"term_id":1154,"user_id":36,"is_guest":0,"slug":"alain-dieul","display_name":"Alain Dieul","avatar_url":"https:\/\/secure.gravatar.com\/avatar\/bc93b056d07515be5b8eecd4acf49c5c?s=96&d=mm&r=g","0":null,"1":"","2":"","3":"","4":"","5":"","6":"","7":"","8":""}],"_links":{"self":[{"href":"https:\/\/www.ecinews.fr\/fr\/wp-json\/wp\/v2\/posts\/408631"}],"collection":[{"href":"https:\/\/www.ecinews.fr\/fr\/wp-json\/wp\/v2\/posts"}],"about":[{"href":"https:\/\/www.ecinews.fr\/fr\/wp-json\/wp\/v2\/types\/post"}],"author":[{"embeddable":true,"href":"https:\/\/www.ecinews.fr\/fr\/wp-json\/wp\/v2\/users\/36"}],"replies":[{"embeddable":true,"href":"https:\/\/www.ecinews.fr\/fr\/wp-json\/wp\/v2\/comments?post=408631"}],"version-history":[{"count":0,"href":"https:\/\/www.ecinews.fr\/fr\/wp-json\/wp\/v2\/posts\/408631\/revisions"}],"wp:featuredmedia":[{"embeddable":true,"href":"https:\/\/www.ecinews.fr\/fr\/wp-json\/wp\/v2\/media\/408632"}],"wp:attachment":[{"href":"https:\/\/www.ecinews.fr\/fr\/wp-json\/wp\/v2\/media?parent=408631"}],"wp:term":[{"taxonomy":"category","embeddable":true,"href":"https:\/\/www.ecinews.fr\/fr\/wp-json\/wp\/v2\/categories?post=408631"},{"taxonomy":"post_tag","embeddable":true,"href":"https:\/\/www.ecinews.fr\/fr\/wp-json\/wp\/v2\/tags?post=408631"},{"taxonomy":"domains","embeddable":true,"href":"https:\/\/www.ecinews.fr\/fr\/wp-json\/wp\/v2\/domains?post=408631"},{"taxonomy":"author","embeddable":true,"href":"https:\/\/www.ecinews.fr\/fr\/wp-json\/wp\/v2\/ppma_author?post=408631"}],"curies":[{"name":"wp","href":"https:\/\/api.w.org\/{rel}","templated":true}]}}