{"id":408621,"date":"2022-12-14T21:15:32","date_gmt":"2022-12-14T20:15:32","guid":{"rendered":"https:\/\/www.eenewseurope.com\/?p=408621"},"modified":"2022-12-15T10:52:31","modified_gmt":"2022-12-15T09:52:31","slug":"canon-en-voie-dindustrialiser-la-lithographie-nano-imprint-nil-concurrent-de-euv","status":"publish","type":"post","link":"https:\/\/www.ecinews.fr\/fr\/canon-en-voie-dindustrialiser-la-lithographie-nano-imprint-nil-concurrent-de-euv\/","title":{"rendered":"Canon en voie d&rsquo;industrialiser la lithographie nano-imprint NIL"},"content":{"rendered":"<h2><span class=\"HwtZe\" lang=\"fr\"><span class=\"jCAhz ChMk0b\"><span class=\"ryNqvb\">Apr\u00e8s huit ans de R&amp;D et de ventes limit\u00e9es, Canon se pr\u00e9pare \u00e0 acc\u00e9l\u00e9rer la production d&rsquo;\u00e9quipements de fabrication de puces de lithographie par nanoimpression pour le march\u00e9 de la production de semiconducteurs.<\/span><\/span> <\/span><\/h2>\n<p><span class=\"HwtZe\" lang=\"fr\"><span class=\"jCAhz ChMk0b\"><span class=\"ryNqvb\">Canon construit une usine \u00e0 Utsunomiya, dans la pr\u00e9fecture de Tochigi au nord de Tokyo, pour un co\u00fbt estim\u00e9 \u00e0 50 milliards de yens (environ 366 millions de dollars).<\/span><\/span> <span class=\"jCAhz ChMk0b\"><span class=\"ryNqvb\">L&rsquo;usine sera utilis\u00e9e pour fabriquer des machines de lithographie KrF et i-line mais aussi pour augmenter la production de machines de lithographie par nano-impression (NIL).<\/span><\/span> <span class=\"jCAhz ChMk0b\"><span class=\"ryNqvb\">Les op\u00e9rations devraient commencer en 2025.<\/span><\/span> <\/span><\/p>\n<p><span class=\"HwtZe\" lang=\"fr\"><span class=\"jCAhz ChMk0b\"><span class=\"ryNqvb\">La lithographie KrF et i-line sont des techniques matures, mais elles sont encore utilis\u00e9es pour de nombreux types de circuits int\u00e9gr\u00e9s, MEMS et \u00e9crans plats.<\/span><\/span> La lithographie <span class=\"jCAhz ChMk0b\"><span class=\"ryNqvb\">NIL peut \u00e9galement \u00eatre utilis\u00e9 \u00e0 ces g\u00e9om\u00e9tries plus larges, mais a la possibilit\u00e9 de d\u00e9finir des dimensions de structure beaucoup plus fines \u00e0 10 nm et moins.<\/span><\/span><\/span><\/p>\n<p><span class=\"HwtZe\" lang=\"fr\"><span class=\"jCAhz ChMk0b\"><span class=\"ryNqvb\">Dans une pr\u00e9sentation destin\u00e9e aux analystes accompagnant les r\u00e9sultats financiers de Canon au 3T22, Fujio Mitarai, pr\u00e9sident et CEO, a d\u00e9clar\u00e9 que la soci\u00e9t\u00e9 en \u00e9tait \u00e0 la derni\u00e8re \u00e9tape d&rsquo;ajustement pour l&rsquo;utilisation de NIL dans la production de masse.<\/span><\/span> <span class=\"jCAhz ChMk0b\"><span class=\"ryNqvb\">Mitarai a d\u00e9clar\u00e9 que Canon travaillait avec la New Energy and Industrial Technology Development Organization (NEDO), une agence nationale de R&amp;D, depuis mars 2021, lorsque la technologie NIL avait \u00e9t\u00e9 s\u00e9lectionn\u00e9e comme projet de R&amp;D.<\/span><\/span><\/span><\/p>\n<p class=\"title\"><a title=\"Les \u00e9quipements de lithographie en p\u00e9nurie jusqu\u2019en 2023 selon ASML\" href=\"https:\/\/www.ecinews.fr\/fr\/les-equipements-de-lithographie-en-penurie-jusquen-2023-selon-asml\/\" target=\"_blank\" rel=\"noopener\">Les \u00e9quipements de lithographie en p\u00e9nurie jusqu\u2019en 2023 selon ASML<\/a><\/p>\n<p><span class=\"HwtZe\" lang=\"fr\"><span class=\"jCAhz ChMk0b\"><span class=\"ryNqvb\">Canon s&rsquo;est engag\u00e9 dans la technologie NIL gr\u00e2ce \u00e0 l&rsquo;acquisition de Molecular Imprints Inc. (Austin, Texas) en 2014, qu&rsquo;il a renomm\u00e9 Canon Nanotechnologies Inc. La soci\u00e9t\u00e9 affirme que sa version de la technologie peut nano-imprimer des structures jusqu&rsquo;\u00e0 10 nm et moins \u00e0 tr\u00e8s faible co\u00fbt.<\/span><\/span> <span class=\"jCAhz ChMk0b\"><span class=\"ryNqvb\">Cela pourrait faire de la technologie une alternative \u00e0 la lithographie extr\u00eame ultraviolette (EUV) tr\u00e8s co\u00fbteuse utilis\u00e9e par TSMC, Samsung et autres.<\/span><\/span> <span class=\"jCAhz ChMk0b\"><span class=\"ryNqvb\">Molecular Imprints Inc. <\/span><\/span><span class=\"jCAhz ChMk0b\"><span class=\"ryNqvb\">a \u00e9t\u00e9 fond\u00e9e en 2001.<\/span><\/span><\/span><\/p>\n<h4>Une aubaine pour la Chine ?<\/h4>\n<p><span class=\"HwtZe\" lang=\"fr\"><span class=\"jCAhz ChMk0b\"><span class=\"ryNqvb\">Les origines de la technologie NIL de Canon aux \u00c9tats-Unis signifient qu&rsquo;elle est probablement soumise aux m\u00eames contr\u00f4les \u00e0 l&rsquo;exportation que la lithographie EUV d&rsquo;ASML Holding NV, emp\u00eachant les ventes en Chine.<\/span><\/span> <\/span><\/p>\n<p class=\"title\"><a title=\"Les USA veulent emp\u00eacher la Chine d\u2019acc\u00e9der \u00e0 la lithographie EUV\" href=\"https:\/\/www.ecinews.fr\/fr\/les-usa-veulent-empecher-la-chine-dacceder-a-la-lithographie-euv\/\" target=\"_blank\" rel=\"noopener\">Les USA veulent emp\u00eacher la Chine d\u2019acc\u00e9der \u00e0 la lithographie EUV<\/a><\/p>\n<p><span class=\"HwtZe\" lang=\"fr\"><span class=\"jCAhz ChMk0b\"><span class=\"ryNqvb\">Les vastes quantit\u00e9s de temps de recherche consacr\u00e9es \u00e0 l&rsquo;am\u00e9lioration de l&rsquo;EUV, \u00e0 sa caract\u00e9risation et \u00e0 l&rsquo;acc\u00e9l\u00e9ration du d\u00e9bit des wafers conf\u00e8rent \u00e0 l&rsquo;EUV l&rsquo;avantage du prelier sur le march\u00e9, au moins pour la production logique de pointe.<\/span><\/span> <span class=\"jCAhz ChMk0b\"><span class=\"ryNqvb\">NIL a des opportunit\u00e9s dans la caract\u00e9risation de nouvelles technologies \u00e0 la pointe de la miniaturisation &#8211; telles que la photonique, les r\u00e9seaux laser, les interposeurs de silicium, les MEMS et les composants de puissance.<\/span><\/span><\/span><\/p>\n<p>&nbsp;<\/p>\n<p><span class=\"HwtZe\" lang=\"fr\"><span class=\"jCAhz ChMk0b\"><span class=\"ryNqvb\">Canon n&rsquo;a pas mentionn\u00e9 de fabricants de puces particuliers qui ach\u00e8teraient des machines NIL.<\/span><\/span> <span class=\"jCAhz ChMk0b\"><span class=\"ryNqvb\">Cependant, NIL pourrait \u00eatre mieux adapt\u00e9 \u00e0 la d\u00e9finition de circuits int\u00e9gr\u00e9s avec un degr\u00e9 \u00e9lev\u00e9 de r\u00e9p\u00e9tition, tels que des m\u00e9moires DRAM, flash NAND et flash 3D-NAND.<\/span><\/span> <span class=\"jCAhz ChMk0b\"><span class=\"ryNqvb\">Canon a install\u00e9 une machine NIL dans le complexe de fabrication de Yokkaichi de Kioxia.<\/span><\/span> <\/span><\/p>\n<p><span class=\"HwtZe\" lang=\"fr\"><span class=\"jCAhz ChMk0b\"><span class=\"ryNqvb\">Parmi les autres producteurs d&rsquo;\u00e9quipements de lithographie nanotechnologique figurent EV Group, SUSS MicroTec et Obducat AB.<\/span><\/span><\/span><\/p>\n<p>&nbsp;<\/p>\n<h4>Related links and articles:<\/h4>\n<p><a href=\"http:\/\/www.canon.com\">www.canon.com<\/a><\/p>\n<p><a href=\"http:\/\/cnt.canon.com\/\">cnt.canon.com<\/a><\/p>\n<p><a href=\"http:\/\/www.evg.com\">www.evg.com<\/a><\/p>\n<p><a href=\"http:\/\/www.suss.com\">www.suss.com<\/a><\/p>\n<p><a href=\"http:\/\/www.obducat.com\">www.obducat.com<\/a><\/p>\n<h4>News articles:<\/h4>\n<p><a href=\"https:\/\/www.eenewseurope.com\/en\/ev-toppan-team-for-nanoimprint-photonics-lithography\/\">EVG, Toppan team for nanoimprint photonics lithography<\/a><\/p>\n<p><a href=\"https:\/\/www.eenewseurope.com\/en\/mastering-service-cuts-nanoimprint-litho-costs\/\">Mastering service cuts nanoimprint litho costs<\/a><\/p>\n<p><a href=\"https:\/\/www.eenewseurope.com\/en\/nanoimprint-lithography-at-full-300mm-scale\/\">Nanoimprint lithography at full 300mm scale<\/a><\/p>\n<p><a href=\"https:\/\/www.eenewseurope.com\/en\/nanoimprint-lithography-runs-at-at-full-scale-on-300mm-wafers\/\">Nanoimprint lithography runs at at full scale on 300mm wafers<\/a><\/p>\n<p><a href=\"https:\/\/www.eenewseurope.com\/en\/nanoimprint-lithography-adopted-for-dfb-lasers-3\/\">Nanoimprint lithography adopted for DFB lasers<\/a><\/p>\n","protected":false},"excerpt":{"rendered":"<p>Canon en voie d&rsquo;industrialiser la lithographie nano-imprint NIL concurrent de EUV et capable de g\u00e9om\u00e9tries en dessous de 10 nm<\/p>\n","protected":false},"author":34,"featured_media":408325,"comment_status":"closed","ping_status":"closed","sticky":true,"template":"","format":"standard","meta":{"_acf_changed":false,"footnotes":""},"categories":[883],"tags":[2427,1558,2421],"domains":[47],"ppma_author":[1153,1136],"class_list":["post-408621","post","type-post","status-publish","format-standard","has-post-thumbnail","hentry","category-technologies","tag-nil","tag-semiconducteurs","tag-wafer-fabs","domains-electronique-eci"],"acf":[],"yoast_head":"<title>Canon en voie d&#039;industrialiser NIL concurrent de EUV ...<\/title>\n<meta name=\"description\" content=\"Canon en voie d&#039;industrialiser la lithographie nano-imprint NIL concurrent de EUV et capable de g\u00e9om\u00e9tries en dessous de 10 nm\" \/>\n<meta name=\"robots\" content=\"index, follow, max-snippet:-1, max-image-preview:large, max-video-preview:-1\" \/>\n<link rel=\"canonical\" href=\"https:\/\/www.ecinews.fr\/fr\/wp-json\/wp\/v2\/posts\/408621\/\" \/>\n<meta property=\"og:locale\" content=\"fr_FR\" \/>\n<meta property=\"og:type\" content=\"article\" \/>\n<meta property=\"og:title\" content=\"Canon en voie d&#039;industrialiser la lithographie nano-imprint NIL\" \/>\n<meta property=\"og:description\" content=\"Canon en voie d&#039;industrialiser la lithographie nano-imprint NIL concurrent de EUV et capable de g\u00e9om\u00e9tries en dessous de 10 nm\" \/>\n<meta property=\"og:url\" content=\"https:\/\/www.ecinews.fr\/fr\/wp-json\/wp\/v2\/posts\/408621\/\" \/>\n<meta property=\"og:site_name\" content=\"EENewsEurope\" \/>\n<meta property=\"article:published_time\" content=\"2022-12-14T20:15:32+00:00\" \/>\n<meta property=\"article:modified_time\" content=\"2022-12-15T09:52:31+00:00\" \/>\n<meta property=\"og:image\" content=\"https:\/\/www.eenewseurope.com\/wp-content\/uploads\/2022\/12\/CanonNIL630.jpg\" \/>\n\t<meta property=\"og:image:width\" content=\"630\" \/>\n\t<meta property=\"og:image:height\" content=\"356\" \/>\n\t<meta property=\"og:image:type\" content=\"image\/jpeg\" \/>\n<meta name=\"author\" content=\"A Delapalisse, Peter Clarke\" \/>\n<meta name=\"twitter:card\" content=\"summary_large_image\" \/>\n<meta name=\"twitter:label1\" content=\"Written by\" \/>\n\t<meta name=\"twitter:data1\" content=\"A Delapalisse\" \/>\n\t<meta name=\"twitter:label2\" content=\"Est. reading time\" \/>\n\t<meta name=\"twitter:data2\" content=\"3 minutes\" \/>\n<script type=\"application\/ld+json\" class=\"yoast-schema-graph\">{\"@context\":\"https:\/\/schema.org\",\"@graph\":[{\"@type\":\"Article\",\"@id\":\"https:\/\/www.eenewseurope.com\/fr\/canon-en-voie-dindustrialiser-la-lithographie-nano-imprint-nil-concurrent-de-euv\/#article\",\"isPartOf\":{\"@id\":\"https:\/\/www.eenewseurope.com\/fr\/canon-en-voie-dindustrialiser-la-lithographie-nano-imprint-nil-concurrent-de-euv\/\"},\"author\":{\"name\":\"A Delapalisse\",\"@id\":\"https:\/\/www.ecinews.fr\/fr\/#\/schema\/person\/0aa2cfb0bd8949724a68cbac8d8321b4\"},\"headline\":\"Canon en voie d&rsquo;industrialiser la lithographie nano-imprint NIL\",\"datePublished\":\"2022-12-14T20:15:32+00:00\",\"dateModified\":\"2022-12-15T09:52:31+00:00\",\"mainEntityOfPage\":{\"@id\":\"https:\/\/www.eenewseurope.com\/fr\/canon-en-voie-dindustrialiser-la-lithographie-nano-imprint-nil-concurrent-de-euv\/\"},\"wordCount\":628,\"publisher\":{\"@id\":\"https:\/\/www.ecinews.fr\/fr\/#organization\"},\"keywords\":[\"NIL\",\"Semiconducteurs\",\"Wafer fabs\"],\"articleSection\":[\"Technologies\"],\"inLanguage\":\"fr-FR\"},{\"@type\":\"WebPage\",\"@id\":\"https:\/\/www.eenewseurope.com\/fr\/canon-en-voie-dindustrialiser-la-lithographie-nano-imprint-nil-concurrent-de-euv\/\",\"url\":\"https:\/\/www.eenewseurope.com\/fr\/canon-en-voie-dindustrialiser-la-lithographie-nano-imprint-nil-concurrent-de-euv\/\",\"name\":\"Canon en voie d'industrialiser NIL concurrent de EUV\",\"isPartOf\":{\"@id\":\"https:\/\/www.ecinews.fr\/fr\/#website\"},\"datePublished\":\"2022-12-14T20:15:32+00:00\",\"dateModified\":\"2022-12-15T09:52:31+00:00\",\"description\":\"Canon en voie d'industrialiser la lithographie nano-imprint NIL concurrent de EUV et capable de g\u00e9om\u00e9tries en dessous de 10 nm\",\"breadcrumb\":{\"@id\":\"https:\/\/www.eenewseurope.com\/fr\/canon-en-voie-dindustrialiser-la-lithographie-nano-imprint-nil-concurrent-de-euv\/#breadcrumb\"},\"inLanguage\":\"fr-FR\",\"potentialAction\":[{\"@type\":\"ReadAction\",\"target\":[\"https:\/\/www.eenewseurope.com\/fr\/canon-en-voie-dindustrialiser-la-lithographie-nano-imprint-nil-concurrent-de-euv\/\"]}]},{\"@type\":\"BreadcrumbList\",\"@id\":\"https:\/\/www.eenewseurope.com\/fr\/canon-en-voie-dindustrialiser-la-lithographie-nano-imprint-nil-concurrent-de-euv\/#breadcrumb\",\"itemListElement\":[{\"@type\":\"ListItem\",\"position\":1,\"name\":\"Home\",\"item\":\"https:\/\/www.ecinews.fr\/fr\/\"},{\"@type\":\"ListItem\",\"position\":2,\"name\":\"Canon en voie d&rsquo;industrialiser la lithographie nano-imprint NIL\"}]},{\"@type\":\"WebSite\",\"@id\":\"https:\/\/www.ecinews.fr\/fr\/#website\",\"url\":\"https:\/\/www.ecinews.fr\/fr\/\",\"name\":\"EENewsEurope\",\"description\":\"Just another WordPress site\",\"publisher\":{\"@id\":\"https:\/\/www.ecinews.fr\/fr\/#organization\"},\"potentialAction\":[{\"@type\":\"SearchAction\",\"target\":{\"@type\":\"EntryPoint\",\"urlTemplate\":\"https:\/\/www.ecinews.fr\/fr\/?s={search_term_string}\"},\"query-input\":\"required name=search_term_string\"}],\"inLanguage\":\"fr-FR\"},{\"@type\":\"Organization\",\"@id\":\"https:\/\/www.ecinews.fr\/fr\/#organization\",\"name\":\"EENewsEurope\",\"url\":\"https:\/\/www.ecinews.fr\/fr\/\",\"logo\":{\"@type\":\"ImageObject\",\"inLanguage\":\"fr-FR\",\"@id\":\"https:\/\/www.ecinews.fr\/fr\/#\/schema\/logo\/image\/\",\"url\":\"https:\/\/www.ecinews.fr\/wp-content\/uploads\/2022\/02\/logo-1.jpg\",\"contentUrl\":\"https:\/\/www.ecinews.fr\/wp-content\/uploads\/2022\/02\/logo-1.jpg\",\"width\":283,\"height\":113,\"caption\":\"EENewsEurope\"},\"image\":{\"@id\":\"https:\/\/www.ecinews.fr\/fr\/#\/schema\/logo\/image\/\"}},{\"@type\":\"Person\",\"@id\":\"https:\/\/www.ecinews.fr\/fr\/#\/schema\/person\/0aa2cfb0bd8949724a68cbac8d8321b4\",\"name\":\"A Delapalisse\",\"image\":{\"@type\":\"ImageObject\",\"inLanguage\":\"fr-FR\",\"@id\":\"https:\/\/www.ecinews.fr\/fr\/#\/schema\/person\/image\/211ac42237c2e9683c0964086c393cb4\",\"url\":\"https:\/\/secure.gravatar.com\/avatar\/ad45a8c5da24bc9c7c4940dd1c48a695?s=96&d=mm&r=g\",\"contentUrl\":\"https:\/\/secure.gravatar.com\/avatar\/ad45a8c5da24bc9c7c4940dd1c48a695?s=96&d=mm&r=g\",\"caption\":\"A Delapalisse\"},\"sameAs\":[\"http:\/\/ECI\"]}]}<\/script>","yoast_head_json":{"title":"Canon en voie d'industrialiser NIL concurrent de EUV ...","description":"Canon en voie d'industrialiser la lithographie nano-imprint NIL concurrent de EUV et capable de g\u00e9om\u00e9tries en dessous de 10 nm","robots":{"index":"index","follow":"follow","max-snippet":"max-snippet:-1","max-image-preview":"max-image-preview:large","max-video-preview":"max-video-preview:-1"},"canonical":"https:\/\/www.ecinews.fr\/fr\/wp-json\/wp\/v2\/posts\/408621\/","og_locale":"fr_FR","og_type":"article","og_title":"Canon en voie d'industrialiser la lithographie nano-imprint NIL","og_description":"Canon en voie d'industrialiser la lithographie nano-imprint NIL concurrent de EUV et capable de g\u00e9om\u00e9tries en dessous de 10 nm","og_url":"https:\/\/www.ecinews.fr\/fr\/wp-json\/wp\/v2\/posts\/408621\/","og_site_name":"EENewsEurope","article_published_time":"2022-12-14T20:15:32+00:00","article_modified_time":"2022-12-15T09:52:31+00:00","og_image":[{"width":630,"height":356,"url":"https:\/\/www.eenewseurope.com\/wp-content\/uploads\/2022\/12\/CanonNIL630.jpg","type":"image\/jpeg"}],"author":"A Delapalisse, Peter Clarke","twitter_card":"summary_large_image","twitter_misc":{"Written by":"A Delapalisse","Est. reading time":"3 minutes"},"schema":{"@context":"https:\/\/schema.org","@graph":[{"@type":"Article","@id":"https:\/\/www.eenewseurope.com\/fr\/canon-en-voie-dindustrialiser-la-lithographie-nano-imprint-nil-concurrent-de-euv\/#article","isPartOf":{"@id":"https:\/\/www.eenewseurope.com\/fr\/canon-en-voie-dindustrialiser-la-lithographie-nano-imprint-nil-concurrent-de-euv\/"},"author":{"name":"A Delapalisse","@id":"https:\/\/www.ecinews.fr\/fr\/#\/schema\/person\/0aa2cfb0bd8949724a68cbac8d8321b4"},"headline":"Canon en voie d&rsquo;industrialiser la lithographie nano-imprint NIL","datePublished":"2022-12-14T20:15:32+00:00","dateModified":"2022-12-15T09:52:31+00:00","mainEntityOfPage":{"@id":"https:\/\/www.eenewseurope.com\/fr\/canon-en-voie-dindustrialiser-la-lithographie-nano-imprint-nil-concurrent-de-euv\/"},"wordCount":628,"publisher":{"@id":"https:\/\/www.ecinews.fr\/fr\/#organization"},"keywords":["NIL","Semiconducteurs","Wafer fabs"],"articleSection":["Technologies"],"inLanguage":"fr-FR"},{"@type":"WebPage","@id":"https:\/\/www.eenewseurope.com\/fr\/canon-en-voie-dindustrialiser-la-lithographie-nano-imprint-nil-concurrent-de-euv\/","url":"https:\/\/www.eenewseurope.com\/fr\/canon-en-voie-dindustrialiser-la-lithographie-nano-imprint-nil-concurrent-de-euv\/","name":"Canon en voie d'industrialiser NIL concurrent de EUV","isPartOf":{"@id":"https:\/\/www.ecinews.fr\/fr\/#website"},"datePublished":"2022-12-14T20:15:32+00:00","dateModified":"2022-12-15T09:52:31+00:00","description":"Canon en voie d'industrialiser la lithographie nano-imprint NIL concurrent de EUV et capable de g\u00e9om\u00e9tries en dessous de 10 nm","breadcrumb":{"@id":"https:\/\/www.eenewseurope.com\/fr\/canon-en-voie-dindustrialiser-la-lithographie-nano-imprint-nil-concurrent-de-euv\/#breadcrumb"},"inLanguage":"fr-FR","potentialAction":[{"@type":"ReadAction","target":["https:\/\/www.eenewseurope.com\/fr\/canon-en-voie-dindustrialiser-la-lithographie-nano-imprint-nil-concurrent-de-euv\/"]}]},{"@type":"BreadcrumbList","@id":"https:\/\/www.eenewseurope.com\/fr\/canon-en-voie-dindustrialiser-la-lithographie-nano-imprint-nil-concurrent-de-euv\/#breadcrumb","itemListElement":[{"@type":"ListItem","position":1,"name":"Home","item":"https:\/\/www.ecinews.fr\/fr\/"},{"@type":"ListItem","position":2,"name":"Canon en voie d&rsquo;industrialiser la lithographie nano-imprint NIL"}]},{"@type":"WebSite","@id":"https:\/\/www.ecinews.fr\/fr\/#website","url":"https:\/\/www.ecinews.fr\/fr\/","name":"EENewsEurope","description":"Just another WordPress site","publisher":{"@id":"https:\/\/www.ecinews.fr\/fr\/#organization"},"potentialAction":[{"@type":"SearchAction","target":{"@type":"EntryPoint","urlTemplate":"https:\/\/www.ecinews.fr\/fr\/?s={search_term_string}"},"query-input":"required name=search_term_string"}],"inLanguage":"fr-FR"},{"@type":"Organization","@id":"https:\/\/www.ecinews.fr\/fr\/#organization","name":"EENewsEurope","url":"https:\/\/www.ecinews.fr\/fr\/","logo":{"@type":"ImageObject","inLanguage":"fr-FR","@id":"https:\/\/www.ecinews.fr\/fr\/#\/schema\/logo\/image\/","url":"https:\/\/www.ecinews.fr\/wp-content\/uploads\/2022\/02\/logo-1.jpg","contentUrl":"https:\/\/www.ecinews.fr\/wp-content\/uploads\/2022\/02\/logo-1.jpg","width":283,"height":113,"caption":"EENewsEurope"},"image":{"@id":"https:\/\/www.ecinews.fr\/fr\/#\/schema\/logo\/image\/"}},{"@type":"Person","@id":"https:\/\/www.ecinews.fr\/fr\/#\/schema\/person\/0aa2cfb0bd8949724a68cbac8d8321b4","name":"A Delapalisse","image":{"@type":"ImageObject","inLanguage":"fr-FR","@id":"https:\/\/www.ecinews.fr\/fr\/#\/schema\/person\/image\/211ac42237c2e9683c0964086c393cb4","url":"https:\/\/secure.gravatar.com\/avatar\/ad45a8c5da24bc9c7c4940dd1c48a695?s=96&d=mm&r=g","contentUrl":"https:\/\/secure.gravatar.com\/avatar\/ad45a8c5da24bc9c7c4940dd1c48a695?s=96&d=mm&r=g","caption":"A Delapalisse"},"sameAs":["http:\/\/ECI"]}]}},"authors":[{"term_id":1153,"user_id":34,"is_guest":0,"slug":"adelapalisse","display_name":"A Delapalisse","avatar_url":"https:\/\/secure.gravatar.com\/avatar\/ad45a8c5da24bc9c7c4940dd1c48a695?s=96&d=mm&r=g","0":null,"1":"","2":"","3":"","4":"","5":"","6":"","7":"","8":""},{"term_id":1136,"user_id":4,"is_guest":0,"slug":"clarke","display_name":"Peter Clarke","avatar_url":"https:\/\/secure.gravatar.com\/avatar\/d567d206cb92a682963201f296594da4?s=96&d=mm&r=g","0":null,"1":"","2":"","3":"","4":"","5":"","6":"","7":"","8":""}],"_links":{"self":[{"href":"https:\/\/www.ecinews.fr\/fr\/wp-json\/wp\/v2\/posts\/408621"}],"collection":[{"href":"https:\/\/www.ecinews.fr\/fr\/wp-json\/wp\/v2\/posts"}],"about":[{"href":"https:\/\/www.ecinews.fr\/fr\/wp-json\/wp\/v2\/types\/post"}],"author":[{"embeddable":true,"href":"https:\/\/www.ecinews.fr\/fr\/wp-json\/wp\/v2\/users\/34"}],"replies":[{"embeddable":true,"href":"https:\/\/www.ecinews.fr\/fr\/wp-json\/wp\/v2\/comments?post=408621"}],"version-history":[{"count":0,"href":"https:\/\/www.ecinews.fr\/fr\/wp-json\/wp\/v2\/posts\/408621\/revisions"}],"wp:featuredmedia":[{"embeddable":true,"href":"https:\/\/www.ecinews.fr\/fr\/wp-json\/wp\/v2\/media\/408325"}],"wp:attachment":[{"href":"https:\/\/www.ecinews.fr\/fr\/wp-json\/wp\/v2\/media?parent=408621"}],"wp:term":[{"taxonomy":"category","embeddable":true,"href":"https:\/\/www.ecinews.fr\/fr\/wp-json\/wp\/v2\/categories?post=408621"},{"taxonomy":"post_tag","embeddable":true,"href":"https:\/\/www.ecinews.fr\/fr\/wp-json\/wp\/v2\/tags?post=408621"},{"taxonomy":"domains","embeddable":true,"href":"https:\/\/www.ecinews.fr\/fr\/wp-json\/wp\/v2\/domains?post=408621"},{"taxonomy":"author","embeddable":true,"href":"https:\/\/www.ecinews.fr\/fr\/wp-json\/wp\/v2\/ppma_author?post=408621"}],"curies":[{"name":"wp","href":"https:\/\/api.w.org\/{rel}","templated":true}]}}