{"id":408436,"date":"2022-12-13T12:38:51","date_gmt":"2022-12-13T11:38:51","guid":{"rendered":"https:\/\/www.eenewseurope.com\/?p=408436"},"modified":"2022-12-13T18:08:56","modified_gmt":"2022-12-13T17:08:56","slug":"lancement-daqtronic-la-plateforme-neo-aquitaine-dindustrialisation-dequipements-electroniques","status":"publish","type":"post","link":"https:\/\/www.ecinews.fr\/fr\/lancement-daqtronic-la-plateforme-neo-aquitaine-dindustrialisation-dequipements-electroniques\/","title":{"rendered":"Lancement d\u2019Aqtronic, la plateforme n\u00e9o-aquitaine d\u2019industrialisation d\u2019\u00e9quipements \u00e9lectroniques"},"content":{"rendered":"<p><strong>Le 7 d\u00e9cembre dernier, la plateforme Aqtronic a \u00e9t\u00e9 inaugur\u00e9e. Une initiative de la r\u00e9gion Nouvelle-Aquitaine pour aider les entreprises \u00e0 r\u00e9ussir l\u2019\u00e9tape d\u2019industrialisation de leurs projets int\u00e9grant de l\u2019\u00e9lectronique.<\/strong><\/p>\n<p>Aqtronic est n\u00e9 du constat que, m\u00eame si la France est dot\u00e9e de r\u00e9elles capacit\u00e9s d\u2019innovation, le d\u00e9fi industriel passe par la ma\u00eetrise du passage d\u2019un produit R&amp;D \u00e0 un produit manufactur\u00e9 fiable, s\u00e9curis\u00e9, comp\u00e9titif et mis sur sur le march\u00e9 au bon moment. Pour y parvenir, plusieurs acteurs locaus avec le soutien de la R\u00e9gion Nouvelle-Aquitaine se sont associ\u00e9s, pour aider les entreprises \u00e0 r\u00e9ussir l&rsquo;\u00e9tape de l\u2019industrialisation. Ainsi, BMS All Circuits, Cap\u2019Tronic, Fedd, Erma Electronique, EMS Factory, Legrand, Schneider, Serma Group et l\u2019UIMM ont cr\u00e9\u00e9 Aqtronic.<\/p>\n<p>A l\u2019occasion de son inauguration, les membres fondateurs ont d\u00e9voil\u00e9 \u00e0 une centaine de participants du monde de l&rsquo;entreprise et des institutions, , l\u00a0\u00bbimplantation d&rsquo;Aqtronic au CEA Tech de Pessac avant d\u2019int\u00e9grer des bureaux au sein du projet immobilier Amp\u00e9ris courant 2023.\u00a0 Romain Devrue, Directeur du CEA Tech de Pessac a ouvert l\u2019\u00e9v\u00e9nement, rappelant que \u00ab <em>le CEA continuera \u00e0 contribuer au projet avec un r\u00f4le de technologue <\/em>\u00bb.<\/p>\n<p>Marc Dus de Serma Group et Jean-Philippe Malicet de Cap&rsquo;Tronic ont ensuite pr\u00e9sent\u00e9 les missions d&rsquo;Aqtronic qui sont notamment de f\u00e9d\u00e9rer la communaut\u00e9 de l\u2019\u00e9lectronique en Nouvelle-Aquitaine, d\u2019acc\u00e9l\u00e9rer le time-to-market et la comp\u00e9titivit\u00e9 des entreprises int\u00e9grant de l\u2019\u00e9lectronique et de renforcer les synergies entre l\u2019ensemble des acteurs de la communaut\u00e9. Mais aussi de r\u00e9pondre aux enjeux d\u2019\u00e9volution des comp\u00e9tences gr\u00e2ce \u00e0 la formation.<\/p>\n<p>C\u2019est ensuite Alain Rousset, Pr\u00e9sident de la R\u00e9gion Nouvelle-Aquitaine qui a officiellement inaugur\u00e9 Aqtronic, rappelant l\u2019importance de ce projet pour la R\u00e9gion qui <em>\u00abest la premi\u00e8re R\u00e9gion de France \u00e0 se r\u00e9industrialiser. C&rsquo;est \u00e0 ce jour, un d\u00e9veloppement <\/em><em>unique en France, au plan industriel<\/em>\u00a0\u00bb.<\/p>\n<p>Les participants ont ensuite d\u00e9couvert le showroom qui pr\u00e9sente plus de vingt projets int\u00e9grant de l\u2019\u00e9lectronique con\u00e7us et\/ou industrialis\u00e9s en Nouvelle-Aquitaine. Parmi ces projets celui de Lunii, une conteuse d\u2019histoires pour enfants qui a relocalis\u00e9 sa production de Chine en France gr\u00e2ce au redesign du produit et a une automatisation des proc\u00e9d\u00e9s d\u2019assemblage, r\u00e9alis\u00e9e avec l&rsquo;aide de BMS All Circuits \u00e0 Pau pour la partie \u00e9lectronique. Les visiteurs ont \u00e9galement pu d\u00e9couvrir Emagina bas\u00e9e \u00e0 Bordeaux, qui a cr\u00e9\u00e9 un dispositif connect\u00e9 pour la pr\u00e9paration du p\u00e9rin\u00e9e \u00e0 l\u2019accouchement. Sa conception, son industrialisation et sa production en s\u00e9rie est r\u00e9alis\u00e9e en France, la partie \u00e9lectronique a \u00e9t\u00e9 r\u00e9alis\u00e9e par Inovelec situ\u00e9e \u00e0 Boulazac Isle Manoire (24). Enfin, un autre exemple de collaboration n\u00e9o-aquitaine r\u00e9ussie, Serma via sa filiale AW2S exposait un \u00e9quipement de communication 5G sans-fil permettant de couvrir les zones blanches et de r\u00e9duire les temps de latence de transmission radio. Ce produit est 100% d\u00e9velopp\u00e9 et assembl\u00e9 en Nouvelle-Aquitaine.<\/p>\n<p>L\u2019objectif d\u2019Aqtronic est d\u2019accompagner 30 \u00e0 40 projets d\u2019industrialisation par an. Travail qui sera effectu\u00e9 notamment par les ing\u00e9nieurs-conseils du projet provenant des structures de Cap&rsquo;\u2019Tronic et de Serma Group, d\u00e9j\u00e0 implant\u00e9es en Nouvelle-Aquitaine.<\/p>\n<p><a href=\"https:\/\/aqtronic.fr\/\">Aqtronic<\/a>\u00a0 &#8211;\u00a0 <a href=\"https:\/\/www.captronic.fr\/\">Cap&rsquo;Tronic\u00a0<\/a> &#8211;\u00a0 <a href=\"https:\/\/lunii.com\/fr-fr\/\">Lunii<\/a><\/p>\n<p><a href=\"https:\/\/emagina.care\/\">Emagina<\/a>\u00a0 &#8211;\u00a0 <a href=\"https:\/\/inovelec-groupe.com\/\">Inovelec\u00a0<\/a> &#8211;\u00a0 <a href=\"https:\/\/www.serma.com\/\">Serma Group<\/a><\/p>\n<p>&nbsp;<\/p>\n<p>&nbsp;<\/p>\n","protected":false},"excerpt":{"rendered":"<p>Le 7 d\u00e9cembre dernier, la plateforme Aqtronic a \u00e9t\u00e9 inaugur\u00e9e. Une initiative de la r\u00e9gion Nouvelle-Aquitaine pour aider les entreprises \u00e0 r\u00e9ussir l\u2019\u00e9tape d\u2019industrialisation de leurs projets int\u00e9grant de l\u2019\u00e9lectronique. Aqtronic est n\u00e9 du constat que, m\u00eame si la France est dot\u00e9e de r\u00e9elles capacit\u00e9s d\u2019innovation, le d\u00e9fi industriel passe par la ma\u00eetrise du passage [&hellip;]<\/p>\n","protected":false},"author":11,"featured_media":408454,"comment_status":"closed","ping_status":"closed","sticky":true,"template":"","format":"standard","meta":{"_acf_changed":false,"footnotes":""},"categories":[886],"tags":[2414,2413],"domains":[47],"ppma_author":[1143],"class_list":["post-408436","post","type-post","status-publish","format-standard","has-post-thumbnail","hentry","category-news-fr","tag-industrialisation","tag-nouvelle-aquitaine","domains-electronique-eci"],"acf":[],"yoast_head":"<title>Lancement d\u2019Aqtronic, la plateforme n\u00e9o-aquitaine d\u2019indust...<\/title>\n<meta name=\"description\" content=\"Le 7 d\u00e9cembre dernier, la plateforme Aqtronic a \u00e9t\u00e9 inaugur\u00e9e. Une initiative de la r\u00e9gion Nouvelle-Aquitaine pour aider les entreprises \u00e0 r\u00e9ussir...\" \/>\n<meta name=\"robots\" content=\"index, follow, max-snippet:-1, max-image-preview:large, max-video-preview:-1\" \/>\n<link rel=\"canonical\" href=\"https:\/\/www.ecinews.fr\/fr\/wp-json\/wp\/v2\/posts\/408436\/\" \/>\n<meta property=\"og:locale\" content=\"fr_FR\" \/>\n<meta property=\"og:type\" content=\"article\" \/>\n<meta property=\"og:title\" content=\"Lancement d\u2019Aqtronic, la plateforme n\u00e9o-aquitaine d\u2019industrialisation d\u2019\u00e9quipements \u00e9lectroniques\" \/>\n<meta property=\"og:description\" content=\"Le 7 d\u00e9cembre dernier, la plateforme Aqtronic a \u00e9t\u00e9 inaugur\u00e9e. Une initiative de la r\u00e9gion Nouvelle-Aquitaine pour aider les entreprises \u00e0 r\u00e9ussir l\u2019\u00e9tape d\u2019industrialisation de leurs projets int\u00e9grant de l\u2019\u00e9lectronique. Aqtronic est n\u00e9 du constat que, m\u00eame si la France est dot\u00e9e de r\u00e9elles capacit\u00e9s d\u2019innovation, le d\u00e9fi industriel passe par la ma\u00eetrise du passage [&hellip;]\" \/>\n<meta property=\"og:url\" content=\"https:\/\/www.ecinews.fr\/fr\/wp-json\/wp\/v2\/posts\/408436\/\" \/>\n<meta property=\"og:site_name\" content=\"EENewsEurope\" \/>\n<meta property=\"article:published_time\" content=\"2022-12-13T11:38:51+00:00\" \/>\n<meta property=\"article:modified_time\" content=\"2022-12-13T17:08:56+00:00\" \/>\n<meta property=\"og:image\" content=\"https:\/\/www.ecinews.fr\/wp-content\/uploads\/2022\/12\/Aqtronic.png\" \/>\n\t<meta property=\"og:image:width\" content=\"600\" \/>\n\t<meta property=\"og:image:height\" content=\"331\" \/>\n\t<meta property=\"og:image:type\" content=\"image\/png\" \/>\n<meta name=\"author\" content=\"Daniel Cardon\" \/>\n<meta name=\"twitter:card\" content=\"summary_large_image\" \/>\n<meta name=\"twitter:label1\" content=\"Written by\" \/>\n\t<meta name=\"twitter:data1\" content=\"Daniel Cardon\" \/>\n\t<meta name=\"twitter:label2\" content=\"Est. reading time\" \/>\n\t<meta name=\"twitter:data2\" content=\"3 minutes\" \/>\n<script type=\"application\/ld+json\" class=\"yoast-schema-graph\">{\"@context\":\"https:\/\/schema.org\",\"@graph\":[{\"@type\":\"Article\",\"@id\":\"https:\/\/www.ecinews.fr\/fr\/lancement-daqtronic-la-plateforme-neo-aquitaine-dindustrialisation-dequipements-electroniques\/#article\",\"isPartOf\":{\"@id\":\"https:\/\/www.ecinews.fr\/fr\/lancement-daqtronic-la-plateforme-neo-aquitaine-dindustrialisation-dequipements-electroniques\/\"},\"author\":{\"name\":\"Daniel Cardon\",\"@id\":\"https:\/\/www.eenewseurope.com\/en\/#\/schema\/person\/93c44cde463762f40a8236eaa44c1c17\"},\"headline\":\"Lancement d\u2019Aqtronic, la plateforme n\u00e9o-aquitaine d\u2019industrialisation d\u2019\u00e9quipements \u00e9lectroniques\",\"datePublished\":\"2022-12-13T11:38:51+00:00\",\"dateModified\":\"2022-12-13T17:08:56+00:00\",\"mainEntityOfPage\":{\"@id\":\"https:\/\/www.ecinews.fr\/fr\/lancement-daqtronic-la-plateforme-neo-aquitaine-dindustrialisation-dequipements-electroniques\/\"},\"wordCount\":598,\"publisher\":{\"@id\":\"https:\/\/www.eenewseurope.com\/en\/#organization\"},\"keywords\":[\"Industrialisation\",\"Nouvelle-Aquitaine\"],\"articleSection\":[\"Actualit\u00e9 g\u00e9n\u00e9rale\"],\"inLanguage\":\"fr-FR\"},{\"@type\":\"WebPage\",\"@id\":\"https:\/\/www.ecinews.fr\/fr\/lancement-daqtronic-la-plateforme-neo-aquitaine-dindustrialisation-dequipements-electroniques\/\",\"url\":\"https:\/\/www.ecinews.fr\/fr\/lancement-daqtronic-la-plateforme-neo-aquitaine-dindustrialisation-dequipements-electroniques\/\",\"name\":\"Lancement d\u2019Aqtronic, la plateforme n\u00e9o-aquitaine d\u2019industrialisation d\u2019\u00e9quipements \u00e9lectroniques -\",\"isPartOf\":{\"@id\":\"https:\/\/www.eenewseurope.com\/en\/#website\"},\"datePublished\":\"2022-12-13T11:38:51+00:00\",\"dateModified\":\"2022-12-13T17:08:56+00:00\",\"breadcrumb\":{\"@id\":\"https:\/\/www.ecinews.fr\/fr\/lancement-daqtronic-la-plateforme-neo-aquitaine-dindustrialisation-dequipements-electroniques\/#breadcrumb\"},\"inLanguage\":\"fr-FR\",\"potentialAction\":[{\"@type\":\"ReadAction\",\"target\":[\"https:\/\/www.ecinews.fr\/fr\/lancement-daqtronic-la-plateforme-neo-aquitaine-dindustrialisation-dequipements-electroniques\/\"]}]},{\"@type\":\"BreadcrumbList\",\"@id\":\"https:\/\/www.ecinews.fr\/fr\/lancement-daqtronic-la-plateforme-neo-aquitaine-dindustrialisation-dequipements-electroniques\/#breadcrumb\",\"itemListElement\":[{\"@type\":\"ListItem\",\"position\":1,\"name\":\"Home\",\"item\":\"https:\/\/www.ecinews.fr\/fr\/\"},{\"@type\":\"ListItem\",\"position\":2,\"name\":\"Lancement d\u2019Aqtronic, la plateforme n\u00e9o-aquitaine d\u2019industrialisation d\u2019\u00e9quipements \u00e9lectroniques\"}]},{\"@type\":\"WebSite\",\"@id\":\"https:\/\/www.eenewseurope.com\/en\/#website\",\"url\":\"https:\/\/www.eenewseurope.com\/en\/\",\"name\":\"EENewsEurope\",\"description\":\"Just another WordPress site\",\"publisher\":{\"@id\":\"https:\/\/www.eenewseurope.com\/en\/#organization\"},\"potentialAction\":[{\"@type\":\"SearchAction\",\"target\":{\"@type\":\"EntryPoint\",\"urlTemplate\":\"https:\/\/www.eenewseurope.com\/en\/?s={search_term_string}\"},\"query-input\":\"required name=search_term_string\"}],\"inLanguage\":\"fr-FR\"},{\"@type\":\"Organization\",\"@id\":\"https:\/\/www.eenewseurope.com\/en\/#organization\",\"name\":\"EENewsEurope\",\"url\":\"https:\/\/www.eenewseurope.com\/en\/\",\"logo\":{\"@type\":\"ImageObject\",\"inLanguage\":\"fr-FR\",\"@id\":\"https:\/\/www.eenewseurope.com\/en\/#\/schema\/logo\/image\/\",\"url\":\"https:\/\/www.ecinews.fr\/wp-content\/uploads\/2022\/02\/logo-1.jpg\",\"contentUrl\":\"https:\/\/www.ecinews.fr\/wp-content\/uploads\/2022\/02\/logo-1.jpg\",\"width\":283,\"height\":113,\"caption\":\"EENewsEurope\"},\"image\":{\"@id\":\"https:\/\/www.eenewseurope.com\/en\/#\/schema\/logo\/image\/\"}},{\"@type\":\"Person\",\"@id\":\"https:\/\/www.eenewseurope.com\/en\/#\/schema\/person\/93c44cde463762f40a8236eaa44c1c17\",\"name\":\"Daniel Cardon\",\"image\":{\"@type\":\"ImageObject\",\"inLanguage\":\"fr-FR\",\"@id\":\"https:\/\/www.eenewseurope.com\/en\/#\/schema\/person\/image\/2b243f6bcc1cff7d86aadfb2cd0bd870\",\"url\":\"https:\/\/secure.gravatar.com\/avatar\/de9edc136dfc061ad4778e04635baefa?s=96&d=mm&r=g\",\"contentUrl\":\"https:\/\/secure.gravatar.com\/avatar\/de9edc136dfc061ad4778e04635baefa?s=96&d=mm&r=g\",\"caption\":\"Daniel Cardon\"}}]}<\/script>","yoast_head_json":{"title":"Lancement d\u2019Aqtronic, la plateforme n\u00e9o-aquitaine d\u2019indust...","description":"Le 7 d\u00e9cembre dernier, la plateforme Aqtronic a \u00e9t\u00e9 inaugur\u00e9e. Une initiative de la r\u00e9gion Nouvelle-Aquitaine pour aider les entreprises \u00e0 r\u00e9ussir...","robots":{"index":"index","follow":"follow","max-snippet":"max-snippet:-1","max-image-preview":"max-image-preview:large","max-video-preview":"max-video-preview:-1"},"canonical":"https:\/\/www.ecinews.fr\/fr\/wp-json\/wp\/v2\/posts\/408436\/","og_locale":"fr_FR","og_type":"article","og_title":"Lancement d\u2019Aqtronic, la plateforme n\u00e9o-aquitaine d\u2019industrialisation d\u2019\u00e9quipements \u00e9lectroniques","og_description":"Le 7 d\u00e9cembre dernier, la plateforme Aqtronic a \u00e9t\u00e9 inaugur\u00e9e. Une initiative de la r\u00e9gion Nouvelle-Aquitaine pour aider les entreprises \u00e0 r\u00e9ussir l\u2019\u00e9tape d\u2019industrialisation de leurs projets int\u00e9grant de l\u2019\u00e9lectronique. Aqtronic est n\u00e9 du constat que, m\u00eame si la France est dot\u00e9e de r\u00e9elles capacit\u00e9s d\u2019innovation, le d\u00e9fi industriel passe par la ma\u00eetrise du passage [&hellip;]","og_url":"https:\/\/www.ecinews.fr\/fr\/wp-json\/wp\/v2\/posts\/408436\/","og_site_name":"EENewsEurope","article_published_time":"2022-12-13T11:38:51+00:00","article_modified_time":"2022-12-13T17:08:56+00:00","og_image":[{"width":600,"height":331,"url":"https:\/\/www.ecinews.fr\/wp-content\/uploads\/2022\/12\/Aqtronic.png","type":"image\/png"}],"author":"Daniel Cardon","twitter_card":"summary_large_image","twitter_misc":{"Written by":"Daniel Cardon","Est. reading time":"3 minutes"},"schema":{"@context":"https:\/\/schema.org","@graph":[{"@type":"Article","@id":"https:\/\/www.ecinews.fr\/fr\/lancement-daqtronic-la-plateforme-neo-aquitaine-dindustrialisation-dequipements-electroniques\/#article","isPartOf":{"@id":"https:\/\/www.ecinews.fr\/fr\/lancement-daqtronic-la-plateforme-neo-aquitaine-dindustrialisation-dequipements-electroniques\/"},"author":{"name":"Daniel Cardon","@id":"https:\/\/www.eenewseurope.com\/en\/#\/schema\/person\/93c44cde463762f40a8236eaa44c1c17"},"headline":"Lancement d\u2019Aqtronic, la plateforme n\u00e9o-aquitaine d\u2019industrialisation d\u2019\u00e9quipements \u00e9lectroniques","datePublished":"2022-12-13T11:38:51+00:00","dateModified":"2022-12-13T17:08:56+00:00","mainEntityOfPage":{"@id":"https:\/\/www.ecinews.fr\/fr\/lancement-daqtronic-la-plateforme-neo-aquitaine-dindustrialisation-dequipements-electroniques\/"},"wordCount":598,"publisher":{"@id":"https:\/\/www.eenewseurope.com\/en\/#organization"},"keywords":["Industrialisation","Nouvelle-Aquitaine"],"articleSection":["Actualit\u00e9 g\u00e9n\u00e9rale"],"inLanguage":"fr-FR"},{"@type":"WebPage","@id":"https:\/\/www.ecinews.fr\/fr\/lancement-daqtronic-la-plateforme-neo-aquitaine-dindustrialisation-dequipements-electroniques\/","url":"https:\/\/www.ecinews.fr\/fr\/lancement-daqtronic-la-plateforme-neo-aquitaine-dindustrialisation-dequipements-electroniques\/","name":"Lancement d\u2019Aqtronic, la plateforme n\u00e9o-aquitaine d\u2019industrialisation d\u2019\u00e9quipements \u00e9lectroniques -","isPartOf":{"@id":"https:\/\/www.eenewseurope.com\/en\/#website"},"datePublished":"2022-12-13T11:38:51+00:00","dateModified":"2022-12-13T17:08:56+00:00","breadcrumb":{"@id":"https:\/\/www.ecinews.fr\/fr\/lancement-daqtronic-la-plateforme-neo-aquitaine-dindustrialisation-dequipements-electroniques\/#breadcrumb"},"inLanguage":"fr-FR","potentialAction":[{"@type":"ReadAction","target":["https:\/\/www.ecinews.fr\/fr\/lancement-daqtronic-la-plateforme-neo-aquitaine-dindustrialisation-dequipements-electroniques\/"]}]},{"@type":"BreadcrumbList","@id":"https:\/\/www.ecinews.fr\/fr\/lancement-daqtronic-la-plateforme-neo-aquitaine-dindustrialisation-dequipements-electroniques\/#breadcrumb","itemListElement":[{"@type":"ListItem","position":1,"name":"Home","item":"https:\/\/www.ecinews.fr\/fr\/"},{"@type":"ListItem","position":2,"name":"Lancement d\u2019Aqtronic, la plateforme n\u00e9o-aquitaine d\u2019industrialisation d\u2019\u00e9quipements \u00e9lectroniques"}]},{"@type":"WebSite","@id":"https:\/\/www.eenewseurope.com\/en\/#website","url":"https:\/\/www.eenewseurope.com\/en\/","name":"EENewsEurope","description":"Just another WordPress site","publisher":{"@id":"https:\/\/www.eenewseurope.com\/en\/#organization"},"potentialAction":[{"@type":"SearchAction","target":{"@type":"EntryPoint","urlTemplate":"https:\/\/www.eenewseurope.com\/en\/?s={search_term_string}"},"query-input":"required name=search_term_string"}],"inLanguage":"fr-FR"},{"@type":"Organization","@id":"https:\/\/www.eenewseurope.com\/en\/#organization","name":"EENewsEurope","url":"https:\/\/www.eenewseurope.com\/en\/","logo":{"@type":"ImageObject","inLanguage":"fr-FR","@id":"https:\/\/www.eenewseurope.com\/en\/#\/schema\/logo\/image\/","url":"https:\/\/www.ecinews.fr\/wp-content\/uploads\/2022\/02\/logo-1.jpg","contentUrl":"https:\/\/www.ecinews.fr\/wp-content\/uploads\/2022\/02\/logo-1.jpg","width":283,"height":113,"caption":"EENewsEurope"},"image":{"@id":"https:\/\/www.eenewseurope.com\/en\/#\/schema\/logo\/image\/"}},{"@type":"Person","@id":"https:\/\/www.eenewseurope.com\/en\/#\/schema\/person\/93c44cde463762f40a8236eaa44c1c17","name":"Daniel Cardon","image":{"@type":"ImageObject","inLanguage":"fr-FR","@id":"https:\/\/www.eenewseurope.com\/en\/#\/schema\/person\/image\/2b243f6bcc1cff7d86aadfb2cd0bd870","url":"https:\/\/secure.gravatar.com\/avatar\/de9edc136dfc061ad4778e04635baefa?s=96&d=mm&r=g","contentUrl":"https:\/\/secure.gravatar.com\/avatar\/de9edc136dfc061ad4778e04635baefa?s=96&d=mm&r=g","caption":"Daniel Cardon"}}]}},"authors":[{"term_id":1143,"user_id":11,"is_guest":0,"slug":"danielcardon","display_name":"Daniel Cardon","avatar_url":"https:\/\/secure.gravatar.com\/avatar\/de9edc136dfc061ad4778e04635baefa?s=96&d=mm&r=g","0":null,"1":"","2":"","3":"","4":"","5":"","6":"","7":"","8":""}],"_links":{"self":[{"href":"https:\/\/www.ecinews.fr\/fr\/wp-json\/wp\/v2\/posts\/408436"}],"collection":[{"href":"https:\/\/www.ecinews.fr\/fr\/wp-json\/wp\/v2\/posts"}],"about":[{"href":"https:\/\/www.ecinews.fr\/fr\/wp-json\/wp\/v2\/types\/post"}],"author":[{"embeddable":true,"href":"https:\/\/www.ecinews.fr\/fr\/wp-json\/wp\/v2\/users\/11"}],"replies":[{"embeddable":true,"href":"https:\/\/www.ecinews.fr\/fr\/wp-json\/wp\/v2\/comments?post=408436"}],"version-history":[{"count":0,"href":"https:\/\/www.ecinews.fr\/fr\/wp-json\/wp\/v2\/posts\/408436\/revisions"}],"wp:featuredmedia":[{"embeddable":true,"href":"https:\/\/www.ecinews.fr\/fr\/wp-json\/wp\/v2\/media\/408454"}],"wp:attachment":[{"href":"https:\/\/www.ecinews.fr\/fr\/wp-json\/wp\/v2\/media?parent=408436"}],"wp:term":[{"taxonomy":"category","embeddable":true,"href":"https:\/\/www.ecinews.fr\/fr\/wp-json\/wp\/v2\/categories?post=408436"},{"taxonomy":"post_tag","embeddable":true,"href":"https:\/\/www.ecinews.fr\/fr\/wp-json\/wp\/v2\/tags?post=408436"},{"taxonomy":"domains","embeddable":true,"href":"https:\/\/www.ecinews.fr\/fr\/wp-json\/wp\/v2\/domains?post=408436"},{"taxonomy":"author","embeddable":true,"href":"https:\/\/www.ecinews.fr\/fr\/wp-json\/wp\/v2\/ppma_author?post=408436"}],"curies":[{"name":"wp","href":"https:\/\/api.w.org\/{rel}","templated":true}]}}