{"id":408378,"date":"2022-12-12T18:04:19","date_gmt":"2022-12-12T17:04:19","guid":{"rendered":"https:\/\/www.eenewseurope.com\/?p=408378"},"modified":"2022-12-13T10:40:18","modified_gmt":"2022-12-13T09:40:18","slug":"apple-repousse-le-lancement-de-l-icar-abandonne-la-conduite-autonome","status":"publish","type":"post","link":"https:\/\/www.ecinews.fr\/fr\/apple-repousse-le-lancement-de-l-icar-abandonne-la-conduite-autonome\/","title":{"rendered":"Apple repousse le lancement de l&rsquo;iCar"},"content":{"rendered":"<h2><span class=\"HwtZe\" lang=\"fr\"><span class=\"jCAhz ChMk0b\"><span class=\"ryNqvb\">Selon un rapport de Bloomberg, Apple a revu \u00e0 la baisse ses projets ambitieux de voiture \u00e9lectrique autonome et report\u00e9 la date de lancement sur le march\u00e9 \u00e0 2026.<\/span><\/span> <\/span><\/h2>\n<p><span class=\"HwtZe\" lang=\"fr\"><span class=\"jCAhz ChMk0b\"><span class=\"ryNqvb\">\u00c0 l&rsquo;origine, le v\u00e9hicule devait appara\u00eetre sur le march\u00e9 en 2025. De plus, il n&rsquo;est pas dit qu&rsquo;il s&rsquo;agisse d&rsquo;un v\u00e9hicule (enti\u00e8rement) autonome.<\/span><\/span><\/span><\/p>\n<p class=\"title\"><a title=\"Le monde s\u2019enflamme \u00e0 nouveau pour la voiture Apple\" href=\"https:\/\/www.ecinews.fr\/fr\/le-monde-senflamme-a-nouveau-pour-la-voiture-apple\/\" target=\"_blank\" rel=\"noopener\">Le monde s\u2019enflamme \u00e0 nouveau pour la voiture Apple<\/a><\/p>\n<p><span class=\"HwtZe\" lang=\"fr\"><span class=\"jCAhz ChMk0b\"><span class=\"ryNqvb\">Bloomberg cite \u00ab\u00a0des personnes famili\u00e8res avec le sujet\u00a0\u00bb et rapporte en outre que l&rsquo;Apple Car offrira une conduite quelque peu automatis\u00e9e &#8211; mais sans donner plus de d\u00e9tails.<\/span><\/span> <span class=\"jCAhz ChMk0b\"><span class=\"ryNqvb\">Dans tous les cas, un conducteur humain doit \u00eatre capable d&rsquo;intervenir dans des situations difficiles qui font allusion au niveau SAE 4 au plus.<\/span><\/span> <span class=\"jCAhz ChMk0b\"><span class=\"ryNqvb\">Volant et p\u00e9dales seront donc \u00e9galement install\u00e9s dans le v\u00e9hicule, qui ne pourra probablement rouler de mani\u00e8re autonome que sur autoroute.<\/span><\/span> <span class=\"jCAhz ChMk0b\"><span class=\"ryNqvb\">Selon le rapport, il sera \u00e9galement possible pour le conducteur de quitter la route des yeux lorsqu&rsquo;il conduira sur l&rsquo;autoroute.<\/span><\/span> <span class=\"jCAhz ChMk0b\"><span class=\"ryNqvb\">Cependant, cette fonction ne sera disponible qu&rsquo;en Am\u00e9rique du Nord lors du lancement.<\/span><\/span><\/span><\/p>\n<p style=\"font-weight: 400;\"><span class=\"HwtZe\" lang=\"fr\"><span class=\"jCAhz ChMk0b\"><span class=\"ryNqvb\">Pour se rep\u00e9rer dans son environnement, le v\u00e9hicule serait \u00e9quip\u00e9 de capteurs lidar, de cam\u00e9ras et de capteurs \u00e0 ultrasons.<\/span><\/span> <span class=\"jCAhz ChMk0b\"><span class=\"ryNqvb\">Les donn\u00e9es seront trait\u00e9es avec un SoC sp\u00e9cialement con\u00e7u pour cette application et qui seraitqui presque pr\u00eat, selon le rapport, et offre une puissance de calcul de quatre M1 Ultra \u2013 la puce de processeur la plus puissante utilis\u00e9e dans les ordinateurs Apple.<\/span><\/span><\/span><\/p>\n<p style=\"font-weight: 400;\">\u00a0<\/p>\n<p style=\"font-weight: 400;\"><a href=\"http:\/\/www.apple.com\/\">www.apple.com<\/a><\/p>\n<p style=\"font-weight: 400;\">Related articles:<\/p>\n<p style=\"font-weight: 400;\"><a href=\"https:\/\/www.eenewseurope.com\/en\/apple-investment-in-kia-feeds-speculations-about-icar\/\">Apple investment in Kia feeds speculations about iCar<\/a><\/p>\n<p style=\"font-weight: 400;\"><a href=\"https:\/\/www.eenewseurope.com\/en\/kia-hyundai-backpedaling-on-apple-cooperation\/\">Kia, Hyundai backpedaling on Apple cooperation<\/a><\/p>\n<p style=\"font-weight: 400;\"><a href=\"https:\/\/www.eenewseurope.com\/en\/foxconn-to-use-nxp-technology-for-ev-platforms\/\">Foxconn to use NXP technology for EV platforms<\/a><\/p>\n","protected":false},"excerpt":{"rendered":"<p>Apple a revu \u00e0 la baisse ses projets ambitieux de voiture \u00e9lectrique autonome et report\u00e9 la date de lancement \u00e0 2026<\/p>\n","protected":false},"author":34,"featured_media":408123,"comment_status":"closed","ping_status":"closed","sticky":true,"template":"","format":"standard","meta":{"_acf_changed":false,"footnotes":""},"categories":[886],"tags":[],"domains":[47],"ppma_author":[1153,1140],"class_list":["post-408378","post","type-post","status-publish","format-standard","has-post-thumbnail","hentry","category-news-fr","domains-electronique-eci"],"acf":[],"yoast_head":"<title>Apple repousse le lancement de l&#039;iCar ...<\/title>\n<meta name=\"description\" content=\"Apple a revu \u00e0 la baisse ses projets ambitieux de voiture \u00e9lectrique autonome et report\u00e9 la date de lancement\" \/>\n<meta name=\"robots\" content=\"index, follow, max-snippet:-1, max-image-preview:large, max-video-preview:-1\" \/>\n<link rel=\"canonical\" href=\"https:\/\/www.ecinews.fr\/fr\/wp-json\/wp\/v2\/posts\/408378\/\" \/>\n<meta property=\"og:locale\" content=\"fr_FR\" \/>\n<meta property=\"og:type\" content=\"article\" \/>\n<meta property=\"og:title\" content=\"Apple repousse le lancement de l&#039;iCar\" \/>\n<meta property=\"og:description\" content=\"Apple a revu \u00e0 la baisse ses projets ambitieux de voiture \u00e9lectrique autonome et report\u00e9 la date de lancement\" \/>\n<meta property=\"og:url\" content=\"https:\/\/www.ecinews.fr\/fr\/wp-json\/wp\/v2\/posts\/408378\/\" \/>\n<meta property=\"og:site_name\" content=\"EENewsEurope\" \/>\n<meta property=\"article:published_time\" content=\"2022-12-12T17:04:19+00:00\" \/>\n<meta property=\"article:modified_time\" content=\"2022-12-13T09:40:18+00:00\" \/>\n<meta property=\"og:image\" content=\"https:\/\/www.eenewseurope.com\/wp-content\/uploads\/2022\/12\/apple_logo-600x400-c-default.png\" \/>\n\t<meta property=\"og:image:width\" content=\"600\" \/>\n\t<meta property=\"og:image:height\" content=\"400\" \/>\n\t<meta property=\"og:image:type\" content=\"image\/png\" \/>\n<meta name=\"author\" content=\"A Delapalisse, Christoph Hammerschmidt\" \/>\n<meta name=\"twitter:card\" content=\"summary_large_image\" \/>\n<meta name=\"twitter:label1\" content=\"Written by\" \/>\n\t<meta name=\"twitter:data1\" content=\"A Delapalisse\" \/>\n\t<meta name=\"twitter:label2\" content=\"Est. reading time\" \/>\n\t<meta name=\"twitter:data2\" content=\"2 minutes\" \/>\n<script type=\"application\/ld+json\" class=\"yoast-schema-graph\">{\"@context\":\"https:\/\/schema.org\",\"@graph\":[{\"@type\":\"Article\",\"@id\":\"https:\/\/www.eenewseurope.com\/fr\/apple-repousse-le-lancement-de-l-icar-abandonne-la-conduite-autonome\/#article\",\"isPartOf\":{\"@id\":\"https:\/\/www.eenewseurope.com\/fr\/apple-repousse-le-lancement-de-l-icar-abandonne-la-conduite-autonome\/\"},\"author\":{\"name\":\"A Delapalisse\",\"@id\":\"https:\/\/www.eenewseurope.com\/en\/#\/schema\/person\/0aa2cfb0bd8949724a68cbac8d8321b4\"},\"headline\":\"Apple repousse le lancement de l&rsquo;iCar\",\"datePublished\":\"2022-12-12T17:04:19+00:00\",\"dateModified\":\"2022-12-13T09:40:18+00:00\",\"mainEntityOfPage\":{\"@id\":\"https:\/\/www.eenewseurope.com\/fr\/apple-repousse-le-lancement-de-l-icar-abandonne-la-conduite-autonome\/\"},\"wordCount\":287,\"publisher\":{\"@id\":\"https:\/\/www.eenewseurope.com\/en\/#organization\"},\"articleSection\":[\"Actualit\u00e9 g\u00e9n\u00e9rale\"],\"inLanguage\":\"fr-FR\"},{\"@type\":\"WebPage\",\"@id\":\"https:\/\/www.eenewseurope.com\/fr\/apple-repousse-le-lancement-de-l-icar-abandonne-la-conduite-autonome\/\",\"url\":\"https:\/\/www.eenewseurope.com\/fr\/apple-repousse-le-lancement-de-l-icar-abandonne-la-conduite-autonome\/\",\"name\":\"Apple repousse le lancement de l'iCar -\",\"isPartOf\":{\"@id\":\"https:\/\/www.eenewseurope.com\/en\/#website\"},\"datePublished\":\"2022-12-12T17:04:19+00:00\",\"dateModified\":\"2022-12-13T09:40:18+00:00\",\"description\":\"Apple a revu \u00e0 la baisse ses projets ambitieux de voiture \u00e9lectrique autonome et report\u00e9 la date de lancement\",\"breadcrumb\":{\"@id\":\"https:\/\/www.eenewseurope.com\/fr\/apple-repousse-le-lancement-de-l-icar-abandonne-la-conduite-autonome\/#breadcrumb\"},\"inLanguage\":\"fr-FR\",\"potentialAction\":[{\"@type\":\"ReadAction\",\"target\":[\"https:\/\/www.eenewseurope.com\/fr\/apple-repousse-le-lancement-de-l-icar-abandonne-la-conduite-autonome\/\"]}]},{\"@type\":\"BreadcrumbList\",\"@id\":\"https:\/\/www.eenewseurope.com\/fr\/apple-repousse-le-lancement-de-l-icar-abandonne-la-conduite-autonome\/#breadcrumb\",\"itemListElement\":[{\"@type\":\"ListItem\",\"position\":1,\"name\":\"Home\",\"item\":\"https:\/\/www.ecinews.fr\/fr\/\"},{\"@type\":\"ListItem\",\"position\":2,\"name\":\"Apple repousse le lancement de l&rsquo;iCar\"}]},{\"@type\":\"WebSite\",\"@id\":\"https:\/\/www.eenewseurope.com\/en\/#website\",\"url\":\"https:\/\/www.eenewseurope.com\/en\/\",\"name\":\"EENewsEurope\",\"description\":\"Just another WordPress site\",\"publisher\":{\"@id\":\"https:\/\/www.eenewseurope.com\/en\/#organization\"},\"potentialAction\":[{\"@type\":\"SearchAction\",\"target\":{\"@type\":\"EntryPoint\",\"urlTemplate\":\"https:\/\/www.eenewseurope.com\/en\/?s={search_term_string}\"},\"query-input\":\"required name=search_term_string\"}],\"inLanguage\":\"fr-FR\"},{\"@type\":\"Organization\",\"@id\":\"https:\/\/www.eenewseurope.com\/en\/#organization\",\"name\":\"EENewsEurope\",\"url\":\"https:\/\/www.eenewseurope.com\/en\/\",\"logo\":{\"@type\":\"ImageObject\",\"inLanguage\":\"fr-FR\",\"@id\":\"https:\/\/www.eenewseurope.com\/en\/#\/schema\/logo\/image\/\",\"url\":\"https:\/\/www.ecinews.fr\/wp-content\/uploads\/2022\/02\/logo-1.jpg\",\"contentUrl\":\"https:\/\/www.ecinews.fr\/wp-content\/uploads\/2022\/02\/logo-1.jpg\",\"width\":283,\"height\":113,\"caption\":\"EENewsEurope\"},\"image\":{\"@id\":\"https:\/\/www.eenewseurope.com\/en\/#\/schema\/logo\/image\/\"}},{\"@type\":\"Person\",\"@id\":\"https:\/\/www.eenewseurope.com\/en\/#\/schema\/person\/0aa2cfb0bd8949724a68cbac8d8321b4\",\"name\":\"A Delapalisse\",\"image\":{\"@type\":\"ImageObject\",\"inLanguage\":\"fr-FR\",\"@id\":\"https:\/\/www.eenewseurope.com\/en\/#\/schema\/person\/image\/211ac42237c2e9683c0964086c393cb4\",\"url\":\"https:\/\/secure.gravatar.com\/avatar\/ad45a8c5da24bc9c7c4940dd1c48a695?s=96&d=mm&r=g\",\"contentUrl\":\"https:\/\/secure.gravatar.com\/avatar\/ad45a8c5da24bc9c7c4940dd1c48a695?s=96&d=mm&r=g\",\"caption\":\"A Delapalisse\"},\"sameAs\":[\"http:\/\/ECI\"]}]}<\/script>","yoast_head_json":{"title":"Apple repousse le lancement de l'iCar ...","description":"Apple a revu \u00e0 la baisse ses projets ambitieux de voiture \u00e9lectrique autonome et report\u00e9 la date de lancement","robots":{"index":"index","follow":"follow","max-snippet":"max-snippet:-1","max-image-preview":"max-image-preview:large","max-video-preview":"max-video-preview:-1"},"canonical":"https:\/\/www.ecinews.fr\/fr\/wp-json\/wp\/v2\/posts\/408378\/","og_locale":"fr_FR","og_type":"article","og_title":"Apple repousse le lancement de l'iCar","og_description":"Apple a revu \u00e0 la baisse ses projets ambitieux de voiture \u00e9lectrique autonome et report\u00e9 la date de lancement","og_url":"https:\/\/www.ecinews.fr\/fr\/wp-json\/wp\/v2\/posts\/408378\/","og_site_name":"EENewsEurope","article_published_time":"2022-12-12T17:04:19+00:00","article_modified_time":"2022-12-13T09:40:18+00:00","og_image":[{"width":600,"height":400,"url":"https:\/\/www.eenewseurope.com\/wp-content\/uploads\/2022\/12\/apple_logo-600x400-c-default.png","type":"image\/png"}],"author":"A Delapalisse, Christoph Hammerschmidt","twitter_card":"summary_large_image","twitter_misc":{"Written by":"A Delapalisse","Est. reading time":"2 minutes"},"schema":{"@context":"https:\/\/schema.org","@graph":[{"@type":"Article","@id":"https:\/\/www.eenewseurope.com\/fr\/apple-repousse-le-lancement-de-l-icar-abandonne-la-conduite-autonome\/#article","isPartOf":{"@id":"https:\/\/www.eenewseurope.com\/fr\/apple-repousse-le-lancement-de-l-icar-abandonne-la-conduite-autonome\/"},"author":{"name":"A Delapalisse","@id":"https:\/\/www.eenewseurope.com\/en\/#\/schema\/person\/0aa2cfb0bd8949724a68cbac8d8321b4"},"headline":"Apple repousse le lancement de l&rsquo;iCar","datePublished":"2022-12-12T17:04:19+00:00","dateModified":"2022-12-13T09:40:18+00:00","mainEntityOfPage":{"@id":"https:\/\/www.eenewseurope.com\/fr\/apple-repousse-le-lancement-de-l-icar-abandonne-la-conduite-autonome\/"},"wordCount":287,"publisher":{"@id":"https:\/\/www.eenewseurope.com\/en\/#organization"},"articleSection":["Actualit\u00e9 g\u00e9n\u00e9rale"],"inLanguage":"fr-FR"},{"@type":"WebPage","@id":"https:\/\/www.eenewseurope.com\/fr\/apple-repousse-le-lancement-de-l-icar-abandonne-la-conduite-autonome\/","url":"https:\/\/www.eenewseurope.com\/fr\/apple-repousse-le-lancement-de-l-icar-abandonne-la-conduite-autonome\/","name":"Apple repousse le lancement de l'iCar -","isPartOf":{"@id":"https:\/\/www.eenewseurope.com\/en\/#website"},"datePublished":"2022-12-12T17:04:19+00:00","dateModified":"2022-12-13T09:40:18+00:00","description":"Apple a revu \u00e0 la baisse ses projets ambitieux de voiture \u00e9lectrique autonome et report\u00e9 la date de lancement","breadcrumb":{"@id":"https:\/\/www.eenewseurope.com\/fr\/apple-repousse-le-lancement-de-l-icar-abandonne-la-conduite-autonome\/#breadcrumb"},"inLanguage":"fr-FR","potentialAction":[{"@type":"ReadAction","target":["https:\/\/www.eenewseurope.com\/fr\/apple-repousse-le-lancement-de-l-icar-abandonne-la-conduite-autonome\/"]}]},{"@type":"BreadcrumbList","@id":"https:\/\/www.eenewseurope.com\/fr\/apple-repousse-le-lancement-de-l-icar-abandonne-la-conduite-autonome\/#breadcrumb","itemListElement":[{"@type":"ListItem","position":1,"name":"Home","item":"https:\/\/www.ecinews.fr\/fr\/"},{"@type":"ListItem","position":2,"name":"Apple repousse le lancement de l&rsquo;iCar"}]},{"@type":"WebSite","@id":"https:\/\/www.eenewseurope.com\/en\/#website","url":"https:\/\/www.eenewseurope.com\/en\/","name":"EENewsEurope","description":"Just another WordPress site","publisher":{"@id":"https:\/\/www.eenewseurope.com\/en\/#organization"},"potentialAction":[{"@type":"SearchAction","target":{"@type":"EntryPoint","urlTemplate":"https:\/\/www.eenewseurope.com\/en\/?s={search_term_string}"},"query-input":"required name=search_term_string"}],"inLanguage":"fr-FR"},{"@type":"Organization","@id":"https:\/\/www.eenewseurope.com\/en\/#organization","name":"EENewsEurope","url":"https:\/\/www.eenewseurope.com\/en\/","logo":{"@type":"ImageObject","inLanguage":"fr-FR","@id":"https:\/\/www.eenewseurope.com\/en\/#\/schema\/logo\/image\/","url":"https:\/\/www.ecinews.fr\/wp-content\/uploads\/2022\/02\/logo-1.jpg","contentUrl":"https:\/\/www.ecinews.fr\/wp-content\/uploads\/2022\/02\/logo-1.jpg","width":283,"height":113,"caption":"EENewsEurope"},"image":{"@id":"https:\/\/www.eenewseurope.com\/en\/#\/schema\/logo\/image\/"}},{"@type":"Person","@id":"https:\/\/www.eenewseurope.com\/en\/#\/schema\/person\/0aa2cfb0bd8949724a68cbac8d8321b4","name":"A Delapalisse","image":{"@type":"ImageObject","inLanguage":"fr-FR","@id":"https:\/\/www.eenewseurope.com\/en\/#\/schema\/person\/image\/211ac42237c2e9683c0964086c393cb4","url":"https:\/\/secure.gravatar.com\/avatar\/ad45a8c5da24bc9c7c4940dd1c48a695?s=96&d=mm&r=g","contentUrl":"https:\/\/secure.gravatar.com\/avatar\/ad45a8c5da24bc9c7c4940dd1c48a695?s=96&d=mm&r=g","caption":"A Delapalisse"},"sameAs":["http:\/\/ECI"]}]}},"authors":[{"term_id":1153,"user_id":34,"is_guest":0,"slug":"adelapalisse","display_name":"A Delapalisse","avatar_url":"https:\/\/secure.gravatar.com\/avatar\/ad45a8c5da24bc9c7c4940dd1c48a695?s=96&d=mm&r=g","0":null,"1":"","2":"","3":"","4":"","5":"","6":"","7":"","8":""},{"term_id":1140,"user_id":8,"is_guest":0,"slug":"hammerschmidt","display_name":"Christoph Hammerschmidt","avatar_url":"https:\/\/secure.gravatar.com\/avatar\/337b53425fed9c87699427f8740f52ce?s=96&d=mm&r=g","0":null,"1":"","2":"","3":"","4":"","5":"","6":"","7":"","8":""}],"_links":{"self":[{"href":"https:\/\/www.ecinews.fr\/fr\/wp-json\/wp\/v2\/posts\/408378"}],"collection":[{"href":"https:\/\/www.ecinews.fr\/fr\/wp-json\/wp\/v2\/posts"}],"about":[{"href":"https:\/\/www.ecinews.fr\/fr\/wp-json\/wp\/v2\/types\/post"}],"author":[{"embeddable":true,"href":"https:\/\/www.ecinews.fr\/fr\/wp-json\/wp\/v2\/users\/34"}],"replies":[{"embeddable":true,"href":"https:\/\/www.ecinews.fr\/fr\/wp-json\/wp\/v2\/comments?post=408378"}],"version-history":[{"count":0,"href":"https:\/\/www.ecinews.fr\/fr\/wp-json\/wp\/v2\/posts\/408378\/revisions"}],"wp:featuredmedia":[{"embeddable":true,"href":"https:\/\/www.ecinews.fr\/fr\/wp-json\/wp\/v2\/media\/408123"}],"wp:attachment":[{"href":"https:\/\/www.ecinews.fr\/fr\/wp-json\/wp\/v2\/media?parent=408378"}],"wp:term":[{"taxonomy":"category","embeddable":true,"href":"https:\/\/www.ecinews.fr\/fr\/wp-json\/wp\/v2\/categories?post=408378"},{"taxonomy":"post_tag","embeddable":true,"href":"https:\/\/www.ecinews.fr\/fr\/wp-json\/wp\/v2\/tags?post=408378"},{"taxonomy":"domains","embeddable":true,"href":"https:\/\/www.ecinews.fr\/fr\/wp-json\/wp\/v2\/domains?post=408378"},{"taxonomy":"author","embeddable":true,"href":"https:\/\/www.ecinews.fr\/fr\/wp-json\/wp\/v2\/ppma_author?post=408378"}],"curies":[{"name":"wp","href":"https:\/\/api.w.org\/{rel}","templated":true}]}}