{"id":407459,"date":"2022-12-04T18:13:38","date_gmt":"2022-12-04T17:13:38","guid":{"rendered":"https:\/\/www.eenewseurope.com\/?p=407459"},"modified":"2022-12-05T11:01:52","modified_gmt":"2022-12-05T10:01:52","slug":"la-france-et-les-usa-signent-un-accord-sur-la-technologies-quantique","status":"publish","type":"post","link":"https:\/\/www.ecinews.fr\/fr\/la-france-et-les-usa-signent-un-accord-sur-la-technologies-quantique\/","title":{"rendered":"La France et les USA signent un accord sur la technologie quantique"},"content":{"rendered":"<h2><span class=\"HwtZe\" lang=\"fr\"><span class=\"jCAhz ChMk0b\"><span class=\"ryNqvb\">Les \u00c9tats-Unis et la France ont sign\u00e9 un accord sur la technologie quantique lors de la visite du pr\u00e9sident Emmanuel Macron \u00e0 Washington DC cette semaine.<\/span><\/span> <\/span><\/h2>\n<p><span class=\"HwtZe\" lang=\"fr\"><span class=\"jCAhz ChMk0b\"><span class=\"ryNqvb\">La d\u00e9claration de coop\u00e9ration s&rsquo;appuie sur les accords sign\u00e9s \u00e0 Paris en octobre\u00a02018 et sur une d\u00e9claration conjointe de 2021 sur la coop\u00e9ration scientifique et technologique\u00a0qui d\u00e9signe explicitement la science de l&rsquo;information quantique comme un domaine dans lequel les deux parties ont approuv\u00e9 la poursuite de la coop\u00e9ration en mati\u00e8re de recherche.<\/span><\/span><\/span><\/p>\n<ul>\n<li><a href=\"https:\/\/www.eenewseurope.com\/en\/will-europe-make-same-mistakes-in-quantum-it-made-in-semiconductors\/\">Will Europe make same mistakes in quantum it made in chips<\/a><\/li>\n<\/ul>\n<p><span class=\"HwtZe\" lang=\"fr\"><span class=\"jCAhz ChMk0b\"><span class=\"ryNqvb\">\u00ab\u00a0Le potentiel de la science et de la technologie de l&rsquo;information quantique pour r\u00e9pondre aux questions scientifiques urgentes au profit de l&rsquo;humanit\u00e9 est infini\u00a0\u00bb, a d\u00e9clar\u00e9 le Dr Arati Prabhakar, directeur du Bureau de la politique scientifique et technologique de la Maison Blanche (OSTP) et conseiller scientifique en chef du pr\u00e9sident Biden, qui a sign\u00e9 la d\u00e9claration conjointe pour les \u00c9tats-Unis. \u00ab\u00a0Cette d\u00e9claration montre un engagement entre les \u00c9tats-Unis et la France \u00e0 travailler ensemble pour atteindre nos objectifs quantiques communs, fond\u00e9s sur nos principes communs.\u00a0\u00bb <\/span><\/span><\/span><\/p>\n<p><span class=\"HwtZe\" lang=\"fr\"><span class=\"jCAhz ChMk0b\"><span class=\"ryNqvb\">Le Dr Sylvie Retailleau, ministre de l&rsquo;Enseignement sup\u00e9rieur et de la Recherche, a sign\u00e9 la d\u00e9claration commune pour la France. \u00ab Les \u00c9tats-Unis et la France partagent la conviction que la science et la technologie de l&rsquo;information quantique modifieront profond\u00e9ment de nombreux secteurs de notre \u00e9conomie \u00bb, a d\u00e9clar\u00e9 Retailleau. \u00ab\u00a0Cette d\u00e9claration souligne notre volont\u00e9 de travailler vers des objectifs communs bas\u00e9s sur des valeurs partag\u00e9es.\u00a0\u00bb <\/span><\/span><\/span><\/p>\n<p><span class=\"HwtZe\" lang=\"fr\"><span class=\"jCAhz ChMk0b\"><span class=\"ryNqvb\">\u00ab\u00a0La signature de la d\u00e9claration conjointe sur la coop\u00e9ration dans les sciences et technologies de l&rsquo;information quantique entre les \u00c9tats-Unis et la France est un \u00e9norme pas en avant dans l&rsquo;avancement de la technologie quantique\u00a0\u00bb, a d\u00e9clar\u00e9 Georges-Olivier Reymond, PDG et fondateur de Pasqal, l&rsquo;un des principaux acteurs de l&rsquo;informatique quantique<\/span><\/span> <span class=\"jCAhz ChMk0b\"><span class=\"ryNqvb\">en Europe.<\/span><\/span><\/span><\/p>\n<h3 class=\"title\"><a title=\"Une nouvelle start-up d\u00e9di\u00e9e au calcul quantique\" href=\"https:\/\/www.ecinews.fr\/fr\/une-nouvelle-start-up-dediee-au-calcul-quantique\/\" target=\"_blank\" rel=\"noopener\">Une nouvelle start-up d\u00e9di\u00e9e au calcul quantique<\/a><\/h3>\n<p>\u201cThe signing of the Joint Statement on Cooperation in Quantum Information Science and Technology between the United States and France is a huge step forward in advancing quantum technology,\u201d said Georges-Olivier Reymond, CEO and founder of Pasqal, one of the leading quantum computing firms in Europe.<\/p>\n<div class=\"title-wrapper\">\n<ul>\n<li><a title=\"Pasqal met l\u2019informatique quantique en ligne sur Azure\" href=\"https:\/\/www.ecinews.fr\/fr\/pasqal-met-linformatique-quantique-en-ligne-sur-azure\/\" target=\"_blank\" rel=\"noopener\">Pasqal met l\u2019informatique quantique en ligne sur Azure<\/a><\/li>\n<\/ul>\n<\/div>\n<ul>\n<li class=\"cat-time-wrapper\"><a href=\"https:\/\/www.ecinews.fr\/fr\/creer-un-leader-de-linformatique-quantique-en-europe\/\" target=\"_blank\" rel=\"noopener\">Cr\u00e9er un leader de l\u2019informatique quantique en Europe<\/a><\/li>\n<\/ul>\n<p>&nbsp;<\/p>\n<p><span class=\"HwtZe\" lang=\"fr\"><span class=\"jCAhz ChMk0b\"><span class=\"ryNqvb\">\u00ab Cette collaboration mondiale est essentielle pour que l&rsquo;informatique quantique atteigne son potentiel r\u00e9volutionnaire et s\u00e9curise les syst\u00e8mes contre les attaques quantiques.<\/span><\/span> <span class=\"jCAhz ChMk0b\"><span class=\"ryNqvb\">En tant qu&rsquo;entreprise quantique n\u00e9e \u00e0 Paris et pr\u00e9sente aux \u00c9tats-Unis, nous sommes impatients de soutenir la collaboration entre les deux pays et d&rsquo;apporter de la valeur aux utilisateurs finaux gr\u00e2ce \u00e0 notre technologie quantique \u00e0 atome neutre \u00bb, a-t-il d\u00e9clar\u00e9.<\/span><\/span> <\/span><\/p>\n<p><span class=\"HwtZe\" lang=\"fr\"><span class=\"jCAhz ChMk0b\"><span class=\"ryNqvb\">Pasqal a annonc\u00e9 une collaboration de recherche avec l&rsquo;Universit\u00e9 de Chicago pour faire progresser l&rsquo;informatique \u00e0 atomes neutres, la premi\u00e8re soci\u00e9t\u00e9 bas\u00e9e en France \u00e0 collaborer au d\u00e9veloppement de la technologie quantique aux \u00c9tats-Unis.<\/span><\/span><\/span><\/p>\n<ul>\n<li><a href=\"https:\/\/www.eenewseurope.com\/en\/europe-consolidates-its-rydberg-quantum-computer-projects\/\">Europe consolidates its Rydberg quantum computer projects<\/a><\/li>\n<li><a href=\"https:\/\/www.eenewseurope.com\/en\/bmw-taps-french-quantum-computing-firm-for-design-manufacturing-tasksengineers-know-them-from-their-studies-differential-equations-are-something-like-the-high-school-of-mathematics-in-many-areas-of\/\">BMW taps French quantum computing firm<\/a><\/li>\n<\/ul>\n<p><span class=\"HwtZe\" lang=\"fr\"><span class=\"jCAhz ChMk0b\"><span class=\"ryNqvb\">Le Dr Charles Tahan, directeur adjoint de la science de l&rsquo;information quantique au Bureau de la politique scientifique et technologique de la Maison Blanche et directeur du Bureau national de coordination quantique, a d\u00e9clar\u00e9 : \u00ab R\u00e9soudre les probl\u00e8mes compliqu\u00e9s de la science de l&rsquo;informatique quantique, tout en d\u00e9veloppant le march\u00e9 mondial et<\/span><\/span> <span class=\"jCAhz ChMk0b\"><span class=\"ryNqvb\">cha\u00eene d&rsquo;approvisionnement n\u00e9cessaire pour faire passer les technologies quantiques du laboratoire au march\u00e9, n\u00e9cessitera des connexions et des collaborations entre nos \u00e9cosyst\u00e8mes, ce que cette d\u00e9claration commune facilitera.<\/span><\/span> <\/span><\/p>\n<p><span class=\"HwtZe\" lang=\"fr\"><span class=\"jCAhz ChMk0b\"><span class=\"ryNqvb\">Le Dr Neil Abroug, responsable de la Strat\u00e9gie nationale quantique fran\u00e7aise au Secr\u00e9tariat g\u00e9n\u00e9ral de l&rsquo;investissement, a d\u00e9clar\u00e9 : \u00ab Le d\u00e9veloppement de technologies quantiques utiles et robustes est confront\u00e9 \u00e0 des questions scientifiques, technologiques, \u00e9conomiques et organisationnelles tr\u00e8s difficiles auxquelles il faut r\u00e9pondre, et aucun pays ne semble avoir<\/span><\/span> <span class=\"jCAhz ChMk0b\"><span class=\"ryNqvb\">la capacit\u00e9 de le r\u00e9soudre par lui-m\u00eame.<\/span><\/span> <span class=\"jCAhz ChMk0b\"><span class=\"ryNqvb\">Nous devons identifier les compl\u00e9mentarit\u00e9s et collaborer avec nos partenaires pour atteindre la masse critique pour relever ces d\u00e9fis.<\/span><\/span> <span class=\"jCAhz ChMk0b\"><span class=\"ryNqvb\">Cette d\u00e9claration commune facilitera la coop\u00e9ration entre les \u00e9cosyst\u00e8mes am\u00e9ricain et fran\u00e7ais.<\/span><\/span> <\/span><\/p>\n<p>&nbsp;<\/p>\n<p><a href=\"http:\/\/www.pasqal.io\">www.pasqal.io<\/a><\/p>\n","protected":false},"excerpt":{"rendered":"<p>Les \u00c9tats-Unis et la France ont sign\u00e9 un accord sur la technologie quantique lors de la visite du pr\u00e9sident Emmanuel Macron \u00e0 Washington DC cette semaine.<\/p>\n","protected":false},"author":34,"featured_media":407336,"comment_status":"closed","ping_status":"closed","sticky":true,"template":"","format":"standard","meta":{"_acf_changed":false,"footnotes":""},"categories":[886],"tags":[1320,1603],"domains":[47],"ppma_author":[1153,1138],"class_list":["post-407459","post","type-post","status-publish","format-standard","has-post-thumbnail","hentry","category-news-fr","tag-informatique","tag-quantique","domains-electronique-eci"],"acf":[],"yoast_head":"<title>La France et les USA signent un accord sur la technologie quant...<\/title>\n<meta name=\"description\" content=\"The United States and France have signed a deal on quantum technology during the visit of president Emannuel Macron to Washington DC\" \/>\n<meta name=\"robots\" content=\"index, follow, max-snippet:-1, max-image-preview:large, max-video-preview:-1\" \/>\n<link rel=\"canonical\" href=\"https:\/\/www.ecinews.fr\/fr\/wp-json\/wp\/v2\/posts\/407459\/\" \/>\n<meta property=\"og:locale\" content=\"fr_FR\" \/>\n<meta property=\"og:type\" content=\"article\" \/>\n<meta property=\"og:title\" content=\"La France et les USA signent un accord sur la technologie quantique\" \/>\n<meta property=\"og:description\" content=\"The United States and France have signed a deal on quantum technology during the visit of president Emannuel Macron to Washington DC\" \/>\n<meta property=\"og:url\" content=\"https:\/\/www.ecinews.fr\/fr\/wp-json\/wp\/v2\/posts\/407459\/\" \/>\n<meta property=\"og:site_name\" content=\"EENewsEurope\" \/>\n<meta property=\"article:published_time\" content=\"2022-12-04T17:13:38+00:00\" \/>\n<meta property=\"article:modified_time\" content=\"2022-12-05T10:01:52+00:00\" \/>\n<meta property=\"og:image\" content=\"https:\/\/cdn.eenewseurope.com\/wp-content\/uploads\/2022\/12\/France-Retailleau-US-Prabhakar.jpeg\" \/>\n\t<meta property=\"og:image:width\" content=\"894\" \/>\n\t<meta property=\"og:image:height\" content=\"503\" \/>\n\t<meta property=\"og:image:type\" content=\"image\/jpeg\" \/>\n<meta name=\"author\" content=\"A Delapalisse, Nick Flaherty\" \/>\n<meta name=\"twitter:card\" content=\"summary_large_image\" \/>\n<meta name=\"twitter:label1\" content=\"Written by\" \/>\n\t<meta name=\"twitter:data1\" content=\"A Delapalisse\" \/>\n\t<meta name=\"twitter:label2\" content=\"Est. reading time\" \/>\n\t<meta name=\"twitter:data2\" content=\"3 minutes\" \/>\n<script type=\"application\/ld+json\" class=\"yoast-schema-graph\">{\"@context\":\"https:\/\/schema.org\",\"@graph\":[{\"@type\":\"Article\",\"@id\":\"https:\/\/cdn.eenewseurope.com\/fr\/la-france-et-les-usa-signent-un-accord-sur-la-technologies-quantique\/#article\",\"isPartOf\":{\"@id\":\"https:\/\/cdn.eenewseurope.com\/fr\/la-france-et-les-usa-signent-un-accord-sur-la-technologies-quantique\/\"},\"author\":{\"name\":\"A Delapalisse\",\"@id\":\"https:\/\/www.ecinews.fr\/fr\/#\/schema\/person\/0aa2cfb0bd8949724a68cbac8d8321b4\"},\"headline\":\"La France et les USA signent un accord sur la technologie quantique\",\"datePublished\":\"2022-12-04T17:13:38+00:00\",\"dateModified\":\"2022-12-05T10:01:52+00:00\",\"mainEntityOfPage\":{\"@id\":\"https:\/\/cdn.eenewseurope.com\/fr\/la-france-et-les-usa-signent-un-accord-sur-la-technologies-quantique\/\"},\"wordCount\":731,\"publisher\":{\"@id\":\"https:\/\/www.ecinews.fr\/fr\/#organization\"},\"keywords\":[\"Informatique\",\"Quantique\"],\"articleSection\":[\"Actualit\u00e9 g\u00e9n\u00e9rale\"],\"inLanguage\":\"fr-FR\"},{\"@type\":\"WebPage\",\"@id\":\"https:\/\/cdn.eenewseurope.com\/fr\/la-france-et-les-usa-signent-un-accord-sur-la-technologies-quantique\/\",\"url\":\"https:\/\/cdn.eenewseurope.com\/fr\/la-france-et-les-usa-signent-un-accord-sur-la-technologies-quantique\/\",\"name\":\"La France et les USA signent un accord sur la technologie quantique -\",\"isPartOf\":{\"@id\":\"https:\/\/www.ecinews.fr\/fr\/#website\"},\"datePublished\":\"2022-12-04T17:13:38+00:00\",\"dateModified\":\"2022-12-05T10:01:52+00:00\",\"description\":\"The United States and France have signed a deal on quantum technology during the visit of president Emannuel Macron to Washington DC\",\"breadcrumb\":{\"@id\":\"https:\/\/cdn.eenewseurope.com\/fr\/la-france-et-les-usa-signent-un-accord-sur-la-technologies-quantique\/#breadcrumb\"},\"inLanguage\":\"fr-FR\",\"potentialAction\":[{\"@type\":\"ReadAction\",\"target\":[\"https:\/\/cdn.eenewseurope.com\/fr\/la-france-et-les-usa-signent-un-accord-sur-la-technologies-quantique\/\"]}]},{\"@type\":\"BreadcrumbList\",\"@id\":\"https:\/\/cdn.eenewseurope.com\/fr\/la-france-et-les-usa-signent-un-accord-sur-la-technologies-quantique\/#breadcrumb\",\"itemListElement\":[{\"@type\":\"ListItem\",\"position\":1,\"name\":\"Home\",\"item\":\"https:\/\/www.ecinews.fr\/fr\/\"},{\"@type\":\"ListItem\",\"position\":2,\"name\":\"La France et les USA signent un accord sur la technologie quantique\"}]},{\"@type\":\"WebSite\",\"@id\":\"https:\/\/www.ecinews.fr\/fr\/#website\",\"url\":\"https:\/\/www.ecinews.fr\/fr\/\",\"name\":\"EENewsEurope\",\"description\":\"Just another WordPress site\",\"publisher\":{\"@id\":\"https:\/\/www.ecinews.fr\/fr\/#organization\"},\"potentialAction\":[{\"@type\":\"SearchAction\",\"target\":{\"@type\":\"EntryPoint\",\"urlTemplate\":\"https:\/\/www.ecinews.fr\/fr\/?s={search_term_string}\"},\"query-input\":\"required name=search_term_string\"}],\"inLanguage\":\"fr-FR\"},{\"@type\":\"Organization\",\"@id\":\"https:\/\/www.ecinews.fr\/fr\/#organization\",\"name\":\"EENewsEurope\",\"url\":\"https:\/\/www.ecinews.fr\/fr\/\",\"logo\":{\"@type\":\"ImageObject\",\"inLanguage\":\"fr-FR\",\"@id\":\"https:\/\/www.ecinews.fr\/fr\/#\/schema\/logo\/image\/\",\"url\":\"https:\/\/www.ecinews.fr\/wp-content\/uploads\/2022\/02\/logo-1.jpg\",\"contentUrl\":\"https:\/\/www.ecinews.fr\/wp-content\/uploads\/2022\/02\/logo-1.jpg\",\"width\":283,\"height\":113,\"caption\":\"EENewsEurope\"},\"image\":{\"@id\":\"https:\/\/www.ecinews.fr\/fr\/#\/schema\/logo\/image\/\"}},{\"@type\":\"Person\",\"@id\":\"https:\/\/www.ecinews.fr\/fr\/#\/schema\/person\/0aa2cfb0bd8949724a68cbac8d8321b4\",\"name\":\"A Delapalisse\",\"image\":{\"@type\":\"ImageObject\",\"inLanguage\":\"fr-FR\",\"@id\":\"https:\/\/www.ecinews.fr\/fr\/#\/schema\/person\/image\/211ac42237c2e9683c0964086c393cb4\",\"url\":\"https:\/\/secure.gravatar.com\/avatar\/ad45a8c5da24bc9c7c4940dd1c48a695?s=96&d=mm&r=g\",\"contentUrl\":\"https:\/\/secure.gravatar.com\/avatar\/ad45a8c5da24bc9c7c4940dd1c48a695?s=96&d=mm&r=g\",\"caption\":\"A Delapalisse\"},\"sameAs\":[\"http:\/\/ECI\"]}]}<\/script>","yoast_head_json":{"title":"La France et les USA signent un accord sur la technologie quant...","description":"The United States and France have signed a deal on quantum technology during the visit of president Emannuel Macron to Washington DC","robots":{"index":"index","follow":"follow","max-snippet":"max-snippet:-1","max-image-preview":"max-image-preview:large","max-video-preview":"max-video-preview:-1"},"canonical":"https:\/\/www.ecinews.fr\/fr\/wp-json\/wp\/v2\/posts\/407459\/","og_locale":"fr_FR","og_type":"article","og_title":"La France et les USA signent un accord sur la technologie quantique","og_description":"The United States and France have signed a deal on quantum technology during the visit of president Emannuel Macron to Washington DC","og_url":"https:\/\/www.ecinews.fr\/fr\/wp-json\/wp\/v2\/posts\/407459\/","og_site_name":"EENewsEurope","article_published_time":"2022-12-04T17:13:38+00:00","article_modified_time":"2022-12-05T10:01:52+00:00","og_image":[{"width":894,"height":503,"url":"https:\/\/cdn.eenewseurope.com\/wp-content\/uploads\/2022\/12\/France-Retailleau-US-Prabhakar.jpeg","type":"image\/jpeg"}],"author":"A Delapalisse, Nick Flaherty","twitter_card":"summary_large_image","twitter_misc":{"Written by":"A Delapalisse","Est. reading time":"3 minutes"},"schema":{"@context":"https:\/\/schema.org","@graph":[{"@type":"Article","@id":"https:\/\/cdn.eenewseurope.com\/fr\/la-france-et-les-usa-signent-un-accord-sur-la-technologies-quantique\/#article","isPartOf":{"@id":"https:\/\/cdn.eenewseurope.com\/fr\/la-france-et-les-usa-signent-un-accord-sur-la-technologies-quantique\/"},"author":{"name":"A Delapalisse","@id":"https:\/\/www.ecinews.fr\/fr\/#\/schema\/person\/0aa2cfb0bd8949724a68cbac8d8321b4"},"headline":"La France et les USA signent un accord sur la technologie quantique","datePublished":"2022-12-04T17:13:38+00:00","dateModified":"2022-12-05T10:01:52+00:00","mainEntityOfPage":{"@id":"https:\/\/cdn.eenewseurope.com\/fr\/la-france-et-les-usa-signent-un-accord-sur-la-technologies-quantique\/"},"wordCount":731,"publisher":{"@id":"https:\/\/www.ecinews.fr\/fr\/#organization"},"keywords":["Informatique","Quantique"],"articleSection":["Actualit\u00e9 g\u00e9n\u00e9rale"],"inLanguage":"fr-FR"},{"@type":"WebPage","@id":"https:\/\/cdn.eenewseurope.com\/fr\/la-france-et-les-usa-signent-un-accord-sur-la-technologies-quantique\/","url":"https:\/\/cdn.eenewseurope.com\/fr\/la-france-et-les-usa-signent-un-accord-sur-la-technologies-quantique\/","name":"La France et les USA signent un accord sur la technologie quantique -","isPartOf":{"@id":"https:\/\/www.ecinews.fr\/fr\/#website"},"datePublished":"2022-12-04T17:13:38+00:00","dateModified":"2022-12-05T10:01:52+00:00","description":"The United States and France have signed a deal on quantum technology during the visit of president Emannuel Macron to Washington DC","breadcrumb":{"@id":"https:\/\/cdn.eenewseurope.com\/fr\/la-france-et-les-usa-signent-un-accord-sur-la-technologies-quantique\/#breadcrumb"},"inLanguage":"fr-FR","potentialAction":[{"@type":"ReadAction","target":["https:\/\/cdn.eenewseurope.com\/fr\/la-france-et-les-usa-signent-un-accord-sur-la-technologies-quantique\/"]}]},{"@type":"BreadcrumbList","@id":"https:\/\/cdn.eenewseurope.com\/fr\/la-france-et-les-usa-signent-un-accord-sur-la-technologies-quantique\/#breadcrumb","itemListElement":[{"@type":"ListItem","position":1,"name":"Home","item":"https:\/\/www.ecinews.fr\/fr\/"},{"@type":"ListItem","position":2,"name":"La France et les USA signent un accord sur la technologie quantique"}]},{"@type":"WebSite","@id":"https:\/\/www.ecinews.fr\/fr\/#website","url":"https:\/\/www.ecinews.fr\/fr\/","name":"EENewsEurope","description":"Just another WordPress site","publisher":{"@id":"https:\/\/www.ecinews.fr\/fr\/#organization"},"potentialAction":[{"@type":"SearchAction","target":{"@type":"EntryPoint","urlTemplate":"https:\/\/www.ecinews.fr\/fr\/?s={search_term_string}"},"query-input":"required name=search_term_string"}],"inLanguage":"fr-FR"},{"@type":"Organization","@id":"https:\/\/www.ecinews.fr\/fr\/#organization","name":"EENewsEurope","url":"https:\/\/www.ecinews.fr\/fr\/","logo":{"@type":"ImageObject","inLanguage":"fr-FR","@id":"https:\/\/www.ecinews.fr\/fr\/#\/schema\/logo\/image\/","url":"https:\/\/www.ecinews.fr\/wp-content\/uploads\/2022\/02\/logo-1.jpg","contentUrl":"https:\/\/www.ecinews.fr\/wp-content\/uploads\/2022\/02\/logo-1.jpg","width":283,"height":113,"caption":"EENewsEurope"},"image":{"@id":"https:\/\/www.ecinews.fr\/fr\/#\/schema\/logo\/image\/"}},{"@type":"Person","@id":"https:\/\/www.ecinews.fr\/fr\/#\/schema\/person\/0aa2cfb0bd8949724a68cbac8d8321b4","name":"A Delapalisse","image":{"@type":"ImageObject","inLanguage":"fr-FR","@id":"https:\/\/www.ecinews.fr\/fr\/#\/schema\/person\/image\/211ac42237c2e9683c0964086c393cb4","url":"https:\/\/secure.gravatar.com\/avatar\/ad45a8c5da24bc9c7c4940dd1c48a695?s=96&d=mm&r=g","contentUrl":"https:\/\/secure.gravatar.com\/avatar\/ad45a8c5da24bc9c7c4940dd1c48a695?s=96&d=mm&r=g","caption":"A Delapalisse"},"sameAs":["http:\/\/ECI"]}]}},"authors":[{"term_id":1153,"user_id":34,"is_guest":0,"slug":"adelapalisse","display_name":"A Delapalisse","avatar_url":"https:\/\/secure.gravatar.com\/avatar\/ad45a8c5da24bc9c7c4940dd1c48a695?s=96&d=mm&r=g","0":null,"1":"","2":"","3":"","4":"","5":"","6":"","7":"","8":""},{"term_id":1138,"user_id":6,"is_guest":0,"slug":"flaherty","display_name":"Nick Flaherty","avatar_url":"https:\/\/secure.gravatar.com\/avatar\/49bd04ef46c3ee89575adaf950e76b64?s=96&d=mm&r=g","0":null,"1":"","2":"","3":"","4":"","5":"","6":"","7":"","8":""}],"_links":{"self":[{"href":"https:\/\/www.ecinews.fr\/fr\/wp-json\/wp\/v2\/posts\/407459"}],"collection":[{"href":"https:\/\/www.ecinews.fr\/fr\/wp-json\/wp\/v2\/posts"}],"about":[{"href":"https:\/\/www.ecinews.fr\/fr\/wp-json\/wp\/v2\/types\/post"}],"author":[{"embeddable":true,"href":"https:\/\/www.ecinews.fr\/fr\/wp-json\/wp\/v2\/users\/34"}],"replies":[{"embeddable":true,"href":"https:\/\/www.ecinews.fr\/fr\/wp-json\/wp\/v2\/comments?post=407459"}],"version-history":[{"count":0,"href":"https:\/\/www.ecinews.fr\/fr\/wp-json\/wp\/v2\/posts\/407459\/revisions"}],"wp:featuredmedia":[{"embeddable":true,"href":"https:\/\/www.ecinews.fr\/fr\/wp-json\/wp\/v2\/media\/407336"}],"wp:attachment":[{"href":"https:\/\/www.ecinews.fr\/fr\/wp-json\/wp\/v2\/media?parent=407459"}],"wp:term":[{"taxonomy":"category","embeddable":true,"href":"https:\/\/www.ecinews.fr\/fr\/wp-json\/wp\/v2\/categories?post=407459"},{"taxonomy":"post_tag","embeddable":true,"href":"https:\/\/www.ecinews.fr\/fr\/wp-json\/wp\/v2\/tags?post=407459"},{"taxonomy":"domains","embeddable":true,"href":"https:\/\/www.ecinews.fr\/fr\/wp-json\/wp\/v2\/domains?post=407459"},{"taxonomy":"author","embeddable":true,"href":"https:\/\/www.ecinews.fr\/fr\/wp-json\/wp\/v2\/ppma_author?post=407459"}],"curies":[{"name":"wp","href":"https:\/\/api.w.org\/{rel}","templated":true}]}}