{"id":407058,"date":"2022-11-29T17:24:40","date_gmt":"2022-11-29T16:24:40","guid":{"rendered":"https:\/\/www.eenewseurope.com\/?p=407058"},"modified":"2023-01-22T18:49:47","modified_gmt":"2023-01-22T17:49:47","slug":"future-horizons-prevoit-une-baisse-du-marche-de-22-en-2023-contre-4-selon-le-wsts-qui-a-raison","status":"publish","type":"post","link":"https:\/\/www.ecinews.fr\/fr\/future-horizons-prevoit-une-baisse-du-marche-de-22-en-2023-contre-4-selon-le-wsts-qui-a-raison\/","title":{"rendered":"Future Horizons pr\u00e9voit une baisse du march\u00e9 de 22% en 2023 contre 4% selon le WSTS. Qui a raison?"},"content":{"rendered":"<h2><span class=\"HwtZe\" lang=\"fr\"><span class=\"jCAhz\"><span class=\"ryNqvb\">Quatre analystes de march\u00e9 ont consid\u00e9rablement sous-estim\u00e9 l&rsquo;ampleur de la contraction du march\u00e9 mondial des puces en 2023, selon l&rsquo;analyste Malcolm Penn <\/span><\/span><\/span><span class=\"HwtZe\" lang=\"fr\"><span class=\"jCAhz\"><span class=\"ryNqvb\">de Future Horizons.<\/span><\/span><\/span><\/h2>\n<p><span class=\"HwtZe\" lang=\"fr\"><span class=\"jCAhz\"><span class=\"ryNqvb\">Ces derniers jours, Gartner, IC Insights, Semiconductor Intelligence et World Semiconductor Trade Statistics (WSTS) ont pr\u00e9dit que le march\u00e9 mondial des puces se contracterait en 2023 de 3,5, 5,0, 6,0 et 4,1 %, respectivement. Ces quatre analystes s&rsquo;accordent sur la raison pour laquelle le march\u00e9 devrait se contracter, mais quantitativement, elles sont tr\u00e8s \u00e9loign\u00e9es de la propre analyse de Penn, qui pr\u00e9voit que 2023 verra une contraction du march\u00e9 de 22 % (voir <\/span><\/span><\/span><a title=\"Le crash du march\u00e9 des puces est l\u00e0 et c\u2019est pire que pr\u00e9vu\u2026\" href=\"https:\/\/www.ecinews.fr\/fr\/le-crash-du-marche-des-puces-est-la-cest-pire-que-prevu\/\" target=\"_blank\" rel=\"noopener\">Le crash du march\u00e9 des puces est l\u00e0 et c\u2019est pire que pr\u00e9vu\u2026<\/a><span class=\"HwtZe\" lang=\"fr\"><span class=\"jCAhz\"><span class=\"ryNqvb\">).<\/span><\/span><\/span><\/p>\n<p><span class=\"HwtZe\" lang=\"fr\"><span class=\"jCAhz\"><span class=\"ryNqvb\">Penn a d\u00e9clar\u00e9 que les l\u00e9g\u00e8res baisses pr\u00e9dites par d&rsquo;autres analystes du march\u00e9 semblent ignorer la profonde cyclicit\u00e9 de l&rsquo;industrie des semiconducteurs et la fa\u00e7on dont elle est d\u00e9sormais \u00e9troitement li\u00e9e aux tendances macro\u00e9conomiques. \u00ab\u00a0Je vois cela comme une r\u00e9p\u00e9tition de la reprise. Ils pr\u00e9voyaient une croissance annuelle en pourcentage \u00e0 un chiffre alors que j&rsquo;\u00e9tais \u00e0 20% et j&rsquo;ai eu raison.\u00a0\u00bb Selon WSTS, la valeur du march\u00e9 mondial des puces a augment\u00e9 pour atteindre 555,9 milliards de dollars am\u00e9ricains en 2021, en hausse de 26,2 % par rapport \u00e0 2020.<\/span><\/span><\/span><\/p>\n<p><span class=\"HwtZe\" lang=\"fr\"><span class=\"jCAhz\"><span class=\"ryNqvb\">\u00ab\u00a0Ils ne veulent pas faire de vagues et semblent sortir leurs pr\u00e9visions sur la pointe des pieds. Bien s\u00fbr, il est possible de se rapprocher du bon chiffre si vous alimentez le march\u00e9 au goutte \u00e0 goutte avec des chiffres trois ou quatre fois par an, \u00a0\u00bb a ajout\u00e9 Penn. Bon nombre des pr\u00e9visionnistes qui ont publi\u00e9 leurs r\u00e9centes r\u00e9visions \u00e0 la baisse reconnaissent que les d\u00e9penses grand-public en smartphones et autres appareils \u00e9lectroniques ont chut\u00e9 en raison de l&rsquo;inflation et d&rsquo;autres pressions \u00e9conomiques. Mais ils semblent \u00e9galement indiquer que l&rsquo;automobile, l&rsquo;industrie, les infrastructures de communication et d&rsquo;autres march\u00e9s ax\u00e9s sur les entreprises resteront raisonnablement robustes en 2023. C&rsquo;est quelque chose que Penn conteste.<\/span><\/span><\/span><\/p>\n<p><span class=\"HwtZe\" lang=\"fr\"><span class=\"jCAhz\"><span class=\"ryNqvb\">\u00ab\u00a0L&rsquo;automobile est un march\u00e9 aui est peut-\u00eatre encore fort aujourd&rsquo;hui, mais c&rsquo;est parce qu&rsquo;il y avait un retard ( de production d\u00fb aux p\u00e9nuries), mais ce march\u00e9 finira \u00e9galement par souffrir, tout comme l&rsquo;\u00e9lectronique industrielle et d&rsquo;autres\u00a0\u00bb, a-t-il d\u00e9clar\u00e9. Les analystes qui ne reconnaissent pas cela sont en d\u00e9ni de la r\u00e9alit\u00e9 a d\u00e9clar\u00e9 Penn. \u00ab\u00a0Une voiture est toujours un achat discr\u00e9tionnaire et cet achat sera report\u00e9 lorsque les gens seront aux prises avec le co\u00fbt de l&rsquo;\u00e9nergie et de la nourriture\u00a0\u00bb, a d\u00e9clar\u00e9 Penn.<\/span><\/span><\/span><\/p>\n<p><span class=\"HwtZe\" lang=\"fr\"><span class=\"jCAhz\"><span class=\"ryNqvb\">.<\/span><\/span><\/span><a title=\"Les march\u00e9s automobiles gagnent de l\u2019importance pour l\u2019industrie des semiconducteurs\" href=\"https:\/\/www.ecinews.fr\/fr\/les-marches-automobiles-gagnent-de-limportance-pour-lindustrie-des-semiconducteurs\/\" target=\"_blank\" rel=\"noopener\">Les march\u00e9s automobiles gagnent de l\u2019importance pour l\u2019industrie des semiconducteurs<\/a><\/p>\n<p><span class=\"HwtZe\" lang=\"fr\"><span class=\"jCAhz\"><span class=\"ryNqvb\">Sur le front industriel, Penn a d\u00e9clar\u00e9 que les gels d&#8217;embauche et les suppressions d&#8217;emplois venaient juste de commencer et que ceux-ci auront \u00e9galement leur effet sur la r\u00e9duction de la demande dans l&rsquo;\u00e9lectronique et le ralentissement des diverses \u00e9conomies r\u00e9gionales. Pendant ce temps, les sanctions am\u00e9ricano-chinoises et la politique z\u00e9ro covid de la Chine ont fait reculer cette \u00e9conomie massive. <\/span><\/span><\/span><\/p>\n<p><span class=\"HwtZe\" lang=\"fr\"><span class=\"jCAhz\"><span class=\"ryNqvb\">Lorsque tout est pris en compte, cela conduit Penn \u00e0 croire que la r\u00e9cession imminente des semiconducteurs pourrait \u00eatre l&rsquo;une des plus profondes que le secteur ait endur\u00e9es au cours de son histoire plut\u00f4t qu&rsquo;une baisse l\u00e9g\u00e8re. <\/span><\/span><\/span><\/p>\n<p><span class=\"HwtZe\" lang=\"fr\"><span class=\"jCAhz\"><span class=\"ryNqvb\">Penn a d\u00e9clar\u00e9: \u00ab\u00a0Le probl\u00e8me est que nous n&rsquo;avons pas v\u00e9cu ce genre de situation depuis 20 ans ou plus. Beaucoup de jeunes dans l&rsquo;industrie pensent que c&rsquo;est diff\u00e9rent cette fois-ci. Ce n&rsquo;est pas le cas.\u00a0\u00bb<\/span><\/span><\/span><\/p>\n<p><a title=\"Les r\u00e9sultats financiers montrent la faiblesse du march\u00e9 des semiconducteurs\" href=\"https:\/\/www.ecinews.fr\/fr\/les-resultats-financiers-montrent-la-faiblesse-du-marche-des-semiconducteurs\/\" target=\"_blank\" rel=\"noopener\">Les r\u00e9sultats financiers montrent la faiblesse du march\u00e9 des semiconducteurs<\/a><\/p>\n<p>On the industrial front Penn said that hiring freezes and job cuts had just started to come in and these will also have their effect on reducing demand for electronics and slowing the various regional economies. Meanwhile US-China sanctions and China&rsquo;s zero-covid policy has been driving that massive economy into reverse.<\/p>\n<h4>Autres articles et liens:<\/h4>\n<p><a href=\"http:\/\/www.futurehorizons.com\">www.futurehorizons.com<\/a><\/p>\n<h4>News articles:<\/h4>\n<p><a href=\"https:\/\/www.eenewseurope.com\/en\/wsts-lowers-chip-market-forecast-for-2022-2023\/\">WSTS lowers chip market forecast for 2022, 2023<\/a><\/p>\n<p><a href=\"https:\/\/www.eenewseurope.com\/en\/global-chip-market-to-fall-5-in-2023-says-ic-insights\/\">Global chip market to fall 5% in 2023, says IC Insight<\/a><\/p>\n<p><a href=\"https:\/\/www.eenewseurope.com\/en\/gartner-remains-bullish-on-2023-chip-market-prospects\/\">Gartner remains bullish on 2023 chip market prospects<\/a><\/p>\n<p><a href=\"https:\/\/www.eenewseurope.com\/en\/global-chip-market-contraction-of-6-in-2023-says-analyst\/\">Global chip market contraction of 6% in 2023, says analyst<\/a><\/p>\n<p>&nbsp;<\/p>\n","protected":false},"excerpt":{"rendered":"<p>Future Horizons pr\u00e9voit une baisse du march\u00e9 de 22% en 2023 contre 4% selon le WSTS, qui a raison?<\/p>\n","protected":false},"author":34,"featured_media":132851,"comment_status":"closed","ping_status":"closed","sticky":false,"template":"","format":"standard","meta":{"_acf_changed":false,"footnotes":""},"categories":[880],"tags":[2327,2326],"domains":[47],"ppma_author":[1153,1136],"class_list":["post-407058","post","type-post","status-publish","format-standard","has-post-thumbnail","hentry","category-actualites-economiques","tag-marche","tag-semiceonducteurs","domains-electronique-eci"],"acf":[],"yoast_head":"<title>Baisse dumarch\u00e9 de 22% en 2023 ou 4 % selon WSTS ...<\/title>\n<meta name=\"description\" content=\"Malcolm Penn de Future Horizons pr\u00e9voit une baisse du march\u00e9 de 22% en 2023 contre 4% selon le WSTS, qui a raison?\" \/>\n<meta name=\"robots\" content=\"index, follow, max-snippet:-1, max-image-preview:large, max-video-preview:-1\" \/>\n<link rel=\"canonical\" href=\"https:\/\/www.ecinews.fr\/fr\/wp-json\/wp\/v2\/posts\/407058\/\" \/>\n<meta property=\"og:locale\" content=\"fr_FR\" \/>\n<meta property=\"og:type\" content=\"article\" \/>\n<meta property=\"og:title\" content=\"Future Horizons pr\u00e9voit une baisse du march\u00e9 de 22% en 2023 contre 4% selon le WSTS. Qui a raison?\" \/>\n<meta property=\"og:description\" content=\"Malcolm Penn de Future Horizons pr\u00e9voit une baisse du march\u00e9 de 22% en 2023 contre 4% selon le WSTS, qui a raison?\" \/>\n<meta property=\"og:url\" content=\"https:\/\/www.ecinews.fr\/fr\/wp-json\/wp\/v2\/posts\/407058\/\" \/>\n<meta property=\"og:site_name\" content=\"EENewsEurope\" \/>\n<meta property=\"article:published_time\" content=\"2022-11-29T16:24:40+00:00\" \/>\n<meta property=\"article:modified_time\" content=\"2023-01-22T17:49:47+00:00\" \/>\n<meta property=\"og:image\" content=\"https:\/\/www.ecinews.fr\/wp-content\/uploads\/import\/default\/files\/images\/01-picture-libraryde\/PeterClarke\/Headshots\/malcolmpenn650.jpg\" \/>\n\t<meta property=\"og:image:width\" content=\"650\" \/>\n\t<meta property=\"og:image:height\" content=\"520\" \/>\n\t<meta property=\"og:image:type\" content=\"image\/jpeg\" \/>\n<meta name=\"author\" content=\"A Delapalisse, Peter Clarke\" \/>\n<meta name=\"twitter:card\" content=\"summary_large_image\" \/>\n<meta name=\"twitter:label1\" content=\"Written by\" \/>\n\t<meta name=\"twitter:data1\" content=\"A Delapalisse\" \/>\n\t<meta name=\"twitter:label2\" content=\"Est. reading time\" \/>\n\t<meta name=\"twitter:data2\" content=\"3 minutes\" \/>\n<script type=\"application\/ld+json\" class=\"yoast-schema-graph\">{\"@context\":\"https:\/\/schema.org\",\"@graph\":[{\"@type\":\"Article\",\"@id\":\"https:\/\/www.ecinews.fr\/fr\/future-horizons-prevoit-une-baisse-du-marche-de-22-en-2023-contre-4-selon-le-wsts-qui-a-raison\/#article\",\"isPartOf\":{\"@id\":\"https:\/\/www.ecinews.fr\/fr\/future-horizons-prevoit-une-baisse-du-marche-de-22-en-2023-contre-4-selon-le-wsts-qui-a-raison\/\"},\"author\":{\"name\":\"A Delapalisse\",\"@id\":\"https:\/\/www.ecinews.fr\/fr\/#\/schema\/person\/0aa2cfb0bd8949724a68cbac8d8321b4\"},\"headline\":\"Future Horizons pr\u00e9voit une baisse du march\u00e9 de 22% en 2023 contre 4% selon le WSTS. Qui a raison?\",\"datePublished\":\"2022-11-29T16:24:40+00:00\",\"dateModified\":\"2023-01-22T17:49:47+00:00\",\"mainEntityOfPage\":{\"@id\":\"https:\/\/www.ecinews.fr\/fr\/future-horizons-prevoit-une-baisse-du-marche-de-22-en-2023-contre-4-selon-le-wsts-qui-a-raison\/\"},\"wordCount\":721,\"publisher\":{\"@id\":\"https:\/\/www.ecinews.fr\/fr\/#organization\"},\"keywords\":[\"March\u00e9\",\"Semic\u00e9onducteurs\"],\"articleSection\":[\"Actualit\u00e9s \u00e9conomiques\"],\"inLanguage\":\"fr-FR\"},{\"@type\":\"WebPage\",\"@id\":\"https:\/\/www.ecinews.fr\/fr\/future-horizons-prevoit-une-baisse-du-marche-de-22-en-2023-contre-4-selon-le-wsts-qui-a-raison\/\",\"url\":\"https:\/\/www.ecinews.fr\/fr\/future-horizons-prevoit-une-baisse-du-marche-de-22-en-2023-contre-4-selon-le-wsts-qui-a-raison\/\",\"name\":\"Baisse dumarch\u00e9 de 22% en 2023 ou 4 % selon WSTS\",\"isPartOf\":{\"@id\":\"https:\/\/www.ecinews.fr\/fr\/#website\"},\"datePublished\":\"2022-11-29T16:24:40+00:00\",\"dateModified\":\"2023-01-22T17:49:47+00:00\",\"description\":\"Malcolm Penn de Future Horizons pr\u00e9voit une baisse du march\u00e9 de 22% en 2023 contre 4% selon le WSTS, qui a raison?\",\"breadcrumb\":{\"@id\":\"https:\/\/www.ecinews.fr\/fr\/future-horizons-prevoit-une-baisse-du-marche-de-22-en-2023-contre-4-selon-le-wsts-qui-a-raison\/#breadcrumb\"},\"inLanguage\":\"fr-FR\",\"potentialAction\":[{\"@type\":\"ReadAction\",\"target\":[\"https:\/\/www.ecinews.fr\/fr\/future-horizons-prevoit-une-baisse-du-marche-de-22-en-2023-contre-4-selon-le-wsts-qui-a-raison\/\"]}]},{\"@type\":\"BreadcrumbList\",\"@id\":\"https:\/\/www.ecinews.fr\/fr\/future-horizons-prevoit-une-baisse-du-marche-de-22-en-2023-contre-4-selon-le-wsts-qui-a-raison\/#breadcrumb\",\"itemListElement\":[{\"@type\":\"ListItem\",\"position\":1,\"name\":\"Home\",\"item\":\"https:\/\/www.ecinews.fr\/fr\/\"},{\"@type\":\"ListItem\",\"position\":2,\"name\":\"Future Horizons pr\u00e9voit une baisse du march\u00e9 de 22% en 2023 contre 4% selon le WSTS. Qui a raison?\"}]},{\"@type\":\"WebSite\",\"@id\":\"https:\/\/www.ecinews.fr\/fr\/#website\",\"url\":\"https:\/\/www.ecinews.fr\/fr\/\",\"name\":\"EENewsEurope\",\"description\":\"Just another WordPress site\",\"publisher\":{\"@id\":\"https:\/\/www.ecinews.fr\/fr\/#organization\"},\"potentialAction\":[{\"@type\":\"SearchAction\",\"target\":{\"@type\":\"EntryPoint\",\"urlTemplate\":\"https:\/\/www.ecinews.fr\/fr\/?s={search_term_string}\"},\"query-input\":\"required name=search_term_string\"}],\"inLanguage\":\"fr-FR\"},{\"@type\":\"Organization\",\"@id\":\"https:\/\/www.ecinews.fr\/fr\/#organization\",\"name\":\"EENewsEurope\",\"url\":\"https:\/\/www.ecinews.fr\/fr\/\",\"logo\":{\"@type\":\"ImageObject\",\"inLanguage\":\"fr-FR\",\"@id\":\"https:\/\/www.ecinews.fr\/fr\/#\/schema\/logo\/image\/\",\"url\":\"https:\/\/www.ecinews.fr\/wp-content\/uploads\/2022\/02\/logo-1.jpg\",\"contentUrl\":\"https:\/\/www.ecinews.fr\/wp-content\/uploads\/2022\/02\/logo-1.jpg\",\"width\":283,\"height\":113,\"caption\":\"EENewsEurope\"},\"image\":{\"@id\":\"https:\/\/www.ecinews.fr\/fr\/#\/schema\/logo\/image\/\"}},{\"@type\":\"Person\",\"@id\":\"https:\/\/www.ecinews.fr\/fr\/#\/schema\/person\/0aa2cfb0bd8949724a68cbac8d8321b4\",\"name\":\"A Delapalisse\",\"image\":{\"@type\":\"ImageObject\",\"inLanguage\":\"fr-FR\",\"@id\":\"https:\/\/www.ecinews.fr\/fr\/#\/schema\/person\/image\/211ac42237c2e9683c0964086c393cb4\",\"url\":\"https:\/\/secure.gravatar.com\/avatar\/ad45a8c5da24bc9c7c4940dd1c48a695?s=96&d=mm&r=g\",\"contentUrl\":\"https:\/\/secure.gravatar.com\/avatar\/ad45a8c5da24bc9c7c4940dd1c48a695?s=96&d=mm&r=g\",\"caption\":\"A Delapalisse\"},\"sameAs\":[\"http:\/\/ECI\"]}]}<\/script>","yoast_head_json":{"title":"Baisse dumarch\u00e9 de 22% en 2023 ou 4 % selon WSTS ...","description":"Malcolm Penn de Future Horizons pr\u00e9voit une baisse du march\u00e9 de 22% en 2023 contre 4% selon le WSTS, qui a raison?","robots":{"index":"index","follow":"follow","max-snippet":"max-snippet:-1","max-image-preview":"max-image-preview:large","max-video-preview":"max-video-preview:-1"},"canonical":"https:\/\/www.ecinews.fr\/fr\/wp-json\/wp\/v2\/posts\/407058\/","og_locale":"fr_FR","og_type":"article","og_title":"Future Horizons pr\u00e9voit une baisse du march\u00e9 de 22% en 2023 contre 4% selon le WSTS. Qui a raison?","og_description":"Malcolm Penn de Future Horizons pr\u00e9voit une baisse du march\u00e9 de 22% en 2023 contre 4% selon le WSTS, qui a raison?","og_url":"https:\/\/www.ecinews.fr\/fr\/wp-json\/wp\/v2\/posts\/407058\/","og_site_name":"EENewsEurope","article_published_time":"2022-11-29T16:24:40+00:00","article_modified_time":"2023-01-22T17:49:47+00:00","og_image":[{"width":650,"height":520,"url":"https:\/\/www.ecinews.fr\/wp-content\/uploads\/import\/default\/files\/images\/01-picture-libraryde\/PeterClarke\/Headshots\/malcolmpenn650.jpg","type":"image\/jpeg"}],"author":"A Delapalisse, Peter Clarke","twitter_card":"summary_large_image","twitter_misc":{"Written by":"A Delapalisse","Est. reading time":"3 minutes"},"schema":{"@context":"https:\/\/schema.org","@graph":[{"@type":"Article","@id":"https:\/\/www.ecinews.fr\/fr\/future-horizons-prevoit-une-baisse-du-marche-de-22-en-2023-contre-4-selon-le-wsts-qui-a-raison\/#article","isPartOf":{"@id":"https:\/\/www.ecinews.fr\/fr\/future-horizons-prevoit-une-baisse-du-marche-de-22-en-2023-contre-4-selon-le-wsts-qui-a-raison\/"},"author":{"name":"A Delapalisse","@id":"https:\/\/www.ecinews.fr\/fr\/#\/schema\/person\/0aa2cfb0bd8949724a68cbac8d8321b4"},"headline":"Future Horizons pr\u00e9voit une baisse du march\u00e9 de 22% en 2023 contre 4% selon le WSTS. Qui a raison?","datePublished":"2022-11-29T16:24:40+00:00","dateModified":"2023-01-22T17:49:47+00:00","mainEntityOfPage":{"@id":"https:\/\/www.ecinews.fr\/fr\/future-horizons-prevoit-une-baisse-du-marche-de-22-en-2023-contre-4-selon-le-wsts-qui-a-raison\/"},"wordCount":721,"publisher":{"@id":"https:\/\/www.ecinews.fr\/fr\/#organization"},"keywords":["March\u00e9","Semic\u00e9onducteurs"],"articleSection":["Actualit\u00e9s \u00e9conomiques"],"inLanguage":"fr-FR"},{"@type":"WebPage","@id":"https:\/\/www.ecinews.fr\/fr\/future-horizons-prevoit-une-baisse-du-marche-de-22-en-2023-contre-4-selon-le-wsts-qui-a-raison\/","url":"https:\/\/www.ecinews.fr\/fr\/future-horizons-prevoit-une-baisse-du-marche-de-22-en-2023-contre-4-selon-le-wsts-qui-a-raison\/","name":"Baisse dumarch\u00e9 de 22% en 2023 ou 4 % selon WSTS","isPartOf":{"@id":"https:\/\/www.ecinews.fr\/fr\/#website"},"datePublished":"2022-11-29T16:24:40+00:00","dateModified":"2023-01-22T17:49:47+00:00","description":"Malcolm Penn de Future Horizons pr\u00e9voit une baisse du march\u00e9 de 22% en 2023 contre 4% selon le WSTS, qui a raison?","breadcrumb":{"@id":"https:\/\/www.ecinews.fr\/fr\/future-horizons-prevoit-une-baisse-du-marche-de-22-en-2023-contre-4-selon-le-wsts-qui-a-raison\/#breadcrumb"},"inLanguage":"fr-FR","potentialAction":[{"@type":"ReadAction","target":["https:\/\/www.ecinews.fr\/fr\/future-horizons-prevoit-une-baisse-du-marche-de-22-en-2023-contre-4-selon-le-wsts-qui-a-raison\/"]}]},{"@type":"BreadcrumbList","@id":"https:\/\/www.ecinews.fr\/fr\/future-horizons-prevoit-une-baisse-du-marche-de-22-en-2023-contre-4-selon-le-wsts-qui-a-raison\/#breadcrumb","itemListElement":[{"@type":"ListItem","position":1,"name":"Home","item":"https:\/\/www.ecinews.fr\/fr\/"},{"@type":"ListItem","position":2,"name":"Future Horizons pr\u00e9voit une baisse du march\u00e9 de 22% en 2023 contre 4% selon le WSTS. Qui a raison?"}]},{"@type":"WebSite","@id":"https:\/\/www.ecinews.fr\/fr\/#website","url":"https:\/\/www.ecinews.fr\/fr\/","name":"EENewsEurope","description":"Just another WordPress site","publisher":{"@id":"https:\/\/www.ecinews.fr\/fr\/#organization"},"potentialAction":[{"@type":"SearchAction","target":{"@type":"EntryPoint","urlTemplate":"https:\/\/www.ecinews.fr\/fr\/?s={search_term_string}"},"query-input":"required name=search_term_string"}],"inLanguage":"fr-FR"},{"@type":"Organization","@id":"https:\/\/www.ecinews.fr\/fr\/#organization","name":"EENewsEurope","url":"https:\/\/www.ecinews.fr\/fr\/","logo":{"@type":"ImageObject","inLanguage":"fr-FR","@id":"https:\/\/www.ecinews.fr\/fr\/#\/schema\/logo\/image\/","url":"https:\/\/www.ecinews.fr\/wp-content\/uploads\/2022\/02\/logo-1.jpg","contentUrl":"https:\/\/www.ecinews.fr\/wp-content\/uploads\/2022\/02\/logo-1.jpg","width":283,"height":113,"caption":"EENewsEurope"},"image":{"@id":"https:\/\/www.ecinews.fr\/fr\/#\/schema\/logo\/image\/"}},{"@type":"Person","@id":"https:\/\/www.ecinews.fr\/fr\/#\/schema\/person\/0aa2cfb0bd8949724a68cbac8d8321b4","name":"A Delapalisse","image":{"@type":"ImageObject","inLanguage":"fr-FR","@id":"https:\/\/www.ecinews.fr\/fr\/#\/schema\/person\/image\/211ac42237c2e9683c0964086c393cb4","url":"https:\/\/secure.gravatar.com\/avatar\/ad45a8c5da24bc9c7c4940dd1c48a695?s=96&d=mm&r=g","contentUrl":"https:\/\/secure.gravatar.com\/avatar\/ad45a8c5da24bc9c7c4940dd1c48a695?s=96&d=mm&r=g","caption":"A Delapalisse"},"sameAs":["http:\/\/ECI"]}]}},"authors":[{"term_id":1153,"user_id":34,"is_guest":0,"slug":"adelapalisse","display_name":"A Delapalisse","avatar_url":"https:\/\/secure.gravatar.com\/avatar\/ad45a8c5da24bc9c7c4940dd1c48a695?s=96&d=mm&r=g","0":null,"1":"","2":"","3":"","4":"","5":"","6":"","7":"","8":""},{"term_id":1136,"user_id":4,"is_guest":0,"slug":"clarke","display_name":"Peter Clarke","avatar_url":"https:\/\/secure.gravatar.com\/avatar\/d567d206cb92a682963201f296594da4?s=96&d=mm&r=g","0":null,"1":"","2":"","3":"","4":"","5":"","6":"","7":"","8":""}],"_links":{"self":[{"href":"https:\/\/www.ecinews.fr\/fr\/wp-json\/wp\/v2\/posts\/407058"}],"collection":[{"href":"https:\/\/www.ecinews.fr\/fr\/wp-json\/wp\/v2\/posts"}],"about":[{"href":"https:\/\/www.ecinews.fr\/fr\/wp-json\/wp\/v2\/types\/post"}],"author":[{"embeddable":true,"href":"https:\/\/www.ecinews.fr\/fr\/wp-json\/wp\/v2\/users\/34"}],"replies":[{"embeddable":true,"href":"https:\/\/www.ecinews.fr\/fr\/wp-json\/wp\/v2\/comments?post=407058"}],"version-history":[{"count":0,"href":"https:\/\/www.ecinews.fr\/fr\/wp-json\/wp\/v2\/posts\/407058\/revisions"}],"wp:featuredmedia":[{"embeddable":true,"href":"https:\/\/www.ecinews.fr\/fr\/wp-json\/wp\/v2\/media\/132851"}],"wp:attachment":[{"href":"https:\/\/www.ecinews.fr\/fr\/wp-json\/wp\/v2\/media?parent=407058"}],"wp:term":[{"taxonomy":"category","embeddable":true,"href":"https:\/\/www.ecinews.fr\/fr\/wp-json\/wp\/v2\/categories?post=407058"},{"taxonomy":"post_tag","embeddable":true,"href":"https:\/\/www.ecinews.fr\/fr\/wp-json\/wp\/v2\/tags?post=407058"},{"taxonomy":"domains","embeddable":true,"href":"https:\/\/www.ecinews.fr\/fr\/wp-json\/wp\/v2\/domains?post=407058"},{"taxonomy":"author","embeddable":true,"href":"https:\/\/www.ecinews.fr\/fr\/wp-json\/wp\/v2\/ppma_author?post=407058"}],"curies":[{"name":"wp","href":"https:\/\/api.w.org\/{rel}","templated":true}]}}