{"id":406811,"date":"2022-11-26T18:00:32","date_gmt":"2022-11-26T17:00:32","guid":{"rendered":"https:\/\/www.eenewseurope.com\/?p=406811"},"modified":"2022-11-28T10:50:04","modified_gmt":"2022-11-28T09:50:04","slug":"marc-biron-melexis-penuries-de-puces-et-le-eu-chips-act","status":"publish","type":"post","link":"https:\/\/www.ecinews.fr\/fr\/marc-biron-melexis-penuries-de-puces-et-le-eu-chips-act\/","title":{"rendered":"Marc Biron PDG de Melexis: Le Chips Act europ\u00e9en est une opportunit\u00e9 cl\u00e9"},"content":{"rendered":"<h2>\u00a0<\/h2>\n<h2><span class=\"HwtZe\" lang=\"fr\"><span class=\"jCAhz\"><span class=\"ryNqvb\">Le fabricant belge de puces fabless Melexis a \u00e9t\u00e9 au c\u0153ur de la p\u00e9nurie de puces et ne voit aucun signe d&rsquo;am\u00e9lioration.<\/span><\/span><\/span><\/h2>\n<p><span class=\"HwtZe\" lang=\"fr\"><span class=\"jCAhz\"><span class=\"ryNqvb\">\u00a0\u00ab\u00a0D&rsquo;un point de vue \u00e9ducatif, les semiconducteurs sont le nouvel or\u00a0\u00bb, a d\u00e9clar\u00e9 Marc Biron, PDG de Melexis \u00e0 ECI News et eeNews Europe. \u00ab\u00a0Votre voiture, votre PC, votre t\u00e9l\u00e9phone, votre PS5, ce sont tous des \u00e9quipements fantastiques gr\u00e2ce aux semiconducteurs qui les \u00e9quipent. Maintenant, avec la p\u00e9nurie de puces et le CHIPS Act, les semiconducteurs sont beaucoup plus \u00e0 l&rsquo;honneur. Il est donc important de recr\u00e9er un \u00e9cosyst\u00e8me en Europe car il est actuellement tr\u00e8s faible.\u00a0\u00bb<\/span><\/span><\/span><\/p>\n<p><span class=\"HwtZe\" lang=\"fr\"><span class=\"jCAhz\"><span class=\"ryNqvb\">L&rsquo;entreprise r\u00e9alise la grande majorit\u00e9 de ses activit\u00e9s dans l&rsquo;automobile, avec des capteurs \u00e0 effet Hall et de temps de vol construits par la fonderie europ\u00e9enne X-Fab, et la p\u00e9nurie a entra\u00een\u00e9 des changements importants dans son activit\u00e9. <\/span><\/span><\/span><span class=\"HwtZe\" lang=\"fr\"><span class=\"jCAhz\"><span class=\"ryNqvb\">\u00ab\u00a0Nous avons \u00e9t\u00e9 impliqu\u00e9s dans la p\u00e9nurie de semiconducteurs et l&rsquo;inad\u00e9quation entre l&rsquo;offre et la demande. Nous avons eu des discussions avec les fournisseurs et les clients pour faire correspondre autant que possible la demande et l&rsquo;offre et r\u00e9partir de la meilleure fa\u00e7on possible\u00a0\u00bb, a d\u00e9clar\u00e9 Marc Biron qui a succ\u00e9d\u00e9 en ao\u00fbt 2021 \u00e0 Fran\u00e7oise Chombar, d\u00e9sormais pr\u00e9sidente.<\/span><\/span><\/span><\/p>\n<p>&nbsp;<\/p>\n<ul>\n<li>\n<p class=\"title\"><a title=\"Melexis: un minuscule circuit tout en un actionne les l\u00e8ves vitres\" href=\"https:\/\/www.ecinews.fr\/fr\/melexis-un-minuscule-circuit-tout-en-un-actionne-les-leves-vitres\/\" target=\"_blank\" rel=\"noopener\">Melexis: un minuscule circuit tout en un actionne les l\u00e8ves vitres<\/a><\/p>\n<ul>\n<li><a href=\"https:\/\/www.eenewseurope.com\/en\/melexis-teams-for-anti-spoofing-ai-with-tof-sensor\/\">Melexis teams for anti-spoofing AI with ToF sensor<\/a><\/li>\n<\/ul>\n<\/li>\n<\/ul>\n<p><span class=\"HwtZe\" lang=\"fr\"><span class=\"jCAhz\"><span class=\"ryNqvb\">La soci\u00e9t\u00e9 a r\u00e9alis\u00e9 un chiffre d&rsquo;affaires de 219 millions d&rsquo;euros (219 millions de dollars) au dernier trimestre, en hausse de 5 % par rapport au trimestre pr\u00e9c\u00e9dent et de 35 % par rapport \u00e0 l&rsquo;ann\u00e9e pr\u00e9c\u00e9dente.\u00a0 Elle s&rsquo;attend \u00e0 un chiffre d&rsquo;affaires d&rsquo;environ 220 millions d&rsquo;euros au quatri\u00e8me trimestre, soit une croissance d&rsquo;environ 29 % pour l&rsquo;ensemble de l&rsquo;ann\u00e9e. <\/span><\/span><\/span><\/p>\n<p><span class=\"HwtZe\" lang=\"fr\"><span class=\"jCAhz\"><span class=\"ryNqvb\">\u00ab\u00a0Les ventes du troisi\u00e8me trimestre 2022 se sont situ\u00e9es dans le haut des pr\u00e9visions, d\u00e9clenchant une nouvelle augmentation des pr\u00e9visions sur l&rsquo;ensemble de l&rsquo;ann\u00e9e. Pour une partie importante de nos produits, en particulier les produits tourn\u00e9s vers l&rsquo;avenir et innovants destin\u00e9s aux nouvelles plates-formes automobiles, nous observons une croissance continue et forte, et la demande d\u00e9passe toujours l&rsquo;offre.\u00a0\u00bb<\/span><\/span><\/span><\/p>\n<h4>P\u00e9nuries de puces<\/h4>\n<p><span class=\"HwtZe\" lang=\"fr\"><span class=\"jCAhz\"><span class=\"ryNqvb\">Les p\u00e9nuries ont \u00e9t\u00e9 un d\u00e9fi pour l&rsquo;entreprise. <\/span><\/span><\/span><span class=\"HwtZe\" lang=\"fr\"><span class=\"jCAhz\"><span class=\"ryNqvb\">\u00ab\u00a0C&rsquo;\u00e9tait tr\u00e8s int\u00e9ressant car nous avons eu des contacts avec des \u00e9quipementiers avec lesquels nous n&rsquo;avions jamais eu de contact auparavant et je pense que nous allons nous appuyer sur cela. Par ailleurs la grande majorit\u00e9 des clients ont reconnu que Melexis a fait de son mieux pour r\u00e9soudre le probl\u00e8me car nous avons eu une communication tr\u00e8s ouverte avec tout le monde\u00a0\u00bb, a d\u00e9clar\u00e9 Marc Biron. <\/span><\/span><\/span><\/p>\n<p><span class=\"HwtZe\" lang=\"fr\"><span class=\"jCAhz\"><span class=\"ryNqvb\">\u00ab\u00a0Aujourd&rsquo;hui, la r\u00e9partition est 90\/10 automobile et passe \u00e0 80\/20, mais il est difficile d&rsquo;augmenter l&rsquo;activit\u00e9 non automobile car nous devons allouer les wafers aux clients automobiles. Nous ne parlons donc pas de cr\u00e9ation d&rsquo;activit\u00e9 mais de g\u00e9rer la p\u00e9nurie, mais je crois vraiment que dans les prochains mois, nous reviendrons \u00e0 la cr\u00e9ation de demande. <\/span><\/span><\/span><span class=\"HwtZe\" lang=\"fr\"><span class=\"jCAhz\"><span class=\"ryNqvb\">Toutes nos applications innovantes sont toujours en allocation avec une inad\u00e9quation entre la demande et l&rsquo;offre &#8211; nous ne voyons pas la fin de cette inad\u00e9quation pour ces produits\u00a0\u00bb, a-t-il d\u00e9clar\u00e9. <\/span><\/span><\/span><\/p>\n<p><span class=\"HwtZe\" lang=\"fr\"><span class=\"jCAhz\"><span class=\"ryNqvb\">Au troisi\u00e8me trimestre, les gammes de produits les plus performantes ont \u00e9t\u00e9 les capteurs de courant et les drivers, r\u00e9guli\u00e8rement stimul\u00e9s par la forte demande pour les applications utilis\u00e9es dans les v\u00e9hicules \u00e9lectriques. De plus, les produits d&rsquo;\u00e9clairage ambiant continuent de prosp\u00e9rer dans les applications de confort automobile. <\/span><\/span><\/span><\/p>\n<p><span class=\"HwtZe\" lang=\"fr\"><span class=\"jCAhz\"><span class=\"ryNqvb\">\u00ab\u00a0Le troisi\u00e8me trimestre, le quatri\u00e8me trimestre et le d\u00e9but de l&rsquo;ann\u00e9e prochaine sont dans le m\u00eame mode et nous sommes en discussion pour 2023 o\u00f9 le d\u00e9calage\u00a0 l&rsquo;offre et la demande est toujours \u00e9lev\u00e9 sur le radar. Nous devons travailler avec l&rsquo;ensemble de la cha\u00eene d&rsquo;approvisionnement, il ne s&rsquo;agit pas seulement des wafers, c&rsquo;est aussi le packaging, l&rsquo;assemblage, la capacit\u00e9 de test de Melexis, nous devons travailler sur tous ces aspects\u00a0\u00bb, a-t-il d\u00e9clar\u00e9. <\/span><\/span><\/span><span class=\"HwtZe\" lang=\"fr\"><span class=\"jCAhz\"><span class=\"ryNqvb\">\u00ab\u00a0Nous devons augmenter la capacit\u00e9 de test de Melexis avec de nouveaux \u00e9quipements et le d\u00e9lai de livraison de ces \u00e9quipements est assez long. La Fab de Corbeilles est un goulot d&rsquo;\u00e9tranglement, mais il y a d&rsquo;autres \u00e9l\u00e9ments dans la cha\u00eene d&rsquo;approvisionnement et nous y travaillons tous les jours\u00a0\u00bb. <\/span><\/span><\/span><\/p>\n<p><span class=\"HwtZe\" lang=\"fr\"><span class=\"jCAhz\"><span class=\"ryNqvb\">Melexis utilise l&rsquo;usine X-Fab de Corbeilles avec des technologies de proc\u00e9d\u00e9 SOI et CMOS 0,35 um et 0,18 um. Le dernier processus XT18 est en cours de transfert \u00e0 Corbeilles, ce qui a d\u00e9but\u00e9 cette ann\u00e9e et se poursuivra pour les nouveaux produits et SOI en 2023. <\/span><\/span><\/span><span class=\"HwtZe\" lang=\"fr\"><span class=\"jCAhz\"><span class=\"ryNqvb\">Pour les produits plus traditionnels, Melexis constate une stabilisation. L&rsquo;augmentation de la capacit\u00e9 et la baisse de la demande pour certaines applications l&rsquo;ont amen\u00e9s \u00e0 \u00e9quilibrer l&rsquo;offre et la demande au cours des deux derniers mois.<\/span><\/span><\/span><\/p>\n<h4>La Chine ?<\/h4>\n<p><span class=\"HwtZe\" lang=\"fr\"><span class=\"jCAhz\"><span class=\"ryNqvb\">La Chine est un march\u00e9 important pour l&rsquo;entreprise, avec la Cor\u00e9e et l&rsquo;Asie, mais n&rsquo;est pas affect\u00e9e par la cha\u00eene d&rsquo;approvisionnement ou les probl\u00e8mes commerciaux. <\/span><\/span><\/span><span class=\"HwtZe\" lang=\"fr\"><span class=\"jCAhz\"><span class=\"ryNqvb\">\u00ab\u00a0Du point de vue de la cha\u00eene d&rsquo;approvisionnement pure, Melexis est presque \u00e0 l&rsquo;abri car nous n&rsquo;utilisons pas de fournisseurs chinois, la grande majorit\u00e9 de l&rsquo;assemblage n&rsquo;est pas en Chine, et tous nos tests ne sont pas en Chine, nous n&rsquo;avons donc pas \u00e9t\u00e9 affect\u00e9s\u00a0\u00bb explique Marc Biron. <\/span><\/span><\/span><span class=\"HwtZe\" lang=\"fr\"><span class=\"jCAhz\"><span class=\"ryNqvb\">\u00ab\u00a0Nous avons une \u00e9quipe de cr\u00e9ation d&rsquo;activit\u00e9s en Chine et nous avons adapt\u00e9 notre fa\u00e7on de travailler, li\u00e9 au Covid. Nous nous en sortons bien, nous sommes toujours en mesure de g\u00e9n\u00e9rer de nombreuses nouvelles opportunit\u00e9s et de remporter des gains de conception. Ce qui est important, c&rsquo;est que la Chine est en t\u00eate du peloton en mati\u00e8re d&rsquo;\u00e9lectrification avec plus d&rsquo;\u00e9lectronique dans les v\u00e9hicules, donc cette activit\u00e9 est importante.\u00a0\u00bb<\/span><\/span><\/span><\/p>\n<p><span class=\"HwtZe\" lang=\"fr\"><span class=\"jCAhz\"><span class=\"ryNqvb\">\u00ab\u00a0Pour les restrictions am\u00e9ricaines, les objectifs principaux sont les communications militaires et la 5G ainsi que l&rsquo;IA et ce ne sont pas nos objectifs, l&rsquo;automobile n&rsquo;est pas affect\u00e9e par ces restrictions. Mais pour certains clients et certains produits sp\u00e9cifiques, nous avons d\u00fb demander une licence d&rsquo;exportation et nous l&rsquo;avons re\u00e7ue pour au moins trois produits diff\u00e9rents.\u00a0\u00bb confirme Marc Biron.<\/span><\/span><\/span><\/p>\n<ul>\n<li>\n<p class=\"title\"><a title=\"Le mach\u00e9 des semiconducteurs poursuit sa chute\" href=\"https:\/\/www.ecinews.fr\/fr\/le-mache-des-semiconducteurs-poursuit-sa-chute\/\" target=\"_blank\" rel=\"noopener\">Le mach\u00e9 des semiconducteurs poursuit sa chute<\/a><\/p>\n<\/li>\n<li><a href=\"https:\/\/www.eenewseurope.com\/en\/melexis-to-grow-manufacturing-in-europe\/\">Melexis to grow manufacturing in Europe<\/a><\/li>\n<li><a href=\"https:\/\/www.eenewseurope.com\/en\/melexis-teams-for-ai-enabled-3d-time-of-flight-demonstrator\/\">Melexis teams for AI-enabled 3D Time of Flight demonstrator<\/a><\/li>\n<\/ul>\n<h4>EU CHIPS Act (<span class=\"HwtZe\" lang=\"fr\"><span class=\"jCAhz\"><span class=\"ryNqvb\">Loi sur les puces de l&rsquo;UE<\/span><\/span><\/span>)<\/h4>\n<p><span class=\"HwtZe\" lang=\"fr\"><span class=\"jCAhz\"><span class=\"ryNqvb\">Le Chips Act en cours d&rsquo;examen au Parlement europ\u00e9en est une opportunit\u00e9 cl\u00e9, mettant en avant les m\u00eames domaines que Silicon Europe. <\/span><\/span><\/span><span class=\"HwtZe\" lang=\"fr\"><span class=\"jCAhz\"><span class=\"ryNqvb\">\u00ab\u00a0En g\u00e9n\u00e9ral, nous nous en f\u00e9licitons car il est vraiment important de mettre les semiconducteurs \u00e0 l&rsquo;honneur en Europe\u00a0\u00bb, a-t-il d\u00e9clar\u00e9. \u00ab\u00a0Je dirais qu&rsquo;il y a trois piliers dans le Chips Act. <\/span><\/span><\/span><span class=\"HwtZe\" lang=\"fr\"><span class=\"jCAhz\"><span class=\"ryNqvb\">Il y a l&rsquo;investissement dans la capacit\u00e9 de fabrication et nous sommes fabless, mais nous b\u00e9n\u00e9ficierons d&rsquo;une capacit\u00e9 accrue si cela est pertinent pour Melexis. Demain nous travaillerons sur du 0.11 um et dans quelques ann\u00e9es ce sera du 90 nm et peut-\u00eatre du 50 nm. Si les nouveaux n\u0153uds sont autour de ces n\u0153uds, Melexis en b\u00e9n\u00e9ficiera, plut\u00f4t que des fabs 2 nm. <\/span><\/span><\/span><span class=\"HwtZe\" lang=\"fr\"><span class=\"jCAhz\"><span class=\"ryNqvb\">Le deuxi\u00e8me pilier est l&rsquo;investissement de d\u00e9marrage, en particulier pour l&rsquo;assemblage et le packaging h\u00e9t\u00e9rog\u00e8ne et les lignes pilotes. Ce serait b\u00e9n\u00e9fique car aujourd&rsquo;hui cela se fait en Malaisie et si nous pouvions \u00eatre plus proches de l&rsquo;\u00e9quipe de d\u00e9veloppement, nous serions beaucoup plus efficaces et probablement plus innovants. <\/span><\/span><\/span><span class=\"HwtZe\" lang=\"fr\"><span class=\"jCAhz\"><span class=\"ryNqvb\">Le troisi\u00e8me pilier est l&rsquo;\u00e9ducation. C&rsquo;est extr\u00eamement important, il y a un manque de talents en g\u00e9n\u00e9ral et surtout avec une formation en semiconducteurs car les semiconducteurs ont disparu du syst\u00e8me \u00e9ducatif et j&rsquo;esp\u00e8re que la loi CHIPS aidera \u00e0 cr\u00e9er un \u00e9cosyst\u00e8me autour de l&rsquo;\u00e9ducation.\u00a0\u00bb<\/span><\/span><\/span><\/p>\n<p>&nbsp;<\/p>\n<p><a href=\"http:\/\/www.melexis.com\">www.melexis.com<\/a><\/p>\n","protected":false},"excerpt":{"rendered":"<p>Le fabricant belge de puces fabless Melexis a \u00e9t\u00e9 au c\u0153ur de la p\u00e9nurie de puces et ne voit aucun signe d&rsquo;am\u00e9lioration.<\/p>\n","protected":false},"author":34,"featured_media":406785,"comment_status":"closed","ping_status":"closed","sticky":true,"template":"","format":"standard","meta":{"_acf_changed":false,"footnotes":""},"categories":[886],"tags":[889,933,1558],"domains":[47],"ppma_author":[1153,1138],"class_list":["post-406811","post","type-post","status-publish","format-standard","has-post-thumbnail","hentry","category-news-fr","tag-analog-fr","tag-capteurs","tag-semiconducteurs","domains-electronique-eci"],"acf":[],"yoast_head":"<title>Marc Biron PDG de Melexis: Le Chips Act europ\u00e9en est une oppor...<\/title>\n<meta name=\"description\" content=\"Marc Biron, CEO de Melexis, s&#039;entretient avec Nick Flaherty eeNews Europe et ECI sur les p\u00e9nuries de puces, la Chine et le European Chip Act.\" \/>\n<meta name=\"robots\" content=\"index, follow, max-snippet:-1, max-image-preview:large, max-video-preview:-1\" \/>\n<link rel=\"canonical\" href=\"https:\/\/www.ecinews.fr\/fr\/wp-json\/wp\/v2\/posts\/406811\/\" \/>\n<meta property=\"og:locale\" content=\"fr_FR\" \/>\n<meta property=\"og:type\" content=\"article\" \/>\n<meta property=\"og:title\" content=\"Marc Biron PDG de Melexis: Le Chips Act europ\u00e9en est une opportunit\u00e9 cl\u00e9\" \/>\n<meta property=\"og:description\" content=\"Marc Biron, CEO de Melexis, s&#039;entretient avec Nick Flaherty eeNews Europe et ECI sur les p\u00e9nuries de puces, la Chine et le European Chip Act.\" \/>\n<meta property=\"og:url\" content=\"https:\/\/www.ecinews.fr\/fr\/wp-json\/wp\/v2\/posts\/406811\/\" \/>\n<meta property=\"og:site_name\" content=\"EENewsEurope\" \/>\n<meta property=\"article:published_time\" content=\"2022-11-26T17:00:32+00:00\" \/>\n<meta property=\"article:modified_time\" content=\"2022-11-28T09:50:04+00:00\" \/>\n<meta property=\"og:image\" content=\"https:\/\/www.ecinews.fr\/wp-content\/uploads\/2022\/11\/Melexis_MBI_2021_03_web-scaled.jpg\" \/>\n\t<meta property=\"og:image:width\" content=\"1080\" \/>\n\t<meta property=\"og:image:height\" content=\"874\" \/>\n\t<meta property=\"og:image:type\" content=\"image\/jpeg\" \/>\n<meta name=\"author\" content=\"A Delapalisse, Nick Flaherty\" \/>\n<meta name=\"twitter:card\" content=\"summary_large_image\" \/>\n<meta name=\"twitter:label1\" content=\"Written by\" \/>\n\t<meta name=\"twitter:data1\" content=\"A Delapalisse\" \/>\n\t<meta name=\"twitter:label2\" content=\"Est. reading time\" \/>\n\t<meta name=\"twitter:data2\" content=\"6 minutes\" \/>\n<script type=\"application\/ld+json\" class=\"yoast-schema-graph\">{\"@context\":\"https:\/\/schema.org\",\"@graph\":[{\"@type\":\"Article\",\"@id\":\"https:\/\/www.ecinews.fr\/fr\/marc-biron-melexis-penuries-de-puces-et-le-eu-chips-act\/#article\",\"isPartOf\":{\"@id\":\"https:\/\/www.ecinews.fr\/fr\/marc-biron-melexis-penuries-de-puces-et-le-eu-chips-act\/\"},\"author\":{\"name\":\"A Delapalisse\",\"@id\":\"https:\/\/www.ecinews.fr\/fr\/#\/schema\/person\/0aa2cfb0bd8949724a68cbac8d8321b4\"},\"headline\":\"Marc Biron PDG de Melexis: Le Chips Act europ\u00e9en est une opportunit\u00e9 cl\u00e9\",\"datePublished\":\"2022-11-26T17:00:32+00:00\",\"dateModified\":\"2022-11-28T09:50:04+00:00\",\"mainEntityOfPage\":{\"@id\":\"https:\/\/www.ecinews.fr\/fr\/marc-biron-melexis-penuries-de-puces-et-le-eu-chips-act\/\"},\"wordCount\":1398,\"publisher\":{\"@id\":\"https:\/\/www.ecinews.fr\/fr\/#organization\"},\"keywords\":[\"Analog\",\"Capteurs\",\"Semiconducteurs\"],\"articleSection\":[\"Actualit\u00e9 g\u00e9n\u00e9rale\"],\"inLanguage\":\"fr-FR\"},{\"@type\":\"WebPage\",\"@id\":\"https:\/\/www.ecinews.fr\/fr\/marc-biron-melexis-penuries-de-puces-et-le-eu-chips-act\/\",\"url\":\"https:\/\/www.ecinews.fr\/fr\/marc-biron-melexis-penuries-de-puces-et-le-eu-chips-act\/\",\"name\":\"Marc Biron PDG de Melexis: Le Chips Act europ\u00e9en est une opportunit\u00e9 cl\u00e9 -\",\"isPartOf\":{\"@id\":\"https:\/\/www.ecinews.fr\/fr\/#website\"},\"datePublished\":\"2022-11-26T17:00:32+00:00\",\"dateModified\":\"2022-11-28T09:50:04+00:00\",\"description\":\"Marc Biron, CEO de Melexis, s'entretient avec Nick Flaherty eeNews Europe et ECI sur les p\u00e9nuries de puces, la Chine et le European Chip Act.\",\"breadcrumb\":{\"@id\":\"https:\/\/www.ecinews.fr\/fr\/marc-biron-melexis-penuries-de-puces-et-le-eu-chips-act\/#breadcrumb\"},\"inLanguage\":\"fr-FR\",\"potentialAction\":[{\"@type\":\"ReadAction\",\"target\":[\"https:\/\/www.ecinews.fr\/fr\/marc-biron-melexis-penuries-de-puces-et-le-eu-chips-act\/\"]}]},{\"@type\":\"BreadcrumbList\",\"@id\":\"https:\/\/www.ecinews.fr\/fr\/marc-biron-melexis-penuries-de-puces-et-le-eu-chips-act\/#breadcrumb\",\"itemListElement\":[{\"@type\":\"ListItem\",\"position\":1,\"name\":\"Home\",\"item\":\"https:\/\/www.ecinews.fr\/fr\/\"},{\"@type\":\"ListItem\",\"position\":2,\"name\":\"Marc Biron PDG de Melexis: Le Chips Act europ\u00e9en est une opportunit\u00e9 cl\u00e9\"}]},{\"@type\":\"WebSite\",\"@id\":\"https:\/\/www.ecinews.fr\/fr\/#website\",\"url\":\"https:\/\/www.ecinews.fr\/fr\/\",\"name\":\"EENewsEurope\",\"description\":\"Just another WordPress site\",\"publisher\":{\"@id\":\"https:\/\/www.ecinews.fr\/fr\/#organization\"},\"potentialAction\":[{\"@type\":\"SearchAction\",\"target\":{\"@type\":\"EntryPoint\",\"urlTemplate\":\"https:\/\/www.ecinews.fr\/fr\/?s={search_term_string}\"},\"query-input\":\"required name=search_term_string\"}],\"inLanguage\":\"fr-FR\"},{\"@type\":\"Organization\",\"@id\":\"https:\/\/www.ecinews.fr\/fr\/#organization\",\"name\":\"EENewsEurope\",\"url\":\"https:\/\/www.ecinews.fr\/fr\/\",\"logo\":{\"@type\":\"ImageObject\",\"inLanguage\":\"fr-FR\",\"@id\":\"https:\/\/www.ecinews.fr\/fr\/#\/schema\/logo\/image\/\",\"url\":\"https:\/\/www.ecinews.fr\/wp-content\/uploads\/2022\/02\/logo-1.jpg\",\"contentUrl\":\"https:\/\/www.ecinews.fr\/wp-content\/uploads\/2022\/02\/logo-1.jpg\",\"width\":283,\"height\":113,\"caption\":\"EENewsEurope\"},\"image\":{\"@id\":\"https:\/\/www.ecinews.fr\/fr\/#\/schema\/logo\/image\/\"}},{\"@type\":\"Person\",\"@id\":\"https:\/\/www.ecinews.fr\/fr\/#\/schema\/person\/0aa2cfb0bd8949724a68cbac8d8321b4\",\"name\":\"A Delapalisse\",\"image\":{\"@type\":\"ImageObject\",\"inLanguage\":\"fr-FR\",\"@id\":\"https:\/\/www.ecinews.fr\/fr\/#\/schema\/person\/image\/211ac42237c2e9683c0964086c393cb4\",\"url\":\"https:\/\/secure.gravatar.com\/avatar\/ad45a8c5da24bc9c7c4940dd1c48a695?s=96&d=mm&r=g\",\"contentUrl\":\"https:\/\/secure.gravatar.com\/avatar\/ad45a8c5da24bc9c7c4940dd1c48a695?s=96&d=mm&r=g\",\"caption\":\"A Delapalisse\"},\"sameAs\":[\"http:\/\/ECI\"]}]}<\/script>","yoast_head_json":{"title":"Marc Biron PDG de Melexis: Le Chips Act europ\u00e9en est une oppor...","description":"Marc Biron, CEO de Melexis, s'entretient avec Nick Flaherty eeNews Europe et ECI sur les p\u00e9nuries de puces, la Chine et le European Chip Act.","robots":{"index":"index","follow":"follow","max-snippet":"max-snippet:-1","max-image-preview":"max-image-preview:large","max-video-preview":"max-video-preview:-1"},"canonical":"https:\/\/www.ecinews.fr\/fr\/wp-json\/wp\/v2\/posts\/406811\/","og_locale":"fr_FR","og_type":"article","og_title":"Marc Biron PDG de Melexis: Le Chips Act europ\u00e9en est une opportunit\u00e9 cl\u00e9","og_description":"Marc Biron, CEO de Melexis, s'entretient avec Nick Flaherty eeNews Europe et ECI sur les p\u00e9nuries de puces, la Chine et le European Chip Act.","og_url":"https:\/\/www.ecinews.fr\/fr\/wp-json\/wp\/v2\/posts\/406811\/","og_site_name":"EENewsEurope","article_published_time":"2022-11-26T17:00:32+00:00","article_modified_time":"2022-11-28T09:50:04+00:00","og_image":[{"width":1080,"height":874,"url":"https:\/\/www.ecinews.fr\/wp-content\/uploads\/2022\/11\/Melexis_MBI_2021_03_web-scaled.jpg","type":"image\/jpeg"}],"author":"A Delapalisse, Nick Flaherty","twitter_card":"summary_large_image","twitter_misc":{"Written by":"A Delapalisse","Est. reading time":"6 minutes"},"schema":{"@context":"https:\/\/schema.org","@graph":[{"@type":"Article","@id":"https:\/\/www.ecinews.fr\/fr\/marc-biron-melexis-penuries-de-puces-et-le-eu-chips-act\/#article","isPartOf":{"@id":"https:\/\/www.ecinews.fr\/fr\/marc-biron-melexis-penuries-de-puces-et-le-eu-chips-act\/"},"author":{"name":"A Delapalisse","@id":"https:\/\/www.ecinews.fr\/fr\/#\/schema\/person\/0aa2cfb0bd8949724a68cbac8d8321b4"},"headline":"Marc Biron PDG de Melexis: Le Chips Act europ\u00e9en est une opportunit\u00e9 cl\u00e9","datePublished":"2022-11-26T17:00:32+00:00","dateModified":"2022-11-28T09:50:04+00:00","mainEntityOfPage":{"@id":"https:\/\/www.ecinews.fr\/fr\/marc-biron-melexis-penuries-de-puces-et-le-eu-chips-act\/"},"wordCount":1398,"publisher":{"@id":"https:\/\/www.ecinews.fr\/fr\/#organization"},"keywords":["Analog","Capteurs","Semiconducteurs"],"articleSection":["Actualit\u00e9 g\u00e9n\u00e9rale"],"inLanguage":"fr-FR"},{"@type":"WebPage","@id":"https:\/\/www.ecinews.fr\/fr\/marc-biron-melexis-penuries-de-puces-et-le-eu-chips-act\/","url":"https:\/\/www.ecinews.fr\/fr\/marc-biron-melexis-penuries-de-puces-et-le-eu-chips-act\/","name":"Marc Biron PDG de Melexis: Le Chips Act europ\u00e9en est une opportunit\u00e9 cl\u00e9 -","isPartOf":{"@id":"https:\/\/www.ecinews.fr\/fr\/#website"},"datePublished":"2022-11-26T17:00:32+00:00","dateModified":"2022-11-28T09:50:04+00:00","description":"Marc Biron, CEO de Melexis, s'entretient avec Nick Flaherty eeNews Europe et ECI sur les p\u00e9nuries de puces, la Chine et le European Chip Act.","breadcrumb":{"@id":"https:\/\/www.ecinews.fr\/fr\/marc-biron-melexis-penuries-de-puces-et-le-eu-chips-act\/#breadcrumb"},"inLanguage":"fr-FR","potentialAction":[{"@type":"ReadAction","target":["https:\/\/www.ecinews.fr\/fr\/marc-biron-melexis-penuries-de-puces-et-le-eu-chips-act\/"]}]},{"@type":"BreadcrumbList","@id":"https:\/\/www.ecinews.fr\/fr\/marc-biron-melexis-penuries-de-puces-et-le-eu-chips-act\/#breadcrumb","itemListElement":[{"@type":"ListItem","position":1,"name":"Home","item":"https:\/\/www.ecinews.fr\/fr\/"},{"@type":"ListItem","position":2,"name":"Marc Biron PDG de Melexis: Le Chips Act europ\u00e9en est une opportunit\u00e9 cl\u00e9"}]},{"@type":"WebSite","@id":"https:\/\/www.ecinews.fr\/fr\/#website","url":"https:\/\/www.ecinews.fr\/fr\/","name":"EENewsEurope","description":"Just another WordPress site","publisher":{"@id":"https:\/\/www.ecinews.fr\/fr\/#organization"},"potentialAction":[{"@type":"SearchAction","target":{"@type":"EntryPoint","urlTemplate":"https:\/\/www.ecinews.fr\/fr\/?s={search_term_string}"},"query-input":"required name=search_term_string"}],"inLanguage":"fr-FR"},{"@type":"Organization","@id":"https:\/\/www.ecinews.fr\/fr\/#organization","name":"EENewsEurope","url":"https:\/\/www.ecinews.fr\/fr\/","logo":{"@type":"ImageObject","inLanguage":"fr-FR","@id":"https:\/\/www.ecinews.fr\/fr\/#\/schema\/logo\/image\/","url":"https:\/\/www.ecinews.fr\/wp-content\/uploads\/2022\/02\/logo-1.jpg","contentUrl":"https:\/\/www.ecinews.fr\/wp-content\/uploads\/2022\/02\/logo-1.jpg","width":283,"height":113,"caption":"EENewsEurope"},"image":{"@id":"https:\/\/www.ecinews.fr\/fr\/#\/schema\/logo\/image\/"}},{"@type":"Person","@id":"https:\/\/www.ecinews.fr\/fr\/#\/schema\/person\/0aa2cfb0bd8949724a68cbac8d8321b4","name":"A Delapalisse","image":{"@type":"ImageObject","inLanguage":"fr-FR","@id":"https:\/\/www.ecinews.fr\/fr\/#\/schema\/person\/image\/211ac42237c2e9683c0964086c393cb4","url":"https:\/\/secure.gravatar.com\/avatar\/ad45a8c5da24bc9c7c4940dd1c48a695?s=96&d=mm&r=g","contentUrl":"https:\/\/secure.gravatar.com\/avatar\/ad45a8c5da24bc9c7c4940dd1c48a695?s=96&d=mm&r=g","caption":"A Delapalisse"},"sameAs":["http:\/\/ECI"]}]}},"authors":[{"term_id":1153,"user_id":34,"is_guest":0,"slug":"adelapalisse","display_name":"A Delapalisse","avatar_url":"https:\/\/secure.gravatar.com\/avatar\/ad45a8c5da24bc9c7c4940dd1c48a695?s=96&d=mm&r=g","0":null,"1":"","2":"","3":"","4":"","5":"","6":"","7":"","8":""},{"term_id":1138,"user_id":6,"is_guest":0,"slug":"flaherty","display_name":"Nick Flaherty","avatar_url":"https:\/\/secure.gravatar.com\/avatar\/49bd04ef46c3ee89575adaf950e76b64?s=96&d=mm&r=g","0":null,"1":"","2":"","3":"","4":"","5":"","6":"","7":"","8":""}],"_links":{"self":[{"href":"https:\/\/www.ecinews.fr\/fr\/wp-json\/wp\/v2\/posts\/406811"}],"collection":[{"href":"https:\/\/www.ecinews.fr\/fr\/wp-json\/wp\/v2\/posts"}],"about":[{"href":"https:\/\/www.ecinews.fr\/fr\/wp-json\/wp\/v2\/types\/post"}],"author":[{"embeddable":true,"href":"https:\/\/www.ecinews.fr\/fr\/wp-json\/wp\/v2\/users\/34"}],"replies":[{"embeddable":true,"href":"https:\/\/www.ecinews.fr\/fr\/wp-json\/wp\/v2\/comments?post=406811"}],"version-history":[{"count":0,"href":"https:\/\/www.ecinews.fr\/fr\/wp-json\/wp\/v2\/posts\/406811\/revisions"}],"wp:featuredmedia":[{"embeddable":true,"href":"https:\/\/www.ecinews.fr\/fr\/wp-json\/wp\/v2\/media\/406785"}],"wp:attachment":[{"href":"https:\/\/www.ecinews.fr\/fr\/wp-json\/wp\/v2\/media?parent=406811"}],"wp:term":[{"taxonomy":"category","embeddable":true,"href":"https:\/\/www.ecinews.fr\/fr\/wp-json\/wp\/v2\/categories?post=406811"},{"taxonomy":"post_tag","embeddable":true,"href":"https:\/\/www.ecinews.fr\/fr\/wp-json\/wp\/v2\/tags?post=406811"},{"taxonomy":"domains","embeddable":true,"href":"https:\/\/www.ecinews.fr\/fr\/wp-json\/wp\/v2\/domains?post=406811"},{"taxonomy":"author","embeddable":true,"href":"https:\/\/www.ecinews.fr\/fr\/wp-json\/wp\/v2\/ppma_author?post=406811"}],"curies":[{"name":"wp","href":"https:\/\/api.w.org\/{rel}","templated":true}]}}