{"id":406232,"date":"2022-11-21T18:46:49","date_gmt":"2022-11-21T17:46:49","guid":{"rendered":"https:\/\/www.ecinews.fr\/?p=406232"},"modified":"2022-11-21T18:48:24","modified_gmt":"2022-11-21T17:48:24","slug":"linternet-sans-radiation-electromagnetique-en-maternelle","status":"publish","type":"post","link":"https:\/\/www.ecinews.fr\/fr\/linternet-sans-radiation-electromagnetique-en-maternelle\/","title":{"rendered":"L\u2019Internet sans radiation \u00e9lectromagn\u00e9tique en maternelle"},"content":{"rendered":"<p>Oledcomm, leader mondial de la technologie LiFi, et M. S\u00e9bastien PONIATOWSKI, Maire de L\u2019Isle Adam annoncent avoir d\u00e9ploy\u00e9 la technologie LiFi, (Light Fidelity) dans les classes de l\u2019\u00e9cole maternelle de L\u2019Isle Adam. L\u2019Ecole Chantefleur devient ainsi la premi\u00e8re \u00e9cole maternelle d\u2019Ile de France \u00e0 se connecter \u00e0 Internet \u00e0 travers la lumi\u00e8re invisible. S\u00e9curis\u00e9, fiable et sans exposition aux ondes \u00e9lectromagn\u00e9tiques, le LiFi constitue une alternative performante et \u00e9cologique au WiFi pour un apprentissage sans fil des plus jeunes dans le respect de la loi Abeille.<\/p>\n<p>A la suite d\u2019une campagne d\u2019\u00e9quipement initi\u00e9e par la Mairie de L\u2019Isle Adam avec le concours d\u2019Oledcomm, r\u00e9alis\u00e9e pendant l\u2019\u00e9t\u00e9 2022, l\u2019\u00e9cole compte d\u00e9sormais 6 classes \u00e9quip\u00e9es. 30 tablettes LiFiMAX sont \u00e9galement mises \u00e0 la disposition des enfants et professeurs pour permettre des m\u00e9thodes p\u00e9dagogiques innovantes. Le LiFi, contrairement au WiFi n\u2019utilise pas les ondes radiofr\u00e9quences qui p\u00e9n\u00e8trent dans le corps, mais les photons du spectre lumineux, inoffensifs pour la sant\u00e9 des enfants. Le LiFi pr\u00e9sente de nombreux avantages et s\u2019int\u00e8gre dans une d\u00e9marche num\u00e9rique responsable.<\/p>\n<p>La solution LiFiMAXEducation d\u2019Oledcomm assure \u00e9galement une consommation \u00e9nerg\u00e9tique tr\u00e8s faible. Enfin, la s\u00e9curit\u00e9 inh\u00e9rente \u00e0 cette technologie de communication optique, puisque le signal ne sort pas de la pi\u00e8ce et un processus d&rsquo;authentification est int\u00e9gr\u00e9e \u00e0 la cl\u00e9 USB n\u00e9cessaire pour se connecter, garantit une cyber-s\u00e9curit\u00e9 optimale, tr\u00e8s sup\u00e9rieure au WiFi.<\/p>\n<p>En assurant des connexions sans fil s\u00e9curis\u00e9es, ultra rapides et non-\u00e9nergivores, le LiFi permet aux \u00e9l\u00e8ves et enseignants de travailler ensemble, sans exposition \u00e0 des ondes radiofr\u00e9quences. Il permet \u00e9galement une sensibilisation \u00e0 la s\u00e9curit\u00e9 informatique et \u00e0 la sobri\u00e9t\u00e9 \u00e9nerg\u00e9tique, favorisant une conscience \u00e9cologique parmi les plus jeunes.<\/p>\n<p>&nbsp;<\/p>\n<p><strong>Oledcomm, une soci\u00e9t\u00e9 fran\u00e7aise Spin-Off de l\u2019Universit\u00e9 Paris-Saclay<\/strong><\/p>\n<p>Avec plus de 33 brevets et trois Innovation Awards au CES de Las Vegas en 2018 et 2019, Oledcomm est certifi\u00e9e ISO 9001 :2015 et ISO 14001 :2015. Son offre LiFi solutionne des probl\u00e8mes de connectivit\u00e9 en rempla\u00e7ant des c\u00e2bles dans des environnements o\u00f9 les ondes radios ne sont pas souhaitables. Les secteurs cibl\u00e9s incluent le spatial, la d\u00e9fense, l\u2019industrie et l\u2019\u00e9ducation. Depuis 2020, LiFiMAX a \u00e9t\u00e9 install\u00e9 et test\u00e9 dans plus de 500 projets \u00e0 travers le monde et a \u00e9t\u00e9 valid\u00e9 par ORANGE en mati\u00e8re de Cybers\u00e9curit\u00e9. Au Mobile World Congress de Barcelone en 2021, Oledcomm a annonc\u00e9 un circuit int\u00e9gr\u00e9 (ASIC) qui permet une int\u00e9gration native du LiFi dans des tablettes, PC ou Smartphones. Oledcomm est laur\u00e9at du programme europ\u00e9en deeptech EIC Accelerator qui pr\u00e9voit l\u2019entr\u00e9e au capital d\u2019Oledcomm de la commission europ\u00e9enne \u00e0 travers le fonds EIC Fund.<\/p>\n<p><a title=\"www.oledcomm.net\" href=\"http:\/\/www.oledcomm.net\">www.oledcomm.net<\/a><\/p>\n<div class=\"TbwUpd NJjxre\">\u00a0<\/div>\n","protected":false},"excerpt":{"rendered":"<p>Oledcomm, leader mondial de la technologie LiFi, et M. S\u00e9bastien PONIATOWSKI, Maire de L\u2019Isle Adam annoncent avoir d\u00e9ploy\u00e9 la technologie LiFi, (Light Fidelity) dans les classes de l\u2019\u00e9cole maternelle de L\u2019Isle Adam. L\u2019Ecole Chantefleur devient ainsi la premi\u00e8re \u00e9cole maternelle d\u2019Ile de France \u00e0 se connecter \u00e0 Internet \u00e0 travers la lumi\u00e8re invisible. S\u00e9curis\u00e9, fiable [&hellip;]<\/p>\n","protected":false},"author":36,"featured_media":406233,"comment_status":"closed","ping_status":"closed","sticky":false,"template":"","format":"standard","meta":{"_acf_changed":false,"footnotes":""},"categories":[886],"tags":[2260,2262,2261],"domains":[47],"ppma_author":[1154],"class_list":["post-406232","post","type-post","status-publish","format-standard","has-post-thumbnail","hentry","category-news-fr","tag-internet","tag-lifi","tag-oled-fr","domains-electronique-eci"],"acf":[],"yoast_head":"<title>L\u2019Internet sans radiation \u00e9lectromagn\u00e9tique en maternelle ...<\/title>\n<meta name=\"description\" content=\"Oledcomm, leader mondial de la technologie LiFi, et M. S\u00e9bastien PONIATOWSKI, Maire de L\u2019Isle Adam annoncent avoir d\u00e9ploy\u00e9 la technologie LiFi, (Light...\" \/>\n<meta name=\"robots\" content=\"index, follow, max-snippet:-1, max-image-preview:large, max-video-preview:-1\" \/>\n<link rel=\"canonical\" href=\"https:\/\/www.ecinews.fr\/fr\/wp-json\/wp\/v2\/posts\/406232\/\" \/>\n<meta property=\"og:locale\" content=\"fr_FR\" \/>\n<meta property=\"og:type\" content=\"article\" \/>\n<meta property=\"og:title\" content=\"L\u2019Internet sans radiation \u00e9lectromagn\u00e9tique en maternelle\" \/>\n<meta property=\"og:description\" content=\"Oledcomm, leader mondial de la technologie LiFi, et M. S\u00e9bastien PONIATOWSKI, Maire de L\u2019Isle Adam annoncent avoir d\u00e9ploy\u00e9 la technologie LiFi, (Light Fidelity) dans les classes de l\u2019\u00e9cole maternelle de L\u2019Isle Adam. L\u2019Ecole Chantefleur devient ainsi la premi\u00e8re \u00e9cole maternelle d\u2019Ile de France \u00e0 se connecter \u00e0 Internet \u00e0 travers la lumi\u00e8re invisible. S\u00e9curis\u00e9, fiable [&hellip;]\" \/>\n<meta property=\"og:url\" content=\"https:\/\/www.ecinews.fr\/fr\/wp-json\/wp\/v2\/posts\/406232\/\" \/>\n<meta property=\"og:site_name\" content=\"EENewsEurope\" \/>\n<meta property=\"article:published_time\" content=\"2022-11-21T17:46:49+00:00\" \/>\n<meta property=\"article:modified_time\" content=\"2022-11-21T17:48:24+00:00\" \/>\n<meta property=\"og:image\" content=\"https:\/\/www.eenewseurope.com\/wp-content\/uploads\/2022\/11\/ECI1551_Oledcomm-actu.jpg\" \/>\n\t<meta property=\"og:image:width\" content=\"622\" \/>\n\t<meta property=\"og:image:height\" content=\"423\" \/>\n\t<meta property=\"og:image:type\" content=\"image\/jpeg\" \/>\n<meta name=\"author\" content=\"Alain Dieul\" \/>\n<meta name=\"twitter:card\" content=\"summary_large_image\" \/>\n<meta name=\"twitter:label1\" content=\"Written by\" \/>\n\t<meta name=\"twitter:data1\" content=\"Alain Dieul\" \/>\n\t<meta name=\"twitter:label2\" content=\"Est. reading time\" \/>\n\t<meta name=\"twitter:data2\" content=\"2 minutes\" \/>\n<script type=\"application\/ld+json\" class=\"yoast-schema-graph\">{\"@context\":\"https:\/\/schema.org\",\"@graph\":[{\"@type\":\"Article\",\"@id\":\"https:\/\/www.eenewseurope.com\/fr\/linternet-sans-radiation-electromagnetique-en-maternelle\/#article\",\"isPartOf\":{\"@id\":\"https:\/\/www.eenewseurope.com\/fr\/linternet-sans-radiation-electromagnetique-en-maternelle\/\"},\"author\":{\"name\":\"Alain Dieul\",\"@id\":\"https:\/\/www.ecinews.fr\/fr\/#\/schema\/person\/e4387676ad67ce722325c7832f3c3762\"},\"headline\":\"L\u2019Internet sans radiation \u00e9lectromagn\u00e9tique en maternelle\",\"datePublished\":\"2022-11-21T17:46:49+00:00\",\"dateModified\":\"2022-11-21T17:48:24+00:00\",\"mainEntityOfPage\":{\"@id\":\"https:\/\/www.eenewseurope.com\/fr\/linternet-sans-radiation-electromagnetique-en-maternelle\/\"},\"wordCount\":487,\"publisher\":{\"@id\":\"https:\/\/www.ecinews.fr\/fr\/#organization\"},\"keywords\":[\"Internet\",\"LiFi\",\"OLED\"],\"articleSection\":[\"Actualit\u00e9 g\u00e9n\u00e9rale\"],\"inLanguage\":\"fr-FR\"},{\"@type\":\"WebPage\",\"@id\":\"https:\/\/www.eenewseurope.com\/fr\/linternet-sans-radiation-electromagnetique-en-maternelle\/\",\"url\":\"https:\/\/www.eenewseurope.com\/fr\/linternet-sans-radiation-electromagnetique-en-maternelle\/\",\"name\":\"L\u2019Internet sans radiation \u00e9lectromagn\u00e9tique en maternelle -\",\"isPartOf\":{\"@id\":\"https:\/\/www.ecinews.fr\/fr\/#website\"},\"datePublished\":\"2022-11-21T17:46:49+00:00\",\"dateModified\":\"2022-11-21T17:48:24+00:00\",\"breadcrumb\":{\"@id\":\"https:\/\/www.eenewseurope.com\/fr\/linternet-sans-radiation-electromagnetique-en-maternelle\/#breadcrumb\"},\"inLanguage\":\"fr-FR\",\"potentialAction\":[{\"@type\":\"ReadAction\",\"target\":[\"https:\/\/www.eenewseurope.com\/fr\/linternet-sans-radiation-electromagnetique-en-maternelle\/\"]}]},{\"@type\":\"BreadcrumbList\",\"@id\":\"https:\/\/www.eenewseurope.com\/fr\/linternet-sans-radiation-electromagnetique-en-maternelle\/#breadcrumb\",\"itemListElement\":[{\"@type\":\"ListItem\",\"position\":1,\"name\":\"Home\",\"item\":\"https:\/\/www.ecinews.fr\/fr\/\"},{\"@type\":\"ListItem\",\"position\":2,\"name\":\"L\u2019Internet sans radiation \u00e9lectromagn\u00e9tique en maternelle\"}]},{\"@type\":\"WebSite\",\"@id\":\"https:\/\/www.ecinews.fr\/fr\/#website\",\"url\":\"https:\/\/www.ecinews.fr\/fr\/\",\"name\":\"EENewsEurope\",\"description\":\"Just another WordPress site\",\"publisher\":{\"@id\":\"https:\/\/www.ecinews.fr\/fr\/#organization\"},\"potentialAction\":[{\"@type\":\"SearchAction\",\"target\":{\"@type\":\"EntryPoint\",\"urlTemplate\":\"https:\/\/www.ecinews.fr\/fr\/?s={search_term_string}\"},\"query-input\":\"required name=search_term_string\"}],\"inLanguage\":\"fr-FR\"},{\"@type\":\"Organization\",\"@id\":\"https:\/\/www.ecinews.fr\/fr\/#organization\",\"name\":\"EENewsEurope\",\"url\":\"https:\/\/www.ecinews.fr\/fr\/\",\"logo\":{\"@type\":\"ImageObject\",\"inLanguage\":\"fr-FR\",\"@id\":\"https:\/\/www.ecinews.fr\/fr\/#\/schema\/logo\/image\/\",\"url\":\"https:\/\/www.ecinews.fr\/wp-content\/uploads\/2022\/02\/logo-1.jpg\",\"contentUrl\":\"https:\/\/www.ecinews.fr\/wp-content\/uploads\/2022\/02\/logo-1.jpg\",\"width\":283,\"height\":113,\"caption\":\"EENewsEurope\"},\"image\":{\"@id\":\"https:\/\/www.ecinews.fr\/fr\/#\/schema\/logo\/image\/\"}},{\"@type\":\"Person\",\"@id\":\"https:\/\/www.ecinews.fr\/fr\/#\/schema\/person\/e4387676ad67ce722325c7832f3c3762\",\"name\":\"Alain Dieul\",\"image\":{\"@type\":\"ImageObject\",\"inLanguage\":\"fr-FR\",\"@id\":\"https:\/\/www.ecinews.fr\/fr\/#\/schema\/person\/image\/736120675699dbbf0f0f282b9a9cfb75\",\"url\":\"https:\/\/secure.gravatar.com\/avatar\/bc93b056d07515be5b8eecd4acf49c5c?s=96&d=mm&r=g\",\"contentUrl\":\"https:\/\/secure.gravatar.com\/avatar\/bc93b056d07515be5b8eecd4acf49c5c?s=96&d=mm&r=g\",\"caption\":\"Alain Dieul\"},\"sameAs\":[\"http:\/\/ECINews\"]}]}<\/script>","yoast_head_json":{"title":"L\u2019Internet sans radiation \u00e9lectromagn\u00e9tique en maternelle ...","description":"Oledcomm, leader mondial de la technologie LiFi, et M. S\u00e9bastien PONIATOWSKI, Maire de L\u2019Isle Adam annoncent avoir d\u00e9ploy\u00e9 la technologie LiFi, (Light...","robots":{"index":"index","follow":"follow","max-snippet":"max-snippet:-1","max-image-preview":"max-image-preview:large","max-video-preview":"max-video-preview:-1"},"canonical":"https:\/\/www.ecinews.fr\/fr\/wp-json\/wp\/v2\/posts\/406232\/","og_locale":"fr_FR","og_type":"article","og_title":"L\u2019Internet sans radiation \u00e9lectromagn\u00e9tique en maternelle","og_description":"Oledcomm, leader mondial de la technologie LiFi, et M. S\u00e9bastien PONIATOWSKI, Maire de L\u2019Isle Adam annoncent avoir d\u00e9ploy\u00e9 la technologie LiFi, (Light Fidelity) dans les classes de l\u2019\u00e9cole maternelle de L\u2019Isle Adam. L\u2019Ecole Chantefleur devient ainsi la premi\u00e8re \u00e9cole maternelle d\u2019Ile de France \u00e0 se connecter \u00e0 Internet \u00e0 travers la lumi\u00e8re invisible. S\u00e9curis\u00e9, fiable [&hellip;]","og_url":"https:\/\/www.ecinews.fr\/fr\/wp-json\/wp\/v2\/posts\/406232\/","og_site_name":"EENewsEurope","article_published_time":"2022-11-21T17:46:49+00:00","article_modified_time":"2022-11-21T17:48:24+00:00","og_image":[{"width":622,"height":423,"url":"https:\/\/www.eenewseurope.com\/wp-content\/uploads\/2022\/11\/ECI1551_Oledcomm-actu.jpg","type":"image\/jpeg"}],"author":"Alain Dieul","twitter_card":"summary_large_image","twitter_misc":{"Written by":"Alain Dieul","Est. reading time":"2 minutes"},"schema":{"@context":"https:\/\/schema.org","@graph":[{"@type":"Article","@id":"https:\/\/www.eenewseurope.com\/fr\/linternet-sans-radiation-electromagnetique-en-maternelle\/#article","isPartOf":{"@id":"https:\/\/www.eenewseurope.com\/fr\/linternet-sans-radiation-electromagnetique-en-maternelle\/"},"author":{"name":"Alain Dieul","@id":"https:\/\/www.ecinews.fr\/fr\/#\/schema\/person\/e4387676ad67ce722325c7832f3c3762"},"headline":"L\u2019Internet sans radiation \u00e9lectromagn\u00e9tique en maternelle","datePublished":"2022-11-21T17:46:49+00:00","dateModified":"2022-11-21T17:48:24+00:00","mainEntityOfPage":{"@id":"https:\/\/www.eenewseurope.com\/fr\/linternet-sans-radiation-electromagnetique-en-maternelle\/"},"wordCount":487,"publisher":{"@id":"https:\/\/www.ecinews.fr\/fr\/#organization"},"keywords":["Internet","LiFi","OLED"],"articleSection":["Actualit\u00e9 g\u00e9n\u00e9rale"],"inLanguage":"fr-FR"},{"@type":"WebPage","@id":"https:\/\/www.eenewseurope.com\/fr\/linternet-sans-radiation-electromagnetique-en-maternelle\/","url":"https:\/\/www.eenewseurope.com\/fr\/linternet-sans-radiation-electromagnetique-en-maternelle\/","name":"L\u2019Internet sans radiation \u00e9lectromagn\u00e9tique en maternelle -","isPartOf":{"@id":"https:\/\/www.ecinews.fr\/fr\/#website"},"datePublished":"2022-11-21T17:46:49+00:00","dateModified":"2022-11-21T17:48:24+00:00","breadcrumb":{"@id":"https:\/\/www.eenewseurope.com\/fr\/linternet-sans-radiation-electromagnetique-en-maternelle\/#breadcrumb"},"inLanguage":"fr-FR","potentialAction":[{"@type":"ReadAction","target":["https:\/\/www.eenewseurope.com\/fr\/linternet-sans-radiation-electromagnetique-en-maternelle\/"]}]},{"@type":"BreadcrumbList","@id":"https:\/\/www.eenewseurope.com\/fr\/linternet-sans-radiation-electromagnetique-en-maternelle\/#breadcrumb","itemListElement":[{"@type":"ListItem","position":1,"name":"Home","item":"https:\/\/www.ecinews.fr\/fr\/"},{"@type":"ListItem","position":2,"name":"L\u2019Internet sans radiation \u00e9lectromagn\u00e9tique en maternelle"}]},{"@type":"WebSite","@id":"https:\/\/www.ecinews.fr\/fr\/#website","url":"https:\/\/www.ecinews.fr\/fr\/","name":"EENewsEurope","description":"Just another WordPress site","publisher":{"@id":"https:\/\/www.ecinews.fr\/fr\/#organization"},"potentialAction":[{"@type":"SearchAction","target":{"@type":"EntryPoint","urlTemplate":"https:\/\/www.ecinews.fr\/fr\/?s={search_term_string}"},"query-input":"required name=search_term_string"}],"inLanguage":"fr-FR"},{"@type":"Organization","@id":"https:\/\/www.ecinews.fr\/fr\/#organization","name":"EENewsEurope","url":"https:\/\/www.ecinews.fr\/fr\/","logo":{"@type":"ImageObject","inLanguage":"fr-FR","@id":"https:\/\/www.ecinews.fr\/fr\/#\/schema\/logo\/image\/","url":"https:\/\/www.ecinews.fr\/wp-content\/uploads\/2022\/02\/logo-1.jpg","contentUrl":"https:\/\/www.ecinews.fr\/wp-content\/uploads\/2022\/02\/logo-1.jpg","width":283,"height":113,"caption":"EENewsEurope"},"image":{"@id":"https:\/\/www.ecinews.fr\/fr\/#\/schema\/logo\/image\/"}},{"@type":"Person","@id":"https:\/\/www.ecinews.fr\/fr\/#\/schema\/person\/e4387676ad67ce722325c7832f3c3762","name":"Alain Dieul","image":{"@type":"ImageObject","inLanguage":"fr-FR","@id":"https:\/\/www.ecinews.fr\/fr\/#\/schema\/person\/image\/736120675699dbbf0f0f282b9a9cfb75","url":"https:\/\/secure.gravatar.com\/avatar\/bc93b056d07515be5b8eecd4acf49c5c?s=96&d=mm&r=g","contentUrl":"https:\/\/secure.gravatar.com\/avatar\/bc93b056d07515be5b8eecd4acf49c5c?s=96&d=mm&r=g","caption":"Alain Dieul"},"sameAs":["http:\/\/ECINews"]}]}},"authors":[{"term_id":1154,"user_id":36,"is_guest":0,"slug":"alain-dieul","display_name":"Alain Dieul","avatar_url":"https:\/\/secure.gravatar.com\/avatar\/bc93b056d07515be5b8eecd4acf49c5c?s=96&d=mm&r=g","0":null,"1":"","2":"","3":"","4":"","5":"","6":"","7":"","8":""}],"_links":{"self":[{"href":"https:\/\/www.ecinews.fr\/fr\/wp-json\/wp\/v2\/posts\/406232"}],"collection":[{"href":"https:\/\/www.ecinews.fr\/fr\/wp-json\/wp\/v2\/posts"}],"about":[{"href":"https:\/\/www.ecinews.fr\/fr\/wp-json\/wp\/v2\/types\/post"}],"author":[{"embeddable":true,"href":"https:\/\/www.ecinews.fr\/fr\/wp-json\/wp\/v2\/users\/36"}],"replies":[{"embeddable":true,"href":"https:\/\/www.ecinews.fr\/fr\/wp-json\/wp\/v2\/comments?post=406232"}],"version-history":[{"count":0,"href":"https:\/\/www.ecinews.fr\/fr\/wp-json\/wp\/v2\/posts\/406232\/revisions"}],"wp:featuredmedia":[{"embeddable":true,"href":"https:\/\/www.ecinews.fr\/fr\/wp-json\/wp\/v2\/media\/406233"}],"wp:attachment":[{"href":"https:\/\/www.ecinews.fr\/fr\/wp-json\/wp\/v2\/media?parent=406232"}],"wp:term":[{"taxonomy":"category","embeddable":true,"href":"https:\/\/www.ecinews.fr\/fr\/wp-json\/wp\/v2\/categories?post=406232"},{"taxonomy":"post_tag","embeddable":true,"href":"https:\/\/www.ecinews.fr\/fr\/wp-json\/wp\/v2\/tags?post=406232"},{"taxonomy":"domains","embeddable":true,"href":"https:\/\/www.ecinews.fr\/fr\/wp-json\/wp\/v2\/domains?post=406232"},{"taxonomy":"author","embeddable":true,"href":"https:\/\/www.ecinews.fr\/fr\/wp-json\/wp\/v2\/ppma_author?post=406232"}],"curies":[{"name":"wp","href":"https:\/\/api.w.org\/{rel}","templated":true}]}}