{"id":406220,"date":"2022-11-21T18:49:56","date_gmt":"2022-11-21T17:49:56","guid":{"rendered":"https:\/\/www.eenewseurope.com\/?p=406220"},"modified":"2023-02-13T17:55:38","modified_gmt":"2023-02-13T16:55:38","slug":"le-ceo-de-onsemi-parle-de-positionnement-est-optimiste-pour-for-2023","status":"publish","type":"post","link":"https:\/\/www.ecinews.fr\/fr\/le-ceo-de-onsemi-parle-de-positionnement-est-optimiste-pour-for-2023\/","title":{"rendered":"Hassane El-Khoury CEO de OnSemi : un positionnement optimiste pour 2023"},"content":{"rendered":"<h2><span class=\"HwtZe\" lang=\"fr\"><span class=\"jCAhz\"><span class=\"ryNqvb\">La soci\u00e9t\u00e9 ON Semiconductor Corp. est en train de vendre quatre fabs et d&rsquo;en acheter une autre. <\/span><\/span><\/span><\/h2>\n<p><span class=\"HwtZe\" lang=\"fr\"><span class=\"jCAhz\"><span class=\"ryNqvb\">Mais tout cela fait partie du plan \u00ab fab-liter \u00bb mis en place par le PDG Hassane El-Khoury. <\/span><\/span><\/span><\/p>\n<p><span class=\"HwtZe\" lang=\"fr\"><span class=\"jCAhz\"><span class=\"ryNqvb\">Et dans une br\u00e8ve conversation avec eeNews Europe et ECI News, El-Khoury a exprim\u00e9 un certain optimisme quant \u00e0 la position actuelle de son entreprise pour 2023. La vente a \u00e9t\u00e9 annonc\u00e9e ou ex\u00e9cut\u00e9e \u00e0 Oudenaarde, Belgique; South Portland, Maine; Pocatello, Idaho; et Niigata Japon. Ce sont des usines plus petites fabriquant sur des tranches de 6 pouces ou un m\u00e9lange de tranches de 6 pouces et de 200 mm de diam\u00e8tre (voir <a href=\"https:\/\/www.eenewsanalog.com\/en\/onsemi-sells-off-two-more-wafer-fabs\/\">OnSemi sells off two more wafer fabs<\/a>). <\/span><\/span><\/span><\/p>\n<p><span class=\"HwtZe\" lang=\"fr\"><span class=\"jCAhz\"><span class=\"ryNqvb\">\u00ab\u00a0Nous nous concentrons sur les technologies qui offrent une diff\u00e9renciation et une capacit\u00e9 d&rsquo;\u00e9volutivit\u00e9. Nous c\u00e9dons ces fabs, mais concentrons notre position existante et nous cl\u00f4turerons l&rsquo;achat d&rsquo;une fab de 12 pouces d&rsquo;ici la fin de l&rsquo;ann\u00e9e.\u00a0\u00bb Il s&rsquo;agit de l&rsquo;acquisition de la fab d&rsquo;East Fishkill de Globalfoundries Inc. (<a href=\"https:\/\/www.eenewsanalog.com\/en\/on-semi-buys-ex-ibm-fab-from-globalfoundries\/\">OnSemi buys ex-IBM fab from Globalfoundries<\/a>)<\/span><\/span><\/span><\/p>\n<p><span class=\"HwtZe\" lang=\"fr\"><span class=\"jCAhz\"><span class=\"ryNqvb\">La fab a \u00e9t\u00e9 construite \u00e0 l&rsquo;origine par IBM mais a \u00e9t\u00e9 acquise par Globalfoundries en 2015, la propri\u00e9t\u00e9 et le contr\u00f4le ont \u00e9t\u00e9 transf\u00e9r\u00e9s progressivement depuis l&rsquo;annonce de l&rsquo;accord en 2019. <\/span><\/span><\/span><\/p>\n<h3><span class=\"HwtZe\" lang=\"fr\"><span class=\"jCAhz\"><span class=\"ryNqvb\">Fabrication diff\u00e9renci\u00e9e <\/span><\/span><\/span><\/h3>\n<p><span class=\"HwtZe\" lang=\"fr\"><span class=\"jCAhz\"><span class=\"ryNqvb\">\u00ab\u00a0C&rsquo;est pourquoi nous avons laiss\u00e9 passer les d\u00e9penses d&rsquo;investissement de 6 % du chiffre d&rsquo;affaires en 2021 \u00e0 12 % du chiffre d&rsquo;affaires en 2022. \u00c0 long terme, nous passons \u00e0 15 % en moyenne pour supporter notre technologie diff\u00e9renci\u00e9e. <\/span><\/span><\/span><\/p>\n<p><span class=\"HwtZe\" lang=\"fr\"><span class=\"jCAhz\"><span class=\"ryNqvb\">L&rsquo;une des principales plateformes de cette diff\u00e9renciation est le carbure de silicium, tr\u00e8s demand\u00e9 pour la traction motrice des v\u00e9hicules \u00e9lectriques. Mais il existe de nombreux acteurs majeurs \u2013 tels qu&rsquo;Infineon, STMicroelectronics, StarPower, Wolfspeed, Rohm \u2013 \u00e9galement sur ce march\u00e9. <\/span><\/span><\/span><\/p>\n<p><span class=\"HwtZe\" lang=\"fr\"><span class=\"jCAhz\"><span class=\"ryNqvb\">El-Khoury n&rsquo;est pas inquiet. \u00ab\u00a0Nous avons un accord d&rsquo;approvisionnement \u00e0 long terme de 4 milliards de dollars avec un client.\u00a0\u00bb M\u00eame si les ventes d&rsquo;automobiles pourraient stagner l&rsquo;ann\u00e9e prochaine, la croissance des VE [v\u00e9hicules \u00e9lectriques] continuera, a-t-il d\u00e9clar\u00e9.<\/span><\/span><\/span><\/p>\n<p><span class=\"HwtZe\" lang=\"fr\"><span class=\"jCAhz\"><span class=\"ryNqvb\">Mais cela soul\u00e8ve la question; et l&rsquo;ann\u00e9e prochaine ? Avec les vents contraires macro\u00e9conomiques post-pand\u00e9miques de la r\u00e9cession et de l&rsquo;inflation, les tensions g\u00e9opolitiques entre les \u00c9tats-Unis et la Chine et la guerre en Ukraine, les choses ne sont pas positives?<\/span><\/span><\/span><\/p>\n<p><span class=\"HwtZe\" lang=\"fr\"><span class=\"jCAhz\"><span class=\"ryNqvb\"> \u00ab\u00a0Les d\u00e9penses de consommation et d&rsquo;informatique ont \u00e9t\u00e9 faibles depuis le milieu de l&rsquo;ann\u00e9e\u00a0\u00bb, reconna\u00eet El-Khoury, mais il exprime sa confiance dans le fait que les secteurs de l&rsquo;industrie, de l&rsquo;automobile, de la 5G et des infrastructures \u00e9lectriques se d\u00e9velopperont et que le fort couplage d&rsquo;OnSemi \u00e0 ces secteurs contribuera \u00e0 faire avancer l&rsquo;entreprise en 2023. <\/span><\/span><\/span><\/p>\n<h3><span class=\"HwtZe\" lang=\"fr\"><span class=\"jCAhz\"><span class=\"ryNqvb\">Tester, tester<\/span><\/span><\/span><\/h3>\n<p><span class=\"HwtZe\" lang=\"fr\"><span class=\"jCAhz\"><span class=\"ryNqvb\">OnSemi poss\u00e8de une longue liste de sites de fabrication qui effectuent de la v\u00e9rification, de l&rsquo; assemblage et du test. Ceux-ci sont en partie h\u00e9rit\u00e9s de l&rsquo;\u00e9poque des produits semiconducteurs de Motorola, mais aussi de ses acquisitions des installations de Sanyo et de Fairchild Semiconductor. Certes, dans l&rsquo;assurance qualit\u00e9 automobile, il y a de bonnes raisons de garder ces choses en interne. Mais l&rsquo;h\u00e9ritage d&rsquo;OnSemi comprend \u00e9galement trois sites en Chine et trois aux Philippines et un en Malaisie et au Vietnam.<\/span><\/span><\/span><\/p>\n<p><span class=\"HwtZe\" lang=\"fr\"><span class=\"jCAhz\"><span class=\"ryNqvb\">L&rsquo;accent mis par El-Khoury sur les fabs sera-t-il \u00e9galement appliqu\u00e9 \u00e0 l&rsquo;assemblage et au test? <\/span><\/span><\/span><\/p>\n<p><span class=\"HwtZe\" lang=\"fr\"><span class=\"jCAhz\"><span class=\"ryNqvb\">\u00ab\u00a0Nous n&rsquo;avons rien annonc\u00e9. En ce moment, nous remodelons notre outil d&rsquo;assemblage et de test pour correspondre \u00e0 notre portefeuille de produits. Par exemple, nous nous adaptons \u00e0 la fabrication de plus de modules. Une fois que nous aurons atteint la stabilit\u00e9, nous pourrons regarder \u00e0 nouveau. Mais nous surveillons en permanence \u00ab\u00a0Nous devons toujours \u00eatre meilleurs pour faire quelque chose que quelqu&rsquo;un d&rsquo;autre qui est pay\u00e9 pour le faire \u00e0 notre place. Tant que c&rsquo;est le cas, nous continuons \u00e0 le faire car cela apporte un avantage concurrentiel.\u00a0\u00bb <\/span><\/span><\/span><\/p>\n<p><span class=\"HwtZe\" lang=\"fr\"><span class=\"jCAhz\"><span class=\"ryNqvb\">Mais qu&rsquo;en est-il de ces trois installations en Chine et des relations d&rsquo;OnSemi avec la Chine plus g\u00e9n\u00e9ralement \u00e0 un moment o\u00f9 les \u00c9tats-Unis appliquent des contr\u00f4les d&rsquo;exportation stricts ?<\/span><\/span><\/span><\/p>\n<p><span class=\"HwtZe\" lang=\"fr\"><span class=\"jCAhz\"><span class=\"ryNqvb\">El-Khoury ne voit pas de probl\u00e8mes \u00e0 venir. \u00ab\u00a0Nous sommes une entreprise am\u00e9ricaine et respectons toutes les r\u00e9glementations.\u00a0\u00bb Il dit que les diff\u00e9rents types de technologies d&rsquo;OnSemi ne sont pas sur la liste des produits \u00ab\u00a0sujets \u00e0 restrictions\u00a0\u00bb et ne sont pas vendus directement ou indirectement pour des applications critiques ou inqui\u00e9tantes. \u00ab\u00a0La Chine est un grand march\u00e9 pour les semiconducteurs et il continuera d&rsquo;en \u00eatre ainsi\u00a0\u00bb, a-t-il d\u00e9clar\u00e9.<\/span><\/span><\/span><\/p>\n<p>Related links and articles:<\/p>\n<p><a href=\"http:\/\/www.onsemi.com\">www.onsemi.com<\/a><\/p>\n<p>News articles:<\/p>\n<p><a href=\"https:\/\/www.eenewsanalog.com\/en\/onsemi-sells-off-two-more-wafer-fabs\/\">OnSemi sells off two more wafer fabs<\/a><\/p>\n<p><a href=\"https:\/\/www.eenewsanalog.com\/en\/on-semi-buys-ex-ibm-fab-from-globalfoundries\/\">On Semi buys ex-IBM fab from Globalfoundries<\/a><\/p>\n<p><a href=\"https:\/\/www.eenewsanalog.com\/en\/the-greening-of-onsemi\/\">CEO interview: Hassane El-Khoury on the \u2018greening\u2019 of Onsemi<\/a><\/p>\n","protected":false},"excerpt":{"rendered":"<p>La soci\u00e9t\u00e9 ON Semiconductor Corp. est en train de vendre quatre fabs et d&rsquo;en acheter une autre. Mais tout cela fait partie du plan \u00ab fab-liter \u00bb mis en place par le PDG Hassane El-Khoury. Et dans une br\u00e8ve conversation avec eeNews Europe et ECI News, El-Khoury a exprim\u00e9 un certain optimisme quant \u00e0 la [&hellip;]<\/p>\n","protected":false},"author":34,"featured_media":6122,"comment_status":"closed","ping_status":"closed","sticky":false,"template":"","format":"standard","meta":{"_acf_changed":false,"footnotes":""},"categories":[880,883],"tags":[2263,2264,1558,2265],"domains":[47],"ppma_author":[1153,1136],"class_list":["post-406220","post","type-post","status-publish","format-standard","has-post-thumbnail","hentry","category-actualites-economiques","category-technologies","tag-alanlog","tag-fabs","tag-semiconducteurs","tag-sic-fr","domains-electronique-eci"],"acf":[],"yoast_head":"<title>OnSemi CEO talks preparation, optimism for 2023 ...<\/title>\n<meta name=\"description\" content=\"In a conversation with eeNews Europe Hassane El-Khoury, CEO of OnSemi expressed optimism about how his company is now positioned for 2023.\" \/>\n<meta name=\"robots\" content=\"index, follow, max-snippet:-1, max-image-preview:large, max-video-preview:-1\" \/>\n<link rel=\"canonical\" href=\"https:\/\/www.ecinews.fr\/fr\/wp-json\/wp\/v2\/posts\/406220\/\" \/>\n<meta property=\"og:locale\" content=\"fr_FR\" \/>\n<meta property=\"og:type\" content=\"article\" \/>\n<meta property=\"og:title\" content=\"Hassane El-Khoury CEO de OnSemi : un positionnement optimiste pour 2023\" \/>\n<meta property=\"og:description\" content=\"In a conversation with eeNews Europe Hassane El-Khoury, CEO of OnSemi expressed optimism about how his company is now positioned for 2023.\" \/>\n<meta property=\"og:url\" content=\"https:\/\/www.ecinews.fr\/fr\/wp-json\/wp\/v2\/posts\/406220\/\" \/>\n<meta property=\"og:site_name\" content=\"EENewsEurope\" \/>\n<meta property=\"article:published_time\" content=\"2022-11-21T17:49:56+00:00\" \/>\n<meta property=\"article:modified_time\" content=\"2023-02-13T16:55:38+00:00\" \/>\n<meta property=\"og:image\" content=\"https:\/\/www.eenewseurope.com\/wp-content\/uploads\/import\/default\/files\/sites\/default\/files\/images\/hassaneelkhoury630.jpg\" \/>\n\t<meta property=\"og:image:width\" content=\"630\" \/>\n\t<meta property=\"og:image:height\" content=\"396\" \/>\n\t<meta property=\"og:image:type\" content=\"image\/jpeg\" \/>\n<meta name=\"author\" content=\"A Delapalisse, Peter Clarke\" \/>\n<meta name=\"twitter:card\" content=\"summary_large_image\" \/>\n<meta name=\"twitter:label1\" content=\"Written by\" \/>\n\t<meta name=\"twitter:data1\" content=\"A Delapalisse\" \/>\n\t<meta name=\"twitter:label2\" content=\"Est. reading time\" \/>\n\t<meta name=\"twitter:data2\" content=\"4 minutes\" \/>\n<script type=\"application\/ld+json\" class=\"yoast-schema-graph\">{\"@context\":\"https:\/\/schema.org\",\"@graph\":[{\"@type\":\"Article\",\"@id\":\"https:\/\/www.eenewseurope.com\/fr\/le-ceo-de-onsemi-parle-de-positionnement-est-optimiste-pour-for-2023\/#article\",\"isPartOf\":{\"@id\":\"https:\/\/www.eenewseurope.com\/fr\/le-ceo-de-onsemi-parle-de-positionnement-est-optimiste-pour-for-2023\/\"},\"author\":{\"name\":\"A Delapalisse\",\"@id\":\"https:\/\/www.ecinews.fr\/fr\/#\/schema\/person\/0aa2cfb0bd8949724a68cbac8d8321b4\"},\"headline\":\"Hassane El-Khoury CEO de OnSemi : un positionnement optimiste pour 2023\",\"datePublished\":\"2022-11-21T17:49:56+00:00\",\"dateModified\":\"2023-02-13T16:55:38+00:00\",\"mainEntityOfPage\":{\"@id\":\"https:\/\/www.eenewseurope.com\/fr\/le-ceo-de-onsemi-parle-de-positionnement-est-optimiste-pour-for-2023\/\"},\"wordCount\":803,\"publisher\":{\"@id\":\"https:\/\/www.ecinews.fr\/fr\/#organization\"},\"keywords\":[\"Alanlog\",\"Fabs\",\"Semiconducteurs\",\"SiC\"],\"articleSection\":[\"Actualit\u00e9s \u00e9conomiques\",\"Technologies\"],\"inLanguage\":\"fr-FR\"},{\"@type\":\"WebPage\",\"@id\":\"https:\/\/www.eenewseurope.com\/fr\/le-ceo-de-onsemi-parle-de-positionnement-est-optimiste-pour-for-2023\/\",\"url\":\"https:\/\/www.eenewseurope.com\/fr\/le-ceo-de-onsemi-parle-de-positionnement-est-optimiste-pour-for-2023\/\",\"name\":\"OnSemi CEO talks preparation, optimism for 2023\",\"isPartOf\":{\"@id\":\"https:\/\/www.ecinews.fr\/fr\/#website\"},\"datePublished\":\"2022-11-21T17:49:56+00:00\",\"dateModified\":\"2023-02-13T16:55:38+00:00\",\"description\":\"In a conversation with eeNews Europe Hassane El-Khoury, CEO of OnSemi expressed optimism about how his company is now positioned for 2023.\",\"breadcrumb\":{\"@id\":\"https:\/\/www.eenewseurope.com\/fr\/le-ceo-de-onsemi-parle-de-positionnement-est-optimiste-pour-for-2023\/#breadcrumb\"},\"inLanguage\":\"fr-FR\",\"potentialAction\":[{\"@type\":\"ReadAction\",\"target\":[\"https:\/\/www.eenewseurope.com\/fr\/le-ceo-de-onsemi-parle-de-positionnement-est-optimiste-pour-for-2023\/\"]}]},{\"@type\":\"BreadcrumbList\",\"@id\":\"https:\/\/www.eenewseurope.com\/fr\/le-ceo-de-onsemi-parle-de-positionnement-est-optimiste-pour-for-2023\/#breadcrumb\",\"itemListElement\":[{\"@type\":\"ListItem\",\"position\":1,\"name\":\"Home\",\"item\":\"https:\/\/www.ecinews.fr\/fr\/\"},{\"@type\":\"ListItem\",\"position\":2,\"name\":\"Hassane El-Khoury CEO de OnSemi : un positionnement optimiste pour 2023\"}]},{\"@type\":\"WebSite\",\"@id\":\"https:\/\/www.ecinews.fr\/fr\/#website\",\"url\":\"https:\/\/www.ecinews.fr\/fr\/\",\"name\":\"EENewsEurope\",\"description\":\"Just another WordPress site\",\"publisher\":{\"@id\":\"https:\/\/www.ecinews.fr\/fr\/#organization\"},\"potentialAction\":[{\"@type\":\"SearchAction\",\"target\":{\"@type\":\"EntryPoint\",\"urlTemplate\":\"https:\/\/www.ecinews.fr\/fr\/?s={search_term_string}\"},\"query-input\":\"required name=search_term_string\"}],\"inLanguage\":\"fr-FR\"},{\"@type\":\"Organization\",\"@id\":\"https:\/\/www.ecinews.fr\/fr\/#organization\",\"name\":\"EENewsEurope\",\"url\":\"https:\/\/www.ecinews.fr\/fr\/\",\"logo\":{\"@type\":\"ImageObject\",\"inLanguage\":\"fr-FR\",\"@id\":\"https:\/\/www.ecinews.fr\/fr\/#\/schema\/logo\/image\/\",\"url\":\"https:\/\/www.ecinews.fr\/wp-content\/uploads\/2022\/02\/logo-1.jpg\",\"contentUrl\":\"https:\/\/www.ecinews.fr\/wp-content\/uploads\/2022\/02\/logo-1.jpg\",\"width\":283,\"height\":113,\"caption\":\"EENewsEurope\"},\"image\":{\"@id\":\"https:\/\/www.ecinews.fr\/fr\/#\/schema\/logo\/image\/\"}},{\"@type\":\"Person\",\"@id\":\"https:\/\/www.ecinews.fr\/fr\/#\/schema\/person\/0aa2cfb0bd8949724a68cbac8d8321b4\",\"name\":\"A Delapalisse\",\"image\":{\"@type\":\"ImageObject\",\"inLanguage\":\"fr-FR\",\"@id\":\"https:\/\/www.ecinews.fr\/fr\/#\/schema\/person\/image\/211ac42237c2e9683c0964086c393cb4\",\"url\":\"https:\/\/secure.gravatar.com\/avatar\/ad45a8c5da24bc9c7c4940dd1c48a695?s=96&d=mm&r=g\",\"contentUrl\":\"https:\/\/secure.gravatar.com\/avatar\/ad45a8c5da24bc9c7c4940dd1c48a695?s=96&d=mm&r=g\",\"caption\":\"A Delapalisse\"},\"sameAs\":[\"http:\/\/ECI\"]}]}<\/script>","yoast_head_json":{"title":"OnSemi CEO talks preparation, optimism for 2023 ...","description":"In a conversation with eeNews Europe Hassane El-Khoury, CEO of OnSemi expressed optimism about how his company is now positioned for 2023.","robots":{"index":"index","follow":"follow","max-snippet":"max-snippet:-1","max-image-preview":"max-image-preview:large","max-video-preview":"max-video-preview:-1"},"canonical":"https:\/\/www.ecinews.fr\/fr\/wp-json\/wp\/v2\/posts\/406220\/","og_locale":"fr_FR","og_type":"article","og_title":"Hassane El-Khoury CEO de OnSemi : un positionnement optimiste pour 2023","og_description":"In a conversation with eeNews Europe Hassane El-Khoury, CEO of OnSemi expressed optimism about how his company is now positioned for 2023.","og_url":"https:\/\/www.ecinews.fr\/fr\/wp-json\/wp\/v2\/posts\/406220\/","og_site_name":"EENewsEurope","article_published_time":"2022-11-21T17:49:56+00:00","article_modified_time":"2023-02-13T16:55:38+00:00","og_image":[{"width":630,"height":396,"url":"https:\/\/www.eenewseurope.com\/wp-content\/uploads\/import\/default\/files\/sites\/default\/files\/images\/hassaneelkhoury630.jpg","type":"image\/jpeg"}],"author":"A Delapalisse, Peter Clarke","twitter_card":"summary_large_image","twitter_misc":{"Written by":"A Delapalisse","Est. reading time":"4 minutes"},"schema":{"@context":"https:\/\/schema.org","@graph":[{"@type":"Article","@id":"https:\/\/www.eenewseurope.com\/fr\/le-ceo-de-onsemi-parle-de-positionnement-est-optimiste-pour-for-2023\/#article","isPartOf":{"@id":"https:\/\/www.eenewseurope.com\/fr\/le-ceo-de-onsemi-parle-de-positionnement-est-optimiste-pour-for-2023\/"},"author":{"name":"A Delapalisse","@id":"https:\/\/www.ecinews.fr\/fr\/#\/schema\/person\/0aa2cfb0bd8949724a68cbac8d8321b4"},"headline":"Hassane El-Khoury CEO de OnSemi : un positionnement optimiste pour 2023","datePublished":"2022-11-21T17:49:56+00:00","dateModified":"2023-02-13T16:55:38+00:00","mainEntityOfPage":{"@id":"https:\/\/www.eenewseurope.com\/fr\/le-ceo-de-onsemi-parle-de-positionnement-est-optimiste-pour-for-2023\/"},"wordCount":803,"publisher":{"@id":"https:\/\/www.ecinews.fr\/fr\/#organization"},"keywords":["Alanlog","Fabs","Semiconducteurs","SiC"],"articleSection":["Actualit\u00e9s \u00e9conomiques","Technologies"],"inLanguage":"fr-FR"},{"@type":"WebPage","@id":"https:\/\/www.eenewseurope.com\/fr\/le-ceo-de-onsemi-parle-de-positionnement-est-optimiste-pour-for-2023\/","url":"https:\/\/www.eenewseurope.com\/fr\/le-ceo-de-onsemi-parle-de-positionnement-est-optimiste-pour-for-2023\/","name":"OnSemi CEO talks preparation, optimism for 2023","isPartOf":{"@id":"https:\/\/www.ecinews.fr\/fr\/#website"},"datePublished":"2022-11-21T17:49:56+00:00","dateModified":"2023-02-13T16:55:38+00:00","description":"In a conversation with eeNews Europe Hassane El-Khoury, CEO of OnSemi expressed optimism about how his company is now positioned for 2023.","breadcrumb":{"@id":"https:\/\/www.eenewseurope.com\/fr\/le-ceo-de-onsemi-parle-de-positionnement-est-optimiste-pour-for-2023\/#breadcrumb"},"inLanguage":"fr-FR","potentialAction":[{"@type":"ReadAction","target":["https:\/\/www.eenewseurope.com\/fr\/le-ceo-de-onsemi-parle-de-positionnement-est-optimiste-pour-for-2023\/"]}]},{"@type":"BreadcrumbList","@id":"https:\/\/www.eenewseurope.com\/fr\/le-ceo-de-onsemi-parle-de-positionnement-est-optimiste-pour-for-2023\/#breadcrumb","itemListElement":[{"@type":"ListItem","position":1,"name":"Home","item":"https:\/\/www.ecinews.fr\/fr\/"},{"@type":"ListItem","position":2,"name":"Hassane El-Khoury CEO de OnSemi : un positionnement optimiste pour 2023"}]},{"@type":"WebSite","@id":"https:\/\/www.ecinews.fr\/fr\/#website","url":"https:\/\/www.ecinews.fr\/fr\/","name":"EENewsEurope","description":"Just another WordPress site","publisher":{"@id":"https:\/\/www.ecinews.fr\/fr\/#organization"},"potentialAction":[{"@type":"SearchAction","target":{"@type":"EntryPoint","urlTemplate":"https:\/\/www.ecinews.fr\/fr\/?s={search_term_string}"},"query-input":"required name=search_term_string"}],"inLanguage":"fr-FR"},{"@type":"Organization","@id":"https:\/\/www.ecinews.fr\/fr\/#organization","name":"EENewsEurope","url":"https:\/\/www.ecinews.fr\/fr\/","logo":{"@type":"ImageObject","inLanguage":"fr-FR","@id":"https:\/\/www.ecinews.fr\/fr\/#\/schema\/logo\/image\/","url":"https:\/\/www.ecinews.fr\/wp-content\/uploads\/2022\/02\/logo-1.jpg","contentUrl":"https:\/\/www.ecinews.fr\/wp-content\/uploads\/2022\/02\/logo-1.jpg","width":283,"height":113,"caption":"EENewsEurope"},"image":{"@id":"https:\/\/www.ecinews.fr\/fr\/#\/schema\/logo\/image\/"}},{"@type":"Person","@id":"https:\/\/www.ecinews.fr\/fr\/#\/schema\/person\/0aa2cfb0bd8949724a68cbac8d8321b4","name":"A Delapalisse","image":{"@type":"ImageObject","inLanguage":"fr-FR","@id":"https:\/\/www.ecinews.fr\/fr\/#\/schema\/person\/image\/211ac42237c2e9683c0964086c393cb4","url":"https:\/\/secure.gravatar.com\/avatar\/ad45a8c5da24bc9c7c4940dd1c48a695?s=96&d=mm&r=g","contentUrl":"https:\/\/secure.gravatar.com\/avatar\/ad45a8c5da24bc9c7c4940dd1c48a695?s=96&d=mm&r=g","caption":"A Delapalisse"},"sameAs":["http:\/\/ECI"]}]}},"authors":[{"term_id":1153,"user_id":34,"is_guest":0,"slug":"adelapalisse","display_name":"A Delapalisse","avatar_url":"https:\/\/secure.gravatar.com\/avatar\/ad45a8c5da24bc9c7c4940dd1c48a695?s=96&d=mm&r=g","0":null,"1":"","2":"","3":"","4":"","5":"","6":"","7":"","8":""},{"term_id":1136,"user_id":4,"is_guest":0,"slug":"clarke","display_name":"Peter Clarke","avatar_url":"https:\/\/secure.gravatar.com\/avatar\/d567d206cb92a682963201f296594da4?s=96&d=mm&r=g","0":null,"1":"","2":"","3":"","4":"","5":"","6":"","7":"","8":""}],"_links":{"self":[{"href":"https:\/\/www.ecinews.fr\/fr\/wp-json\/wp\/v2\/posts\/406220"}],"collection":[{"href":"https:\/\/www.ecinews.fr\/fr\/wp-json\/wp\/v2\/posts"}],"about":[{"href":"https:\/\/www.ecinews.fr\/fr\/wp-json\/wp\/v2\/types\/post"}],"author":[{"embeddable":true,"href":"https:\/\/www.ecinews.fr\/fr\/wp-json\/wp\/v2\/users\/34"}],"replies":[{"embeddable":true,"href":"https:\/\/www.ecinews.fr\/fr\/wp-json\/wp\/v2\/comments?post=406220"}],"version-history":[{"count":0,"href":"https:\/\/www.ecinews.fr\/fr\/wp-json\/wp\/v2\/posts\/406220\/revisions"}],"wp:featuredmedia":[{"embeddable":true,"href":"https:\/\/www.ecinews.fr\/fr\/wp-json\/wp\/v2\/media\/6122"}],"wp:attachment":[{"href":"https:\/\/www.ecinews.fr\/fr\/wp-json\/wp\/v2\/media?parent=406220"}],"wp:term":[{"taxonomy":"category","embeddable":true,"href":"https:\/\/www.ecinews.fr\/fr\/wp-json\/wp\/v2\/categories?post=406220"},{"taxonomy":"post_tag","embeddable":true,"href":"https:\/\/www.ecinews.fr\/fr\/wp-json\/wp\/v2\/tags?post=406220"},{"taxonomy":"domains","embeddable":true,"href":"https:\/\/www.ecinews.fr\/fr\/wp-json\/wp\/v2\/domains?post=406220"},{"taxonomy":"author","embeddable":true,"href":"https:\/\/www.ecinews.fr\/fr\/wp-json\/wp\/v2\/ppma_author?post=406220"}],"curies":[{"name":"wp","href":"https:\/\/api.w.org\/{rel}","templated":true}]}}