{"id":406087,"date":"2022-11-20T17:52:11","date_gmt":"2022-11-20T16:52:11","guid":{"rendered":"https:\/\/www.ecinews.fr\/?p=406087"},"modified":"2022-11-20T17:52:11","modified_gmt":"2022-11-20T16:52:11","slug":"supercondensateurs-pour-applications-automobiles","status":"publish","type":"post","link":"https:\/\/www.ecinews.fr\/fr\/supercondensateurs-pour-applications-automobiles\/","title":{"rendered":"Supercondensateurs pour applications automobiles"},"content":{"rendered":"<p>Avec le supercondensateur TVA cylindrique, EATON \u00e9largit sa gamme de condensateurs avec un dispositif de stockage d\u2019\u00e9nergie performant et fiable avec qualification AEC-Q200. Il peut \u00eatre utilis\u00e9 comme dispositif de stockage d\u2019\u00e9nergie autonome ou en combinaison avec des batteries pour optimiser la dur\u00e9e de vie, les performances et les co\u00fbts de l\u2019application. Une tension de fonctionnement de 3 V assure une puissance et une \u00e9nergie \u00e9lev\u00e9es. Les faibles valeurs ESR permettent \u00e9galement une densit\u00e9 de puissance \u00e9lev\u00e9e. Avec une capacit\u00e9 de 25 F \u00e0 100 F, les condensateurs sont particuli\u00e8rement puissants. La valeur de tol\u00e9rance \u00e0 20 \u00b0C est comprise entre -10 % et +30 %.<\/p>\n<p>&nbsp;<\/p>\n<p><a href=\"https:\/\/www.rutronik24.com\/pgm\/eaton\/electric-double-layer-capacitors\/kuk\/\">www.rutronik24.com<\/a><\/p>\n","protected":false},"excerpt":{"rendered":"<p>Avec le supercondensateur TVA cylindrique, EATON \u00e9largit sa gamme de condensateurs avec un dispositif de stockage d\u2019\u00e9nergie performant et fiable avec qualification AEC-Q200. Il peut \u00eatre utilis\u00e9 comme dispositif de stockage d\u2019\u00e9nergie autonome ou en combinaison avec des batteries pour optimiser la dur\u00e9e de vie, les performances et les co\u00fbts de l\u2019application. Une tension de [&hellip;]<\/p>\n","protected":false},"author":36,"featured_media":406088,"comment_status":"closed","ping_status":"closed","sticky":false,"template":"","format":"standard","meta":{"_acf_changed":false,"footnotes":""},"categories":[881],"tags":[891,1588],"domains":[47],"ppma_author":[1154],"class_list":["post-406087","post","type-post","status-publish","format-standard","has-post-thumbnail","hentry","category-nouveaux-produits","tag-automotive-fr","tag-condensateurs","domains-electronique-eci"],"acf":[],"yoast_head":"<title>Supercondensateurs pour applications automobiles ...<\/title>\n<meta name=\"description\" content=\"Avec le supercondensateur TVA cylindrique, EATON \u00e9largit sa gamme de condensateurs avec un dispositif de stockage d\u2019\u00e9nergie performant et fiable avec...\" \/>\n<meta name=\"robots\" content=\"index, follow, max-snippet:-1, max-image-preview:large, max-video-preview:-1\" \/>\n<link rel=\"canonical\" href=\"https:\/\/www.ecinews.fr\/fr\/wp-json\/wp\/v2\/posts\/406087\/\" \/>\n<meta property=\"og:locale\" content=\"fr_FR\" \/>\n<meta property=\"og:type\" content=\"article\" \/>\n<meta property=\"og:title\" content=\"Supercondensateurs pour applications automobiles\" \/>\n<meta property=\"og:description\" content=\"Avec le supercondensateur TVA cylindrique, EATON \u00e9largit sa gamme de condensateurs avec un dispositif de stockage d\u2019\u00e9nergie performant et fiable avec qualification AEC-Q200. Il peut \u00eatre utilis\u00e9 comme dispositif de stockage d\u2019\u00e9nergie autonome ou en combinaison avec des batteries pour optimiser la dur\u00e9e de vie, les performances et les co\u00fbts de l\u2019application. Une tension de [&hellip;]\" \/>\n<meta property=\"og:url\" content=\"https:\/\/www.ecinews.fr\/fr\/wp-json\/wp\/v2\/posts\/406087\/\" \/>\n<meta property=\"og:site_name\" content=\"EENewsEurope\" \/>\n<meta property=\"article:published_time\" content=\"2022-11-20T16:52:11+00:00\" \/>\n<meta property=\"og:image\" content=\"https:\/\/www.eenewseurope.com\/wp-content\/uploads\/2022\/11\/ECI1538_Rutronik.jpg\" \/>\n\t<meta property=\"og:image:width\" content=\"460\" \/>\n\t<meta property=\"og:image:height\" content=\"325\" \/>\n\t<meta property=\"og:image:type\" content=\"image\/jpeg\" \/>\n<meta name=\"author\" content=\"Alain Dieul\" \/>\n<meta name=\"twitter:card\" content=\"summary_large_image\" \/>\n<meta name=\"twitter:label1\" content=\"Written by\" \/>\n\t<meta name=\"twitter:data1\" content=\"Alain Dieul\" \/>\n\t<meta name=\"twitter:label2\" content=\"Est. reading time\" \/>\n\t<meta name=\"twitter:data2\" content=\"1 minute\" \/>\n<script type=\"application\/ld+json\" class=\"yoast-schema-graph\">{\"@context\":\"https:\/\/schema.org\",\"@graph\":[{\"@type\":\"Article\",\"@id\":\"https:\/\/www.eenewseurope.com\/fr\/supercondensateurs-pour-applications-automobiles\/#article\",\"isPartOf\":{\"@id\":\"https:\/\/www.eenewseurope.com\/fr\/supercondensateurs-pour-applications-automobiles\/\"},\"author\":{\"name\":\"Alain Dieul\",\"@id\":\"https:\/\/www.eenewseurope.com\/en\/#\/schema\/person\/e4387676ad67ce722325c7832f3c3762\"},\"headline\":\"Supercondensateurs pour applications automobiles\",\"datePublished\":\"2022-11-20T16:52:11+00:00\",\"dateModified\":\"2022-11-20T16:52:11+00:00\",\"mainEntityOfPage\":{\"@id\":\"https:\/\/www.eenewseurope.com\/fr\/supercondensateurs-pour-applications-automobiles\/\"},\"wordCount\":114,\"publisher\":{\"@id\":\"https:\/\/www.eenewseurope.com\/en\/#organization\"},\"keywords\":[\"Automotive\",\"Condensateurs\"],\"articleSection\":[\"Nouveaux produits\"],\"inLanguage\":\"fr-FR\"},{\"@type\":\"WebPage\",\"@id\":\"https:\/\/www.eenewseurope.com\/fr\/supercondensateurs-pour-applications-automobiles\/\",\"url\":\"https:\/\/www.eenewseurope.com\/fr\/supercondensateurs-pour-applications-automobiles\/\",\"name\":\"Supercondensateurs pour applications automobiles -\",\"isPartOf\":{\"@id\":\"https:\/\/www.eenewseurope.com\/en\/#website\"},\"datePublished\":\"2022-11-20T16:52:11+00:00\",\"dateModified\":\"2022-11-20T16:52:11+00:00\",\"breadcrumb\":{\"@id\":\"https:\/\/www.eenewseurope.com\/fr\/supercondensateurs-pour-applications-automobiles\/#breadcrumb\"},\"inLanguage\":\"fr-FR\",\"potentialAction\":[{\"@type\":\"ReadAction\",\"target\":[\"https:\/\/www.eenewseurope.com\/fr\/supercondensateurs-pour-applications-automobiles\/\"]}]},{\"@type\":\"BreadcrumbList\",\"@id\":\"https:\/\/www.eenewseurope.com\/fr\/supercondensateurs-pour-applications-automobiles\/#breadcrumb\",\"itemListElement\":[{\"@type\":\"ListItem\",\"position\":1,\"name\":\"Home\",\"item\":\"https:\/\/www.ecinews.fr\/fr\/\"},{\"@type\":\"ListItem\",\"position\":2,\"name\":\"Supercondensateurs pour applications automobiles\"}]},{\"@type\":\"WebSite\",\"@id\":\"https:\/\/www.eenewseurope.com\/en\/#website\",\"url\":\"https:\/\/www.eenewseurope.com\/en\/\",\"name\":\"EENewsEurope\",\"description\":\"Just another WordPress site\",\"publisher\":{\"@id\":\"https:\/\/www.eenewseurope.com\/en\/#organization\"},\"potentialAction\":[{\"@type\":\"SearchAction\",\"target\":{\"@type\":\"EntryPoint\",\"urlTemplate\":\"https:\/\/www.eenewseurope.com\/en\/?s={search_term_string}\"},\"query-input\":\"required name=search_term_string\"}],\"inLanguage\":\"fr-FR\"},{\"@type\":\"Organization\",\"@id\":\"https:\/\/www.eenewseurope.com\/en\/#organization\",\"name\":\"EENewsEurope\",\"url\":\"https:\/\/www.eenewseurope.com\/en\/\",\"logo\":{\"@type\":\"ImageObject\",\"inLanguage\":\"fr-FR\",\"@id\":\"https:\/\/www.eenewseurope.com\/en\/#\/schema\/logo\/image\/\",\"url\":\"https:\/\/www.ecinews.fr\/wp-content\/uploads\/2022\/02\/logo-1.jpg\",\"contentUrl\":\"https:\/\/www.ecinews.fr\/wp-content\/uploads\/2022\/02\/logo-1.jpg\",\"width\":283,\"height\":113,\"caption\":\"EENewsEurope\"},\"image\":{\"@id\":\"https:\/\/www.eenewseurope.com\/en\/#\/schema\/logo\/image\/\"}},{\"@type\":\"Person\",\"@id\":\"https:\/\/www.eenewseurope.com\/en\/#\/schema\/person\/e4387676ad67ce722325c7832f3c3762\",\"name\":\"Alain Dieul\",\"image\":{\"@type\":\"ImageObject\",\"inLanguage\":\"fr-FR\",\"@id\":\"https:\/\/www.eenewseurope.com\/en\/#\/schema\/person\/image\/736120675699dbbf0f0f282b9a9cfb75\",\"url\":\"https:\/\/secure.gravatar.com\/avatar\/bc93b056d07515be5b8eecd4acf49c5c?s=96&d=mm&r=g\",\"contentUrl\":\"https:\/\/secure.gravatar.com\/avatar\/bc93b056d07515be5b8eecd4acf49c5c?s=96&d=mm&r=g\",\"caption\":\"Alain Dieul\"},\"sameAs\":[\"http:\/\/ECINews\"]}]}<\/script>","yoast_head_json":{"title":"Supercondensateurs pour applications automobiles ...","description":"Avec le supercondensateur TVA cylindrique, EATON \u00e9largit sa gamme de condensateurs avec un dispositif de stockage d\u2019\u00e9nergie performant et fiable avec...","robots":{"index":"index","follow":"follow","max-snippet":"max-snippet:-1","max-image-preview":"max-image-preview:large","max-video-preview":"max-video-preview:-1"},"canonical":"https:\/\/www.ecinews.fr\/fr\/wp-json\/wp\/v2\/posts\/406087\/","og_locale":"fr_FR","og_type":"article","og_title":"Supercondensateurs pour applications automobiles","og_description":"Avec le supercondensateur TVA cylindrique, EATON \u00e9largit sa gamme de condensateurs avec un dispositif de stockage d\u2019\u00e9nergie performant et fiable avec qualification AEC-Q200. Il peut \u00eatre utilis\u00e9 comme dispositif de stockage d\u2019\u00e9nergie autonome ou en combinaison avec des batteries pour optimiser la dur\u00e9e de vie, les performances et les co\u00fbts de l\u2019application. Une tension de [&hellip;]","og_url":"https:\/\/www.ecinews.fr\/fr\/wp-json\/wp\/v2\/posts\/406087\/","og_site_name":"EENewsEurope","article_published_time":"2022-11-20T16:52:11+00:00","og_image":[{"width":460,"height":325,"url":"https:\/\/www.eenewseurope.com\/wp-content\/uploads\/2022\/11\/ECI1538_Rutronik.jpg","type":"image\/jpeg"}],"author":"Alain Dieul","twitter_card":"summary_large_image","twitter_misc":{"Written by":"Alain Dieul","Est. reading time":"1 minute"},"schema":{"@context":"https:\/\/schema.org","@graph":[{"@type":"Article","@id":"https:\/\/www.eenewseurope.com\/fr\/supercondensateurs-pour-applications-automobiles\/#article","isPartOf":{"@id":"https:\/\/www.eenewseurope.com\/fr\/supercondensateurs-pour-applications-automobiles\/"},"author":{"name":"Alain Dieul","@id":"https:\/\/www.eenewseurope.com\/en\/#\/schema\/person\/e4387676ad67ce722325c7832f3c3762"},"headline":"Supercondensateurs pour applications automobiles","datePublished":"2022-11-20T16:52:11+00:00","dateModified":"2022-11-20T16:52:11+00:00","mainEntityOfPage":{"@id":"https:\/\/www.eenewseurope.com\/fr\/supercondensateurs-pour-applications-automobiles\/"},"wordCount":114,"publisher":{"@id":"https:\/\/www.eenewseurope.com\/en\/#organization"},"keywords":["Automotive","Condensateurs"],"articleSection":["Nouveaux produits"],"inLanguage":"fr-FR"},{"@type":"WebPage","@id":"https:\/\/www.eenewseurope.com\/fr\/supercondensateurs-pour-applications-automobiles\/","url":"https:\/\/www.eenewseurope.com\/fr\/supercondensateurs-pour-applications-automobiles\/","name":"Supercondensateurs pour applications automobiles -","isPartOf":{"@id":"https:\/\/www.eenewseurope.com\/en\/#website"},"datePublished":"2022-11-20T16:52:11+00:00","dateModified":"2022-11-20T16:52:11+00:00","breadcrumb":{"@id":"https:\/\/www.eenewseurope.com\/fr\/supercondensateurs-pour-applications-automobiles\/#breadcrumb"},"inLanguage":"fr-FR","potentialAction":[{"@type":"ReadAction","target":["https:\/\/www.eenewseurope.com\/fr\/supercondensateurs-pour-applications-automobiles\/"]}]},{"@type":"BreadcrumbList","@id":"https:\/\/www.eenewseurope.com\/fr\/supercondensateurs-pour-applications-automobiles\/#breadcrumb","itemListElement":[{"@type":"ListItem","position":1,"name":"Home","item":"https:\/\/www.ecinews.fr\/fr\/"},{"@type":"ListItem","position":2,"name":"Supercondensateurs pour applications automobiles"}]},{"@type":"WebSite","@id":"https:\/\/www.eenewseurope.com\/en\/#website","url":"https:\/\/www.eenewseurope.com\/en\/","name":"EENewsEurope","description":"Just another WordPress site","publisher":{"@id":"https:\/\/www.eenewseurope.com\/en\/#organization"},"potentialAction":[{"@type":"SearchAction","target":{"@type":"EntryPoint","urlTemplate":"https:\/\/www.eenewseurope.com\/en\/?s={search_term_string}"},"query-input":"required name=search_term_string"}],"inLanguage":"fr-FR"},{"@type":"Organization","@id":"https:\/\/www.eenewseurope.com\/en\/#organization","name":"EENewsEurope","url":"https:\/\/www.eenewseurope.com\/en\/","logo":{"@type":"ImageObject","inLanguage":"fr-FR","@id":"https:\/\/www.eenewseurope.com\/en\/#\/schema\/logo\/image\/","url":"https:\/\/www.ecinews.fr\/wp-content\/uploads\/2022\/02\/logo-1.jpg","contentUrl":"https:\/\/www.ecinews.fr\/wp-content\/uploads\/2022\/02\/logo-1.jpg","width":283,"height":113,"caption":"EENewsEurope"},"image":{"@id":"https:\/\/www.eenewseurope.com\/en\/#\/schema\/logo\/image\/"}},{"@type":"Person","@id":"https:\/\/www.eenewseurope.com\/en\/#\/schema\/person\/e4387676ad67ce722325c7832f3c3762","name":"Alain Dieul","image":{"@type":"ImageObject","inLanguage":"fr-FR","@id":"https:\/\/www.eenewseurope.com\/en\/#\/schema\/person\/image\/736120675699dbbf0f0f282b9a9cfb75","url":"https:\/\/secure.gravatar.com\/avatar\/bc93b056d07515be5b8eecd4acf49c5c?s=96&d=mm&r=g","contentUrl":"https:\/\/secure.gravatar.com\/avatar\/bc93b056d07515be5b8eecd4acf49c5c?s=96&d=mm&r=g","caption":"Alain Dieul"},"sameAs":["http:\/\/ECINews"]}]}},"authors":[{"term_id":1154,"user_id":36,"is_guest":0,"slug":"alain-dieul","display_name":"Alain Dieul","avatar_url":"https:\/\/secure.gravatar.com\/avatar\/bc93b056d07515be5b8eecd4acf49c5c?s=96&d=mm&r=g","0":null,"1":"","2":"","3":"","4":"","5":"","6":"","7":"","8":""}],"_links":{"self":[{"href":"https:\/\/www.ecinews.fr\/fr\/wp-json\/wp\/v2\/posts\/406087"}],"collection":[{"href":"https:\/\/www.ecinews.fr\/fr\/wp-json\/wp\/v2\/posts"}],"about":[{"href":"https:\/\/www.ecinews.fr\/fr\/wp-json\/wp\/v2\/types\/post"}],"author":[{"embeddable":true,"href":"https:\/\/www.ecinews.fr\/fr\/wp-json\/wp\/v2\/users\/36"}],"replies":[{"embeddable":true,"href":"https:\/\/www.ecinews.fr\/fr\/wp-json\/wp\/v2\/comments?post=406087"}],"version-history":[{"count":0,"href":"https:\/\/www.ecinews.fr\/fr\/wp-json\/wp\/v2\/posts\/406087\/revisions"}],"wp:featuredmedia":[{"embeddable":true,"href":"https:\/\/www.ecinews.fr\/fr\/wp-json\/wp\/v2\/media\/406088"}],"wp:attachment":[{"href":"https:\/\/www.ecinews.fr\/fr\/wp-json\/wp\/v2\/media?parent=406087"}],"wp:term":[{"taxonomy":"category","embeddable":true,"href":"https:\/\/www.ecinews.fr\/fr\/wp-json\/wp\/v2\/categories?post=406087"},{"taxonomy":"post_tag","embeddable":true,"href":"https:\/\/www.ecinews.fr\/fr\/wp-json\/wp\/v2\/tags?post=406087"},{"taxonomy":"domains","embeddable":true,"href":"https:\/\/www.ecinews.fr\/fr\/wp-json\/wp\/v2\/domains?post=406087"},{"taxonomy":"author","embeddable":true,"href":"https:\/\/www.ecinews.fr\/fr\/wp-json\/wp\/v2\/ppma_author?post=406087"}],"curies":[{"name":"wp","href":"https:\/\/api.w.org\/{rel}","templated":true}]}}