{"id":404670,"date":"2022-11-14T23:21:43","date_gmt":"2022-11-14T22:21:43","guid":{"rendered":"https:\/\/www.eenewseurope.com\/?p=404670"},"modified":"2022-11-14T23:36:58","modified_gmt":"2022-11-14T22:36:58","slug":"infineon-va-construire-une-fab-a-e5-milliards-a-dresde","status":"publish","type":"post","link":"https:\/\/www.ecinews.fr\/fr\/infineon-va-construire-une-fab-a-e5-milliards-a-dresde\/","title":{"rendered":"Infineon va construire une fab \u00e0 \u20ac5 milliards \u00e0 Dresde"},"content":{"rendered":"<h2><span class=\"HwtZe\" lang=\"fr\"><span class=\"jCAhz\"><span class=\"ryNqvb\">Le conseil d&rsquo;administration d&rsquo;Infineon a approuv\u00e9 la construction d&rsquo;une usine de fabrication de wafers de semiconducteurs analogiques\/mixtes et de puissance de 300 mm \u00e0 Dresde. <\/span><\/span><\/span><\/h2>\n<p><span class=\"HwtZe\" lang=\"fr\"><span class=\"jCAhz\"><span class=\"ryNqvb\">L&rsquo;usine devrait co\u00fbter 5 milliards d&rsquo;euros (environ 5 milliards de dollars), mais sa construction se fera\u00a0 \u00ab\u00a0sous r\u00e9serve d&rsquo;un financement public ad\u00e9quat\u00a0\u00bb, selon un communiqu\u00e9 de presse d&rsquo;Infineon.<\/span><\/span><\/span><\/p>\n<p><span class=\"HwtZe\" lang=\"fr\"><span class=\"jCAhz\"><span class=\"ryNqvb\">Dans un communiqu\u00e9, Jochen Hanebeck, qui a r\u00e9cemment pris ses fonctions de CEO d&rsquo;Infineon, a d\u00e9clar\u00e9 : \u00ab\u00a0Nous sommes heureux d&rsquo;avoir un soutien politique pour un investissement sur le site de Dresde (Allemagne) et nous comptons sur un financement ad\u00e9quat via le European Chips Act. Nous avons achev\u00e9 avec succ\u00e8s un exercice 2022 difficile ( fin septembre), avec un excellent quatri\u00e8me trimestre. L&rsquo;exercice 2023 a \u00e9galement bien commenc\u00e9. Compte tenu des incertitudes macro\u00e9conomiques et g\u00e9opolitiques persistantes, une vigilance accrue s&rsquo;impose au cours des prochains trimestres. Nous sommes pr\u00eats \u00e0 agir avec rapidit\u00e9 et flexibilit\u00e9 si n\u00e9cessaire.\u00a0\u00bb<\/span><\/span><\/span><\/p>\n<p><span class=\"HwtZe\" lang=\"fr\"><span class=\"jCAhz\"><span class=\"ryNqvb\">L&rsquo;usine de fabrication de wafers de Dresde aurait la capacit\u00e9 potentielle de g\u00e9n\u00e9rer des revenus annuels \u00e9gaux au niveau de l&rsquo;investissement ( soit 5 milliards par an). La nouvelle usine devrait cr\u00e9er jusqu&rsquo;\u00e0 1 000 emplois et pourrait \u00eatre pr\u00eate \u00e0 d\u00e9marrer la production \u00e0 l&rsquo;automne 2026, a d\u00e9clar\u00e9 Infineon. <\/span><\/span><\/span><\/p>\n<h4><span class=\"HwtZe\" lang=\"fr\"><span class=\"jCAhz\"><span class=\"ryNqvb\">Bon trimestre, bonne ann\u00e9e<\/span><\/span><\/span><\/h4>\n<p><span class=\"HwtZe\" lang=\"fr\"><span class=\"jCAhz\"><span class=\"ryNqvb\">Le d\u00e9veloppement a \u00e9t\u00e9 annonc\u00e9 parall\u00e8lement aux r\u00e9sultats du quatri\u00e8me trimestre fiscal 2022 et de l&rsquo;exercice fiscal complet de l&rsquo;ann\u00e9e d&rsquo;Infineon. <\/span><\/span><\/span><\/p>\n<p><span class=\"HwtZe\" lang=\"fr\"><span class=\"jCAhz\"><span class=\"ryNqvb\">Infineon a r\u00e9alis\u00e9 un chiffre d&rsquo;affaires pour le quatri\u00e8me trimestre clos le 30 septembre 2022 de 4 143 milliards d&rsquo;euros. Ce chiffre a augment\u00e9 de 15 % en s\u00e9quentiel et de 38 % sur une ann\u00e9e. La soci\u00e9t\u00e9 a r\u00e9alis\u00e9 un b\u00e9n\u00e9fice de 735 millions d&rsquo;euros, en hausse de 58% sur un an. Sur la base d&rsquo;un taux de change suppos\u00e9 de 1,00 USD pour un euro, Infineon pr\u00e9voit de g\u00e9n\u00e9rer un chiffre d&rsquo;affaires d&rsquo;environ 4,0 milliards d&rsquo;euros au premier trimestre de l&rsquo;exercice 2023.<\/span><\/span><\/span><\/p>\n<p>Autres articles et liens<\/p>\n<p><a href=\"http:\/\/www.infineon.com\">www.infineon.com<\/a><\/p>\n<p class=\"title\"><a title=\"Infineon lance un microcontr\u00f4leur industriel triple coeur\" href=\"https:\/\/www.ecinews.fr\/fr\/infineon-lance-un-microcontroleur-industriel-triple-coeur\/\" target=\"_blank\" rel=\"noopener\">Infineon lance un microcontr\u00f4leur industriel triple coeur<\/a><\/p>\n<p class=\"title\"><a title=\"Infineon lance une nouvelle plateforme de capteurs IoT pour le prototypage rapide\" href=\"https:\/\/www.ecinews.fr\/fr\/infineon-lance-le-kit-de-capteurs-connectes-xensiv-une-nouvelle-plateforme-de-capteurs-ido\/\" target=\"_blank\" rel=\"noopener\">Infineon lance une nouvelle plateforme de capteurs IoT pour le prototypage rapide<\/a><\/p>\n<p>&nbsp;<\/p>\n","protected":false},"excerpt":{"rendered":"<p>Le conseil d&rsquo;administration d&rsquo;Infineon a approuv\u00e9 la construction d&rsquo;une usine de fabrication de wafers de semiconducteurs analogiques\/mixtes et de puissance de 300 mm \u00e0 Dresde.<\/p>\n","protected":false},"author":34,"featured_media":207376,"comment_status":"closed","ping_status":"closed","sticky":true,"template":"","format":"standard","meta":{"_acf_changed":false,"footnotes":""},"categories":[886],"tags":[889,1164,2158,1558],"domains":[47],"ppma_author":[1153,1136],"class_list":["post-404670","post","type-post","status-publish","format-standard","has-post-thumbnail","hentry","category-news-fr","tag-analog-fr","tag-composants-de-puissance","tag-fab","tag-semiconducteurs","domains-electronique-eci"],"acf":[],"yoast_head":"<title>Infineon va construire une fab \u00e0 \u20ac5 milliards \u00e0 Dresde ...<\/title>\n<meta name=\"description\" content=\"Le conseil d&#039;administration d&#039;Infineon a approuv\u00e9 la construction d&#039;une fab de semiconducteurs analogiques\/mixtes de 300 mm \u00e0 Dresde.\" \/>\n<meta name=\"robots\" content=\"index, follow, max-snippet:-1, max-image-preview:large, max-video-preview:-1\" \/>\n<link rel=\"canonical\" href=\"https:\/\/www.ecinews.fr\/fr\/wp-json\/wp\/v2\/posts\/404670\/\" \/>\n<meta property=\"og:locale\" content=\"fr_FR\" \/>\n<meta property=\"og:type\" content=\"article\" \/>\n<meta property=\"og:title\" content=\"Infineon va construire une fab \u00e0 \u20ac5 milliards \u00e0 Dresde\" \/>\n<meta property=\"og:description\" content=\"Le conseil d&#039;administration d&#039;Infineon a approuv\u00e9 la construction d&#039;une fab de semiconducteurs analogiques\/mixtes de 300 mm \u00e0 Dresde.\" \/>\n<meta property=\"og:url\" content=\"https:\/\/www.ecinews.fr\/fr\/wp-json\/wp\/v2\/posts\/404670\/\" \/>\n<meta property=\"og:site_name\" content=\"EENewsEurope\" \/>\n<meta property=\"article:published_time\" content=\"2022-11-14T22:21:43+00:00\" \/>\n<meta property=\"article:modified_time\" content=\"2022-11-14T22:36:58+00:00\" \/>\n<meta property=\"og:image\" content=\"https:\/\/www.ecinews.fr\/wp-content\/uploads\/import\/default\/files\/images\/01-picture-libraryde\/PeterClarke\/Semiconductor\/waferfab750.jpg\" \/>\n\t<meta property=\"og:image:width\" content=\"750\" \/>\n\t<meta property=\"og:image:height\" content=\"450\" \/>\n\t<meta property=\"og:image:type\" content=\"image\/jpeg\" \/>\n<meta name=\"author\" content=\"A Delapalisse, Peter Clarke\" \/>\n<meta name=\"twitter:card\" content=\"summary_large_image\" \/>\n<meta name=\"twitter:label1\" content=\"Written by\" \/>\n\t<meta name=\"twitter:data1\" content=\"A Delapalisse\" \/>\n\t<meta name=\"twitter:label2\" content=\"Est. reading time\" \/>\n\t<meta name=\"twitter:data2\" content=\"2 minutes\" \/>\n<script type=\"application\/ld+json\" class=\"yoast-schema-graph\">{\"@context\":\"https:\/\/schema.org\",\"@graph\":[{\"@type\":\"Article\",\"@id\":\"https:\/\/www.ecinews.fr\/fr\/infineon-va-construire-une-fab-a-e5-milliards-a-dresde\/#article\",\"isPartOf\":{\"@id\":\"https:\/\/www.ecinews.fr\/fr\/infineon-va-construire-une-fab-a-e5-milliards-a-dresde\/\"},\"author\":{\"name\":\"A Delapalisse\",\"@id\":\"https:\/\/www.ecinews.fr\/fr\/#\/schema\/person\/0aa2cfb0bd8949724a68cbac8d8321b4\"},\"headline\":\"Infineon va construire une fab \u00e0 \u20ac5 milliards \u00e0 Dresde\",\"datePublished\":\"2022-11-14T22:21:43+00:00\",\"dateModified\":\"2022-11-14T22:36:58+00:00\",\"mainEntityOfPage\":{\"@id\":\"https:\/\/www.ecinews.fr\/fr\/infineon-va-construire-une-fab-a-e5-milliards-a-dresde\/\"},\"wordCount\":374,\"publisher\":{\"@id\":\"https:\/\/www.ecinews.fr\/fr\/#organization\"},\"keywords\":[\"Analog\",\"Composants de puissance\",\"Fab\",\"Semiconducteurs\"],\"articleSection\":[\"Actualit\u00e9 g\u00e9n\u00e9rale\"],\"inLanguage\":\"fr-FR\"},{\"@type\":\"WebPage\",\"@id\":\"https:\/\/www.ecinews.fr\/fr\/infineon-va-construire-une-fab-a-e5-milliards-a-dresde\/\",\"url\":\"https:\/\/www.ecinews.fr\/fr\/infineon-va-construire-une-fab-a-e5-milliards-a-dresde\/\",\"name\":\"Infineon va construire une fab \u00e0 \u20ac5 milliards \u00e0 Dresde\",\"isPartOf\":{\"@id\":\"https:\/\/www.ecinews.fr\/fr\/#website\"},\"datePublished\":\"2022-11-14T22:21:43+00:00\",\"dateModified\":\"2022-11-14T22:36:58+00:00\",\"description\":\"Le conseil d'administration d'Infineon a approuv\u00e9 la construction d'une fab de semiconducteurs analogiques\/mixtes de 300 mm \u00e0 Dresde.\",\"breadcrumb\":{\"@id\":\"https:\/\/www.ecinews.fr\/fr\/infineon-va-construire-une-fab-a-e5-milliards-a-dresde\/#breadcrumb\"},\"inLanguage\":\"fr-FR\",\"potentialAction\":[{\"@type\":\"ReadAction\",\"target\":[\"https:\/\/www.ecinews.fr\/fr\/infineon-va-construire-une-fab-a-e5-milliards-a-dresde\/\"]}]},{\"@type\":\"BreadcrumbList\",\"@id\":\"https:\/\/www.ecinews.fr\/fr\/infineon-va-construire-une-fab-a-e5-milliards-a-dresde\/#breadcrumb\",\"itemListElement\":[{\"@type\":\"ListItem\",\"position\":1,\"name\":\"Home\",\"item\":\"https:\/\/www.ecinews.fr\/fr\/\"},{\"@type\":\"ListItem\",\"position\":2,\"name\":\"Infineon va construire une fab \u00e0 \u20ac5 milliards \u00e0 Dresde\"}]},{\"@type\":\"WebSite\",\"@id\":\"https:\/\/www.ecinews.fr\/fr\/#website\",\"url\":\"https:\/\/www.ecinews.fr\/fr\/\",\"name\":\"EENewsEurope\",\"description\":\"Just another WordPress site\",\"publisher\":{\"@id\":\"https:\/\/www.ecinews.fr\/fr\/#organization\"},\"potentialAction\":[{\"@type\":\"SearchAction\",\"target\":{\"@type\":\"EntryPoint\",\"urlTemplate\":\"https:\/\/www.ecinews.fr\/fr\/?s={search_term_string}\"},\"query-input\":\"required name=search_term_string\"}],\"inLanguage\":\"fr-FR\"},{\"@type\":\"Organization\",\"@id\":\"https:\/\/www.ecinews.fr\/fr\/#organization\",\"name\":\"EENewsEurope\",\"url\":\"https:\/\/www.ecinews.fr\/fr\/\",\"logo\":{\"@type\":\"ImageObject\",\"inLanguage\":\"fr-FR\",\"@id\":\"https:\/\/www.ecinews.fr\/fr\/#\/schema\/logo\/image\/\",\"url\":\"https:\/\/www.ecinews.fr\/wp-content\/uploads\/2022\/02\/logo-1.jpg\",\"contentUrl\":\"https:\/\/www.ecinews.fr\/wp-content\/uploads\/2022\/02\/logo-1.jpg\",\"width\":283,\"height\":113,\"caption\":\"EENewsEurope\"},\"image\":{\"@id\":\"https:\/\/www.ecinews.fr\/fr\/#\/schema\/logo\/image\/\"}},{\"@type\":\"Person\",\"@id\":\"https:\/\/www.ecinews.fr\/fr\/#\/schema\/person\/0aa2cfb0bd8949724a68cbac8d8321b4\",\"name\":\"A Delapalisse\",\"image\":{\"@type\":\"ImageObject\",\"inLanguage\":\"fr-FR\",\"@id\":\"https:\/\/www.ecinews.fr\/fr\/#\/schema\/person\/image\/211ac42237c2e9683c0964086c393cb4\",\"url\":\"https:\/\/secure.gravatar.com\/avatar\/ad45a8c5da24bc9c7c4940dd1c48a695?s=96&d=mm&r=g\",\"contentUrl\":\"https:\/\/secure.gravatar.com\/avatar\/ad45a8c5da24bc9c7c4940dd1c48a695?s=96&d=mm&r=g\",\"caption\":\"A Delapalisse\"},\"sameAs\":[\"http:\/\/ECI\"]}]}<\/script>","yoast_head_json":{"title":"Infineon va construire une fab \u00e0 \u20ac5 milliards \u00e0 Dresde ...","description":"Le conseil d'administration d'Infineon a approuv\u00e9 la construction d'une fab de semiconducteurs analogiques\/mixtes de 300 mm \u00e0 Dresde.","robots":{"index":"index","follow":"follow","max-snippet":"max-snippet:-1","max-image-preview":"max-image-preview:large","max-video-preview":"max-video-preview:-1"},"canonical":"https:\/\/www.ecinews.fr\/fr\/wp-json\/wp\/v2\/posts\/404670\/","og_locale":"fr_FR","og_type":"article","og_title":"Infineon va construire une fab \u00e0 \u20ac5 milliards \u00e0 Dresde","og_description":"Le conseil d'administration d'Infineon a approuv\u00e9 la construction d'une fab de semiconducteurs analogiques\/mixtes de 300 mm \u00e0 Dresde.","og_url":"https:\/\/www.ecinews.fr\/fr\/wp-json\/wp\/v2\/posts\/404670\/","og_site_name":"EENewsEurope","article_published_time":"2022-11-14T22:21:43+00:00","article_modified_time":"2022-11-14T22:36:58+00:00","og_image":[{"width":750,"height":450,"url":"https:\/\/www.ecinews.fr\/wp-content\/uploads\/import\/default\/files\/images\/01-picture-libraryde\/PeterClarke\/Semiconductor\/waferfab750.jpg","type":"image\/jpeg"}],"author":"A Delapalisse, Peter Clarke","twitter_card":"summary_large_image","twitter_misc":{"Written by":"A Delapalisse","Est. reading time":"2 minutes"},"schema":{"@context":"https:\/\/schema.org","@graph":[{"@type":"Article","@id":"https:\/\/www.ecinews.fr\/fr\/infineon-va-construire-une-fab-a-e5-milliards-a-dresde\/#article","isPartOf":{"@id":"https:\/\/www.ecinews.fr\/fr\/infineon-va-construire-une-fab-a-e5-milliards-a-dresde\/"},"author":{"name":"A Delapalisse","@id":"https:\/\/www.ecinews.fr\/fr\/#\/schema\/person\/0aa2cfb0bd8949724a68cbac8d8321b4"},"headline":"Infineon va construire une fab \u00e0 \u20ac5 milliards \u00e0 Dresde","datePublished":"2022-11-14T22:21:43+00:00","dateModified":"2022-11-14T22:36:58+00:00","mainEntityOfPage":{"@id":"https:\/\/www.ecinews.fr\/fr\/infineon-va-construire-une-fab-a-e5-milliards-a-dresde\/"},"wordCount":374,"publisher":{"@id":"https:\/\/www.ecinews.fr\/fr\/#organization"},"keywords":["Analog","Composants de puissance","Fab","Semiconducteurs"],"articleSection":["Actualit\u00e9 g\u00e9n\u00e9rale"],"inLanguage":"fr-FR"},{"@type":"WebPage","@id":"https:\/\/www.ecinews.fr\/fr\/infineon-va-construire-une-fab-a-e5-milliards-a-dresde\/","url":"https:\/\/www.ecinews.fr\/fr\/infineon-va-construire-une-fab-a-e5-milliards-a-dresde\/","name":"Infineon va construire une fab \u00e0 \u20ac5 milliards \u00e0 Dresde","isPartOf":{"@id":"https:\/\/www.ecinews.fr\/fr\/#website"},"datePublished":"2022-11-14T22:21:43+00:00","dateModified":"2022-11-14T22:36:58+00:00","description":"Le conseil d'administration d'Infineon a approuv\u00e9 la construction d'une fab de semiconducteurs analogiques\/mixtes de 300 mm \u00e0 Dresde.","breadcrumb":{"@id":"https:\/\/www.ecinews.fr\/fr\/infineon-va-construire-une-fab-a-e5-milliards-a-dresde\/#breadcrumb"},"inLanguage":"fr-FR","potentialAction":[{"@type":"ReadAction","target":["https:\/\/www.ecinews.fr\/fr\/infineon-va-construire-une-fab-a-e5-milliards-a-dresde\/"]}]},{"@type":"BreadcrumbList","@id":"https:\/\/www.ecinews.fr\/fr\/infineon-va-construire-une-fab-a-e5-milliards-a-dresde\/#breadcrumb","itemListElement":[{"@type":"ListItem","position":1,"name":"Home","item":"https:\/\/www.ecinews.fr\/fr\/"},{"@type":"ListItem","position":2,"name":"Infineon va construire une fab \u00e0 \u20ac5 milliards \u00e0 Dresde"}]},{"@type":"WebSite","@id":"https:\/\/www.ecinews.fr\/fr\/#website","url":"https:\/\/www.ecinews.fr\/fr\/","name":"EENewsEurope","description":"Just another WordPress site","publisher":{"@id":"https:\/\/www.ecinews.fr\/fr\/#organization"},"potentialAction":[{"@type":"SearchAction","target":{"@type":"EntryPoint","urlTemplate":"https:\/\/www.ecinews.fr\/fr\/?s={search_term_string}"},"query-input":"required name=search_term_string"}],"inLanguage":"fr-FR"},{"@type":"Organization","@id":"https:\/\/www.ecinews.fr\/fr\/#organization","name":"EENewsEurope","url":"https:\/\/www.ecinews.fr\/fr\/","logo":{"@type":"ImageObject","inLanguage":"fr-FR","@id":"https:\/\/www.ecinews.fr\/fr\/#\/schema\/logo\/image\/","url":"https:\/\/www.ecinews.fr\/wp-content\/uploads\/2022\/02\/logo-1.jpg","contentUrl":"https:\/\/www.ecinews.fr\/wp-content\/uploads\/2022\/02\/logo-1.jpg","width":283,"height":113,"caption":"EENewsEurope"},"image":{"@id":"https:\/\/www.ecinews.fr\/fr\/#\/schema\/logo\/image\/"}},{"@type":"Person","@id":"https:\/\/www.ecinews.fr\/fr\/#\/schema\/person\/0aa2cfb0bd8949724a68cbac8d8321b4","name":"A Delapalisse","image":{"@type":"ImageObject","inLanguage":"fr-FR","@id":"https:\/\/www.ecinews.fr\/fr\/#\/schema\/person\/image\/211ac42237c2e9683c0964086c393cb4","url":"https:\/\/secure.gravatar.com\/avatar\/ad45a8c5da24bc9c7c4940dd1c48a695?s=96&d=mm&r=g","contentUrl":"https:\/\/secure.gravatar.com\/avatar\/ad45a8c5da24bc9c7c4940dd1c48a695?s=96&d=mm&r=g","caption":"A Delapalisse"},"sameAs":["http:\/\/ECI"]}]}},"authors":[{"term_id":1153,"user_id":34,"is_guest":0,"slug":"adelapalisse","display_name":"A Delapalisse","avatar_url":"https:\/\/secure.gravatar.com\/avatar\/ad45a8c5da24bc9c7c4940dd1c48a695?s=96&d=mm&r=g","0":null,"1":"","2":"","3":"","4":"","5":"","6":"","7":"","8":""},{"term_id":1136,"user_id":4,"is_guest":0,"slug":"clarke","display_name":"Peter Clarke","avatar_url":"https:\/\/secure.gravatar.com\/avatar\/d567d206cb92a682963201f296594da4?s=96&d=mm&r=g","0":null,"1":"","2":"","3":"","4":"","5":"","6":"","7":"","8":""}],"_links":{"self":[{"href":"https:\/\/www.ecinews.fr\/fr\/wp-json\/wp\/v2\/posts\/404670"}],"collection":[{"href":"https:\/\/www.ecinews.fr\/fr\/wp-json\/wp\/v2\/posts"}],"about":[{"href":"https:\/\/www.ecinews.fr\/fr\/wp-json\/wp\/v2\/types\/post"}],"author":[{"embeddable":true,"href":"https:\/\/www.ecinews.fr\/fr\/wp-json\/wp\/v2\/users\/34"}],"replies":[{"embeddable":true,"href":"https:\/\/www.ecinews.fr\/fr\/wp-json\/wp\/v2\/comments?post=404670"}],"version-history":[{"count":0,"href":"https:\/\/www.ecinews.fr\/fr\/wp-json\/wp\/v2\/posts\/404670\/revisions"}],"wp:featuredmedia":[{"embeddable":true,"href":"https:\/\/www.ecinews.fr\/fr\/wp-json\/wp\/v2\/media\/207376"}],"wp:attachment":[{"href":"https:\/\/www.ecinews.fr\/fr\/wp-json\/wp\/v2\/media?parent=404670"}],"wp:term":[{"taxonomy":"category","embeddable":true,"href":"https:\/\/www.ecinews.fr\/fr\/wp-json\/wp\/v2\/categories?post=404670"},{"taxonomy":"post_tag","embeddable":true,"href":"https:\/\/www.ecinews.fr\/fr\/wp-json\/wp\/v2\/tags?post=404670"},{"taxonomy":"domains","embeddable":true,"href":"https:\/\/www.ecinews.fr\/fr\/wp-json\/wp\/v2\/domains?post=404670"},{"taxonomy":"author","embeddable":true,"href":"https:\/\/www.ecinews.fr\/fr\/wp-json\/wp\/v2\/ppma_author?post=404670"}],"curies":[{"name":"wp","href":"https:\/\/api.w.org\/{rel}","templated":true}]}}