{"id":402418,"date":"2022-11-08T18:35:24","date_gmt":"2022-11-08T17:35:24","guid":{"rendered":"https:\/\/www.eenewsanalog.com\/?p=402418"},"modified":"2022-11-08T18:43:57","modified_gmt":"2022-11-08T17:43:57","slug":"tsmc-reduit-ses-capacites-a-3nm-suite-a-la-chute-de-la-demande-dapple-et-intel","status":"publish","type":"post","link":"https:\/\/www.ecinews.fr\/fr\/tsmc-reduit-ses-capacites-a-3nm-suite-a-la-chute-de-la-demande-dapple-et-intel\/","title":{"rendered":"TSMC r\u00e9duit ses capacit\u00e9s \u00e0 3nm suite \u00e0 la chute de la demande d&rsquo;Apple et Intel"},"content":{"rendered":"<h2><span class=\"HwtZe\" lang=\"fr\"><span class=\"jCAhz\"><span class=\"ryNqvb\">TSMC a r\u00e9duit ses commandes aupr\u00e8s de ses fournisseurs de 40 \u00e0 50 %, selon le United Daily News de Taiwan. <\/span><\/span><\/span><\/h2>\n<p><span class=\"HwtZe\" lang=\"fr\"><span class=\"jCAhz\"><span class=\"ryNqvb\">Les r\u00e9ductions couvrent les wafers recycl\u00e9s, des consommables cl\u00e9s, certains \u00e9quipements de fabrication et de mise en bo\u00eetier et d&rsquo;autres domaines, mais dans un certain nombre de cas, les fournisseurs sont relativement petits et la r\u00e9duction des commandes de TSMC cr\u00e9e de l&rsquo;agitation et des incertitudes dans l&rsquo;industrie, a d\u00e9clar\u00e9 l&rsquo;UDN.<\/span><\/span><\/span><\/p>\n<p><span class=\"HwtZe\" lang=\"fr\"><span class=\"jCAhz\"><span class=\"ryNqvb\">Il a \u00e9t\u00e9 rapport\u00e9 plus t\u00f4t ce mois-ci que TSMC avait r\u00e9duit son budget de d\u00e9penses en capital pour 2022 d&rsquo;environ 40 milliards de dollars \u00e0 environ 36 milliards de dollars soit une baisse de 4 milliards ou 10%. Il est \u00e9galement rapport\u00e9 que les deux principaux clients de TSMC pour des puces \u00e0 3 nm &#8211; Apple et Intel &#8211; ont retard\u00e9 des commandes jusqu&rsquo;en 2023. UDN a d\u00e9clar\u00e9 que les ordinateurs Apple Mac \u00e9quip\u00e9s de processeurs M2 ont \u00e9t\u00e9 report\u00e9s \u00e0 mars de l&rsquo;ann\u00e9e prochaine.<\/span><\/span><\/span><\/p>\n<p><span class=\"HwtZe\" lang=\"fr\"><span class=\"jCAhz\"><span class=\"ryNqvb\">En cons\u00e9quence, TSMC a choisi de r\u00e9duire sa capacit\u00e9 de fabrication mensuelle du process de fabrication de 3 nm de 44 000 d\u00e9marrages de wafers par mois \u00e0 10 000 d\u00e9marrages de wafers par mois. <\/span><\/span><\/span><\/p>\n<p><span class=\"HwtZe\" lang=\"fr\"><span class=\"jCAhz\"><span class=\"ryNqvb\">La faiblesse du nombre de commandes de TSMC a commenc\u00e9 au 3T22 et s&rsquo;est poursuivie au 4T22 et par rapport au 1T23. L&rsquo;impact sur le back-end est plus important que celui sur le front-end, a d\u00e9clar\u00e9 l&rsquo;UDN.<\/span><\/span><\/span><\/p>\n<p>&nbsp;<\/p>\n<p>Autres articles li\u00e9s:<\/p>\n<div class=\"title-wrapper\">\n<p class=\"title\"><a title=\"Les donn\u00e9es des fonderies pointent les faiblesses du march\u00e9 des semiconducteurs\" href=\"https:\/\/www.ecinews.fr\/fr\/les-donnees-des-fonderies-pointent-les-faiblesses-du-marche-des-semiconducteurs\/\" target=\"_blank\" rel=\"noopener\">Les donn\u00e9es des fonderies pointent les faiblesses du march\u00e9 des semiconducteurs<\/a><\/p>\n<\/div>\n<div class=\"title-wrapper\">\n<p class=\"title\"><a title=\"Une invasion chinoise de Ta\u00efwan stopperait l\u2019activit\u00e9 de la fonderie TSMC\" href=\"https:\/\/www.ecinews.fr\/fr\/une-invasion-chinoise-de-taiwan-rendrait-tsmc-non-utilisable-selon-son-president\/\" target=\"_blank\" rel=\"noopener\">Une invasion chinoise de Ta\u00efwan stopperait l\u2019activit\u00e9 de la fonderie TSMC<\/a><\/p>\n<p><a href=\"https:\/\/www.ecinews.fr\/news\/la-chine-tentee-par-lannexion-de-taiwan-pour-ses-semiconducteurs\" target=\"notSet\" rel=\"noopener\">La Chine tent\u00e9e par l\u2019annexion de Ta\u00efwan pour ses semiconducteurs ?<\/a><\/p>\n<p>Articles on eeNews Europe:<\/p>\n<\/div>\n<p><a href=\"https:\/\/www.eenewsanalog.com\/en\/report-tsmc-stops-work-on-chinese-ai-chip-amid-sanctions-confusion\/\">Report: TSMC stops work on Chinese AI chip amid sanctions confusion<\/a><\/p>\n<p><a href=\"https:\/\/www.eenewsanalog.com\/en\/poor-yield-at-intel-delays-server-processors-says-trendforce\/\">Poor yield at Intel delays server processors, says TrendForce<\/a><\/p>\n<p><a href=\"https:\/\/www.eenewsanalog.com\/en\/intel-catching-up-with-tsmc\/\">Intel catching up with TSMC?<\/a><\/p>\n","protected":false},"excerpt":{"rendered":"<p>TSMC a r\u00e9duit ses commandes aupr\u00e8s de ses fournisseurs de 40 \u00e0 50 %, selon le United Daily News de Taiwan.<\/p>\n","protected":false},"author":34,"featured_media":98457,"comment_status":"closed","ping_status":"closed","sticky":true,"template":"","format":"standard","meta":{"_acf_changed":false,"footnotes":""},"categories":[880,21],"tags":[1558,2157],"domains":[47],"ppma_author":[1153,1136],"class_list":["post-402418","post","type-post","status-publish","format-standard","has-post-thumbnail","hentry","category-actualites-economiques","category-market-news","tag-semiconducteurs","tag-wafers-2","domains-electronique-eci"],"acf":[],"yoast_head":"<title>Report: TSMC takes action in response to falling demand ...<\/title>\n<meta name=\"description\" content=\"TSMC a r\u00e9duit ses commandes aupr\u00e8s de ses fournisseurs de 40 \u00e0 50 %, selon le United Daily News de Taiwan suite \u00e0 la chute de la demande.\" \/>\n<meta name=\"robots\" content=\"index, follow, max-snippet:-1, max-image-preview:large, max-video-preview:-1\" \/>\n<link rel=\"canonical\" href=\"https:\/\/www.ecinews.fr\/fr\/wp-json\/wp\/v2\/posts\/402418\/\" \/>\n<meta property=\"og:locale\" content=\"fr_FR\" \/>\n<meta property=\"og:type\" content=\"article\" \/>\n<meta property=\"og:title\" content=\"TSMC r\u00e9duit ses capacit\u00e9s \u00e0 3nm suite \u00e0 la chute de la demande d&#039;Apple et Intel\" \/>\n<meta property=\"og:description\" content=\"TSMC a r\u00e9duit ses commandes aupr\u00e8s de ses fournisseurs de 40 \u00e0 50 %, selon le United Daily News de Taiwan suite \u00e0 la chute de la demande.\" \/>\n<meta property=\"og:url\" content=\"https:\/\/www.ecinews.fr\/fr\/wp-json\/wp\/v2\/posts\/402418\/\" \/>\n<meta property=\"og:site_name\" content=\"EENewsEurope\" \/>\n<meta property=\"article:published_time\" content=\"2022-11-08T17:35:24+00:00\" \/>\n<meta property=\"article:modified_time\" content=\"2022-11-08T17:43:57+00:00\" \/>\n<meta property=\"og:image\" content=\"https:\/\/www.ecinews.fr\/wp-content\/uploads\/import\/default\/files\/sites\/default\/files\/images\/cuts630.jpg\" \/>\n\t<meta property=\"og:image:width\" content=\"630\" \/>\n\t<meta property=\"og:image:height\" content=\"390\" \/>\n\t<meta property=\"og:image:type\" content=\"image\/jpeg\" \/>\n<meta name=\"author\" content=\"A Delapalisse, Peter Clarke\" \/>\n<meta name=\"twitter:card\" content=\"summary_large_image\" \/>\n<meta name=\"twitter:label1\" content=\"Written by\" \/>\n\t<meta name=\"twitter:data1\" content=\"A Delapalisse\" \/>\n\t<meta name=\"twitter:label2\" content=\"Est. reading time\" \/>\n\t<meta name=\"twitter:data2\" content=\"2 minutes\" \/>\n<script type=\"application\/ld+json\" class=\"yoast-schema-graph\">{\"@context\":\"https:\/\/schema.org\",\"@graph\":[{\"@type\":\"Article\",\"@id\":\"https:\/\/www.ecinews.fr\/fr\/tsmc-reduit-ses-capacites-a-3nm-suite-a-la-chute-de-la-demande-dapple-et-intel\/#article\",\"isPartOf\":{\"@id\":\"https:\/\/www.ecinews.fr\/fr\/tsmc-reduit-ses-capacites-a-3nm-suite-a-la-chute-de-la-demande-dapple-et-intel\/\"},\"author\":{\"name\":\"A Delapalisse\",\"@id\":\"https:\/\/www.ecinews.fr\/fr\/#\/schema\/person\/0aa2cfb0bd8949724a68cbac8d8321b4\"},\"headline\":\"TSMC r\u00e9duit ses capacit\u00e9s \u00e0 3nm suite \u00e0 la chute de la demande d&rsquo;Apple et Intel\",\"datePublished\":\"2022-11-08T17:35:24+00:00\",\"dateModified\":\"2022-11-08T17:43:57+00:00\",\"mainEntityOfPage\":{\"@id\":\"https:\/\/www.ecinews.fr\/fr\/tsmc-reduit-ses-capacites-a-3nm-suite-a-la-chute-de-la-demande-dapple-et-intel\/\"},\"wordCount\":331,\"publisher\":{\"@id\":\"https:\/\/www.ecinews.fr\/fr\/#organization\"},\"keywords\":[\"Semiconducteurs\",\"wafers\"],\"articleSection\":[\"Actualit\u00e9s \u00e9conomiques\",\"Market news\"],\"inLanguage\":\"fr-FR\"},{\"@type\":\"WebPage\",\"@id\":\"https:\/\/www.ecinews.fr\/fr\/tsmc-reduit-ses-capacites-a-3nm-suite-a-la-chute-de-la-demande-dapple-et-intel\/\",\"url\":\"https:\/\/www.ecinews.fr\/fr\/tsmc-reduit-ses-capacites-a-3nm-suite-a-la-chute-de-la-demande-dapple-et-intel\/\",\"name\":\"Report: TSMC takes action in response to falling demand\",\"isPartOf\":{\"@id\":\"https:\/\/www.ecinews.fr\/fr\/#website\"},\"datePublished\":\"2022-11-08T17:35:24+00:00\",\"dateModified\":\"2022-11-08T17:43:57+00:00\",\"description\":\"TSMC a r\u00e9duit ses commandes aupr\u00e8s de ses fournisseurs de 40 \u00e0 50 %, selon le United Daily News de Taiwan suite \u00e0 la chute de la demande.\",\"breadcrumb\":{\"@id\":\"https:\/\/www.ecinews.fr\/fr\/tsmc-reduit-ses-capacites-a-3nm-suite-a-la-chute-de-la-demande-dapple-et-intel\/#breadcrumb\"},\"inLanguage\":\"fr-FR\",\"potentialAction\":[{\"@type\":\"ReadAction\",\"target\":[\"https:\/\/www.ecinews.fr\/fr\/tsmc-reduit-ses-capacites-a-3nm-suite-a-la-chute-de-la-demande-dapple-et-intel\/\"]}]},{\"@type\":\"BreadcrumbList\",\"@id\":\"https:\/\/www.ecinews.fr\/fr\/tsmc-reduit-ses-capacites-a-3nm-suite-a-la-chute-de-la-demande-dapple-et-intel\/#breadcrumb\",\"itemListElement\":[{\"@type\":\"ListItem\",\"position\":1,\"name\":\"Home\",\"item\":\"https:\/\/www.ecinews.fr\/fr\/\"},{\"@type\":\"ListItem\",\"position\":2,\"name\":\"TSMC r\u00e9duit ses capacit\u00e9s \u00e0 3nm suite \u00e0 la chute de la demande d&rsquo;Apple et Intel\"}]},{\"@type\":\"WebSite\",\"@id\":\"https:\/\/www.ecinews.fr\/fr\/#website\",\"url\":\"https:\/\/www.ecinews.fr\/fr\/\",\"name\":\"EENewsEurope\",\"description\":\"Just another WordPress site\",\"publisher\":{\"@id\":\"https:\/\/www.ecinews.fr\/fr\/#organization\"},\"potentialAction\":[{\"@type\":\"SearchAction\",\"target\":{\"@type\":\"EntryPoint\",\"urlTemplate\":\"https:\/\/www.ecinews.fr\/fr\/?s={search_term_string}\"},\"query-input\":\"required name=search_term_string\"}],\"inLanguage\":\"fr-FR\"},{\"@type\":\"Organization\",\"@id\":\"https:\/\/www.ecinews.fr\/fr\/#organization\",\"name\":\"EENewsEurope\",\"url\":\"https:\/\/www.ecinews.fr\/fr\/\",\"logo\":{\"@type\":\"ImageObject\",\"inLanguage\":\"fr-FR\",\"@id\":\"https:\/\/www.ecinews.fr\/fr\/#\/schema\/logo\/image\/\",\"url\":\"https:\/\/www.ecinews.fr\/wp-content\/uploads\/2022\/02\/logo-1.jpg\",\"contentUrl\":\"https:\/\/www.ecinews.fr\/wp-content\/uploads\/2022\/02\/logo-1.jpg\",\"width\":283,\"height\":113,\"caption\":\"EENewsEurope\"},\"image\":{\"@id\":\"https:\/\/www.ecinews.fr\/fr\/#\/schema\/logo\/image\/\"}},{\"@type\":\"Person\",\"@id\":\"https:\/\/www.ecinews.fr\/fr\/#\/schema\/person\/0aa2cfb0bd8949724a68cbac8d8321b4\",\"name\":\"A Delapalisse\",\"image\":{\"@type\":\"ImageObject\",\"inLanguage\":\"fr-FR\",\"@id\":\"https:\/\/www.ecinews.fr\/fr\/#\/schema\/person\/image\/211ac42237c2e9683c0964086c393cb4\",\"url\":\"https:\/\/secure.gravatar.com\/avatar\/ad45a8c5da24bc9c7c4940dd1c48a695?s=96&d=mm&r=g\",\"contentUrl\":\"https:\/\/secure.gravatar.com\/avatar\/ad45a8c5da24bc9c7c4940dd1c48a695?s=96&d=mm&r=g\",\"caption\":\"A Delapalisse\"},\"sameAs\":[\"http:\/\/ECI\"]}]}<\/script>","yoast_head_json":{"title":"Report: TSMC takes action in response to falling demand ...","description":"TSMC a r\u00e9duit ses commandes aupr\u00e8s de ses fournisseurs de 40 \u00e0 50 %, selon le United Daily News de Taiwan suite \u00e0 la chute de la demande.","robots":{"index":"index","follow":"follow","max-snippet":"max-snippet:-1","max-image-preview":"max-image-preview:large","max-video-preview":"max-video-preview:-1"},"canonical":"https:\/\/www.ecinews.fr\/fr\/wp-json\/wp\/v2\/posts\/402418\/","og_locale":"fr_FR","og_type":"article","og_title":"TSMC r\u00e9duit ses capacit\u00e9s \u00e0 3nm suite \u00e0 la chute de la demande d'Apple et Intel","og_description":"TSMC a r\u00e9duit ses commandes aupr\u00e8s de ses fournisseurs de 40 \u00e0 50 %, selon le United Daily News de Taiwan suite \u00e0 la chute de la demande.","og_url":"https:\/\/www.ecinews.fr\/fr\/wp-json\/wp\/v2\/posts\/402418\/","og_site_name":"EENewsEurope","article_published_time":"2022-11-08T17:35:24+00:00","article_modified_time":"2022-11-08T17:43:57+00:00","og_image":[{"width":630,"height":390,"url":"https:\/\/www.ecinews.fr\/wp-content\/uploads\/import\/default\/files\/sites\/default\/files\/images\/cuts630.jpg","type":"image\/jpeg"}],"author":"A Delapalisse, Peter Clarke","twitter_card":"summary_large_image","twitter_misc":{"Written by":"A Delapalisse","Est. reading time":"2 minutes"},"schema":{"@context":"https:\/\/schema.org","@graph":[{"@type":"Article","@id":"https:\/\/www.ecinews.fr\/fr\/tsmc-reduit-ses-capacites-a-3nm-suite-a-la-chute-de-la-demande-dapple-et-intel\/#article","isPartOf":{"@id":"https:\/\/www.ecinews.fr\/fr\/tsmc-reduit-ses-capacites-a-3nm-suite-a-la-chute-de-la-demande-dapple-et-intel\/"},"author":{"name":"A Delapalisse","@id":"https:\/\/www.ecinews.fr\/fr\/#\/schema\/person\/0aa2cfb0bd8949724a68cbac8d8321b4"},"headline":"TSMC r\u00e9duit ses capacit\u00e9s \u00e0 3nm suite \u00e0 la chute de la demande d&rsquo;Apple et Intel","datePublished":"2022-11-08T17:35:24+00:00","dateModified":"2022-11-08T17:43:57+00:00","mainEntityOfPage":{"@id":"https:\/\/www.ecinews.fr\/fr\/tsmc-reduit-ses-capacites-a-3nm-suite-a-la-chute-de-la-demande-dapple-et-intel\/"},"wordCount":331,"publisher":{"@id":"https:\/\/www.ecinews.fr\/fr\/#organization"},"keywords":["Semiconducteurs","wafers"],"articleSection":["Actualit\u00e9s \u00e9conomiques","Market news"],"inLanguage":"fr-FR"},{"@type":"WebPage","@id":"https:\/\/www.ecinews.fr\/fr\/tsmc-reduit-ses-capacites-a-3nm-suite-a-la-chute-de-la-demande-dapple-et-intel\/","url":"https:\/\/www.ecinews.fr\/fr\/tsmc-reduit-ses-capacites-a-3nm-suite-a-la-chute-de-la-demande-dapple-et-intel\/","name":"Report: TSMC takes action in response to falling demand","isPartOf":{"@id":"https:\/\/www.ecinews.fr\/fr\/#website"},"datePublished":"2022-11-08T17:35:24+00:00","dateModified":"2022-11-08T17:43:57+00:00","description":"TSMC a r\u00e9duit ses commandes aupr\u00e8s de ses fournisseurs de 40 \u00e0 50 %, selon le United Daily News de Taiwan suite \u00e0 la chute de la demande.","breadcrumb":{"@id":"https:\/\/www.ecinews.fr\/fr\/tsmc-reduit-ses-capacites-a-3nm-suite-a-la-chute-de-la-demande-dapple-et-intel\/#breadcrumb"},"inLanguage":"fr-FR","potentialAction":[{"@type":"ReadAction","target":["https:\/\/www.ecinews.fr\/fr\/tsmc-reduit-ses-capacites-a-3nm-suite-a-la-chute-de-la-demande-dapple-et-intel\/"]}]},{"@type":"BreadcrumbList","@id":"https:\/\/www.ecinews.fr\/fr\/tsmc-reduit-ses-capacites-a-3nm-suite-a-la-chute-de-la-demande-dapple-et-intel\/#breadcrumb","itemListElement":[{"@type":"ListItem","position":1,"name":"Home","item":"https:\/\/www.ecinews.fr\/fr\/"},{"@type":"ListItem","position":2,"name":"TSMC r\u00e9duit ses capacit\u00e9s \u00e0 3nm suite \u00e0 la chute de la demande d&rsquo;Apple et Intel"}]},{"@type":"WebSite","@id":"https:\/\/www.ecinews.fr\/fr\/#website","url":"https:\/\/www.ecinews.fr\/fr\/","name":"EENewsEurope","description":"Just another WordPress site","publisher":{"@id":"https:\/\/www.ecinews.fr\/fr\/#organization"},"potentialAction":[{"@type":"SearchAction","target":{"@type":"EntryPoint","urlTemplate":"https:\/\/www.ecinews.fr\/fr\/?s={search_term_string}"},"query-input":"required name=search_term_string"}],"inLanguage":"fr-FR"},{"@type":"Organization","@id":"https:\/\/www.ecinews.fr\/fr\/#organization","name":"EENewsEurope","url":"https:\/\/www.ecinews.fr\/fr\/","logo":{"@type":"ImageObject","inLanguage":"fr-FR","@id":"https:\/\/www.ecinews.fr\/fr\/#\/schema\/logo\/image\/","url":"https:\/\/www.ecinews.fr\/wp-content\/uploads\/2022\/02\/logo-1.jpg","contentUrl":"https:\/\/www.ecinews.fr\/wp-content\/uploads\/2022\/02\/logo-1.jpg","width":283,"height":113,"caption":"EENewsEurope"},"image":{"@id":"https:\/\/www.ecinews.fr\/fr\/#\/schema\/logo\/image\/"}},{"@type":"Person","@id":"https:\/\/www.ecinews.fr\/fr\/#\/schema\/person\/0aa2cfb0bd8949724a68cbac8d8321b4","name":"A Delapalisse","image":{"@type":"ImageObject","inLanguage":"fr-FR","@id":"https:\/\/www.ecinews.fr\/fr\/#\/schema\/person\/image\/211ac42237c2e9683c0964086c393cb4","url":"https:\/\/secure.gravatar.com\/avatar\/ad45a8c5da24bc9c7c4940dd1c48a695?s=96&d=mm&r=g","contentUrl":"https:\/\/secure.gravatar.com\/avatar\/ad45a8c5da24bc9c7c4940dd1c48a695?s=96&d=mm&r=g","caption":"A Delapalisse"},"sameAs":["http:\/\/ECI"]}]}},"authors":[{"term_id":1153,"user_id":34,"is_guest":0,"slug":"adelapalisse","display_name":"A Delapalisse","avatar_url":"https:\/\/secure.gravatar.com\/avatar\/ad45a8c5da24bc9c7c4940dd1c48a695?s=96&d=mm&r=g","0":null,"1":"","2":"","3":"","4":"","5":"","6":"","7":"","8":""},{"term_id":1136,"user_id":4,"is_guest":0,"slug":"clarke","display_name":"Peter Clarke","avatar_url":"https:\/\/secure.gravatar.com\/avatar\/d567d206cb92a682963201f296594da4?s=96&d=mm&r=g","0":null,"1":"","2":"","3":"","4":"","5":"","6":"","7":"","8":""}],"_links":{"self":[{"href":"https:\/\/www.ecinews.fr\/fr\/wp-json\/wp\/v2\/posts\/402418"}],"collection":[{"href":"https:\/\/www.ecinews.fr\/fr\/wp-json\/wp\/v2\/posts"}],"about":[{"href":"https:\/\/www.ecinews.fr\/fr\/wp-json\/wp\/v2\/types\/post"}],"author":[{"embeddable":true,"href":"https:\/\/www.ecinews.fr\/fr\/wp-json\/wp\/v2\/users\/34"}],"replies":[{"embeddable":true,"href":"https:\/\/www.ecinews.fr\/fr\/wp-json\/wp\/v2\/comments?post=402418"}],"version-history":[{"count":0,"href":"https:\/\/www.ecinews.fr\/fr\/wp-json\/wp\/v2\/posts\/402418\/revisions"}],"wp:featuredmedia":[{"embeddable":true,"href":"https:\/\/www.ecinews.fr\/fr\/wp-json\/wp\/v2\/media\/98457"}],"wp:attachment":[{"href":"https:\/\/www.ecinews.fr\/fr\/wp-json\/wp\/v2\/media?parent=402418"}],"wp:term":[{"taxonomy":"category","embeddable":true,"href":"https:\/\/www.ecinews.fr\/fr\/wp-json\/wp\/v2\/categories?post=402418"},{"taxonomy":"post_tag","embeddable":true,"href":"https:\/\/www.ecinews.fr\/fr\/wp-json\/wp\/v2\/tags?post=402418"},{"taxonomy":"domains","embeddable":true,"href":"https:\/\/www.ecinews.fr\/fr\/wp-json\/wp\/v2\/domains?post=402418"},{"taxonomy":"author","embeddable":true,"href":"https:\/\/www.ecinews.fr\/fr\/wp-json\/wp\/v2\/ppma_author?post=402418"}],"curies":[{"name":"wp","href":"https:\/\/api.w.org\/{rel}","templated":true}]}}