{"id":401853,"date":"2022-11-07T21:02:24","date_gmt":"2022-11-07T20:02:24","guid":{"rendered":"https:\/\/www.eenewseurope.com\/?p=401853"},"modified":"2022-11-07T21:14:35","modified_gmt":"2022-11-07T20:14:35","slug":"le-mache-des-semiconducteurs-poursuit-sa-chute","status":"publish","type":"post","link":"https:\/\/www.ecinews.fr\/fr\/le-mache-des-semiconducteurs-poursuit-sa-chute\/","title":{"rendered":"Le mach\u00e9 des semiconducteurs poursuit sa chute"},"content":{"rendered":"<h2><span class=\"HwtZe\" lang=\"fr\"><span class=\"jCAhz\"><span class=\"ryNqvb\">Le march\u00e9 mondial des semiconducteurs poursuit sa chute alors que la r\u00e9cession mondiale s&rsquo;installe. <\/span><\/span><\/span><\/h2>\n<p><span class=\"HwtZe\" lang=\"fr\"><span class=\"jCAhz\"><span class=\"ryNqvb\">Les derniers chiffres de la Semiconductor Industry Association (SIA) pour septembre 2022 montrent que le march\u00e9 \u00e9tait en baisse de 0,5 % par rapport \u00e0 ao\u00fbt 2022 et de 3,0 % par rapport \u00e0 septembre 2021. Il s&rsquo;agit de la troisi\u00e8me baisse mensuelle apr\u00e8s juin et ao\u00fbt. <\/span><\/span><\/span><\/p>\n<p><span class=\"HwtZe\" lang=\"fr\"><span class=\"jCAhz\"><span class=\"ryNqvb\">Les ventes mondiales de semiconducteurs ont totalis\u00e9 141 milliards de dollars au cours du troisi\u00e8me trimestre 2022, soit une baisse de 3,0 % par rapport au troisi\u00e8me trimestre 2021 et 6,3 % de moins qu&rsquo;au deuxi\u00e8me trimestre 2022, principalement en raison de la chute des ventes en Chine. <\/span><\/span><\/span><\/p>\n<p><span class=\"HwtZe\" lang=\"fr\"><span class=\"jCAhz\"><span class=\"ryNqvb\">Les chiffres de l&rsquo;organisation World Semiconductor Trade Statistics (WSTS) repr\u00e9sentent une moyenne mobile sur trois mois.<\/span><\/span><\/span><\/p>\n<ul>\n<li>\n<p class=\"title\"><a title=\"Les r\u00e9sultats financiers montrent la faiblesse du march\u00e9 des semiconducteurs\" href=\"https:\/\/www.ecinews.fr\/fr\/les-resultats-financiers-montrent-la-faiblesse-du-marche-des-semiconducteurs\/\" target=\"_blank\" rel=\"noopener\">Les r\u00e9sultats financiers montrent la faiblesse du march\u00e9 des semiconducteurs<\/a><\/p>\n<\/li>\n<li>\n<p class=\"title\"><a title=\"Le march\u00e9 des semiconducteurs fonce vers sa plus grande r\u00e9cession depuis 2000\" href=\"https:\/\/www.ecinews.fr\/fr\/le-marche-des-semiconducteurs-fonce-vers-sa-plus-grande-recession-depuis-2000\/\" target=\"_blank\" rel=\"noopener\">Le march\u00e9 des semiconducteurs fonce vers sa plus grande r\u00e9cession depuis 2000<\/a><\/p>\n<\/li>\n<li>\n<p class=\"title\"><a title=\"Les donn\u00e9es des fonderies pointent les faiblesses du march\u00e9 des semiconducteurs\" href=\"https:\/\/www.ecinews.fr\/fr\/les-donnees-des-fonderies-pointent-les-faiblesses-du-marche-des-semiconducteurs\/\" target=\"_blank\" rel=\"noopener\">Les donn\u00e9es des fonderies pointent les faiblesses du march\u00e9 des semiconducteurs<\/a><\/p>\n<\/li>\n<\/ul>\n<p><span class=\"HwtZe\" lang=\"fr\"><span class=\"jCAhz\"><span class=\"ryNqvb\">\u00ab\u00a0Apr\u00e8s une forte croissance au cours du premier semestre 2022, les ventes mondiales de semiconducteurs ont ralenti ces derniers mois, diminuant en septembre d&rsquo;une ann\u00e9e sur l&rsquo;autre pour la premi\u00e8re fois depuis janvier 2020 au milieu d&rsquo;une s\u00e9rie de vents contraires macro\u00e9conomiques\u00a0\u00bb, a d\u00e9clar\u00e9 John Neuffer, pr\u00e9sident-directeur g\u00e9n\u00e9ral de la SIA. \u00ab\u00a0Les perspectives du march\u00e9 \u00e0 long terme restent cependant solides, car les semiconducteurs continuent de repr\u00e9senter une partie croissante et plus importante de notre \u00e9conomie num\u00e9rique.\u00a0\u00bb<\/span><\/span><\/span><\/p>\n<p><span class=\"HwtZe\" lang=\"fr\"><span class=\"jCAhz\"><span class=\"ryNqvb\">Au niveau r\u00e9gional, les ventes d&rsquo;un mois \u00e0 l&rsquo;autre ont augment\u00e9 dans les Am\u00e9riques (4,8\u00a0%), au Japon (0,5\u00a0%) et en Europe (0,1\u00a0%), mais ont diminu\u00e9 en Asie-Pacifique\/Tous les autres (-2,9\u00a0%) et en Chine (-3,0\u00a0%). ). Les ventes d&rsquo;une ann\u00e9e sur l&rsquo;autre ont augment\u00e9 en Europe (12,4\u00a0%), dans les Am\u00e9riques (11,5\u00a0%) et au Japon (5,6\u00a0%), mais ont diminu\u00e9 en Asie-Pacifique\/Tous les autres (-7,7\u00a0%) et en Chine (-14,4\u00a0%).<\/span><\/span><\/span><\/p>\n<p>&nbsp;<\/p>\n<p><a href=\"http:\/\/www.semiconductors.org\">www.semiconductors.org<\/a><\/p>\n<h4>Autre articles sur ECI News<\/h4>\n<p>&nbsp;<\/p>\n<ul>\n<li>\n<p class=\"title\"><a title=\"Les r\u00e9sultats d\u2019Intel d\u00e9gringolent en 2022\" href=\"https:\/\/www.ecinews.fr\/fr\/les-resultats-dintel-degringolent-en-2022\/\" target=\"_blank\" rel=\"noopener\">Les r\u00e9sultats d\u2019Intel d\u00e9gringolent en 2022<\/a><\/p>\n<\/li>\n<li><a title=\"Les march\u00e9s automobiles gagnent de l\u2019importance pour l\u2019industrie des semiconducteurs\" href=\"https:\/\/www.ecinews.fr\/fr\/les-marches-automobiles-gagnent-de-limportance-pour-lindustrie-des-semiconducteurs\/\" target=\"_blank\" rel=\"noopener\">Les march\u00e9s automobiles gagnent de l\u2019importance pour l\u2019industrie des semiconducteurs<\/a><\/li>\n<\/ul>\n","protected":false},"excerpt":{"rendered":"<p>Le march\u00e9 mondial des semiconducteurs poursuit sa chute alors que la r\u00e9cession mondiale s&rsquo;installe. Les derniers chiffres de la Semiconductor Industry Association (SIA) pour septembre 2022 montrent que le march\u00e9 \u00e9tait en baisse de 0,5 % par rapport \u00e0 ao\u00fbt 2022 et de 3,0 % par rapport \u00e0 septembre 2021. Il s&rsquo;agit de la troisi\u00e8me [&hellip;]<\/p>\n","protected":false},"author":34,"featured_media":400781,"comment_status":"closed","ping_status":"closed","sticky":true,"template":"","format":"standard","meta":{"_acf_changed":false,"footnotes":""},"categories":[886,21],"tags":[1639,1666,1558],"domains":[47],"ppma_author":[1153,1138],"class_list":["post-401853","post","type-post","status-publish","format-standard","has-post-thumbnail","hentry","category-news-fr","category-market-news","tag-electronique-de-puissance","tag-electronique-embarquee","tag-semiconducteurs","domains-electronique-eci"],"acf":[],"yoast_head":"<title>Le mach\u00e9 des semiconducteurs poursuit sa chute ...<\/title>\n<meta name=\"description\" content=\"Le march\u00e9 mondial des semiconducteurs poursuit sa chute alors que la r\u00e9cession mondiale s&#039;installe dans la plupart des r\u00e9gions.\" \/>\n<meta name=\"robots\" content=\"index, follow, max-snippet:-1, max-image-preview:large, max-video-preview:-1\" \/>\n<link rel=\"canonical\" href=\"https:\/\/www.ecinews.fr\/fr\/wp-json\/wp\/v2\/posts\/401853\/\" \/>\n<meta property=\"og:locale\" content=\"fr_FR\" \/>\n<meta property=\"og:type\" content=\"article\" \/>\n<meta property=\"og:title\" content=\"Le mach\u00e9 des semiconducteurs poursuit sa chute\" \/>\n<meta property=\"og:description\" content=\"Le march\u00e9 mondial des semiconducteurs poursuit sa chute alors que la r\u00e9cession mondiale s&#039;installe dans la plupart des r\u00e9gions.\" \/>\n<meta property=\"og:url\" content=\"https:\/\/www.ecinews.fr\/fr\/wp-json\/wp\/v2\/posts\/401853\/\" \/>\n<meta property=\"og:site_name\" content=\"EENewsEurope\" \/>\n<meta property=\"article:published_time\" content=\"2022-11-07T20:02:24+00:00\" \/>\n<meta property=\"article:modified_time\" content=\"2022-11-07T20:14:35+00:00\" \/>\n<meta property=\"og:image\" content=\"https:\/\/www.ecinews.fr\/wp-content\/uploads\/2022\/10\/SIA_September.png\" \/>\n\t<meta property=\"og:image:width\" content=\"1080\" \/>\n\t<meta property=\"og:image:height\" content=\"891\" \/>\n\t<meta property=\"og:image:type\" content=\"image\/png\" \/>\n<meta name=\"author\" content=\"A Delapalisse, Nick Flaherty\" \/>\n<meta name=\"twitter:card\" content=\"summary_large_image\" \/>\n<meta name=\"twitter:label1\" content=\"Written by\" \/>\n\t<meta name=\"twitter:data1\" content=\"A Delapalisse\" \/>\n\t<meta name=\"twitter:label2\" content=\"Est. reading time\" \/>\n\t<meta name=\"twitter:data2\" content=\"2 minutes\" \/>\n<script type=\"application\/ld+json\" class=\"yoast-schema-graph\">{\"@context\":\"https:\/\/schema.org\",\"@graph\":[{\"@type\":\"Article\",\"@id\":\"https:\/\/www.ecinews.fr\/fr\/le-mache-des-semiconducteurs-poursuit-sa-chute\/#article\",\"isPartOf\":{\"@id\":\"https:\/\/www.ecinews.fr\/fr\/le-mache-des-semiconducteurs-poursuit-sa-chute\/\"},\"author\":{\"name\":\"A Delapalisse\",\"@id\":\"https:\/\/www.ecinews.fr\/fr\/#\/schema\/person\/0aa2cfb0bd8949724a68cbac8d8321b4\"},\"headline\":\"Le mach\u00e9 des semiconducteurs poursuit sa chute\",\"datePublished\":\"2022-11-07T20:02:24+00:00\",\"dateModified\":\"2022-11-07T20:14:35+00:00\",\"mainEntityOfPage\":{\"@id\":\"https:\/\/www.ecinews.fr\/fr\/le-mache-des-semiconducteurs-poursuit-sa-chute\/\"},\"wordCount\":350,\"publisher\":{\"@id\":\"https:\/\/www.ecinews.fr\/fr\/#organization\"},\"keywords\":[\"Electronique de puissance\",\"Electronique embarqu\u00e9e\",\"Semiconducteurs\"],\"articleSection\":[\"Actualit\u00e9 g\u00e9n\u00e9rale\",\"Market news\"],\"inLanguage\":\"fr-FR\"},{\"@type\":\"WebPage\",\"@id\":\"https:\/\/www.ecinews.fr\/fr\/le-mache-des-semiconducteurs-poursuit-sa-chute\/\",\"url\":\"https:\/\/www.ecinews.fr\/fr\/le-mache-des-semiconducteurs-poursuit-sa-chute\/\",\"name\":\"Le mach\u00e9 des semiconducteurs poursuit sa chute -\",\"isPartOf\":{\"@id\":\"https:\/\/www.ecinews.fr\/fr\/#website\"},\"datePublished\":\"2022-11-07T20:02:24+00:00\",\"dateModified\":\"2022-11-07T20:14:35+00:00\",\"description\":\"Le march\u00e9 mondial des semiconducteurs poursuit sa chute alors que la r\u00e9cession mondiale s'installe dans la plupart des r\u00e9gions.\",\"breadcrumb\":{\"@id\":\"https:\/\/www.ecinews.fr\/fr\/le-mache-des-semiconducteurs-poursuit-sa-chute\/#breadcrumb\"},\"inLanguage\":\"fr-FR\",\"potentialAction\":[{\"@type\":\"ReadAction\",\"target\":[\"https:\/\/www.ecinews.fr\/fr\/le-mache-des-semiconducteurs-poursuit-sa-chute\/\"]}]},{\"@type\":\"BreadcrumbList\",\"@id\":\"https:\/\/www.ecinews.fr\/fr\/le-mache-des-semiconducteurs-poursuit-sa-chute\/#breadcrumb\",\"itemListElement\":[{\"@type\":\"ListItem\",\"position\":1,\"name\":\"Home\",\"item\":\"https:\/\/www.ecinews.fr\/fr\/\"},{\"@type\":\"ListItem\",\"position\":2,\"name\":\"Le mach\u00e9 des semiconducteurs poursuit sa chute\"}]},{\"@type\":\"WebSite\",\"@id\":\"https:\/\/www.ecinews.fr\/fr\/#website\",\"url\":\"https:\/\/www.ecinews.fr\/fr\/\",\"name\":\"EENewsEurope\",\"description\":\"Just another WordPress site\",\"publisher\":{\"@id\":\"https:\/\/www.ecinews.fr\/fr\/#organization\"},\"potentialAction\":[{\"@type\":\"SearchAction\",\"target\":{\"@type\":\"EntryPoint\",\"urlTemplate\":\"https:\/\/www.ecinews.fr\/fr\/?s={search_term_string}\"},\"query-input\":\"required name=search_term_string\"}],\"inLanguage\":\"fr-FR\"},{\"@type\":\"Organization\",\"@id\":\"https:\/\/www.ecinews.fr\/fr\/#organization\",\"name\":\"EENewsEurope\",\"url\":\"https:\/\/www.ecinews.fr\/fr\/\",\"logo\":{\"@type\":\"ImageObject\",\"inLanguage\":\"fr-FR\",\"@id\":\"https:\/\/www.ecinews.fr\/fr\/#\/schema\/logo\/image\/\",\"url\":\"https:\/\/www.ecinews.fr\/wp-content\/uploads\/2022\/02\/logo-1.jpg\",\"contentUrl\":\"https:\/\/www.ecinews.fr\/wp-content\/uploads\/2022\/02\/logo-1.jpg\",\"width\":283,\"height\":113,\"caption\":\"EENewsEurope\"},\"image\":{\"@id\":\"https:\/\/www.ecinews.fr\/fr\/#\/schema\/logo\/image\/\"}},{\"@type\":\"Person\",\"@id\":\"https:\/\/www.ecinews.fr\/fr\/#\/schema\/person\/0aa2cfb0bd8949724a68cbac8d8321b4\",\"name\":\"A Delapalisse\",\"image\":{\"@type\":\"ImageObject\",\"inLanguage\":\"fr-FR\",\"@id\":\"https:\/\/www.ecinews.fr\/fr\/#\/schema\/person\/image\/211ac42237c2e9683c0964086c393cb4\",\"url\":\"https:\/\/secure.gravatar.com\/avatar\/ad45a8c5da24bc9c7c4940dd1c48a695?s=96&d=mm&r=g\",\"contentUrl\":\"https:\/\/secure.gravatar.com\/avatar\/ad45a8c5da24bc9c7c4940dd1c48a695?s=96&d=mm&r=g\",\"caption\":\"A Delapalisse\"},\"sameAs\":[\"http:\/\/ECI\"]}]}<\/script>","yoast_head_json":{"title":"Le mach\u00e9 des semiconducteurs poursuit sa chute ...","description":"Le march\u00e9 mondial des semiconducteurs poursuit sa chute alors que la r\u00e9cession mondiale s'installe dans la plupart des r\u00e9gions.","robots":{"index":"index","follow":"follow","max-snippet":"max-snippet:-1","max-image-preview":"max-image-preview:large","max-video-preview":"max-video-preview:-1"},"canonical":"https:\/\/www.ecinews.fr\/fr\/wp-json\/wp\/v2\/posts\/401853\/","og_locale":"fr_FR","og_type":"article","og_title":"Le mach\u00e9 des semiconducteurs poursuit sa chute","og_description":"Le march\u00e9 mondial des semiconducteurs poursuit sa chute alors que la r\u00e9cession mondiale s'installe dans la plupart des r\u00e9gions.","og_url":"https:\/\/www.ecinews.fr\/fr\/wp-json\/wp\/v2\/posts\/401853\/","og_site_name":"EENewsEurope","article_published_time":"2022-11-07T20:02:24+00:00","article_modified_time":"2022-11-07T20:14:35+00:00","og_image":[{"width":1080,"height":891,"url":"https:\/\/www.ecinews.fr\/wp-content\/uploads\/2022\/10\/SIA_September.png","type":"image\/png"}],"author":"A Delapalisse, Nick Flaherty","twitter_card":"summary_large_image","twitter_misc":{"Written by":"A Delapalisse","Est. reading time":"2 minutes"},"schema":{"@context":"https:\/\/schema.org","@graph":[{"@type":"Article","@id":"https:\/\/www.ecinews.fr\/fr\/le-mache-des-semiconducteurs-poursuit-sa-chute\/#article","isPartOf":{"@id":"https:\/\/www.ecinews.fr\/fr\/le-mache-des-semiconducteurs-poursuit-sa-chute\/"},"author":{"name":"A Delapalisse","@id":"https:\/\/www.ecinews.fr\/fr\/#\/schema\/person\/0aa2cfb0bd8949724a68cbac8d8321b4"},"headline":"Le mach\u00e9 des semiconducteurs poursuit sa chute","datePublished":"2022-11-07T20:02:24+00:00","dateModified":"2022-11-07T20:14:35+00:00","mainEntityOfPage":{"@id":"https:\/\/www.ecinews.fr\/fr\/le-mache-des-semiconducteurs-poursuit-sa-chute\/"},"wordCount":350,"publisher":{"@id":"https:\/\/www.ecinews.fr\/fr\/#organization"},"keywords":["Electronique de puissance","Electronique embarqu\u00e9e","Semiconducteurs"],"articleSection":["Actualit\u00e9 g\u00e9n\u00e9rale","Market news"],"inLanguage":"fr-FR"},{"@type":"WebPage","@id":"https:\/\/www.ecinews.fr\/fr\/le-mache-des-semiconducteurs-poursuit-sa-chute\/","url":"https:\/\/www.ecinews.fr\/fr\/le-mache-des-semiconducteurs-poursuit-sa-chute\/","name":"Le mach\u00e9 des semiconducteurs poursuit sa chute -","isPartOf":{"@id":"https:\/\/www.ecinews.fr\/fr\/#website"},"datePublished":"2022-11-07T20:02:24+00:00","dateModified":"2022-11-07T20:14:35+00:00","description":"Le march\u00e9 mondial des semiconducteurs poursuit sa chute alors que la r\u00e9cession mondiale s'installe dans la plupart des r\u00e9gions.","breadcrumb":{"@id":"https:\/\/www.ecinews.fr\/fr\/le-mache-des-semiconducteurs-poursuit-sa-chute\/#breadcrumb"},"inLanguage":"fr-FR","potentialAction":[{"@type":"ReadAction","target":["https:\/\/www.ecinews.fr\/fr\/le-mache-des-semiconducteurs-poursuit-sa-chute\/"]}]},{"@type":"BreadcrumbList","@id":"https:\/\/www.ecinews.fr\/fr\/le-mache-des-semiconducteurs-poursuit-sa-chute\/#breadcrumb","itemListElement":[{"@type":"ListItem","position":1,"name":"Home","item":"https:\/\/www.ecinews.fr\/fr\/"},{"@type":"ListItem","position":2,"name":"Le mach\u00e9 des semiconducteurs poursuit sa chute"}]},{"@type":"WebSite","@id":"https:\/\/www.ecinews.fr\/fr\/#website","url":"https:\/\/www.ecinews.fr\/fr\/","name":"EENewsEurope","description":"Just another WordPress site","publisher":{"@id":"https:\/\/www.ecinews.fr\/fr\/#organization"},"potentialAction":[{"@type":"SearchAction","target":{"@type":"EntryPoint","urlTemplate":"https:\/\/www.ecinews.fr\/fr\/?s={search_term_string}"},"query-input":"required name=search_term_string"}],"inLanguage":"fr-FR"},{"@type":"Organization","@id":"https:\/\/www.ecinews.fr\/fr\/#organization","name":"EENewsEurope","url":"https:\/\/www.ecinews.fr\/fr\/","logo":{"@type":"ImageObject","inLanguage":"fr-FR","@id":"https:\/\/www.ecinews.fr\/fr\/#\/schema\/logo\/image\/","url":"https:\/\/www.ecinews.fr\/wp-content\/uploads\/2022\/02\/logo-1.jpg","contentUrl":"https:\/\/www.ecinews.fr\/wp-content\/uploads\/2022\/02\/logo-1.jpg","width":283,"height":113,"caption":"EENewsEurope"},"image":{"@id":"https:\/\/www.ecinews.fr\/fr\/#\/schema\/logo\/image\/"}},{"@type":"Person","@id":"https:\/\/www.ecinews.fr\/fr\/#\/schema\/person\/0aa2cfb0bd8949724a68cbac8d8321b4","name":"A Delapalisse","image":{"@type":"ImageObject","inLanguage":"fr-FR","@id":"https:\/\/www.ecinews.fr\/fr\/#\/schema\/person\/image\/211ac42237c2e9683c0964086c393cb4","url":"https:\/\/secure.gravatar.com\/avatar\/ad45a8c5da24bc9c7c4940dd1c48a695?s=96&d=mm&r=g","contentUrl":"https:\/\/secure.gravatar.com\/avatar\/ad45a8c5da24bc9c7c4940dd1c48a695?s=96&d=mm&r=g","caption":"A Delapalisse"},"sameAs":["http:\/\/ECI"]}]}},"authors":[{"term_id":1153,"user_id":34,"is_guest":0,"slug":"adelapalisse","display_name":"A Delapalisse","avatar_url":"https:\/\/secure.gravatar.com\/avatar\/ad45a8c5da24bc9c7c4940dd1c48a695?s=96&d=mm&r=g","0":null,"1":"","2":"","3":"","4":"","5":"","6":"","7":"","8":""},{"term_id":1138,"user_id":6,"is_guest":0,"slug":"flaherty","display_name":"Nick Flaherty","avatar_url":"https:\/\/secure.gravatar.com\/avatar\/49bd04ef46c3ee89575adaf950e76b64?s=96&d=mm&r=g","0":null,"1":"","2":"","3":"","4":"","5":"","6":"","7":"","8":""}],"_links":{"self":[{"href":"https:\/\/www.ecinews.fr\/fr\/wp-json\/wp\/v2\/posts\/401853"}],"collection":[{"href":"https:\/\/www.ecinews.fr\/fr\/wp-json\/wp\/v2\/posts"}],"about":[{"href":"https:\/\/www.ecinews.fr\/fr\/wp-json\/wp\/v2\/types\/post"}],"author":[{"embeddable":true,"href":"https:\/\/www.ecinews.fr\/fr\/wp-json\/wp\/v2\/users\/34"}],"replies":[{"embeddable":true,"href":"https:\/\/www.ecinews.fr\/fr\/wp-json\/wp\/v2\/comments?post=401853"}],"version-history":[{"count":0,"href":"https:\/\/www.ecinews.fr\/fr\/wp-json\/wp\/v2\/posts\/401853\/revisions"}],"wp:featuredmedia":[{"embeddable":true,"href":"https:\/\/www.ecinews.fr\/fr\/wp-json\/wp\/v2\/media\/400781"}],"wp:attachment":[{"href":"https:\/\/www.ecinews.fr\/fr\/wp-json\/wp\/v2\/media?parent=401853"}],"wp:term":[{"taxonomy":"category","embeddable":true,"href":"https:\/\/www.ecinews.fr\/fr\/wp-json\/wp\/v2\/categories?post=401853"},{"taxonomy":"post_tag","embeddable":true,"href":"https:\/\/www.ecinews.fr\/fr\/wp-json\/wp\/v2\/tags?post=401853"},{"taxonomy":"domains","embeddable":true,"href":"https:\/\/www.ecinews.fr\/fr\/wp-json\/wp\/v2\/domains?post=401853"},{"taxonomy":"author","embeddable":true,"href":"https:\/\/www.ecinews.fr\/fr\/wp-json\/wp\/v2\/ppma_author?post=401853"}],"curies":[{"name":"wp","href":"https:\/\/api.w.org\/{rel}","templated":true}]}}