{"id":40174,"date":"2020-11-17T14:00:32","date_gmt":"2020-11-17T14:00:32","guid":{"rendered":"https:\/\/\/mise-a-jour-de-la-feuille-de-route-pour-le-chip-europeen-epi\/"},"modified":"2020-11-17T14:00:32","modified_gmt":"2020-11-17T14:00:32","slug":"mise-a-jour-de-la-feuille-de-route-pour-le-chip-europeen-epi","status":"publish","type":"post","link":"https:\/\/www.ecinews.fr\/fr\/mise-a-jour-de-la-feuille-de-route-pour-le-chip-europeen-epi\/","title":{"rendered":"Mise \u00e0 jour de la feuille de route pour le chip europ\u00e9en EPI"},"content":{"rendered":"<p><!-- Global site tag (gtag.js) - Google Analytics --><br \/>\n  window.dataLayer = window.dataLayer || [];<br \/>\n  function gtag(){dataLayer.push(arguments);}<br \/>\n  gtag(&lsquo;js&rsquo;, new Date());  gtag(&lsquo;config&rsquo;, &lsquo;UA-160857065-1&rsquo;);<\/p>\n<p><span class=\"tlid-translation translation\" lang=\"fr\">L&rsquo;EPI (initiative europ\u00e9enne des processeurs) vise \u00e0 disposer d&rsquo;une puce ARM et RISC-V combin\u00e9e pour le calcul haute performance (HPC) en 2022, un an plus tard que pr\u00e9vu initialement.<\/span><\/p>\n<p><span class=\"tlid-translation translation\" lang=\"fr\">L&rsquo;EPI compte 27 partenaires de 10 pays europ\u00e9ens dans le but d&rsquo;aider l&rsquo;UE \u00e0 atteindre son ind\u00e9pendance dans les technologies HPC et affirme qu&rsquo;il est rest\u00e9 sur la bonne voie malgr\u00e9 l&rsquo;annulation de son premier forum europ\u00e9en sur l&rsquo;EPI.<\/span><\/p>\n<p><span class=\"tlid-translation translation\" lang=\"fr\">Les partenaires du projet ont finalis\u00e9 la premi\u00e8re version de son architecture d&rsquo;acc\u00e9l\u00e9rateur RISC-V, nomm\u00e9e EPAC, et des puces de test devraient \u00eatre disponibles l&rsquo;ann\u00e9e prochaine vers la fin de la p\u00e9roide de trois ans du projet. La puce de test EPAC en silicium, nom de code Titan, sera compl\u00e9t\u00e9e par une plate-forme de test PCIe EPAC permettant le test et les am\u00e9liorations de l&rsquo;architecture pour les r\u00e9visions futures et la construction de syst\u00e8mes prototypes.<\/span><\/p>\n<p><a href=\"https:\/\/www.eenewseurope.com\/news\/european-processor-initiative-roadmap-update\">EUROPEAN PROCESSOR INITIATIVE&nbsp;ROADMAP UPDATE<\/a><\/p>\n<p><span class=\"tlid-translation translation\" lang=\"fr\">Le projet vise \u00e0 produire un composant multic\u0153ur, nomm\u00e9 Rhea, en utilisant \u00e0 la fois les c\u0153urs ARM Zeus et RISC-V sur le processus 6 nm de TSMC d&rsquo;ici 2022, bien que la chronologie d&rsquo;origine pr\u00e9voyait cela pour 2021. Un composant de deuxi\u00e8me g\u00e9n\u00e9ration nomm\u00e9 Cronos combinera l&rsquo; Acc\u00e9l\u00e9rateur EPAC avec le c\u0153ur de centre de donn\u00e9es hautes performances ARM Neoverse V1. Ce sera le moteur principal de la construction d&rsquo;un supercalculateur europ\u00e9en exascale en 2023.<\/span><\/p>\n<p><span class=\"tlid-translation translation\" lang=\"fr\"><a href=\"https:\/\/www.electronique-eci.com\/search\/node\/sipearl\">Sipearl<\/a>, le pionnier du RISC-V a \u00e9t\u00e9 un acteur cl\u00e9: SiPearl a sign\u00e9 un <a href=\"https:\/\/www.electronique-eci.com\/news\/sipearl-signe-un-contrat-de-licence-majeur-avec-arm\">accord de licence avec Arm<\/a> et a ouvert une succursale en Allemagne. Le concurrent SiFive travaille \u00e9galement avec le Supercomputer Center de Barcelone, un partenaire EPI, sur la technologie RSIC-V pour un supercalculateur exascale.<\/span><br \/>\n<a href=\"https:\/\/www.electronique-eci.com\/news\/craig-prunty-vice-president-marketing-et-developpement-de-sipearl\">Craig Prunty, vice-pr\u00e9sident marketing et d\u00e9veloppement de SiPearl<\/a><\/p>\n<p><span class=\"tlid-translation translation\" lang=\"fr\">\u00ab\u00a0<a href=\"https:\/\/www.electronique-eci.com\/search\/node\/sifive\">SiFive<\/a> est tr\u00e8s int\u00e9ress\u00e9 par l&rsquo;informatique exascale et nous travaillons avec le BCS Barcelona en utilisant un cadre de simulation pour un mod\u00e8le de syst\u00e8me complet et en ajoutant \u00e0 la norme RISC-V un processeur vectoriel afin de rendre le traitement d&rsquo;exascale encore plus puissant\u00a0\u00bb, a d\u00e9clar\u00e9 Nasr Ullah, directeur principal de l&rsquo;archiecture haute performance \u00e0 SiFive<\/span><\/p>\n<p><span class=\"tlid-translation translation\" lang=\"fr\">Le projet EPI dispose d\u00e9j\u00e0 d&rsquo;un compilateur prenant en charge les vecteurs intrins\u00e8ques RISC-V et la parall\u00e9lisation automatique des codes C \/ C ++ et \u00e9value le code g\u00e9n\u00e9r\u00e9 sur des plates-formes d&rsquo;\u00e9mulation qui fournissent des informations d\u00e9taill\u00e9es pour la co-conception holistique des applications, du compilateur et de l&rsquo;architecture. D&rsquo;autres v\u00e9hicules de d\u00e9veloppement logiciel (SDV) adaptent le syst\u00e8me d&rsquo;exploitation \u00e0 l&rsquo;architecture H\u00e9t\u00e9rog\u00e8ne ARM + RISC-V.<\/span><\/p>\n<p><span class=\"tlid-translation translation\" lang=\"fr\">La puce ne concerne pas uniquement le supercalculateur exascale. Le projet d\u00e9veloppe \u00e9galement une preuve de concept pour l&rsquo;industrie automobile avec l&rsquo;ambition de d\u00e9montrer comment l&rsquo;IP du European Processor Initiative permettra la future fonctionnalit\u00e9 ADAS, ouvrant la voie \u00e0 l&rsquo;exploitation de l&rsquo;acc\u00e9l\u00e9rateur EPAC avec la plate-forme RISC-V, le MPPA de Kalray et l&rsquo;IP&nbsp; eFPGA Menta comme acc\u00e9l\u00e9rateurs.<\/span><\/p>\n<p><strong>Lire aussi:<\/strong><\/p>\n<p><a href=\"https:\/\/www.electronique-eci.com\/news\/craig-prunty-vice-president-marketing-et-developpement-de-sipearl\">Craig Prunty, vice-pr\u00e9sident marketing et d\u00e9veloppement de SiPearl<\/a><\/p>\n<p><a href=\"https:\/\/www.electronique-eci.com\/news\/sipearl-signe-un-contrat-de-licence-majeur-avec-arm\">SiPearl signe un contrat de licence majeur avec Arm<\/a><\/p>\n<p><a href=\"https:\/\/www.european-processor-initiative.eu\/\">www.european-processor-initiative.eu\/<\/a><\/p>\n<p><strong>Related articles&nbsp;<\/strong><\/p>\n<ul>\n<li><a href=\"https:\/\/www.eenewseurope.com\/news\/european-exascale-project-leverage-arms-zeus-platform\">EUROPEAN EXASCALE PROJECT TO LEVERAGE ARM\u2019S ZEUS PLATFORM<\/a><\/li>\n<li><a href=\"https:\/\/www.eenewseurope.com\/news\/uk-vc-leads-spinout-intel-data-centre-technnology\">UK VC LEADS SPINOUT OF INTEL DATA CENTRE TECHNNOLOGY<\/a><\/li>\n<li><a href=\"https:\/\/www.eenewseurope.com\/news\/opinion-nvidias-bad-deal-not-yet-done\">OPINION: NVIDIA&rsquo;S BAD DEAL IS NOT YET DONE<\/a><\/li>\n<li><a href=\"https:\/\/www.eenewseurope.com\/news\/atos-ai-supercomputer\">ATOS TO BUILD UK\u2019S LARGEST AI SUPERCOMPUTER<\/a><\/li>\n<\/ul>\n<p><strong>Other articles on eeNews Europe<\/strong><\/p>\n<ul>\n<li><a href=\"https:\/\/www.eenewseurope.com\/news\/graphcore-moves-double-unicorn-status\">Graphcore moves to double unicorn status<\/a><\/li>\n<li><a href=\"https:\/\/www.eenewseurope.com\/news\/covid-changes-are-permanent-says-dialog-ceo\">Covid changes are permanent says Dialog CEO<\/a><\/li>\n<li><a href=\"https:\/\/www.eenewseurope.com\/news\/co2-sensor-aims-indoor-covid-19-detection\">CO2 sensor aims at indoor Covid-19 detection<\/a><\/li>\n<li><a href=\"https:\/\/www.eenewseurope.com\/news\/stretchable-circuits-wearable-e-skin\">Stretchable circuits for wearable e-skin<\/a><\/li>\n<li><a href=\"https:\/\/www.eenewseurope.com\/news\/3d-printed-millenium-falcon-100-microns-long\">3D printed Millenium Falcon is 100 microns long<\/a><\/li>\n<\/ul>\n","protected":false},"excerpt":{"rendered":"<p>La direction du \u00ab\u00a0European Processor Initiative\u00a0\u00bb a d\u00e9taill\u00e9 plus avant sa feuille de route pour une puce 6 nm destin\u00e9e au supercalculateur exascale europ\u00e9en<\/p>\n","protected":false},"author":12,"featured_media":40175,"comment_status":"closed","ping_status":"closed","sticky":false,"template":"","format":"standard","meta":{"_acf_changed":false,"footnotes":""},"categories":[883],"tags":[903,905,906,917],"domains":[47],"ppma_author":[1144],"class_list":["post-40174","post","type-post","status-publish","format-standard","has-post-thumbnail","hentry","category-technologies","tag-interconnect-cables-fr","tag-memory-data-storage-fr","tag-mpus-mcus-fr","tag-software-embedded-tools-fr","domains-electronique-eci"],"acf":[],"yoast_head":"<title>Mise \u00e0 jour de la feuille de route pour le chip europ\u00e9en EPI ...<\/title>\n<meta name=\"description\" content=\"La direction du &quot;European Processor Initiative&quot; a d\u00e9taill\u00e9 plus avant sa feuille de route pour une puce 6 nm destin\u00e9e au supercalculateur exascale...\" \/>\n<meta name=\"robots\" content=\"index, follow, max-snippet:-1, max-image-preview:large, max-video-preview:-1\" \/>\n<link rel=\"canonical\" href=\"https:\/\/www.ecinews.fr\/fr\/wp-json\/wp\/v2\/posts\/40174\/\" \/>\n<meta property=\"og:locale\" content=\"fr_FR\" \/>\n<meta property=\"og:type\" content=\"article\" \/>\n<meta property=\"og:title\" content=\"Mise \u00e0 jour de la feuille de route pour le chip europ\u00e9en EPI\" \/>\n<meta property=\"og:description\" content=\"La direction du &quot;European Processor Initiative&quot; a d\u00e9taill\u00e9 plus avant sa feuille de route pour une puce 6 nm destin\u00e9e au supercalculateur exascale europ\u00e9en\" \/>\n<meta property=\"og:url\" content=\"https:\/\/www.ecinews.fr\/fr\/wp-json\/wp\/v2\/posts\/40174\/\" \/>\n<meta property=\"og:site_name\" content=\"EENewsEurope\" \/>\n<meta property=\"article:published_time\" content=\"2020-11-17T14:00:32+00:00\" \/>\n<meta property=\"og:image\" content=\"https:\/\/www.ecinews.fr\/wp-content\/uploads\/import\/default\/files\/sites\/default\/files\/images\/2020-11-09-epi-timeline_0.jpg\" \/>\n\t<meta property=\"og:image:width\" content=\"2048\" \/>\n\t<meta property=\"og:image:height\" content=\"1087\" \/>\n\t<meta property=\"og:image:type\" content=\"image\/jpeg\" \/>\n<meta name=\"author\" content=\"Andre Rousselot\" \/>\n<meta name=\"twitter:card\" content=\"summary_large_image\" \/>\n<meta name=\"twitter:label1\" content=\"Written by\" \/>\n\t<meta name=\"twitter:data1\" content=\"Andre Rousselot\" \/>\n\t<meta name=\"twitter:label2\" content=\"Est. reading time\" \/>\n\t<meta name=\"twitter:data2\" content=\"3 minutes\" \/>\n<script type=\"application\/ld+json\" class=\"yoast-schema-graph\">{\"@context\":\"https:\/\/schema.org\",\"@graph\":[{\"@type\":\"Article\",\"@id\":\"https:\/\/www.ecinews.fr\/fr\/mise-a-jour-de-la-feuille-de-route-pour-le-chip-europeen-epi\/#article\",\"isPartOf\":{\"@id\":\"https:\/\/www.ecinews.fr\/fr\/mise-a-jour-de-la-feuille-de-route-pour-le-chip-europeen-epi\/\"},\"author\":{\"name\":\"Andre Rousselot\",\"@id\":\"https:\/\/www.eenewseurope.com\/en\/#\/schema\/person\/9d52edb517ca8d9017312e8e246b9433\"},\"headline\":\"Mise \u00e0 jour de la feuille de route pour le chip europ\u00e9en EPI\",\"datePublished\":\"2020-11-17T14:00:32+00:00\",\"dateModified\":\"2020-11-17T14:00:32+00:00\",\"mainEntityOfPage\":{\"@id\":\"https:\/\/www.ecinews.fr\/fr\/mise-a-jour-de-la-feuille-de-route-pour-le-chip-europeen-epi\/\"},\"wordCount\":655,\"publisher\":{\"@id\":\"https:\/\/www.eenewseurope.com\/en\/#organization\"},\"keywords\":[\"Interconnect &amp; cables\",\"Memory &amp; Data Storage\",\"MPUs\/MCUs\",\"Software &amp; Embedded tools\"],\"articleSection\":[\"Technologies\"],\"inLanguage\":\"fr-FR\"},{\"@type\":\"WebPage\",\"@id\":\"https:\/\/www.ecinews.fr\/fr\/mise-a-jour-de-la-feuille-de-route-pour-le-chip-europeen-epi\/\",\"url\":\"https:\/\/www.ecinews.fr\/fr\/mise-a-jour-de-la-feuille-de-route-pour-le-chip-europeen-epi\/\",\"name\":\"Mise \u00e0 jour de la feuille de route pour le chip europ\u00e9en EPI -\",\"isPartOf\":{\"@id\":\"https:\/\/www.eenewseurope.com\/en\/#website\"},\"datePublished\":\"2020-11-17T14:00:32+00:00\",\"dateModified\":\"2020-11-17T14:00:32+00:00\",\"breadcrumb\":{\"@id\":\"https:\/\/www.ecinews.fr\/fr\/mise-a-jour-de-la-feuille-de-route-pour-le-chip-europeen-epi\/#breadcrumb\"},\"inLanguage\":\"fr-FR\",\"potentialAction\":[{\"@type\":\"ReadAction\",\"target\":[\"https:\/\/www.ecinews.fr\/fr\/mise-a-jour-de-la-feuille-de-route-pour-le-chip-europeen-epi\/\"]}]},{\"@type\":\"BreadcrumbList\",\"@id\":\"https:\/\/www.ecinews.fr\/fr\/mise-a-jour-de-la-feuille-de-route-pour-le-chip-europeen-epi\/#breadcrumb\",\"itemListElement\":[{\"@type\":\"ListItem\",\"position\":1,\"name\":\"Home\",\"item\":\"https:\/\/www.ecinews.fr\/fr\/\"},{\"@type\":\"ListItem\",\"position\":2,\"name\":\"Mise \u00e0 jour de la feuille de route pour le chip europ\u00e9en EPI\"}]},{\"@type\":\"WebSite\",\"@id\":\"https:\/\/www.eenewseurope.com\/en\/#website\",\"url\":\"https:\/\/www.eenewseurope.com\/en\/\",\"name\":\"EENewsEurope\",\"description\":\"Just another WordPress site\",\"publisher\":{\"@id\":\"https:\/\/www.eenewseurope.com\/en\/#organization\"},\"potentialAction\":[{\"@type\":\"SearchAction\",\"target\":{\"@type\":\"EntryPoint\",\"urlTemplate\":\"https:\/\/www.eenewseurope.com\/en\/?s={search_term_string}\"},\"query-input\":\"required name=search_term_string\"}],\"inLanguage\":\"fr-FR\"},{\"@type\":\"Organization\",\"@id\":\"https:\/\/www.eenewseurope.com\/en\/#organization\",\"name\":\"EENewsEurope\",\"url\":\"https:\/\/www.eenewseurope.com\/en\/\",\"logo\":{\"@type\":\"ImageObject\",\"inLanguage\":\"fr-FR\",\"@id\":\"https:\/\/www.eenewseurope.com\/en\/#\/schema\/logo\/image\/\",\"url\":\"https:\/\/www.ecinews.fr\/wp-content\/uploads\/2022\/02\/logo-1.jpg\",\"contentUrl\":\"https:\/\/www.ecinews.fr\/wp-content\/uploads\/2022\/02\/logo-1.jpg\",\"width\":283,\"height\":113,\"caption\":\"EENewsEurope\"},\"image\":{\"@id\":\"https:\/\/www.eenewseurope.com\/en\/#\/schema\/logo\/image\/\"}},{\"@type\":\"Person\",\"@id\":\"https:\/\/www.eenewseurope.com\/en\/#\/schema\/person\/9d52edb517ca8d9017312e8e246b9433\",\"name\":\"Andre Rousselot\",\"image\":{\"@type\":\"ImageObject\",\"inLanguage\":\"fr-FR\",\"@id\":\"https:\/\/www.eenewseurope.com\/en\/#\/schema\/person\/image\/8046680f16f52d2ae022297dc9e36ff3\",\"url\":\"https:\/\/secure.gravatar.com\/avatar\/428720feffa09baddfe5e7cd3f84b526?s=96&d=mm&r=g\",\"contentUrl\":\"https:\/\/secure.gravatar.com\/avatar\/428720feffa09baddfe5e7cd3f84b526?s=96&d=mm&r=g\",\"caption\":\"Andre Rousselot\"}}]}<\/script>","yoast_head_json":{"title":"Mise \u00e0 jour de la feuille de route pour le chip europ\u00e9en EPI ...","description":"La direction du \"European Processor Initiative\" a d\u00e9taill\u00e9 plus avant sa feuille de route pour une puce 6 nm destin\u00e9e au supercalculateur exascale...","robots":{"index":"index","follow":"follow","max-snippet":"max-snippet:-1","max-image-preview":"max-image-preview:large","max-video-preview":"max-video-preview:-1"},"canonical":"https:\/\/www.ecinews.fr\/fr\/wp-json\/wp\/v2\/posts\/40174\/","og_locale":"fr_FR","og_type":"article","og_title":"Mise \u00e0 jour de la feuille de route pour le chip europ\u00e9en EPI","og_description":"La direction du \"European Processor Initiative\" a d\u00e9taill\u00e9 plus avant sa feuille de route pour une puce 6 nm destin\u00e9e au supercalculateur exascale europ\u00e9en","og_url":"https:\/\/www.ecinews.fr\/fr\/wp-json\/wp\/v2\/posts\/40174\/","og_site_name":"EENewsEurope","article_published_time":"2020-11-17T14:00:32+00:00","og_image":[{"width":2048,"height":1087,"url":"https:\/\/www.ecinews.fr\/wp-content\/uploads\/import\/default\/files\/sites\/default\/files\/images\/2020-11-09-epi-timeline_0.jpg","type":"image\/jpeg"}],"author":"Andre Rousselot","twitter_card":"summary_large_image","twitter_misc":{"Written by":"Andre Rousselot","Est. reading time":"3 minutes"},"schema":{"@context":"https:\/\/schema.org","@graph":[{"@type":"Article","@id":"https:\/\/www.ecinews.fr\/fr\/mise-a-jour-de-la-feuille-de-route-pour-le-chip-europeen-epi\/#article","isPartOf":{"@id":"https:\/\/www.ecinews.fr\/fr\/mise-a-jour-de-la-feuille-de-route-pour-le-chip-europeen-epi\/"},"author":{"name":"Andre Rousselot","@id":"https:\/\/www.eenewseurope.com\/en\/#\/schema\/person\/9d52edb517ca8d9017312e8e246b9433"},"headline":"Mise \u00e0 jour de la feuille de route pour le chip europ\u00e9en EPI","datePublished":"2020-11-17T14:00:32+00:00","dateModified":"2020-11-17T14:00:32+00:00","mainEntityOfPage":{"@id":"https:\/\/www.ecinews.fr\/fr\/mise-a-jour-de-la-feuille-de-route-pour-le-chip-europeen-epi\/"},"wordCount":655,"publisher":{"@id":"https:\/\/www.eenewseurope.com\/en\/#organization"},"keywords":["Interconnect &amp; cables","Memory &amp; Data Storage","MPUs\/MCUs","Software &amp; Embedded tools"],"articleSection":["Technologies"],"inLanguage":"fr-FR"},{"@type":"WebPage","@id":"https:\/\/www.ecinews.fr\/fr\/mise-a-jour-de-la-feuille-de-route-pour-le-chip-europeen-epi\/","url":"https:\/\/www.ecinews.fr\/fr\/mise-a-jour-de-la-feuille-de-route-pour-le-chip-europeen-epi\/","name":"Mise \u00e0 jour de la feuille de route pour le chip europ\u00e9en EPI -","isPartOf":{"@id":"https:\/\/www.eenewseurope.com\/en\/#website"},"datePublished":"2020-11-17T14:00:32+00:00","dateModified":"2020-11-17T14:00:32+00:00","breadcrumb":{"@id":"https:\/\/www.ecinews.fr\/fr\/mise-a-jour-de-la-feuille-de-route-pour-le-chip-europeen-epi\/#breadcrumb"},"inLanguage":"fr-FR","potentialAction":[{"@type":"ReadAction","target":["https:\/\/www.ecinews.fr\/fr\/mise-a-jour-de-la-feuille-de-route-pour-le-chip-europeen-epi\/"]}]},{"@type":"BreadcrumbList","@id":"https:\/\/www.ecinews.fr\/fr\/mise-a-jour-de-la-feuille-de-route-pour-le-chip-europeen-epi\/#breadcrumb","itemListElement":[{"@type":"ListItem","position":1,"name":"Home","item":"https:\/\/www.ecinews.fr\/fr\/"},{"@type":"ListItem","position":2,"name":"Mise \u00e0 jour de la feuille de route pour le chip europ\u00e9en EPI"}]},{"@type":"WebSite","@id":"https:\/\/www.eenewseurope.com\/en\/#website","url":"https:\/\/www.eenewseurope.com\/en\/","name":"EENewsEurope","description":"Just another WordPress site","publisher":{"@id":"https:\/\/www.eenewseurope.com\/en\/#organization"},"potentialAction":[{"@type":"SearchAction","target":{"@type":"EntryPoint","urlTemplate":"https:\/\/www.eenewseurope.com\/en\/?s={search_term_string}"},"query-input":"required name=search_term_string"}],"inLanguage":"fr-FR"},{"@type":"Organization","@id":"https:\/\/www.eenewseurope.com\/en\/#organization","name":"EENewsEurope","url":"https:\/\/www.eenewseurope.com\/en\/","logo":{"@type":"ImageObject","inLanguage":"fr-FR","@id":"https:\/\/www.eenewseurope.com\/en\/#\/schema\/logo\/image\/","url":"https:\/\/www.ecinews.fr\/wp-content\/uploads\/2022\/02\/logo-1.jpg","contentUrl":"https:\/\/www.ecinews.fr\/wp-content\/uploads\/2022\/02\/logo-1.jpg","width":283,"height":113,"caption":"EENewsEurope"},"image":{"@id":"https:\/\/www.eenewseurope.com\/en\/#\/schema\/logo\/image\/"}},{"@type":"Person","@id":"https:\/\/www.eenewseurope.com\/en\/#\/schema\/person\/9d52edb517ca8d9017312e8e246b9433","name":"Andre Rousselot","image":{"@type":"ImageObject","inLanguage":"fr-FR","@id":"https:\/\/www.eenewseurope.com\/en\/#\/schema\/person\/image\/8046680f16f52d2ae022297dc9e36ff3","url":"https:\/\/secure.gravatar.com\/avatar\/428720feffa09baddfe5e7cd3f84b526?s=96&d=mm&r=g","contentUrl":"https:\/\/secure.gravatar.com\/avatar\/428720feffa09baddfe5e7cd3f84b526?s=96&d=mm&r=g","caption":"Andre Rousselot"}}]}},"authors":[{"term_id":1144,"user_id":12,"is_guest":0,"slug":"rousselot","display_name":"Andre Rousselot","avatar_url":"https:\/\/secure.gravatar.com\/avatar\/428720feffa09baddfe5e7cd3f84b526?s=96&d=mm&r=g","0":null,"1":"","2":"","3":"","4":"","5":"","6":"","7":"","8":""}],"_links":{"self":[{"href":"https:\/\/www.ecinews.fr\/fr\/wp-json\/wp\/v2\/posts\/40174"}],"collection":[{"href":"https:\/\/www.ecinews.fr\/fr\/wp-json\/wp\/v2\/posts"}],"about":[{"href":"https:\/\/www.ecinews.fr\/fr\/wp-json\/wp\/v2\/types\/post"}],"author":[{"embeddable":true,"href":"https:\/\/www.ecinews.fr\/fr\/wp-json\/wp\/v2\/users\/12"}],"replies":[{"embeddable":true,"href":"https:\/\/www.ecinews.fr\/fr\/wp-json\/wp\/v2\/comments?post=40174"}],"version-history":[{"count":0,"href":"https:\/\/www.ecinews.fr\/fr\/wp-json\/wp\/v2\/posts\/40174\/revisions"}],"wp:featuredmedia":[{"embeddable":true,"href":"https:\/\/www.ecinews.fr\/fr\/wp-json\/wp\/v2\/media\/40175"}],"wp:attachment":[{"href":"https:\/\/www.ecinews.fr\/fr\/wp-json\/wp\/v2\/media?parent=40174"}],"wp:term":[{"taxonomy":"category","embeddable":true,"href":"https:\/\/www.ecinews.fr\/fr\/wp-json\/wp\/v2\/categories?post=40174"},{"taxonomy":"post_tag","embeddable":true,"href":"https:\/\/www.ecinews.fr\/fr\/wp-json\/wp\/v2\/tags?post=40174"},{"taxonomy":"domains","embeddable":true,"href":"https:\/\/www.ecinews.fr\/fr\/wp-json\/wp\/v2\/domains?post=40174"},{"taxonomy":"author","embeddable":true,"href":"https:\/\/www.ecinews.fr\/fr\/wp-json\/wp\/v2\/ppma_author?post=40174"}],"curies":[{"name":"wp","href":"https:\/\/api.w.org\/{rel}","templated":true}]}}