{"id":401114,"date":"2022-11-02T23:15:23","date_gmt":"2022-11-02T22:15:23","guid":{"rendered":"https:\/\/www.ecinews.fr\/?p=401114"},"modified":"2022-11-02T23:15:23","modified_gmt":"2022-11-02T22:15:23","slug":"ambarella-et-einfochips-font-equipe-sur-les-services-de-conception-de-vision-edge-ai","status":"publish","type":"post","link":"https:\/\/www.ecinews.fr\/fr\/ambarella-et-einfochips-font-equipe-sur-les-services-de-conception-de-vision-edge-ai\/","title":{"rendered":"Ambarella et eInfochips font \u00e9quipe sur les services de conception de vision Edge AI"},"content":{"rendered":"<p>Ambarella, Inc., une soci\u00e9t\u00e9 de pointe active dans le domaine des semi-conducteurs d\u2019IA, et eInfochips, l\u2019un des principaux fournisseurs de services d\u2019ing\u00e9nierie de produits, ont annonc\u00e9 qu\u2019ils travailleraient en \u00e9troite relation afin d\u2019\u00e9tendre les services de conception et de d\u00e9veloppement pour la prochaine g\u00e9n\u00e9ration de cam\u00e9ras munies d\u2019IA, bas\u00e9es sur la plateforme SoC AI de pointe CVflow d\u2019Ambarella. Cette relation tire parti de la vaste exp\u00e9rience et des ressources d\u2019eInfochips en mati\u00e8re d\u2019ing\u00e9nierie pour soutenir la croissance rapide des applications IoT de l\u2019IA, notamment la perception pour les march\u00e9s de la robotique, du contr\u00f4le d\u2019acc\u00e8s, du commerce, de la s\u00e9curit\u00e9, de la vid\u00e9oconf\u00e9rence et des soins de sant\u00e9.<\/p>\n<p>\u00ab\u00a0A la fin de 2021 \u00e0 l\u2019\u00e9chelle mondiale, il y avait une base install\u00e9e d\u2019environ 8,4 milliards de terminaux IoT, avec des processeurs \u00ab\u00a0deep-learning\u00a0\u00bb\u00a0 en d\u00e9but de phase de p\u00e9n\u00e9tration de ce march\u00e9 \u00e0 croissance rapide\u00a0\u00bb, a d\u00e9clar\u00e9 Lian Jye Su, directeur de recherche sur l\u2019IA chez ABI Research. \u00ab\u00a0La combinaison des familles de processeurs d\u2019IA CVflow d\u2019Ambarella avec l\u2019importante expertise d\u2019eInfochips en mati\u00e8re de conception dans une grande vari\u00e9t\u00e9 d\u2019applications IoT contribuera \u00e0 la croissance rapide de l\u2019IA sur ce march\u00e9. ABI pr\u00e9voit une p\u00e9n\u00e9tration de plus de 12\u00a0% de \u00ab\u00a0deep-learning\u00a0\u00bb sur le march\u00e9 des terminaux IoT munis d\u2019une IA d\u2019ici 2028\u00a0\u00bb.<\/p>\n<p>Cette croissance de l\u2019IoT combin\u00e9e \u00e0 l\u2019IA comprend la \u00ab\u00a0computer vision\u00a0\u00bb n\u00e9cessitant l\u2019expertise en mati\u00e8re d\u2019imagerie, de d\u00e9veloppement de mat\u00e9riel et de logiciels qu\u2019eInfochips peut fournir. Cette collaboration permet aux entreprises de tirer parti de la technologie de pointe d\u2019Ambarella et des ressources de conception d\u2019eInfochips, les meilleures de leur cat\u00e9gorie, pour acc\u00e9l\u00e9rer leurs cycles d\u2019\u00e9valuation et de conception.<\/p>\n<p>\u00ab\u00a0Cette collaboration synergique va lib\u00e9rer nos connaissances et notre expertise approfondies en mati\u00e8re de conception pour les entreprises qui cherchent \u00e0 tirer pleinement parti de l\u2019excellente performance par watt de l\u2019IA qu\u2019Ambarella peut apporter \u00e0 leurs designs\u00a0 de la vision artificielle\u00a0\u00bb, a d\u00e9clar\u00e9 M.\u00a0Parag Mehta, directeur des ventes et du d\u00e9veloppement commercial d\u2019eInfochips.<\/p>\n<p>\u00ab\u00a0Cette relation nous permettra de mieux r\u00e9pondre \u00e0 cette vague de nouvelles opportunit\u00e9s\u00a0\u00bb, a d\u00e9clar\u00e9 M.\u00a0Chris Day, vice-pr\u00e9sident du marketing et du d\u00e9veloppement commercial d\u2019Ambarella. \u00ab\u00a0L\u2019expertise prouv\u00e9e d\u2019eInfochips en mati\u00e8re de conception permettra \u00e0 Ambarella de p\u00e9n\u00e9trer plus facilement de nouveaux march\u00e9s, notamment la robotique, le contr\u00f4le d\u2019acc\u00e8s et les cam\u00e9ras\u00a0ML, et d\u2019accro\u00eetre notre client\u00e8le mutuelle\u00a0\u00bb.<\/p>\n<p>Avec plus de 25 ans d\u2019exp\u00e9rience dans la fourniture de services d\u2019ing\u00e9nierie produits, eInfochips poss\u00e8de une expertise substantielle dans la conception d\u2019une grande vari\u00e9t\u00e9 de technologies et de protocoles de cam\u00e9ras, y compris les cam\u00e9ras RVB-IR, PTZ, ONVIF, PSIA, ZigBee sans fil et les confections de DVR sur cam\u00e9ra et multi-imageurs. En outre, la soci\u00e9t\u00e9 poss\u00e8de une vaste exp\u00e9rience en mati\u00e8re d\u2019imagerie 2D et de d\u00e9tection 3D de profondeur, ainsi qu\u2019un cadre de cam\u00e9ra r\u00e9utilisable pour un d\u00e9veloppement plus rapide. Forte de son exp\u00e9rience ant\u00e9rieure avec les chipsets d\u2019Ambarella, eInfochips propose des services de conception et de d\u00e9veloppement de bout en bout bas\u00e9s sur les familles de SoC CVflow Edge AI SoC d\u2019Ambarella.<\/p>\n<p>Outre le soutien en mati\u00e8re de prototypes et de fabrication, cette collaboration permet \u00e0 eInfochips d\u2019offrir une grande vari\u00e9t\u00e9 de services de conception et de d\u00e9veloppement de produits pour les solutions de cam\u00e9ras bas\u00e9es sur Ambarella, notamment\u00a0:<\/p>\n<p>* Conception de cam\u00e9ras multicapteurs et d\u2019analyse vid\u00e9o<\/p>\n<p>* D\u00e9veloppement du SDK de la cam\u00e9ra et du logiciel syst\u00e8me<\/p>\n<p>* R\u00e9glage du capteur d\u2019image dans son laboratoire de pointe de r\u00e9glage d\u2019image<\/p>\n<p>* Portage d\u2019algorithmes d\u2019IA et d\u2019apprentissage automatique et mise en \u0153uvre de la vision artificielle<\/p>\n<p><a href=\"https:\/\/www.einfochips.com\/partnerships-and-alliances\/device-partnerships\/ambarella\/\">www.einfochips.com\/partnerships-and-alliances\/device-partnerships\/ambarella\/<\/a><\/p>\n<p><a href=\"http:\/\/www.ambarella.com\/\">www.ambarella.com<\/a><\/p>\n<p>&nbsp;<\/p>\n","protected":false},"excerpt":{"rendered":"<p>Ambarella, Inc., une soci\u00e9t\u00e9 de pointe active dans le domaine des semi-conducteurs d\u2019IA, et eInfochips, l\u2019un des principaux fournisseurs de services d\u2019ing\u00e9nierie de produits, ont annonc\u00e9 qu\u2019ils travailleraient en \u00e9troite relation afin d\u2019\u00e9tendre les services de conception et de d\u00e9veloppement pour la prochaine g\u00e9n\u00e9ration de cam\u00e9ras munies d\u2019IA, bas\u00e9es sur la plateforme SoC AI de [&hellip;]<\/p>\n","protected":false},"author":36,"featured_media":401115,"comment_status":"closed","ping_status":"closed","sticky":false,"template":"","format":"standard","meta":{"_acf_changed":false,"footnotes":""},"categories":[886],"tags":[],"domains":[47],"ppma_author":[1154],"class_list":["post-401114","post","type-post","status-publish","format-standard","has-post-thumbnail","hentry","category-news-fr","domains-electronique-eci"],"acf":[],"yoast_head":"<title>Ambarella et eInfochips font \u00e9quipe sur les services de concep...<\/title>\n<meta name=\"description\" content=\"Ambarella, Inc., une soci\u00e9t\u00e9 de pointe active dans le domaine des semi-conducteurs d\u2019IA, et eInfochips, l\u2019un des principaux fournisseurs de services...\" \/>\n<meta name=\"robots\" content=\"index, follow, max-snippet:-1, max-image-preview:large, max-video-preview:-1\" \/>\n<link rel=\"canonical\" href=\"https:\/\/www.ecinews.fr\/fr\/wp-json\/wp\/v2\/posts\/401114\/\" \/>\n<meta property=\"og:locale\" content=\"fr_FR\" \/>\n<meta property=\"og:type\" content=\"article\" \/>\n<meta property=\"og:title\" content=\"Ambarella et eInfochips font \u00e9quipe sur les services de conception de vision Edge AI\" \/>\n<meta property=\"og:description\" content=\"Ambarella, Inc., une soci\u00e9t\u00e9 de pointe active dans le domaine des semi-conducteurs d\u2019IA, et eInfochips, l\u2019un des principaux fournisseurs de services d\u2019ing\u00e9nierie de produits, ont annonc\u00e9 qu\u2019ils travailleraient en \u00e9troite relation afin d\u2019\u00e9tendre les services de conception et de d\u00e9veloppement pour la prochaine g\u00e9n\u00e9ration de cam\u00e9ras munies d\u2019IA, bas\u00e9es sur la plateforme SoC AI de [&hellip;]\" \/>\n<meta property=\"og:url\" content=\"https:\/\/www.ecinews.fr\/fr\/wp-json\/wp\/v2\/posts\/401114\/\" \/>\n<meta property=\"og:site_name\" content=\"EENewsEurope\" \/>\n<meta property=\"article:published_time\" content=\"2022-11-02T22:15:23+00:00\" \/>\n<meta property=\"og:image\" content=\"https:\/\/www.ecinews.fr\/wp-content\/uploads\/2022\/11\/ECI1525_Ambarella_eInfochips-actu-scaled.jpg\" \/>\n\t<meta property=\"og:image:width\" content=\"1080\" \/>\n\t<meta property=\"og:image:height\" content=\"771\" \/>\n\t<meta property=\"og:image:type\" content=\"image\/jpeg\" \/>\n<meta name=\"author\" content=\"Alain Dieul\" \/>\n<meta name=\"twitter:card\" content=\"summary_large_image\" \/>\n<meta name=\"twitter:label1\" content=\"Written by\" \/>\n\t<meta name=\"twitter:data1\" content=\"Alain Dieul\" \/>\n\t<meta name=\"twitter:label2\" content=\"Est. reading time\" \/>\n\t<meta name=\"twitter:data2\" content=\"3 minutes\" \/>\n<script type=\"application\/ld+json\" class=\"yoast-schema-graph\">{\"@context\":\"https:\/\/schema.org\",\"@graph\":[{\"@type\":\"Article\",\"@id\":\"https:\/\/www.ecinews.fr\/fr\/ambarella-et-einfochips-font-equipe-sur-les-services-de-conception-de-vision-edge-ai\/#article\",\"isPartOf\":{\"@id\":\"https:\/\/www.ecinews.fr\/fr\/ambarella-et-einfochips-font-equipe-sur-les-services-de-conception-de-vision-edge-ai\/\"},\"author\":{\"name\":\"Alain Dieul\",\"@id\":\"https:\/\/www.eenewseurope.com\/en\/#\/schema\/person\/e4387676ad67ce722325c7832f3c3762\"},\"headline\":\"Ambarella et eInfochips font \u00e9quipe sur les services de conception de vision Edge AI\",\"datePublished\":\"2022-11-02T22:15:23+00:00\",\"dateModified\":\"2022-11-02T22:15:23+00:00\",\"mainEntityOfPage\":{\"@id\":\"https:\/\/www.ecinews.fr\/fr\/ambarella-et-einfochips-font-equipe-sur-les-services-de-conception-de-vision-edge-ai\/\"},\"wordCount\":722,\"publisher\":{\"@id\":\"https:\/\/www.eenewseurope.com\/en\/#organization\"},\"articleSection\":[\"Actualit\u00e9 g\u00e9n\u00e9rale\"],\"inLanguage\":\"fr-FR\"},{\"@type\":\"WebPage\",\"@id\":\"https:\/\/www.ecinews.fr\/fr\/ambarella-et-einfochips-font-equipe-sur-les-services-de-conception-de-vision-edge-ai\/\",\"url\":\"https:\/\/www.ecinews.fr\/fr\/ambarella-et-einfochips-font-equipe-sur-les-services-de-conception-de-vision-edge-ai\/\",\"name\":\"Ambarella et eInfochips font \u00e9quipe sur les services de conception de vision Edge AI -\",\"isPartOf\":{\"@id\":\"https:\/\/www.eenewseurope.com\/en\/#website\"},\"datePublished\":\"2022-11-02T22:15:23+00:00\",\"dateModified\":\"2022-11-02T22:15:23+00:00\",\"breadcrumb\":{\"@id\":\"https:\/\/www.ecinews.fr\/fr\/ambarella-et-einfochips-font-equipe-sur-les-services-de-conception-de-vision-edge-ai\/#breadcrumb\"},\"inLanguage\":\"fr-FR\",\"potentialAction\":[{\"@type\":\"ReadAction\",\"target\":[\"https:\/\/www.ecinews.fr\/fr\/ambarella-et-einfochips-font-equipe-sur-les-services-de-conception-de-vision-edge-ai\/\"]}]},{\"@type\":\"BreadcrumbList\",\"@id\":\"https:\/\/www.ecinews.fr\/fr\/ambarella-et-einfochips-font-equipe-sur-les-services-de-conception-de-vision-edge-ai\/#breadcrumb\",\"itemListElement\":[{\"@type\":\"ListItem\",\"position\":1,\"name\":\"Home\",\"item\":\"https:\/\/www.ecinews.fr\/fr\/\"},{\"@type\":\"ListItem\",\"position\":2,\"name\":\"Ambarella et eInfochips font \u00e9quipe sur les services de conception de vision Edge AI\"}]},{\"@type\":\"WebSite\",\"@id\":\"https:\/\/www.eenewseurope.com\/en\/#website\",\"url\":\"https:\/\/www.eenewseurope.com\/en\/\",\"name\":\"EENewsEurope\",\"description\":\"Just another WordPress site\",\"publisher\":{\"@id\":\"https:\/\/www.eenewseurope.com\/en\/#organization\"},\"potentialAction\":[{\"@type\":\"SearchAction\",\"target\":{\"@type\":\"EntryPoint\",\"urlTemplate\":\"https:\/\/www.eenewseurope.com\/en\/?s={search_term_string}\"},\"query-input\":\"required name=search_term_string\"}],\"inLanguage\":\"fr-FR\"},{\"@type\":\"Organization\",\"@id\":\"https:\/\/www.eenewseurope.com\/en\/#organization\",\"name\":\"EENewsEurope\",\"url\":\"https:\/\/www.eenewseurope.com\/en\/\",\"logo\":{\"@type\":\"ImageObject\",\"inLanguage\":\"fr-FR\",\"@id\":\"https:\/\/www.eenewseurope.com\/en\/#\/schema\/logo\/image\/\",\"url\":\"https:\/\/www.ecinews.fr\/wp-content\/uploads\/2022\/02\/logo-1.jpg\",\"contentUrl\":\"https:\/\/www.ecinews.fr\/wp-content\/uploads\/2022\/02\/logo-1.jpg\",\"width\":283,\"height\":113,\"caption\":\"EENewsEurope\"},\"image\":{\"@id\":\"https:\/\/www.eenewseurope.com\/en\/#\/schema\/logo\/image\/\"}},{\"@type\":\"Person\",\"@id\":\"https:\/\/www.eenewseurope.com\/en\/#\/schema\/person\/e4387676ad67ce722325c7832f3c3762\",\"name\":\"Alain Dieul\",\"image\":{\"@type\":\"ImageObject\",\"inLanguage\":\"fr-FR\",\"@id\":\"https:\/\/www.eenewseurope.com\/en\/#\/schema\/person\/image\/736120675699dbbf0f0f282b9a9cfb75\",\"url\":\"https:\/\/secure.gravatar.com\/avatar\/bc93b056d07515be5b8eecd4acf49c5c?s=96&d=mm&r=g\",\"contentUrl\":\"https:\/\/secure.gravatar.com\/avatar\/bc93b056d07515be5b8eecd4acf49c5c?s=96&d=mm&r=g\",\"caption\":\"Alain Dieul\"},\"sameAs\":[\"http:\/\/ECINews\"]}]}<\/script>","yoast_head_json":{"title":"Ambarella et eInfochips font \u00e9quipe sur les services de concep...","description":"Ambarella, Inc., une soci\u00e9t\u00e9 de pointe active dans le domaine des semi-conducteurs d\u2019IA, et eInfochips, l\u2019un des principaux fournisseurs de services...","robots":{"index":"index","follow":"follow","max-snippet":"max-snippet:-1","max-image-preview":"max-image-preview:large","max-video-preview":"max-video-preview:-1"},"canonical":"https:\/\/www.ecinews.fr\/fr\/wp-json\/wp\/v2\/posts\/401114\/","og_locale":"fr_FR","og_type":"article","og_title":"Ambarella et eInfochips font \u00e9quipe sur les services de conception de vision Edge AI","og_description":"Ambarella, Inc., une soci\u00e9t\u00e9 de pointe active dans le domaine des semi-conducteurs d\u2019IA, et eInfochips, l\u2019un des principaux fournisseurs de services d\u2019ing\u00e9nierie de produits, ont annonc\u00e9 qu\u2019ils travailleraient en \u00e9troite relation afin d\u2019\u00e9tendre les services de conception et de d\u00e9veloppement pour la prochaine g\u00e9n\u00e9ration de cam\u00e9ras munies d\u2019IA, bas\u00e9es sur la plateforme SoC AI de [&hellip;]","og_url":"https:\/\/www.ecinews.fr\/fr\/wp-json\/wp\/v2\/posts\/401114\/","og_site_name":"EENewsEurope","article_published_time":"2022-11-02T22:15:23+00:00","og_image":[{"width":1080,"height":771,"url":"https:\/\/www.ecinews.fr\/wp-content\/uploads\/2022\/11\/ECI1525_Ambarella_eInfochips-actu-scaled.jpg","type":"image\/jpeg"}],"author":"Alain Dieul","twitter_card":"summary_large_image","twitter_misc":{"Written by":"Alain Dieul","Est. reading time":"3 minutes"},"schema":{"@context":"https:\/\/schema.org","@graph":[{"@type":"Article","@id":"https:\/\/www.ecinews.fr\/fr\/ambarella-et-einfochips-font-equipe-sur-les-services-de-conception-de-vision-edge-ai\/#article","isPartOf":{"@id":"https:\/\/www.ecinews.fr\/fr\/ambarella-et-einfochips-font-equipe-sur-les-services-de-conception-de-vision-edge-ai\/"},"author":{"name":"Alain Dieul","@id":"https:\/\/www.eenewseurope.com\/en\/#\/schema\/person\/e4387676ad67ce722325c7832f3c3762"},"headline":"Ambarella et eInfochips font \u00e9quipe sur les services de conception de vision Edge AI","datePublished":"2022-11-02T22:15:23+00:00","dateModified":"2022-11-02T22:15:23+00:00","mainEntityOfPage":{"@id":"https:\/\/www.ecinews.fr\/fr\/ambarella-et-einfochips-font-equipe-sur-les-services-de-conception-de-vision-edge-ai\/"},"wordCount":722,"publisher":{"@id":"https:\/\/www.eenewseurope.com\/en\/#organization"},"articleSection":["Actualit\u00e9 g\u00e9n\u00e9rale"],"inLanguage":"fr-FR"},{"@type":"WebPage","@id":"https:\/\/www.ecinews.fr\/fr\/ambarella-et-einfochips-font-equipe-sur-les-services-de-conception-de-vision-edge-ai\/","url":"https:\/\/www.ecinews.fr\/fr\/ambarella-et-einfochips-font-equipe-sur-les-services-de-conception-de-vision-edge-ai\/","name":"Ambarella et eInfochips font \u00e9quipe sur les services de conception de vision Edge AI -","isPartOf":{"@id":"https:\/\/www.eenewseurope.com\/en\/#website"},"datePublished":"2022-11-02T22:15:23+00:00","dateModified":"2022-11-02T22:15:23+00:00","breadcrumb":{"@id":"https:\/\/www.ecinews.fr\/fr\/ambarella-et-einfochips-font-equipe-sur-les-services-de-conception-de-vision-edge-ai\/#breadcrumb"},"inLanguage":"fr-FR","potentialAction":[{"@type":"ReadAction","target":["https:\/\/www.ecinews.fr\/fr\/ambarella-et-einfochips-font-equipe-sur-les-services-de-conception-de-vision-edge-ai\/"]}]},{"@type":"BreadcrumbList","@id":"https:\/\/www.ecinews.fr\/fr\/ambarella-et-einfochips-font-equipe-sur-les-services-de-conception-de-vision-edge-ai\/#breadcrumb","itemListElement":[{"@type":"ListItem","position":1,"name":"Home","item":"https:\/\/www.ecinews.fr\/fr\/"},{"@type":"ListItem","position":2,"name":"Ambarella et eInfochips font \u00e9quipe sur les services de conception de vision Edge AI"}]},{"@type":"WebSite","@id":"https:\/\/www.eenewseurope.com\/en\/#website","url":"https:\/\/www.eenewseurope.com\/en\/","name":"EENewsEurope","description":"Just another WordPress site","publisher":{"@id":"https:\/\/www.eenewseurope.com\/en\/#organization"},"potentialAction":[{"@type":"SearchAction","target":{"@type":"EntryPoint","urlTemplate":"https:\/\/www.eenewseurope.com\/en\/?s={search_term_string}"},"query-input":"required name=search_term_string"}],"inLanguage":"fr-FR"},{"@type":"Organization","@id":"https:\/\/www.eenewseurope.com\/en\/#organization","name":"EENewsEurope","url":"https:\/\/www.eenewseurope.com\/en\/","logo":{"@type":"ImageObject","inLanguage":"fr-FR","@id":"https:\/\/www.eenewseurope.com\/en\/#\/schema\/logo\/image\/","url":"https:\/\/www.ecinews.fr\/wp-content\/uploads\/2022\/02\/logo-1.jpg","contentUrl":"https:\/\/www.ecinews.fr\/wp-content\/uploads\/2022\/02\/logo-1.jpg","width":283,"height":113,"caption":"EENewsEurope"},"image":{"@id":"https:\/\/www.eenewseurope.com\/en\/#\/schema\/logo\/image\/"}},{"@type":"Person","@id":"https:\/\/www.eenewseurope.com\/en\/#\/schema\/person\/e4387676ad67ce722325c7832f3c3762","name":"Alain Dieul","image":{"@type":"ImageObject","inLanguage":"fr-FR","@id":"https:\/\/www.eenewseurope.com\/en\/#\/schema\/person\/image\/736120675699dbbf0f0f282b9a9cfb75","url":"https:\/\/secure.gravatar.com\/avatar\/bc93b056d07515be5b8eecd4acf49c5c?s=96&d=mm&r=g","contentUrl":"https:\/\/secure.gravatar.com\/avatar\/bc93b056d07515be5b8eecd4acf49c5c?s=96&d=mm&r=g","caption":"Alain Dieul"},"sameAs":["http:\/\/ECINews"]}]}},"authors":[{"term_id":1154,"user_id":36,"is_guest":0,"slug":"alain-dieul","display_name":"Alain Dieul","avatar_url":"https:\/\/secure.gravatar.com\/avatar\/bc93b056d07515be5b8eecd4acf49c5c?s=96&d=mm&r=g","0":null,"1":"","2":"","3":"","4":"","5":"","6":"","7":"","8":""}],"_links":{"self":[{"href":"https:\/\/www.ecinews.fr\/fr\/wp-json\/wp\/v2\/posts\/401114"}],"collection":[{"href":"https:\/\/www.ecinews.fr\/fr\/wp-json\/wp\/v2\/posts"}],"about":[{"href":"https:\/\/www.ecinews.fr\/fr\/wp-json\/wp\/v2\/types\/post"}],"author":[{"embeddable":true,"href":"https:\/\/www.ecinews.fr\/fr\/wp-json\/wp\/v2\/users\/36"}],"replies":[{"embeddable":true,"href":"https:\/\/www.ecinews.fr\/fr\/wp-json\/wp\/v2\/comments?post=401114"}],"version-history":[{"count":0,"href":"https:\/\/www.ecinews.fr\/fr\/wp-json\/wp\/v2\/posts\/401114\/revisions"}],"wp:featuredmedia":[{"embeddable":true,"href":"https:\/\/www.ecinews.fr\/fr\/wp-json\/wp\/v2\/media\/401115"}],"wp:attachment":[{"href":"https:\/\/www.ecinews.fr\/fr\/wp-json\/wp\/v2\/media?parent=401114"}],"wp:term":[{"taxonomy":"category","embeddable":true,"href":"https:\/\/www.ecinews.fr\/fr\/wp-json\/wp\/v2\/categories?post=401114"},{"taxonomy":"post_tag","embeddable":true,"href":"https:\/\/www.ecinews.fr\/fr\/wp-json\/wp\/v2\/tags?post=401114"},{"taxonomy":"domains","embeddable":true,"href":"https:\/\/www.ecinews.fr\/fr\/wp-json\/wp\/v2\/domains?post=401114"},{"taxonomy":"author","embeddable":true,"href":"https:\/\/www.ecinews.fr\/fr\/wp-json\/wp\/v2\/ppma_author?post=401114"}],"curies":[{"name":"wp","href":"https:\/\/api.w.org\/{rel}","templated":true}]}}