{"id":400867,"date":"2022-11-01T14:18:20","date_gmt":"2022-11-01T13:18:20","guid":{"rendered":"https:\/\/www.ecinews.fr\/?p=400867"},"modified":"2022-11-01T17:00:52","modified_gmt":"2022-11-01T16:00:52","slug":"digi-key-lance-la-saison-2-de-sa-serie-de-videos-factory-tomorrow","status":"publish","type":"post","link":"https:\/\/www.ecinews.fr\/fr\/digi-key-lance-la-saison-2-de-sa-serie-de-videos-factory-tomorrow\/","title":{"rendered":"Digi-Key lance la saison 2 de sa s\u00e9rie de vid\u00e9os \u00ab Factory Tomorrow \u00bb"},"content":{"rendered":"<p>Sponsoris\u00e9e par <a href=\"https:\/\/www.digikey.fr\/fr\/supplier-centers\/siemens?utm_source=referral&amp;utm_medium=pressrelease&amp;utm_campaign=pressrelease\">Siemens<\/a>, <a href=\"https:\/\/www.digikey.fr\/fr\/supplier-centers\/schneider-electric?utm_source=referral&amp;utm_medium=pressrelease&amp;utm_campaign=pressrelease\">Schneider\u00a0Electric<\/a>\u00a0 et <a href=\"https:\/\/www.digikey.fr\/fr\/supplier-centers\/phoenix-contact?utm_source=referral&amp;utm_medium=pressrelease&amp;utm_campaign=pressrelease\">Phoenix\u00a0Contact<\/a>, cette s\u00e9rie de trois \u00e9pisodes s&rsquo;int\u00e9resse de plus pr\u00e8s aux forces motrices derri\u00e8re l&rsquo;Industrie\u00a04.0, en interrogeant notamment des experts du secteur sur le r\u00f4le de l&rsquo;intelligence artificielle (IA), de la connectivit\u00e9 et de l&rsquo;edge\u00a0computing dans les prochaines avanc\u00e9es majeures de la fabrication.<br \/>\n\u00ab\u00a0Au fil des ann\u00e9es, le secteur de la fabrication poursuit sa croissance et devient de plus en plus intelligent et automatis\u00e9\u00a0\u00bb, a d\u00e9clar\u00e9 Eric\u00a0Halvorson, directeur marketing des partenariats &#8211; programmes strat\u00e9giques chez Digi-Key. \u00ab\u00a0Nous avons h\u00e2te de mettre davantage en lumi\u00e8re ces technologies de l&rsquo;Industrie\u00a04.0 et de pr\u00e9senter l&rsquo;\u00e9volution du monde de l&rsquo;automatisation industrielle. Chez Digi-Key, nous mettons tout en \u0153uvre pour nous assurer que les ing\u00e9nieurs ont acc\u00e8s aux produits d&rsquo;automatisation et de contr\u00f4le dont ils ont besoin pour continuer \u00e0 innover pour l&rsquo;avenir des usines avanc\u00e9es.\u00a0\u00bb<br \/>\n\u00ab\u00a0Le jumeau num\u00e9rique de Siemens permet de relever les d\u00e9fis li\u00e9s \u00e0 la cha\u00eene d&rsquo;approvisionnement et \u00e0 la fabrication en offrant une repr\u00e9sentation virtuelle d&rsquo;un produit ou d&rsquo;un processus physique afin de simuler, de pr\u00e9dire et d&rsquo;optimiser le produit ou le syst\u00e8me de production\u00a0\u00bb, a expliqu\u00e9 Kurt\u00a0Covine, directeur des ventes partenaires chez Siemens Digital Industries. \u00ab\u00a0Le jumeau num\u00e9rique aide les fabricants \u00e0 innover de mani\u00e8re plus efficace et \u00e0 pr\u00e9parer l&rsquo;avenir.\u00a0\u00bb<br \/>\n\u00ab\u00a0Chez Schneider\u00a0Electric, notre objectif est d&rsquo;\u00eatre votre partenaire num\u00e9rique pour la durabilit\u00e9 et l&rsquo;efficacit\u00e9\u00a0\u00bb, a d\u00e9clar\u00e9 Poonam\u00a0Narang, directrice de la strat\u00e9gie et des applications de gestion des moteurs chez Schneider\u00a0Electric. \u00ab\u00a0En tirant parti de technologies innovantes, nos clients peuvent acc\u00e9der \u00e0 des donn\u00e9es sur les performances des machines et l&rsquo;utilisation de l&rsquo;\u00e9nergie afin de mieux comprendre l&rsquo;\u00e9tat global de leurs activit\u00e9s et de prendre des d\u00e9cisions de maintenance \u00e9clair\u00e9es, pour r\u00e9duire consid\u00e9rablement les temps d&rsquo;arr\u00eat impr\u00e9vus. En outre, nos solutions num\u00e9riques simplifient la conception, l&rsquo;installation et la maintenance des machines, ce qui permet de se concentrer sur les v\u00e9ritables d\u00e9fis auxquels font aujourd&rsquo;hui face les clients finaux, \u00e0 savoir les contraintes li\u00e9es \u00e0 la cha\u00eene d&rsquo;approvisionnement et les p\u00e9nuries de main-d&rsquo;\u0153uvre qualifi\u00e9e.\u00a0\u00bb<br \/>\n\u00ab\u00a0Chez Phoenix\u00a0Contact, notre mission consiste \u00e0 fournir des solutions pour l&rsquo;\u00e9lectrification, la mise en r\u00e9seau et l&rsquo;automatisation, afin que chacun, partout dans le monde, ait acc\u00e8s \u00e0 l&rsquo;\u00e9nergie renouvelable\u00a0\u00bb, a d\u00e9clar\u00e9 Jack\u00a0Nehlig, pr\u00e9sident de Phoenix\u00a0Contact USA, Inc. \u00ab\u00a0Qu&rsquo;est-ce qui nous rend uniques\u00a0? Nous r\u00e9fl\u00e9chissons et agissons pour le long terme, et gr\u00e2ce \u00e0 notre passion pour l&rsquo;innovation, nous proposons des technologies qui permettent \u00e0 nos clients de cr\u00e9er des solutions de confiance.\u00a0\u00bb<\/p>\n<p>La premi\u00e8re des trois vid\u00e9os de la s\u00e9rie, \u00ab\u00a0Voir double\u00a0\u00bb, est\u00a0<a href=\"https:\/\/www.digikey.fr\/fr\/resources\/iot-resource-center\/factory-tomorrow?utm_source=online&amp;utm_medium=vanity&amp;utm_campaign=factorytomorrow\">maintenant disponible sur le site Web de Digi-Key<\/a>\u00a0et s&rsquo;int\u00e9resse aux jumeaux num\u00e9riques, qui permettent des simulations mat\u00e9rielles d\u00e9taill\u00e9es d&rsquo;op\u00e9rations incroyablement complexes, comme les processus de fabrication et les am\u00e9nagements complets des usines de demain.<br \/>\nLa deuxi\u00e8me vid\u00e9o, \u00ab\u00a0The Show Must Go On\u00a0\u00bb, s&rsquo;int\u00e9ressera \u00e0 la visibilit\u00e9 gr\u00e2ce \u00e0 l&rsquo;utilisation de capteurs et d&rsquo;\u00e9l\u00e9ments mat\u00e9riels complexes, et la troisi\u00e8me vid\u00e9o, \u00ab\u00a0Penser autrement\u00a0\u00bb, pr\u00e9sentera les solutions de fabrication de pointe de demain.<\/p>\n<h3><a href=\"https:\/\/www.digikey.fr\/\">digikey.fr<\/a>\u00a0<\/h3>\n<p>&nbsp;<\/p>\n","protected":false},"excerpt":{"rendered":"<p>Sponsoris\u00e9e par Siemens, Schneider\u00a0Electric\u00a0 et Phoenix\u00a0Contact, cette s\u00e9rie de trois \u00e9pisodes s&rsquo;int\u00e9resse de plus pr\u00e8s aux forces motrices derri\u00e8re l&rsquo;Industrie\u00a04.0, en interrogeant notamment des experts du secteur sur le r\u00f4le de l&rsquo;intelligence artificielle (IA), de la connectivit\u00e9 et de l&rsquo;edge\u00a0computing dans les prochaines avanc\u00e9es majeures de la fabrication. \u00ab\u00a0Au fil des ann\u00e9es, le secteur de [&hellip;]<\/p>\n","protected":false},"author":36,"featured_media":400871,"comment_status":"closed","ping_status":"closed","sticky":false,"template":"","format":"standard","meta":{"_acf_changed":false,"footnotes":""},"categories":[886],"tags":[],"domains":[47],"ppma_author":[1154],"class_list":["post-400867","post","type-post","status-publish","format-standard","has-post-thumbnail","hentry","category-news-fr","domains-electronique-eci"],"acf":[],"yoast_head":"<title>Digi-Key lance la saison 2 de sa s\u00e9rie de vid\u00e9os \u00ab Factory T...<\/title>\n<meta name=\"description\" content=\"Sponsoris\u00e9e par Siemens, Schneider\u00a0Electric\u00a0 et Phoenix\u00a0Contact, cette s\u00e9rie de trois \u00e9pisodes s&rsquo;int\u00e9resse de plus pr\u00e8s aux forces motrices...\" \/>\n<meta name=\"robots\" content=\"index, follow, max-snippet:-1, max-image-preview:large, max-video-preview:-1\" \/>\n<link rel=\"canonical\" href=\"https:\/\/www.ecinews.fr\/fr\/wp-json\/wp\/v2\/posts\/400867\/\" \/>\n<meta property=\"og:locale\" content=\"fr_FR\" \/>\n<meta property=\"og:type\" content=\"article\" \/>\n<meta property=\"og:title\" content=\"Digi-Key lance la saison 2 de sa s\u00e9rie de vid\u00e9os \u00ab Factory Tomorrow \u00bb\" \/>\n<meta property=\"og:description\" content=\"Sponsoris\u00e9e par Siemens, Schneider\u00a0Electric\u00a0 et Phoenix\u00a0Contact, cette s\u00e9rie de trois \u00e9pisodes s&rsquo;int\u00e9resse de plus pr\u00e8s aux forces motrices derri\u00e8re l&rsquo;Industrie\u00a04.0, en interrogeant notamment des experts du secteur sur le r\u00f4le de l&rsquo;intelligence artificielle (IA), de la connectivit\u00e9 et de l&rsquo;edge\u00a0computing dans les prochaines avanc\u00e9es majeures de la fabrication. \u00ab\u00a0Au fil des ann\u00e9es, le secteur de [&hellip;]\" \/>\n<meta property=\"og:url\" content=\"https:\/\/www.ecinews.fr\/fr\/wp-json\/wp\/v2\/posts\/400867\/\" \/>\n<meta property=\"og:site_name\" content=\"EENewsEurope\" \/>\n<meta property=\"article:published_time\" content=\"2022-11-01T13:18:20+00:00\" \/>\n<meta property=\"article:modified_time\" content=\"2022-11-01T16:00:52+00:00\" \/>\n<meta property=\"og:image\" content=\"https:\/\/www.ecinews.fr\/wp-content\/uploads\/2022\/11\/ECI1519_DK_actu_web-1.jpg\" \/>\n\t<meta property=\"og:image:width\" content=\"376\" \/>\n\t<meta property=\"og:image:height\" content=\"228\" \/>\n\t<meta property=\"og:image:type\" content=\"image\/jpeg\" \/>\n<meta name=\"author\" content=\"Alain Dieul\" \/>\n<meta name=\"twitter:card\" content=\"summary_large_image\" \/>\n<meta name=\"twitter:label1\" content=\"Written by\" \/>\n\t<meta name=\"twitter:data1\" content=\"Alain Dieul\" \/>\n\t<meta name=\"twitter:label2\" content=\"Est. reading time\" \/>\n\t<meta name=\"twitter:data2\" content=\"3 minutes\" \/>\n<script type=\"application\/ld+json\" class=\"yoast-schema-graph\">{\"@context\":\"https:\/\/schema.org\",\"@graph\":[{\"@type\":\"Article\",\"@id\":\"https:\/\/www.ecinews.fr\/fr\/digi-key-lance-la-saison-2-de-sa-serie-de-videos-factory-tomorrow\/#article\",\"isPartOf\":{\"@id\":\"https:\/\/www.ecinews.fr\/fr\/digi-key-lance-la-saison-2-de-sa-serie-de-videos-factory-tomorrow\/\"},\"author\":{\"name\":\"Alain Dieul\",\"@id\":\"https:\/\/www.eenewseurope.com\/en\/#\/schema\/person\/e4387676ad67ce722325c7832f3c3762\"},\"headline\":\"Digi-Key lance la saison 2 de sa s\u00e9rie de vid\u00e9os \u00ab Factory Tomorrow \u00bb\",\"datePublished\":\"2022-11-01T13:18:20+00:00\",\"dateModified\":\"2022-11-01T16:00:52+00:00\",\"mainEntityOfPage\":{\"@id\":\"https:\/\/www.ecinews.fr\/fr\/digi-key-lance-la-saison-2-de-sa-serie-de-videos-factory-tomorrow\/\"},\"wordCount\":603,\"publisher\":{\"@id\":\"https:\/\/www.eenewseurope.com\/en\/#organization\"},\"articleSection\":[\"Actualit\u00e9 g\u00e9n\u00e9rale\"],\"inLanguage\":\"fr-FR\"},{\"@type\":\"WebPage\",\"@id\":\"https:\/\/www.ecinews.fr\/fr\/digi-key-lance-la-saison-2-de-sa-serie-de-videos-factory-tomorrow\/\",\"url\":\"https:\/\/www.ecinews.fr\/fr\/digi-key-lance-la-saison-2-de-sa-serie-de-videos-factory-tomorrow\/\",\"name\":\"Digi-Key lance la saison 2 de sa s\u00e9rie de vid\u00e9os \u00ab Factory Tomorrow \u00bb -\",\"isPartOf\":{\"@id\":\"https:\/\/www.eenewseurope.com\/en\/#website\"},\"datePublished\":\"2022-11-01T13:18:20+00:00\",\"dateModified\":\"2022-11-01T16:00:52+00:00\",\"breadcrumb\":{\"@id\":\"https:\/\/www.ecinews.fr\/fr\/digi-key-lance-la-saison-2-de-sa-serie-de-videos-factory-tomorrow\/#breadcrumb\"},\"inLanguage\":\"fr-FR\",\"potentialAction\":[{\"@type\":\"ReadAction\",\"target\":[\"https:\/\/www.ecinews.fr\/fr\/digi-key-lance-la-saison-2-de-sa-serie-de-videos-factory-tomorrow\/\"]}]},{\"@type\":\"BreadcrumbList\",\"@id\":\"https:\/\/www.ecinews.fr\/fr\/digi-key-lance-la-saison-2-de-sa-serie-de-videos-factory-tomorrow\/#breadcrumb\",\"itemListElement\":[{\"@type\":\"ListItem\",\"position\":1,\"name\":\"Home\",\"item\":\"https:\/\/www.ecinews.fr\/fr\/\"},{\"@type\":\"ListItem\",\"position\":2,\"name\":\"Digi-Key lance la saison 2 de sa s\u00e9rie de vid\u00e9os \u00ab Factory Tomorrow \u00bb\"}]},{\"@type\":\"WebSite\",\"@id\":\"https:\/\/www.eenewseurope.com\/en\/#website\",\"url\":\"https:\/\/www.eenewseurope.com\/en\/\",\"name\":\"EENewsEurope\",\"description\":\"Just another WordPress site\",\"publisher\":{\"@id\":\"https:\/\/www.eenewseurope.com\/en\/#organization\"},\"potentialAction\":[{\"@type\":\"SearchAction\",\"target\":{\"@type\":\"EntryPoint\",\"urlTemplate\":\"https:\/\/www.eenewseurope.com\/en\/?s={search_term_string}\"},\"query-input\":\"required name=search_term_string\"}],\"inLanguage\":\"fr-FR\"},{\"@type\":\"Organization\",\"@id\":\"https:\/\/www.eenewseurope.com\/en\/#organization\",\"name\":\"EENewsEurope\",\"url\":\"https:\/\/www.eenewseurope.com\/en\/\",\"logo\":{\"@type\":\"ImageObject\",\"inLanguage\":\"fr-FR\",\"@id\":\"https:\/\/www.eenewseurope.com\/en\/#\/schema\/logo\/image\/\",\"url\":\"https:\/\/www.ecinews.fr\/wp-content\/uploads\/2022\/02\/logo-1.jpg\",\"contentUrl\":\"https:\/\/www.ecinews.fr\/wp-content\/uploads\/2022\/02\/logo-1.jpg\",\"width\":283,\"height\":113,\"caption\":\"EENewsEurope\"},\"image\":{\"@id\":\"https:\/\/www.eenewseurope.com\/en\/#\/schema\/logo\/image\/\"}},{\"@type\":\"Person\",\"@id\":\"https:\/\/www.eenewseurope.com\/en\/#\/schema\/person\/e4387676ad67ce722325c7832f3c3762\",\"name\":\"Alain Dieul\",\"image\":{\"@type\":\"ImageObject\",\"inLanguage\":\"fr-FR\",\"@id\":\"https:\/\/www.eenewseurope.com\/en\/#\/schema\/person\/image\/736120675699dbbf0f0f282b9a9cfb75\",\"url\":\"https:\/\/secure.gravatar.com\/avatar\/bc93b056d07515be5b8eecd4acf49c5c?s=96&d=mm&r=g\",\"contentUrl\":\"https:\/\/secure.gravatar.com\/avatar\/bc93b056d07515be5b8eecd4acf49c5c?s=96&d=mm&r=g\",\"caption\":\"Alain Dieul\"},\"sameAs\":[\"http:\/\/ECINews\"]}]}<\/script>","yoast_head_json":{"title":"Digi-Key lance la saison 2 de sa s\u00e9rie de vid\u00e9os \u00ab Factory T...","description":"Sponsoris\u00e9e par Siemens, Schneider\u00a0Electric\u00a0 et Phoenix\u00a0Contact, cette s\u00e9rie de trois \u00e9pisodes s&rsquo;int\u00e9resse de plus pr\u00e8s aux forces motrices...","robots":{"index":"index","follow":"follow","max-snippet":"max-snippet:-1","max-image-preview":"max-image-preview:large","max-video-preview":"max-video-preview:-1"},"canonical":"https:\/\/www.ecinews.fr\/fr\/wp-json\/wp\/v2\/posts\/400867\/","og_locale":"fr_FR","og_type":"article","og_title":"Digi-Key lance la saison 2 de sa s\u00e9rie de vid\u00e9os \u00ab Factory Tomorrow \u00bb","og_description":"Sponsoris\u00e9e par Siemens, Schneider\u00a0Electric\u00a0 et Phoenix\u00a0Contact, cette s\u00e9rie de trois \u00e9pisodes s&rsquo;int\u00e9resse de plus pr\u00e8s aux forces motrices derri\u00e8re l&rsquo;Industrie\u00a04.0, en interrogeant notamment des experts du secteur sur le r\u00f4le de l&rsquo;intelligence artificielle (IA), de la connectivit\u00e9 et de l&rsquo;edge\u00a0computing dans les prochaines avanc\u00e9es majeures de la fabrication. \u00ab\u00a0Au fil des ann\u00e9es, le secteur de [&hellip;]","og_url":"https:\/\/www.ecinews.fr\/fr\/wp-json\/wp\/v2\/posts\/400867\/","og_site_name":"EENewsEurope","article_published_time":"2022-11-01T13:18:20+00:00","article_modified_time":"2022-11-01T16:00:52+00:00","og_image":[{"width":376,"height":228,"url":"https:\/\/www.ecinews.fr\/wp-content\/uploads\/2022\/11\/ECI1519_DK_actu_web-1.jpg","type":"image\/jpeg"}],"author":"Alain Dieul","twitter_card":"summary_large_image","twitter_misc":{"Written by":"Alain Dieul","Est. reading time":"3 minutes"},"schema":{"@context":"https:\/\/schema.org","@graph":[{"@type":"Article","@id":"https:\/\/www.ecinews.fr\/fr\/digi-key-lance-la-saison-2-de-sa-serie-de-videos-factory-tomorrow\/#article","isPartOf":{"@id":"https:\/\/www.ecinews.fr\/fr\/digi-key-lance-la-saison-2-de-sa-serie-de-videos-factory-tomorrow\/"},"author":{"name":"Alain Dieul","@id":"https:\/\/www.eenewseurope.com\/en\/#\/schema\/person\/e4387676ad67ce722325c7832f3c3762"},"headline":"Digi-Key lance la saison 2 de sa s\u00e9rie de vid\u00e9os \u00ab Factory Tomorrow \u00bb","datePublished":"2022-11-01T13:18:20+00:00","dateModified":"2022-11-01T16:00:52+00:00","mainEntityOfPage":{"@id":"https:\/\/www.ecinews.fr\/fr\/digi-key-lance-la-saison-2-de-sa-serie-de-videos-factory-tomorrow\/"},"wordCount":603,"publisher":{"@id":"https:\/\/www.eenewseurope.com\/en\/#organization"},"articleSection":["Actualit\u00e9 g\u00e9n\u00e9rale"],"inLanguage":"fr-FR"},{"@type":"WebPage","@id":"https:\/\/www.ecinews.fr\/fr\/digi-key-lance-la-saison-2-de-sa-serie-de-videos-factory-tomorrow\/","url":"https:\/\/www.ecinews.fr\/fr\/digi-key-lance-la-saison-2-de-sa-serie-de-videos-factory-tomorrow\/","name":"Digi-Key lance la saison 2 de sa s\u00e9rie de vid\u00e9os \u00ab Factory Tomorrow \u00bb -","isPartOf":{"@id":"https:\/\/www.eenewseurope.com\/en\/#website"},"datePublished":"2022-11-01T13:18:20+00:00","dateModified":"2022-11-01T16:00:52+00:00","breadcrumb":{"@id":"https:\/\/www.ecinews.fr\/fr\/digi-key-lance-la-saison-2-de-sa-serie-de-videos-factory-tomorrow\/#breadcrumb"},"inLanguage":"fr-FR","potentialAction":[{"@type":"ReadAction","target":["https:\/\/www.ecinews.fr\/fr\/digi-key-lance-la-saison-2-de-sa-serie-de-videos-factory-tomorrow\/"]}]},{"@type":"BreadcrumbList","@id":"https:\/\/www.ecinews.fr\/fr\/digi-key-lance-la-saison-2-de-sa-serie-de-videos-factory-tomorrow\/#breadcrumb","itemListElement":[{"@type":"ListItem","position":1,"name":"Home","item":"https:\/\/www.ecinews.fr\/fr\/"},{"@type":"ListItem","position":2,"name":"Digi-Key lance la saison 2 de sa s\u00e9rie de vid\u00e9os \u00ab Factory Tomorrow \u00bb"}]},{"@type":"WebSite","@id":"https:\/\/www.eenewseurope.com\/en\/#website","url":"https:\/\/www.eenewseurope.com\/en\/","name":"EENewsEurope","description":"Just another WordPress site","publisher":{"@id":"https:\/\/www.eenewseurope.com\/en\/#organization"},"potentialAction":[{"@type":"SearchAction","target":{"@type":"EntryPoint","urlTemplate":"https:\/\/www.eenewseurope.com\/en\/?s={search_term_string}"},"query-input":"required name=search_term_string"}],"inLanguage":"fr-FR"},{"@type":"Organization","@id":"https:\/\/www.eenewseurope.com\/en\/#organization","name":"EENewsEurope","url":"https:\/\/www.eenewseurope.com\/en\/","logo":{"@type":"ImageObject","inLanguage":"fr-FR","@id":"https:\/\/www.eenewseurope.com\/en\/#\/schema\/logo\/image\/","url":"https:\/\/www.ecinews.fr\/wp-content\/uploads\/2022\/02\/logo-1.jpg","contentUrl":"https:\/\/www.ecinews.fr\/wp-content\/uploads\/2022\/02\/logo-1.jpg","width":283,"height":113,"caption":"EENewsEurope"},"image":{"@id":"https:\/\/www.eenewseurope.com\/en\/#\/schema\/logo\/image\/"}},{"@type":"Person","@id":"https:\/\/www.eenewseurope.com\/en\/#\/schema\/person\/e4387676ad67ce722325c7832f3c3762","name":"Alain Dieul","image":{"@type":"ImageObject","inLanguage":"fr-FR","@id":"https:\/\/www.eenewseurope.com\/en\/#\/schema\/person\/image\/736120675699dbbf0f0f282b9a9cfb75","url":"https:\/\/secure.gravatar.com\/avatar\/bc93b056d07515be5b8eecd4acf49c5c?s=96&d=mm&r=g","contentUrl":"https:\/\/secure.gravatar.com\/avatar\/bc93b056d07515be5b8eecd4acf49c5c?s=96&d=mm&r=g","caption":"Alain Dieul"},"sameAs":["http:\/\/ECINews"]}]}},"authors":[{"term_id":1154,"user_id":36,"is_guest":0,"slug":"alain-dieul","display_name":"Alain Dieul","avatar_url":"https:\/\/secure.gravatar.com\/avatar\/bc93b056d07515be5b8eecd4acf49c5c?s=96&d=mm&r=g","0":null,"1":"","2":"","3":"","4":"","5":"","6":"","7":"","8":""}],"_links":{"self":[{"href":"https:\/\/www.ecinews.fr\/fr\/wp-json\/wp\/v2\/posts\/400867"}],"collection":[{"href":"https:\/\/www.ecinews.fr\/fr\/wp-json\/wp\/v2\/posts"}],"about":[{"href":"https:\/\/www.ecinews.fr\/fr\/wp-json\/wp\/v2\/types\/post"}],"author":[{"embeddable":true,"href":"https:\/\/www.ecinews.fr\/fr\/wp-json\/wp\/v2\/users\/36"}],"replies":[{"embeddable":true,"href":"https:\/\/www.ecinews.fr\/fr\/wp-json\/wp\/v2\/comments?post=400867"}],"version-history":[{"count":0,"href":"https:\/\/www.ecinews.fr\/fr\/wp-json\/wp\/v2\/posts\/400867\/revisions"}],"wp:featuredmedia":[{"embeddable":true,"href":"https:\/\/www.ecinews.fr\/fr\/wp-json\/wp\/v2\/media\/400871"}],"wp:attachment":[{"href":"https:\/\/www.ecinews.fr\/fr\/wp-json\/wp\/v2\/media?parent=400867"}],"wp:term":[{"taxonomy":"category","embeddable":true,"href":"https:\/\/www.ecinews.fr\/fr\/wp-json\/wp\/v2\/categories?post=400867"},{"taxonomy":"post_tag","embeddable":true,"href":"https:\/\/www.ecinews.fr\/fr\/wp-json\/wp\/v2\/tags?post=400867"},{"taxonomy":"domains","embeddable":true,"href":"https:\/\/www.ecinews.fr\/fr\/wp-json\/wp\/v2\/domains?post=400867"},{"taxonomy":"author","embeddable":true,"href":"https:\/\/www.ecinews.fr\/fr\/wp-json\/wp\/v2\/ppma_author?post=400867"}],"curies":[{"name":"wp","href":"https:\/\/api.w.org\/{rel}","templated":true}]}}