{"id":400759,"date":"2022-10-31T15:39:28","date_gmt":"2022-10-31T14:39:28","guid":{"rendered":"https:\/\/www.eenewseurope.com\/?p=400759"},"modified":"2022-10-31T21:21:35","modified_gmt":"2022-10-31T20:21:35","slug":"les-resultats-financiers-montrent-la-faiblesse-du-marche-des-semiconducteurs","status":"publish","type":"post","link":"https:\/\/www.ecinews.fr\/fr\/les-resultats-financiers-montrent-la-faiblesse-du-marche-des-semiconducteurs\/","title":{"rendered":"Les r\u00e9sultats financiers montrent la faiblesse du march\u00e9 des semiconducteurs"},"content":{"rendered":"<h2>\u00a0<\/h2>\n<h2><span class=\"HwtZe\" lang=\"fr\"><span class=\"jCAhz\"><span class=\"ryNqvb\">Une s\u00e9rie de chiffres financiers ce trimestre montrent le ralentissement du march\u00e9 des semiconducteurs apr\u00e8s deux ann\u00e9es de p\u00e9nuries de puces. <\/span><\/span><\/span><\/h2>\n<p><span class=\"HwtZe\" lang=\"fr\"><span class=\"jCAhz\"><span class=\"ryNqvb\">Renesas Electronics a soulign\u00e9 un affaiblissement du march\u00e9 au quatri\u00e8me trimestre \u00e0 venir, alors que la chute du march\u00e9 des PC et des smartphones se propage \u00e0 d&rsquo;autres secteurs et que le co\u00fbt de l&rsquo;\u00e9lectricit\u00e9 frappe ses fabs. <\/span><\/span><\/span><\/p>\n<h3><span class=\"HwtZe\" lang=\"fr\"><span class=\"jCAhz\"><span class=\"ryNqvb\">Le fabricant de puces am\u00e9ricain Texas Instruments voit \u00e9galement des chiffres plus bas au quatri\u00e8me trimestre. <br \/>\n<\/span><\/span><\/span><\/h3>\n<p><span class=\"HwtZe\" lang=\"fr\"><span class=\"jCAhz\"><span class=\"ryNqvb\">TI a annonc\u00e9 un chiffre d&rsquo;affaires de 5,24 milliards de dollars au troisi\u00e8me trimestre, en hausse de 1 % par rapport au trimestre pr\u00e9c\u00e9dent et de 13 % en glissement annuel, mais a mis en garde contre un d\u00e9clin imminent. \u00ab\u00a0Au cours du trimestre, nous avons connu une faiblesse attendue dans l&rsquo;\u00e9lectronique personnelle et une faiblesse croissante dans l&rsquo;industrie\u00a0\u00bb, a d\u00e9clar\u00e9 Rich Templeton, pr\u00e9sident-directeur g\u00e9n\u00e9ral de TI. \u00ab\u00a0Les perspectives de TI pour le quatri\u00e8me trimestre sont de l&rsquo;ordre de 4,40 milliards de dollars \u00e0 4,80 milliards de dollars\u00a0\u00bb, a-t-il ajout\u00e9. Ce serait une baisse par rapport au chiffre du m\u00eame trimestre de 2021 qui \u00e9tait de 4,83 milliards de dollars. <\/span><\/span><\/span><\/p>\n<ul>\n<li>\n<p class=\"title\"><a title=\"Le march\u00e9 des semiconducteurs fonce vers sa plus grande r\u00e9cession depuis 2000\" href=\"https:\/\/www.ecinews.fr\/fr\/le-marche-des-semiconducteurs-fonce-vers-sa-plus-grande-recession-depuis-2000\/\" target=\"_blank\" rel=\"noopener\">Le march\u00e9 des semiconducteurs fonce vers sa plus grande r\u00e9cession depuis 2000<\/a><\/p>\n<\/li>\n<li>\n<p class=\"title\"><a title=\"Les donn\u00e9es des fonderies pointent les faiblesses du march\u00e9 des semiconducteurs\" href=\"https:\/\/www.ecinews.fr\/fr\/les-donnees-des-fonderies-pointent-les-faiblesses-du-marche-des-semiconducteurs\/\" target=\"_blank\" rel=\"noopener\">Les donn\u00e9es des fonderies pointent les faiblesses du march\u00e9 des semiconducteurs<\/a><\/p>\n<\/li>\n<\/ul>\n<p><span class=\"HwtZe\" lang=\"fr\"><span class=\"jCAhz\"><span class=\"ryNqvb\">Le fabricant cor\u00e9en de puces m\u00e9moire SK Hynix a \u00e9galement vu ses ventes et ses b\u00e9n\u00e9fices diminuer en glissement trimestriel en raison de la baisse de la demande et de la baisse du prix des puces m\u00e9moire dans un contexte de d\u00e9t\u00e9rioration de l&rsquo;environnement macro\u00e9conomique dans le monde. En cons\u00e9quence, il r\u00e9duira de moiti\u00e9 ses investissements dans la capacit\u00e9 de fabrication l&rsquo;ann\u00e9e prochaine. <\/span><\/span><\/span><\/p>\n<p><span class=\"HwtZe\" lang=\"fr\"><span class=\"jCAhz\"><span class=\"ryNqvb\">Le chiffre du troisi\u00e8me trimestre de 10 983 milliards de KRW (7,77 milliards de dollars) \u00e9tait en baisse de 20,5 % par rapport au trimestre pr\u00e9c\u00e9dent et de 7 % par rapport au m\u00eame trimestre de l&rsquo;ann\u00e9e derni\u00e8re. Malgr\u00e9 l&rsquo;am\u00e9lioration de la comp\u00e9titivit\u00e9 des co\u00fbts en augmentant le rendement et la part de march\u00e9 des derni\u00e8res DRAM 1 nm et NAND 4D \u00e0 176 couches, le b\u00e9n\u00e9fice d&rsquo;exploitation a \u00e9galement diminu\u00e9 en raison d&rsquo;une baisse des prix sup\u00e9rieure \u00e0 la r\u00e9duction des co\u00fbts.<\/span><\/span><\/span><\/p>\n<p><span class=\"HwtZe\" lang=\"fr\"><span class=\"jCAhz\"><span class=\"ryNqvb\">\u00ab L&rsquo;industrie des m\u00e9moires \u00e0 semiconducteurs est confront\u00e9e \u00e0 une d\u00e9t\u00e9rioration sans pr\u00e9c\u00e9dent des conditions du march\u00e9 alors que les incertitudes dans l&rsquo;environnement commercial se poursuivent. La d\u00e9t\u00e9rioration s&rsquo;est produite alors que les exp\u00e9ditions des fabricants de PC et de smartphones, qui sont les principaux acheteurs de puces m\u00e9moire, ont diminu\u00e9 \u00bb, a d\u00e9clar\u00e9 la soci\u00e9t\u00e9. Cependant, il s&rsquo;attend \u00e0 ce que la demande de puces m\u00e9moire dans les serveurs de centres de donn\u00e9es continue de cro\u00eetre \u00e0 moyen et \u00e0 long terme, alors que les hyperscalers poursuivent leurs investissements pour r\u00e9pondre \u00e0 l&rsquo;\u00e9chelle croissante d&rsquo;industries telles que l&rsquo;intelligence artificielle (IA), le big data et le m\u00e9taverse. . <\/span><\/span><\/span><\/p>\n<p><span class=\"HwtZe\" lang=\"fr\"><span class=\"jCAhz\"><span class=\"ryNqvb\">Le mois dernier, le fabricant am\u00e9ricain de puces m\u00e9moire Micron a \u00e9galement soulign\u00e9 la chute du march\u00e9 de la m\u00e9moire avec un chiffre d&rsquo;affaires de 6,64 milliards de dollars au quatri\u00e8me trimestre, contre 8,64 milliards de dollars au trimestre pr\u00e9c\u00e9dent et 8,27 milliards de dollars pour la m\u00eame p\u00e9riode l&rsquo;an dernier. Il a \u00e9galement annonc\u00e9 qu&rsquo;il r\u00e9duirait ses investissements dans la capacit\u00e9 de fabrication. <\/span><\/span><\/span><\/p>\n<h3><span class=\"HwtZe\" lang=\"fr\"><span class=\"jCAhz\"><span class=\"ryNqvb\">La plus forte baisse proviendra probablement des r\u00e9sultats d&rsquo;Intel plus tard cette semaine. <\/span><\/span><\/span><\/h3>\n<p><span class=\"HwtZe\" lang=\"fr\"><span class=\"jCAhz\"><span class=\"ryNqvb\">L&rsquo;estimation consensuelle des revenus de Intel devrait \u00eatre de 15,49 milliards de dollars, en baisse de 19,3 % par rapport au troisi\u00e8me trimestre 2021, mais en l\u00e9g\u00e8re hausse par rapport au chiffre du deuxi\u00e8me trimestre qui \u00e9tait de 15,3 milliards de dollars, et \u00e9tait lui-m\u00eame en baisse de 22 % d&rsquo;une ann\u00e9e sur l&rsquo;autre.<\/span><\/span><\/span><\/p>\n<p>&nbsp;<\/p>\n<ul>\n<li>\n<p class=\"title\"><a title=\"Les r\u00e9sultats d\u2019Intel d\u00e9gringolent en 2022\" href=\"https:\/\/www.ecinews.fr\/fr\/les-resultats-dintel-degringolent-en-2022\/\" target=\"_blank\" rel=\"noopener\">Les r\u00e9sultats d\u2019Intel d\u00e9gringolent en 2022<\/a><\/p>\n<\/li>\n<li><a title=\"Les march\u00e9s automobiles gagnent de l\u2019importance pour l\u2019industrie des semiconducteurs\" href=\"https:\/\/www.ecinews.fr\/fr\/les-marches-automobiles-gagnent-de-limportance-pour-lindustrie-des-semiconducteurs\/\" target=\"_blank\" rel=\"noopener\">Les march\u00e9s automobiles gagnent de l\u2019importance pour l\u2019industrie des semiconducteurs<\/a><\/li>\n<\/ul>\n<p>&nbsp;<\/p>\n<p><span class=\"HwtZe\" lang=\"fr\"><span class=\"jCAhz\"><span class=\"ryNqvb\">Cependant, l&rsquo;introduction en bourse de la filiale Mobileye d&rsquo;Intel arrive \u00e0 un moment opportun, c&rsquo;est pourquoi il y a eu une pouss\u00e9e importante pour qu&rsquo;elle se fasse. L&rsquo;action a fait ses d\u00e9buts \u00e0 21 dollars hier, nettement plus bas que pr\u00e9vu, mais a connu une augmentation de 30 % lors de son premier jour de n\u00e9gociation. Comme Intel d\u00e9tient toujours la majorit\u00e9 des actions, cela contribuera \u00e0 renforcer la valorisation de la soci\u00e9t\u00e9 m\u00e8re. <\/span><\/span><\/span><\/p>\n<p><a href=\"http:\/\/www.ti.com\">www.ti.com;<\/a> <a href=\"http:\/\/www.intel.com\">www.intel.com<\/a><\/p>\n<h4>Other articles on eeNews Europe<\/h4>\n<ul>\n<li><a href=\"https:\/\/www.eenewseurope.com\/en\/tsmc-heads-below-1nm-with-2d-transistors-at-iedm\/\">TSMC heads below 1nm with 2D transistors at IEDM<\/a><\/li>\n<li><a href=\"https:\/\/www.eenewseurope.com\/en\/philips-layoffs-as-supply-chain-recall-bites\/\">Philips layoffs as supply chain, recall bites<\/a><\/li>\n<li><a href=\"https:\/\/www.eenewseurope.com\/en\/chip-war-recession-bites-for-semiconductor-equipment-makers\/\">Chip war, recession bites for semiconductor equipment makers<\/a><\/li>\n<li><a href=\"https:\/\/www.eenewseurope.com\/en\/google-builds-embedded-ai-operating-system-in-rust\/\">Google builds embedded AI operating system in Rust<\/a><\/li>\n<\/ul>\n<p>&nbsp;<\/p>\n<p>&nbsp;<\/p>\n","protected":false},"excerpt":{"rendered":"<p>Une s\u00e9rie de chiffres financiers ce trimestre montrent le ralentissement du march\u00e9 des semiconducteurs apr\u00e8s deux ann\u00e9es de p\u00e9nuries de puces.<\/p>\n","protected":false},"author":34,"featured_media":344728,"comment_status":"closed","ping_status":"closed","sticky":false,"template":"","format":"standard","meta":{"_acf_changed":false,"footnotes":""},"categories":[880,21],"tags":[2074,905,906,1558],"domains":[47],"ppma_author":[1153,1138],"class_list":["post-400759","post","type-post","status-publish","format-standard","has-post-thumbnail","hentry","category-actualites-economiques","category-market-news","tag-dram-2","tag-memory-data-storage-fr","tag-mpus-mcus-fr","tag-semiconducteurs","domains-electronique-eci"],"acf":[],"yoast_head":"<title>Les r\u00e9sultats financiers montrent la faiblesse du march\u00e9 des ...<\/title>\n<meta name=\"description\" content=\"Une s\u00e9rie de chiffres financiers ce trimestre montrent le ralentissement du march\u00e9 des semiconducteurs apr\u00e8s 2 ann\u00e9es de p\u00e9nuries de puces.\" \/>\n<meta name=\"robots\" content=\"index, follow, max-snippet:-1, max-image-preview:large, max-video-preview:-1\" \/>\n<link rel=\"canonical\" href=\"https:\/\/www.ecinews.fr\/fr\/wp-json\/wp\/v2\/posts\/400759\/\" \/>\n<meta property=\"og:locale\" content=\"fr_FR\" \/>\n<meta property=\"og:type\" content=\"article\" \/>\n<meta property=\"og:title\" content=\"Les r\u00e9sultats financiers montrent la faiblesse du march\u00e9 des semiconducteurs\" \/>\n<meta property=\"og:description\" content=\"Une s\u00e9rie de chiffres financiers ce trimestre montrent le ralentissement du march\u00e9 des semiconducteurs apr\u00e8s 2 ann\u00e9es de p\u00e9nuries de puces.\" \/>\n<meta property=\"og:url\" content=\"https:\/\/www.ecinews.fr\/fr\/wp-json\/wp\/v2\/posts\/400759\/\" \/>\n<meta property=\"og:site_name\" content=\"EENewsEurope\" \/>\n<meta property=\"article:published_time\" content=\"2022-10-31T14:39:28+00:00\" \/>\n<meta property=\"article:modified_time\" content=\"2022-10-31T20:21:35+00:00\" \/>\n<meta property=\"og:image\" content=\"https:\/\/www.ecinews.fr\/wp-content\/uploads\/import\/default\/files\/import\/business-down.jpg\" \/>\n\t<meta property=\"og:image:width\" content=\"800\" \/>\n\t<meta property=\"og:image:height\" content=\"600\" \/>\n\t<meta property=\"og:image:type\" content=\"image\/jpeg\" \/>\n<meta name=\"author\" content=\"A Delapalisse, Nick Flaherty\" \/>\n<meta name=\"twitter:card\" content=\"summary_large_image\" \/>\n<meta name=\"twitter:label1\" content=\"Written by\" \/>\n\t<meta name=\"twitter:data1\" content=\"A Delapalisse\" \/>\n\t<meta name=\"twitter:label2\" content=\"Est. reading time\" \/>\n\t<meta name=\"twitter:data2\" content=\"4 minutes\" \/>\n<script type=\"application\/ld+json\" class=\"yoast-schema-graph\">{\"@context\":\"https:\/\/schema.org\",\"@graph\":[{\"@type\":\"Article\",\"@id\":\"https:\/\/www.ecinews.fr\/fr\/les-resultats-financiers-montrent-la-faiblesse-du-marche-des-semiconducteurs\/#article\",\"isPartOf\":{\"@id\":\"https:\/\/www.ecinews.fr\/fr\/les-resultats-financiers-montrent-la-faiblesse-du-marche-des-semiconducteurs\/\"},\"author\":{\"name\":\"A Delapalisse\",\"@id\":\"https:\/\/www.ecinews.fr\/fr\/#\/schema\/person\/0aa2cfb0bd8949724a68cbac8d8321b4\"},\"headline\":\"Les r\u00e9sultats financiers montrent la faiblesse du march\u00e9 des semiconducteurs\",\"datePublished\":\"2022-10-31T14:39:28+00:00\",\"dateModified\":\"2022-10-31T20:21:35+00:00\",\"mainEntityOfPage\":{\"@id\":\"https:\/\/www.ecinews.fr\/fr\/les-resultats-financiers-montrent-la-faiblesse-du-marche-des-semiconducteurs\/\"},\"wordCount\":814,\"publisher\":{\"@id\":\"https:\/\/www.ecinews.fr\/fr\/#organization\"},\"keywords\":[\"DRAM\",\"Memory &amp; Data Storage\",\"MPUs\/MCUs\",\"Semiconducteurs\"],\"articleSection\":[\"Actualit\u00e9s \u00e9conomiques\",\"Market news\"],\"inLanguage\":\"fr-FR\"},{\"@type\":\"WebPage\",\"@id\":\"https:\/\/www.ecinews.fr\/fr\/les-resultats-financiers-montrent-la-faiblesse-du-marche-des-semiconducteurs\/\",\"url\":\"https:\/\/www.ecinews.fr\/fr\/les-resultats-financiers-montrent-la-faiblesse-du-marche-des-semiconducteurs\/\",\"name\":\"Les r\u00e9sultats financiers montrent la faiblesse du march\u00e9 des semiconducteurs -\",\"isPartOf\":{\"@id\":\"https:\/\/www.ecinews.fr\/fr\/#website\"},\"datePublished\":\"2022-10-31T14:39:28+00:00\",\"dateModified\":\"2022-10-31T20:21:35+00:00\",\"description\":\"Une s\u00e9rie de chiffres financiers ce trimestre montrent le ralentissement du march\u00e9 des semiconducteurs apr\u00e8s 2 ann\u00e9es de p\u00e9nuries de puces.\",\"breadcrumb\":{\"@id\":\"https:\/\/www.ecinews.fr\/fr\/les-resultats-financiers-montrent-la-faiblesse-du-marche-des-semiconducteurs\/#breadcrumb\"},\"inLanguage\":\"fr-FR\",\"potentialAction\":[{\"@type\":\"ReadAction\",\"target\":[\"https:\/\/www.ecinews.fr\/fr\/les-resultats-financiers-montrent-la-faiblesse-du-marche-des-semiconducteurs\/\"]}]},{\"@type\":\"BreadcrumbList\",\"@id\":\"https:\/\/www.ecinews.fr\/fr\/les-resultats-financiers-montrent-la-faiblesse-du-marche-des-semiconducteurs\/#breadcrumb\",\"itemListElement\":[{\"@type\":\"ListItem\",\"position\":1,\"name\":\"Home\",\"item\":\"https:\/\/www.ecinews.fr\/fr\/\"},{\"@type\":\"ListItem\",\"position\":2,\"name\":\"Les r\u00e9sultats financiers montrent la faiblesse du march\u00e9 des semiconducteurs\"}]},{\"@type\":\"WebSite\",\"@id\":\"https:\/\/www.ecinews.fr\/fr\/#website\",\"url\":\"https:\/\/www.ecinews.fr\/fr\/\",\"name\":\"EENewsEurope\",\"description\":\"Just another WordPress site\",\"publisher\":{\"@id\":\"https:\/\/www.ecinews.fr\/fr\/#organization\"},\"potentialAction\":[{\"@type\":\"SearchAction\",\"target\":{\"@type\":\"EntryPoint\",\"urlTemplate\":\"https:\/\/www.ecinews.fr\/fr\/?s={search_term_string}\"},\"query-input\":\"required name=search_term_string\"}],\"inLanguage\":\"fr-FR\"},{\"@type\":\"Organization\",\"@id\":\"https:\/\/www.ecinews.fr\/fr\/#organization\",\"name\":\"EENewsEurope\",\"url\":\"https:\/\/www.ecinews.fr\/fr\/\",\"logo\":{\"@type\":\"ImageObject\",\"inLanguage\":\"fr-FR\",\"@id\":\"https:\/\/www.ecinews.fr\/fr\/#\/schema\/logo\/image\/\",\"url\":\"https:\/\/www.ecinews.fr\/wp-content\/uploads\/2022\/02\/logo-1.jpg\",\"contentUrl\":\"https:\/\/www.ecinews.fr\/wp-content\/uploads\/2022\/02\/logo-1.jpg\",\"width\":283,\"height\":113,\"caption\":\"EENewsEurope\"},\"image\":{\"@id\":\"https:\/\/www.ecinews.fr\/fr\/#\/schema\/logo\/image\/\"}},{\"@type\":\"Person\",\"@id\":\"https:\/\/www.ecinews.fr\/fr\/#\/schema\/person\/0aa2cfb0bd8949724a68cbac8d8321b4\",\"name\":\"A Delapalisse\",\"image\":{\"@type\":\"ImageObject\",\"inLanguage\":\"fr-FR\",\"@id\":\"https:\/\/www.ecinews.fr\/fr\/#\/schema\/person\/image\/211ac42237c2e9683c0964086c393cb4\",\"url\":\"https:\/\/secure.gravatar.com\/avatar\/ad45a8c5da24bc9c7c4940dd1c48a695?s=96&d=mm&r=g\",\"contentUrl\":\"https:\/\/secure.gravatar.com\/avatar\/ad45a8c5da24bc9c7c4940dd1c48a695?s=96&d=mm&r=g\",\"caption\":\"A Delapalisse\"},\"sameAs\":[\"http:\/\/ECI\"]}]}<\/script>","yoast_head_json":{"title":"Les r\u00e9sultats financiers montrent la faiblesse du march\u00e9 des ...","description":"Une s\u00e9rie de chiffres financiers ce trimestre montrent le ralentissement du march\u00e9 des semiconducteurs apr\u00e8s 2 ann\u00e9es de p\u00e9nuries de puces.","robots":{"index":"index","follow":"follow","max-snippet":"max-snippet:-1","max-image-preview":"max-image-preview:large","max-video-preview":"max-video-preview:-1"},"canonical":"https:\/\/www.ecinews.fr\/fr\/wp-json\/wp\/v2\/posts\/400759\/","og_locale":"fr_FR","og_type":"article","og_title":"Les r\u00e9sultats financiers montrent la faiblesse du march\u00e9 des semiconducteurs","og_description":"Une s\u00e9rie de chiffres financiers ce trimestre montrent le ralentissement du march\u00e9 des semiconducteurs apr\u00e8s 2 ann\u00e9es de p\u00e9nuries de puces.","og_url":"https:\/\/www.ecinews.fr\/fr\/wp-json\/wp\/v2\/posts\/400759\/","og_site_name":"EENewsEurope","article_published_time":"2022-10-31T14:39:28+00:00","article_modified_time":"2022-10-31T20:21:35+00:00","og_image":[{"width":800,"height":600,"url":"https:\/\/www.ecinews.fr\/wp-content\/uploads\/import\/default\/files\/import\/business-down.jpg","type":"image\/jpeg"}],"author":"A Delapalisse, Nick Flaherty","twitter_card":"summary_large_image","twitter_misc":{"Written by":"A Delapalisse","Est. reading time":"4 minutes"},"schema":{"@context":"https:\/\/schema.org","@graph":[{"@type":"Article","@id":"https:\/\/www.ecinews.fr\/fr\/les-resultats-financiers-montrent-la-faiblesse-du-marche-des-semiconducteurs\/#article","isPartOf":{"@id":"https:\/\/www.ecinews.fr\/fr\/les-resultats-financiers-montrent-la-faiblesse-du-marche-des-semiconducteurs\/"},"author":{"name":"A Delapalisse","@id":"https:\/\/www.ecinews.fr\/fr\/#\/schema\/person\/0aa2cfb0bd8949724a68cbac8d8321b4"},"headline":"Les r\u00e9sultats financiers montrent la faiblesse du march\u00e9 des semiconducteurs","datePublished":"2022-10-31T14:39:28+00:00","dateModified":"2022-10-31T20:21:35+00:00","mainEntityOfPage":{"@id":"https:\/\/www.ecinews.fr\/fr\/les-resultats-financiers-montrent-la-faiblesse-du-marche-des-semiconducteurs\/"},"wordCount":814,"publisher":{"@id":"https:\/\/www.ecinews.fr\/fr\/#organization"},"keywords":["DRAM","Memory &amp; Data Storage","MPUs\/MCUs","Semiconducteurs"],"articleSection":["Actualit\u00e9s \u00e9conomiques","Market news"],"inLanguage":"fr-FR"},{"@type":"WebPage","@id":"https:\/\/www.ecinews.fr\/fr\/les-resultats-financiers-montrent-la-faiblesse-du-marche-des-semiconducteurs\/","url":"https:\/\/www.ecinews.fr\/fr\/les-resultats-financiers-montrent-la-faiblesse-du-marche-des-semiconducteurs\/","name":"Les r\u00e9sultats financiers montrent la faiblesse du march\u00e9 des semiconducteurs -","isPartOf":{"@id":"https:\/\/www.ecinews.fr\/fr\/#website"},"datePublished":"2022-10-31T14:39:28+00:00","dateModified":"2022-10-31T20:21:35+00:00","description":"Une s\u00e9rie de chiffres financiers ce trimestre montrent le ralentissement du march\u00e9 des semiconducteurs apr\u00e8s 2 ann\u00e9es de p\u00e9nuries de puces.","breadcrumb":{"@id":"https:\/\/www.ecinews.fr\/fr\/les-resultats-financiers-montrent-la-faiblesse-du-marche-des-semiconducteurs\/#breadcrumb"},"inLanguage":"fr-FR","potentialAction":[{"@type":"ReadAction","target":["https:\/\/www.ecinews.fr\/fr\/les-resultats-financiers-montrent-la-faiblesse-du-marche-des-semiconducteurs\/"]}]},{"@type":"BreadcrumbList","@id":"https:\/\/www.ecinews.fr\/fr\/les-resultats-financiers-montrent-la-faiblesse-du-marche-des-semiconducteurs\/#breadcrumb","itemListElement":[{"@type":"ListItem","position":1,"name":"Home","item":"https:\/\/www.ecinews.fr\/fr\/"},{"@type":"ListItem","position":2,"name":"Les r\u00e9sultats financiers montrent la faiblesse du march\u00e9 des semiconducteurs"}]},{"@type":"WebSite","@id":"https:\/\/www.ecinews.fr\/fr\/#website","url":"https:\/\/www.ecinews.fr\/fr\/","name":"EENewsEurope","description":"Just another WordPress site","publisher":{"@id":"https:\/\/www.ecinews.fr\/fr\/#organization"},"potentialAction":[{"@type":"SearchAction","target":{"@type":"EntryPoint","urlTemplate":"https:\/\/www.ecinews.fr\/fr\/?s={search_term_string}"},"query-input":"required name=search_term_string"}],"inLanguage":"fr-FR"},{"@type":"Organization","@id":"https:\/\/www.ecinews.fr\/fr\/#organization","name":"EENewsEurope","url":"https:\/\/www.ecinews.fr\/fr\/","logo":{"@type":"ImageObject","inLanguage":"fr-FR","@id":"https:\/\/www.ecinews.fr\/fr\/#\/schema\/logo\/image\/","url":"https:\/\/www.ecinews.fr\/wp-content\/uploads\/2022\/02\/logo-1.jpg","contentUrl":"https:\/\/www.ecinews.fr\/wp-content\/uploads\/2022\/02\/logo-1.jpg","width":283,"height":113,"caption":"EENewsEurope"},"image":{"@id":"https:\/\/www.ecinews.fr\/fr\/#\/schema\/logo\/image\/"}},{"@type":"Person","@id":"https:\/\/www.ecinews.fr\/fr\/#\/schema\/person\/0aa2cfb0bd8949724a68cbac8d8321b4","name":"A Delapalisse","image":{"@type":"ImageObject","inLanguage":"fr-FR","@id":"https:\/\/www.ecinews.fr\/fr\/#\/schema\/person\/image\/211ac42237c2e9683c0964086c393cb4","url":"https:\/\/secure.gravatar.com\/avatar\/ad45a8c5da24bc9c7c4940dd1c48a695?s=96&d=mm&r=g","contentUrl":"https:\/\/secure.gravatar.com\/avatar\/ad45a8c5da24bc9c7c4940dd1c48a695?s=96&d=mm&r=g","caption":"A Delapalisse"},"sameAs":["http:\/\/ECI"]}]}},"authors":[{"term_id":1153,"user_id":34,"is_guest":0,"slug":"adelapalisse","display_name":"A Delapalisse","avatar_url":"https:\/\/secure.gravatar.com\/avatar\/ad45a8c5da24bc9c7c4940dd1c48a695?s=96&d=mm&r=g","0":null,"1":"","2":"","3":"","4":"","5":"","6":"","7":"","8":""},{"term_id":1138,"user_id":6,"is_guest":0,"slug":"flaherty","display_name":"Nick Flaherty","avatar_url":"https:\/\/secure.gravatar.com\/avatar\/49bd04ef46c3ee89575adaf950e76b64?s=96&d=mm&r=g","0":null,"1":"","2":"","3":"","4":"","5":"","6":"","7":"","8":""}],"_links":{"self":[{"href":"https:\/\/www.ecinews.fr\/fr\/wp-json\/wp\/v2\/posts\/400759"}],"collection":[{"href":"https:\/\/www.ecinews.fr\/fr\/wp-json\/wp\/v2\/posts"}],"about":[{"href":"https:\/\/www.ecinews.fr\/fr\/wp-json\/wp\/v2\/types\/post"}],"author":[{"embeddable":true,"href":"https:\/\/www.ecinews.fr\/fr\/wp-json\/wp\/v2\/users\/34"}],"replies":[{"embeddable":true,"href":"https:\/\/www.ecinews.fr\/fr\/wp-json\/wp\/v2\/comments?post=400759"}],"version-history":[{"count":0,"href":"https:\/\/www.ecinews.fr\/fr\/wp-json\/wp\/v2\/posts\/400759\/revisions"}],"wp:featuredmedia":[{"embeddable":true,"href":"https:\/\/www.ecinews.fr\/fr\/wp-json\/wp\/v2\/media\/344728"}],"wp:attachment":[{"href":"https:\/\/www.ecinews.fr\/fr\/wp-json\/wp\/v2\/media?parent=400759"}],"wp:term":[{"taxonomy":"category","embeddable":true,"href":"https:\/\/www.ecinews.fr\/fr\/wp-json\/wp\/v2\/categories?post=400759"},{"taxonomy":"post_tag","embeddable":true,"href":"https:\/\/www.ecinews.fr\/fr\/wp-json\/wp\/v2\/tags?post=400759"},{"taxonomy":"domains","embeddable":true,"href":"https:\/\/www.ecinews.fr\/fr\/wp-json\/wp\/v2\/domains?post=400759"},{"taxonomy":"author","embeddable":true,"href":"https:\/\/www.ecinews.fr\/fr\/wp-json\/wp\/v2\/ppma_author?post=400759"}],"curies":[{"name":"wp","href":"https:\/\/api.w.org\/{rel}","templated":true}]}}