{"id":400661,"date":"2022-10-29T16:15:01","date_gmt":"2022-10-29T14:15:01","guid":{"rendered":"https:\/\/www.ecinews.fr\/?p=400661"},"modified":"2022-10-29T16:15:01","modified_gmt":"2022-10-29T14:15:01","slug":"alliance-electronics-annonce-lacquisition-des-sous-traitants-elekto-et-tme","status":"publish","type":"post","link":"https:\/\/www.ecinews.fr\/fr\/alliance-electronics-annonce-lacquisition-des-sous-traitants-elekto-et-tme\/","title":{"rendered":"Alliance Electronics annonce l&rsquo;acquisition des sous-traitants Elekto et TME"},"content":{"rendered":"<p>Alliance Electronics vient de finaliser l&rsquo;acquisition d\u2019Elekto et de TME, sous-traitants \u00e9lectroniques bas\u00e9s en Mayenne. Cette op\u00e9ration s&rsquo;inscrit dans la strat\u00e9gie de croissance organique et externe d&rsquo;Alliance Electronics pour devenir le leader Europ\u00e9en du segment High Mix-Low Volume. Elle permettra de soutenir les fortes croissances d&rsquo;Elekto et de TME gr\u00e2ce \u00e0 des investissements communs, notamment dans la digitalisation, afin de toujours mieux servir les clients et de faciliter le travail des collaborateurs.<br \/>\n\u00ab\u00a0 J&rsquo;ai \u00e9t\u00e9 s\u00e9duit par le projet industriel d&rsquo;Alliance Electronics, qui permettra d&rsquo;acc\u00e9l\u00e9rer la croissance de TME et Elekto tout en pr\u00e9servant leur ADN\u00a0\u00bb indique Bruno Sonnet, PDG des deux soci\u00e9t\u00e9s. \u00ab\u00a0L&rsquo;excellence des \u00e9quipes de TME et Elekto permet \u00e0 l&rsquo;Alliance d&rsquo;enrichir son offre avec la r\u00e9alisation de cartes tr\u00e8s complexes\u00a0\u00bb, pr\u00e9cise Damien Rossignon, Pr\u00e9sident d\u2019Alliance Electronics. Armel Fourreau, Directeur G\u00e9n\u00e9ral d\u2019Alliance Electronics, ajoute : \u00ab Les clients d\u2019Elekto et de TME pourront b\u00e9n\u00e9ficier de l\u2019expertise des autres membres de l\u2019Alliance sur des produits plus simples et en plus grands volumes, tout en conservant la proximit\u00e9 avec leurs interlocuteurs habituels. \u00bb<br \/>\nTME et Elekto sont bas\u00e9es respectivement \u00e0 Gorron et Andouill\u00e9, en Mayenne, et sont sp\u00e9cialis\u00e9es dans la fabrication et l\u2019int\u00e9gration de cartes, d\u2019ensembles et de sous-ensembles \u00e9lectroniques. Leurs offres \u00e0 forte valeur ajout\u00e9e vont du prototypage aux moyennes s\u00e9ries, pour une client\u00e8le internationale et diversifi\u00e9e dans le traitement d\u2019images, le m\u00e9dical, l\u2019a\u00e9ronautique, d\u00e9fense et l\u2019industrie.<br \/>\nLes deux soci\u00e9t\u00e9s rejoignent les 5 membres pr\u00e9c\u00e9dents d\u2019Alliance Electronics (ACE Electronics, Altrics France, Altrics Portugal, ATEMS, Proto-Electronics), pour un total d\u2019environ 1000 collaborateurs. Bruno Sonnet restera actionnaire des deux entit\u00e9s via son investissement dans Alliance Electronics. Combin\u00e9e \u00e0 d\u2019autres acquisitions en cours, elle permettra \u00e0 Alliance Electronics d\u2019atteindre l\u2019objectif de 100M\u20ac de chiffre d\u2019affaires en 2022, gr\u00e2ce au soutien de son partenaire financier Waterland Private Equity.<\/p>\n<p>\n<a href=\"http:\/\/www.alliance-electronics.com\/\">www.alliance-electronics.com<\/a><br \/>\n<a href=\"https:\/\/www.b3c-groupe.com\/tme\/\">https:\/\/www.b3c-groupe.com\/tme\/<\/a><br \/>\n<a href=\"https:\/\/www.b3c-groupe.com\/elekto\/\">https:\/\/www.b3c-groupe.com\/elekto\/<\/a><\/p>\n","protected":false},"excerpt":{"rendered":"<p>Alliance Electronics vient de finaliser l&rsquo;acquisition d\u2019Elekto et de TME, sous-traitants \u00e9lectroniques bas\u00e9s en Mayenne. Cette op\u00e9ration s&rsquo;inscrit dans la strat\u00e9gie de croissance organique et externe d&rsquo;Alliance Electronics pour devenir le leader Europ\u00e9en du segment High Mix-Low Volume. Elle permettra de soutenir les fortes croissances d&rsquo;Elekto et de TME gr\u00e2ce \u00e0 des investissements communs, notamment [&hellip;]<\/p>\n","protected":false},"author":36,"featured_media":400662,"comment_status":"closed","ping_status":"closed","sticky":false,"template":"","format":"standard","meta":{"_acf_changed":false,"footnotes":""},"categories":[886],"tags":[],"domains":[47],"ppma_author":[1154],"class_list":["post-400661","post","type-post","status-publish","format-standard","has-post-thumbnail","hentry","category-news-fr","domains-electronique-eci"],"acf":[],"yoast_head":"<title>Alliance Electronics annonce l&#039;acquisition des sous-traitants E...<\/title>\n<meta name=\"description\" content=\"Alliance Electronics vient de finaliser l&rsquo;acquisition d\u2019Elekto et de TME, sous-traitants \u00e9lectroniques bas\u00e9s en Mayenne. Cette op\u00e9ration...\" \/>\n<meta name=\"robots\" content=\"index, follow, max-snippet:-1, max-image-preview:large, max-video-preview:-1\" \/>\n<link rel=\"canonical\" href=\"https:\/\/www.ecinews.fr\/fr\/wp-json\/wp\/v2\/posts\/400661\/\" \/>\n<meta property=\"og:locale\" content=\"fr_FR\" \/>\n<meta property=\"og:type\" content=\"article\" \/>\n<meta property=\"og:title\" content=\"Alliance Electronics annonce l&#039;acquisition des sous-traitants Elekto et TME\" \/>\n<meta property=\"og:description\" content=\"Alliance Electronics vient de finaliser l&rsquo;acquisition d\u2019Elekto et de TME, sous-traitants \u00e9lectroniques bas\u00e9s en Mayenne. Cette op\u00e9ration s&rsquo;inscrit dans la strat\u00e9gie de croissance organique et externe d&rsquo;Alliance Electronics pour devenir le leader Europ\u00e9en du segment High Mix-Low Volume. Elle permettra de soutenir les fortes croissances d&rsquo;Elekto et de TME gr\u00e2ce \u00e0 des investissements communs, notamment [&hellip;]\" \/>\n<meta property=\"og:url\" content=\"https:\/\/www.ecinews.fr\/fr\/wp-json\/wp\/v2\/posts\/400661\/\" \/>\n<meta property=\"og:site_name\" content=\"EENewsEurope\" \/>\n<meta property=\"article:published_time\" content=\"2022-10-29T14:15:01+00:00\" \/>\n<meta property=\"og:image\" content=\"https:\/\/www.ecinews.fr\/wp-content\/uploads\/2022\/10\/ECI1511_Alliance-actu_Photo-Bruno-Sonnet-Damien-Rossignon_web.jpg\" \/>\n\t<meta property=\"og:image:width\" content=\"754\" \/>\n\t<meta property=\"og:image:height\" content=\"749\" \/>\n\t<meta property=\"og:image:type\" content=\"image\/jpeg\" \/>\n<meta name=\"author\" content=\"Alain Dieul\" \/>\n<meta name=\"twitter:card\" content=\"summary_large_image\" \/>\n<meta name=\"twitter:label1\" content=\"Written by\" \/>\n\t<meta name=\"twitter:data1\" content=\"Alain Dieul\" \/>\n\t<meta name=\"twitter:label2\" content=\"Est. reading time\" \/>\n\t<meta name=\"twitter:data2\" content=\"2 minutes\" \/>\n<script type=\"application\/ld+json\" class=\"yoast-schema-graph\">{\"@context\":\"https:\/\/schema.org\",\"@graph\":[{\"@type\":\"Article\",\"@id\":\"https:\/\/www.ecinews.fr\/fr\/alliance-electronics-annonce-lacquisition-des-sous-traitants-elekto-et-tme\/#article\",\"isPartOf\":{\"@id\":\"https:\/\/www.ecinews.fr\/fr\/alliance-electronics-annonce-lacquisition-des-sous-traitants-elekto-et-tme\/\"},\"author\":{\"name\":\"Alain Dieul\",\"@id\":\"https:\/\/www.eenewseurope.com\/en\/#\/schema\/person\/e4387676ad67ce722325c7832f3c3762\"},\"headline\":\"Alliance Electronics annonce l&rsquo;acquisition des sous-traitants Elekto et TME\",\"datePublished\":\"2022-10-29T14:15:01+00:00\",\"dateModified\":\"2022-10-29T14:15:01+00:00\",\"mainEntityOfPage\":{\"@id\":\"https:\/\/www.ecinews.fr\/fr\/alliance-electronics-annonce-lacquisition-des-sous-traitants-elekto-et-tme\/\"},\"wordCount\":371,\"publisher\":{\"@id\":\"https:\/\/www.eenewseurope.com\/en\/#organization\"},\"articleSection\":[\"Actualit\u00e9 g\u00e9n\u00e9rale\"],\"inLanguage\":\"fr-FR\"},{\"@type\":\"WebPage\",\"@id\":\"https:\/\/www.ecinews.fr\/fr\/alliance-electronics-annonce-lacquisition-des-sous-traitants-elekto-et-tme\/\",\"url\":\"https:\/\/www.ecinews.fr\/fr\/alliance-electronics-annonce-lacquisition-des-sous-traitants-elekto-et-tme\/\",\"name\":\"Alliance Electronics annonce l'acquisition des sous-traitants Elekto et TME -\",\"isPartOf\":{\"@id\":\"https:\/\/www.eenewseurope.com\/en\/#website\"},\"datePublished\":\"2022-10-29T14:15:01+00:00\",\"dateModified\":\"2022-10-29T14:15:01+00:00\",\"breadcrumb\":{\"@id\":\"https:\/\/www.ecinews.fr\/fr\/alliance-electronics-annonce-lacquisition-des-sous-traitants-elekto-et-tme\/#breadcrumb\"},\"inLanguage\":\"fr-FR\",\"potentialAction\":[{\"@type\":\"ReadAction\",\"target\":[\"https:\/\/www.ecinews.fr\/fr\/alliance-electronics-annonce-lacquisition-des-sous-traitants-elekto-et-tme\/\"]}]},{\"@type\":\"BreadcrumbList\",\"@id\":\"https:\/\/www.ecinews.fr\/fr\/alliance-electronics-annonce-lacquisition-des-sous-traitants-elekto-et-tme\/#breadcrumb\",\"itemListElement\":[{\"@type\":\"ListItem\",\"position\":1,\"name\":\"Home\",\"item\":\"https:\/\/www.ecinews.fr\/fr\/\"},{\"@type\":\"ListItem\",\"position\":2,\"name\":\"Alliance Electronics annonce l&rsquo;acquisition des sous-traitants Elekto et TME\"}]},{\"@type\":\"WebSite\",\"@id\":\"https:\/\/www.eenewseurope.com\/en\/#website\",\"url\":\"https:\/\/www.eenewseurope.com\/en\/\",\"name\":\"EENewsEurope\",\"description\":\"Just another WordPress site\",\"publisher\":{\"@id\":\"https:\/\/www.eenewseurope.com\/en\/#organization\"},\"potentialAction\":[{\"@type\":\"SearchAction\",\"target\":{\"@type\":\"EntryPoint\",\"urlTemplate\":\"https:\/\/www.eenewseurope.com\/en\/?s={search_term_string}\"},\"query-input\":\"required name=search_term_string\"}],\"inLanguage\":\"fr-FR\"},{\"@type\":\"Organization\",\"@id\":\"https:\/\/www.eenewseurope.com\/en\/#organization\",\"name\":\"EENewsEurope\",\"url\":\"https:\/\/www.eenewseurope.com\/en\/\",\"logo\":{\"@type\":\"ImageObject\",\"inLanguage\":\"fr-FR\",\"@id\":\"https:\/\/www.eenewseurope.com\/en\/#\/schema\/logo\/image\/\",\"url\":\"https:\/\/www.ecinews.fr\/wp-content\/uploads\/2022\/02\/logo-1.jpg\",\"contentUrl\":\"https:\/\/www.ecinews.fr\/wp-content\/uploads\/2022\/02\/logo-1.jpg\",\"width\":283,\"height\":113,\"caption\":\"EENewsEurope\"},\"image\":{\"@id\":\"https:\/\/www.eenewseurope.com\/en\/#\/schema\/logo\/image\/\"}},{\"@type\":\"Person\",\"@id\":\"https:\/\/www.eenewseurope.com\/en\/#\/schema\/person\/e4387676ad67ce722325c7832f3c3762\",\"name\":\"Alain Dieul\",\"image\":{\"@type\":\"ImageObject\",\"inLanguage\":\"fr-FR\",\"@id\":\"https:\/\/www.eenewseurope.com\/en\/#\/schema\/person\/image\/736120675699dbbf0f0f282b9a9cfb75\",\"url\":\"https:\/\/secure.gravatar.com\/avatar\/bc93b056d07515be5b8eecd4acf49c5c?s=96&d=mm&r=g\",\"contentUrl\":\"https:\/\/secure.gravatar.com\/avatar\/bc93b056d07515be5b8eecd4acf49c5c?s=96&d=mm&r=g\",\"caption\":\"Alain Dieul\"},\"sameAs\":[\"http:\/\/ECINews\"]}]}<\/script>","yoast_head_json":{"title":"Alliance Electronics annonce l'acquisition des sous-traitants E...","description":"Alliance Electronics vient de finaliser l&rsquo;acquisition d\u2019Elekto et de TME, sous-traitants \u00e9lectroniques bas\u00e9s en Mayenne. Cette op\u00e9ration...","robots":{"index":"index","follow":"follow","max-snippet":"max-snippet:-1","max-image-preview":"max-image-preview:large","max-video-preview":"max-video-preview:-1"},"canonical":"https:\/\/www.ecinews.fr\/fr\/wp-json\/wp\/v2\/posts\/400661\/","og_locale":"fr_FR","og_type":"article","og_title":"Alliance Electronics annonce l'acquisition des sous-traitants Elekto et TME","og_description":"Alliance Electronics vient de finaliser l&rsquo;acquisition d\u2019Elekto et de TME, sous-traitants \u00e9lectroniques bas\u00e9s en Mayenne. Cette op\u00e9ration s&rsquo;inscrit dans la strat\u00e9gie de croissance organique et externe d&rsquo;Alliance Electronics pour devenir le leader Europ\u00e9en du segment High Mix-Low Volume. Elle permettra de soutenir les fortes croissances d&rsquo;Elekto et de TME gr\u00e2ce \u00e0 des investissements communs, notamment [&hellip;]","og_url":"https:\/\/www.ecinews.fr\/fr\/wp-json\/wp\/v2\/posts\/400661\/","og_site_name":"EENewsEurope","article_published_time":"2022-10-29T14:15:01+00:00","og_image":[{"width":754,"height":749,"url":"https:\/\/www.ecinews.fr\/wp-content\/uploads\/2022\/10\/ECI1511_Alliance-actu_Photo-Bruno-Sonnet-Damien-Rossignon_web.jpg","type":"image\/jpeg"}],"author":"Alain Dieul","twitter_card":"summary_large_image","twitter_misc":{"Written by":"Alain Dieul","Est. reading time":"2 minutes"},"schema":{"@context":"https:\/\/schema.org","@graph":[{"@type":"Article","@id":"https:\/\/www.ecinews.fr\/fr\/alliance-electronics-annonce-lacquisition-des-sous-traitants-elekto-et-tme\/#article","isPartOf":{"@id":"https:\/\/www.ecinews.fr\/fr\/alliance-electronics-annonce-lacquisition-des-sous-traitants-elekto-et-tme\/"},"author":{"name":"Alain Dieul","@id":"https:\/\/www.eenewseurope.com\/en\/#\/schema\/person\/e4387676ad67ce722325c7832f3c3762"},"headline":"Alliance Electronics annonce l&rsquo;acquisition des sous-traitants Elekto et TME","datePublished":"2022-10-29T14:15:01+00:00","dateModified":"2022-10-29T14:15:01+00:00","mainEntityOfPage":{"@id":"https:\/\/www.ecinews.fr\/fr\/alliance-electronics-annonce-lacquisition-des-sous-traitants-elekto-et-tme\/"},"wordCount":371,"publisher":{"@id":"https:\/\/www.eenewseurope.com\/en\/#organization"},"articleSection":["Actualit\u00e9 g\u00e9n\u00e9rale"],"inLanguage":"fr-FR"},{"@type":"WebPage","@id":"https:\/\/www.ecinews.fr\/fr\/alliance-electronics-annonce-lacquisition-des-sous-traitants-elekto-et-tme\/","url":"https:\/\/www.ecinews.fr\/fr\/alliance-electronics-annonce-lacquisition-des-sous-traitants-elekto-et-tme\/","name":"Alliance Electronics annonce l'acquisition des sous-traitants Elekto et TME -","isPartOf":{"@id":"https:\/\/www.eenewseurope.com\/en\/#website"},"datePublished":"2022-10-29T14:15:01+00:00","dateModified":"2022-10-29T14:15:01+00:00","breadcrumb":{"@id":"https:\/\/www.ecinews.fr\/fr\/alliance-electronics-annonce-lacquisition-des-sous-traitants-elekto-et-tme\/#breadcrumb"},"inLanguage":"fr-FR","potentialAction":[{"@type":"ReadAction","target":["https:\/\/www.ecinews.fr\/fr\/alliance-electronics-annonce-lacquisition-des-sous-traitants-elekto-et-tme\/"]}]},{"@type":"BreadcrumbList","@id":"https:\/\/www.ecinews.fr\/fr\/alliance-electronics-annonce-lacquisition-des-sous-traitants-elekto-et-tme\/#breadcrumb","itemListElement":[{"@type":"ListItem","position":1,"name":"Home","item":"https:\/\/www.ecinews.fr\/fr\/"},{"@type":"ListItem","position":2,"name":"Alliance Electronics annonce l&rsquo;acquisition des sous-traitants Elekto et TME"}]},{"@type":"WebSite","@id":"https:\/\/www.eenewseurope.com\/en\/#website","url":"https:\/\/www.eenewseurope.com\/en\/","name":"EENewsEurope","description":"Just another WordPress site","publisher":{"@id":"https:\/\/www.eenewseurope.com\/en\/#organization"},"potentialAction":[{"@type":"SearchAction","target":{"@type":"EntryPoint","urlTemplate":"https:\/\/www.eenewseurope.com\/en\/?s={search_term_string}"},"query-input":"required name=search_term_string"}],"inLanguage":"fr-FR"},{"@type":"Organization","@id":"https:\/\/www.eenewseurope.com\/en\/#organization","name":"EENewsEurope","url":"https:\/\/www.eenewseurope.com\/en\/","logo":{"@type":"ImageObject","inLanguage":"fr-FR","@id":"https:\/\/www.eenewseurope.com\/en\/#\/schema\/logo\/image\/","url":"https:\/\/www.ecinews.fr\/wp-content\/uploads\/2022\/02\/logo-1.jpg","contentUrl":"https:\/\/www.ecinews.fr\/wp-content\/uploads\/2022\/02\/logo-1.jpg","width":283,"height":113,"caption":"EENewsEurope"},"image":{"@id":"https:\/\/www.eenewseurope.com\/en\/#\/schema\/logo\/image\/"}},{"@type":"Person","@id":"https:\/\/www.eenewseurope.com\/en\/#\/schema\/person\/e4387676ad67ce722325c7832f3c3762","name":"Alain Dieul","image":{"@type":"ImageObject","inLanguage":"fr-FR","@id":"https:\/\/www.eenewseurope.com\/en\/#\/schema\/person\/image\/736120675699dbbf0f0f282b9a9cfb75","url":"https:\/\/secure.gravatar.com\/avatar\/bc93b056d07515be5b8eecd4acf49c5c?s=96&d=mm&r=g","contentUrl":"https:\/\/secure.gravatar.com\/avatar\/bc93b056d07515be5b8eecd4acf49c5c?s=96&d=mm&r=g","caption":"Alain Dieul"},"sameAs":["http:\/\/ECINews"]}]}},"authors":[{"term_id":1154,"user_id":36,"is_guest":0,"slug":"alain-dieul","display_name":"Alain Dieul","avatar_url":"https:\/\/secure.gravatar.com\/avatar\/bc93b056d07515be5b8eecd4acf49c5c?s=96&d=mm&r=g","0":null,"1":"","2":"","3":"","4":"","5":"","6":"","7":"","8":""}],"_links":{"self":[{"href":"https:\/\/www.ecinews.fr\/fr\/wp-json\/wp\/v2\/posts\/400661"}],"collection":[{"href":"https:\/\/www.ecinews.fr\/fr\/wp-json\/wp\/v2\/posts"}],"about":[{"href":"https:\/\/www.ecinews.fr\/fr\/wp-json\/wp\/v2\/types\/post"}],"author":[{"embeddable":true,"href":"https:\/\/www.ecinews.fr\/fr\/wp-json\/wp\/v2\/users\/36"}],"replies":[{"embeddable":true,"href":"https:\/\/www.ecinews.fr\/fr\/wp-json\/wp\/v2\/comments?post=400661"}],"version-history":[{"count":0,"href":"https:\/\/www.ecinews.fr\/fr\/wp-json\/wp\/v2\/posts\/400661\/revisions"}],"wp:featuredmedia":[{"embeddable":true,"href":"https:\/\/www.ecinews.fr\/fr\/wp-json\/wp\/v2\/media\/400662"}],"wp:attachment":[{"href":"https:\/\/www.ecinews.fr\/fr\/wp-json\/wp\/v2\/media?parent=400661"}],"wp:term":[{"taxonomy":"category","embeddable":true,"href":"https:\/\/www.ecinews.fr\/fr\/wp-json\/wp\/v2\/categories?post=400661"},{"taxonomy":"post_tag","embeddable":true,"href":"https:\/\/www.ecinews.fr\/fr\/wp-json\/wp\/v2\/tags?post=400661"},{"taxonomy":"domains","embeddable":true,"href":"https:\/\/www.ecinews.fr\/fr\/wp-json\/wp\/v2\/domains?post=400661"},{"taxonomy":"author","embeddable":true,"href":"https:\/\/www.ecinews.fr\/fr\/wp-json\/wp\/v2\/ppma_author?post=400661"}],"curies":[{"name":"wp","href":"https:\/\/api.w.org\/{rel}","templated":true}]}}