{"id":400442,"date":"2022-10-28T09:44:47","date_gmt":"2022-10-28T07:44:47","guid":{"rendered":"https:\/\/www.ecinews.fr\/?p=400442"},"modified":"2022-10-28T09:44:47","modified_gmt":"2022-10-28T07:44:47","slug":"sebastien-kamphuis-nomme-dsi-de-sipearl","status":"publish","type":"post","link":"https:\/\/www.ecinews.fr\/fr\/sebastien-kamphuis-nomme-dsi-de-sipearl\/","title":{"rendered":"S\u00e9bastien Kamphuis nomm\u00e9 DSI de SiPearl"},"content":{"rendered":"<p><em>SiPearl, la soci\u00e9t\u00e9 qui con\u00e7oit le microprocesseur haute performance et basse consommation destin\u00e9 aux supercalculateurs exascale europ\u00e9ens, annonce la nomination de S\u00e9bastien Kamphuis en tant que Directeur des Syst\u00e8mes d\u2019Information. Ancien d\u2019Engie, Capgemini et Bouygues Telecom, il rejoint SiPearl pour diriger son organisation informatique et soutenir sa strat\u00e9gie de croissance acc\u00e9l\u00e9r\u00e9e en la dotant d\u2019une infrastructure technologique, de syst\u00e8mes, d\u2019outils et d\u2019un centre de calcul \u00e0 la pointe de l\u2019innovation.<\/em><\/p>\n<p>S\u00e9bastien Kamphuis (39 ans, Infosup Paris) a d\u00e9but\u00e9 sa carri\u00e8re en 2006 comme administrateur syst\u00e8me et r\u00e9seau pour la SSII ICS. Apr\u00e8s trois ans pass\u00e9s en tant que responsable informatique du r\u00e9seau de distribution du sp\u00e9cialiste de l\u2019ameublement Cauval Industries, S\u00e9bastien Kamphuis rejoint la SSII Genious Syst\u00e8mes afin d\u2019assurer le pilotage de missions de gestion des infrastructures dans les centres de donn\u00e9es pour son client Bouygues Telecom. En 2012, il int\u00e8gre Sogeti, la branche services informatiques de Capgemini, o\u00f9 il travaille d\u2019abord pour Bouygues Telecom, puis pour Engie en tant que Service Delivery Manager. En 2019, S\u00e9bastien Kamphuis est embauch\u00e9 par Engie au m\u00eame poste et prend en charge plusieurs business units. Au cours de ses 15 ans de carri\u00e8re, il a d\u00e9velopp\u00e9 une solide exp\u00e9rience dans le service d&rsquo;infrastructures informatiques.<\/p>\n<p>Le 3 octobre dernier, S\u00e9bastien Kamphuis a rejoint SiPearl, pour diriger l&rsquo;ensemble de l&rsquo;organisation informatique de la soci\u00e9t\u00e9 install\u00e9e en France, en Allemagne et en Espagne. Sa mission est de soutenir la strat\u00e9gie de croissance acc\u00e9l\u00e9r\u00e9e de l&rsquo;entreprise par la fourniture de technologies innovantes : infrastructure informatique, syst\u00e8mes, outils et ferme de calcul. Dans son nouveau r\u00f4le, il sera sp\u00e9cialement responsable de la gestion des centres de donn\u00e9es et de calcul, des infrastructures t\u00e9l\u00e9coms ainsi que du r\u00e9seau informatique des centres de recherche et d\u00e9veloppement de SiPearl.<\/p>\n<p>Relevant directement de Philippe Notton, PDG et fondateur de SiPearl, S\u00e9bastien Kamphuis a rejoint le comit\u00e9 de direction en tant que membre.<\/p>\n<table style=\"width: 100%; height: 376px;\" width=\"100%\">\n<tbody>\n<tr style=\"height: 56px;\">\n<td style=\"width: 815px; height: 56px;\">\n<p><strong>A propos de SiPearl<\/strong><\/p>\n<\/td>\n<\/tr>\n<tr style=\"height: 320px;\">\n<td style=\"width: 815px; height: 320px;\">\n<p>SiPearl est la soci\u00e9t\u00e9 qui con\u00e7oit le microprocesseur haute performance et basse consommation destin\u00e9 aux supercalculateurs exascale europ\u00e9ens. Cette nouvelle g\u00e9n\u00e9ration de microprocesseurs permettra \u00e0 l&rsquo;Europe d&rsquo;affirmer sa souverainet\u00e9 technologique sur les march\u00e9s strat\u00e9giques du calcul haute performance (HPC) tels que l&rsquo;intelligence artificielle, la recherche m\u00e9dicale ou la mod\u00e9lisation climatique. La soci\u00e9t\u00e9 travaille en \u00e9troite collaboration avec ses 27 partenaires du consortium European Processor Initiative (EPI) &#8211; grands noms de la communaut\u00e9 scientifique, centres de supercalcul et industries &#8211; qui sont ses parties prenantes, futurs clients et utilisateurs finaux.<br \/>\nSiPearl emploie plus de 100 personnes en France (Maisons-Laffitte, Grenoble, Massy, Sophia Antipolis), en Allemagne (Duisbourg) et en Espagne (Barcelone).\u00a0\u00a0<\/p>\n<p><a title=\"www.sipearl.com\" href=\"http:\/\/www.sipearl.com\">www.sipearl.com<\/a><\/p>\n<\/td>\n<\/tr>\n<\/tbody>\n<\/table>\n","protected":false},"excerpt":{"rendered":"<p>SiPearl, la soci\u00e9t\u00e9 qui con\u00e7oit le microprocesseur haute performance et basse consommation destin\u00e9 aux supercalculateurs exascale europ\u00e9ens, annonce la nomination de S\u00e9bastien Kamphuis en tant que Directeur des Syst\u00e8mes d\u2019Information. Ancien d\u2019Engie, Capgemini et Bouygues Telecom, il rejoint SiPearl pour diriger son organisation informatique et soutenir sa strat\u00e9gie de croissance acc\u00e9l\u00e9r\u00e9e en la dotant d\u2019une [&hellip;]<\/p>\n","protected":false},"author":36,"featured_media":400443,"comment_status":"closed","ping_status":"closed","sticky":false,"template":"","format":"standard","meta":{"_acf_changed":false,"footnotes":""},"categories":[886],"tags":[],"domains":[47],"ppma_author":[1154],"class_list":["post-400442","post","type-post","status-publish","format-standard","has-post-thumbnail","hentry","category-news-fr","domains-electronique-eci"],"acf":[],"yoast_head":"<title>S\u00e9bastien Kamphuis nomm\u00e9 DSI de SiPearl ...<\/title>\n<meta name=\"description\" content=\"SiPearl, la soci\u00e9t\u00e9 qui con\u00e7oit le microprocesseur haute performance et basse consommation destin\u00e9 aux supercalculateurs exascale europ\u00e9ens, annonce la...\" \/>\n<meta name=\"robots\" content=\"index, follow, max-snippet:-1, max-image-preview:large, max-video-preview:-1\" \/>\n<link rel=\"canonical\" href=\"https:\/\/www.ecinews.fr\/fr\/wp-json\/wp\/v2\/posts\/400442\/\" \/>\n<meta property=\"og:locale\" content=\"fr_FR\" \/>\n<meta property=\"og:type\" content=\"article\" \/>\n<meta property=\"og:title\" content=\"S\u00e9bastien Kamphuis nomm\u00e9 DSI de SiPearl\" \/>\n<meta property=\"og:description\" content=\"SiPearl, la soci\u00e9t\u00e9 qui con\u00e7oit le microprocesseur haute performance et basse consommation destin\u00e9 aux supercalculateurs exascale europ\u00e9ens, annonce la nomination de S\u00e9bastien Kamphuis en tant que Directeur des Syst\u00e8mes d\u2019Information. Ancien d\u2019Engie, Capgemini et Bouygues Telecom, il rejoint SiPearl pour diriger son organisation informatique et soutenir sa strat\u00e9gie de croissance acc\u00e9l\u00e9r\u00e9e en la dotant d\u2019une [&hellip;]\" \/>\n<meta property=\"og:url\" content=\"https:\/\/www.ecinews.fr\/fr\/wp-json\/wp\/v2\/posts\/400442\/\" \/>\n<meta property=\"og:site_name\" content=\"EENewsEurope\" \/>\n<meta property=\"article:published_time\" content=\"2022-10-28T07:44:47+00:00\" \/>\n<meta property=\"og:image\" content=\"https:\/\/www.ecinews.fr\/wp-content\/uploads\/2022\/10\/ECI1508_Sipearl_Sebastien_Kamphuis-scaled.jpg\" \/>\n\t<meta property=\"og:image:width\" content=\"1080\" \/>\n\t<meta property=\"og:image:height\" content=\"720\" \/>\n\t<meta property=\"og:image:type\" content=\"image\/jpeg\" \/>\n<meta name=\"author\" content=\"Alain Dieul\" \/>\n<meta name=\"twitter:card\" content=\"summary_large_image\" \/>\n<meta name=\"twitter:label1\" content=\"Written by\" \/>\n\t<meta name=\"twitter:data1\" content=\"Alain Dieul\" \/>\n\t<meta name=\"twitter:label2\" content=\"Est. reading time\" \/>\n\t<meta name=\"twitter:data2\" content=\"2 minutes\" \/>\n<script type=\"application\/ld+json\" class=\"yoast-schema-graph\">{\"@context\":\"https:\/\/schema.org\",\"@graph\":[{\"@type\":\"Article\",\"@id\":\"https:\/\/www.ecinews.fr\/fr\/sebastien-kamphuis-nomme-dsi-de-sipearl\/#article\",\"isPartOf\":{\"@id\":\"https:\/\/www.ecinews.fr\/fr\/sebastien-kamphuis-nomme-dsi-de-sipearl\/\"},\"author\":{\"name\":\"Alain Dieul\",\"@id\":\"https:\/\/www.eenewseurope.com\/en\/#\/schema\/person\/e4387676ad67ce722325c7832f3c3762\"},\"headline\":\"S\u00e9bastien Kamphuis nomm\u00e9 DSI de SiPearl\",\"datePublished\":\"2022-10-28T07:44:47+00:00\",\"dateModified\":\"2022-10-28T07:44:47+00:00\",\"mainEntityOfPage\":{\"@id\":\"https:\/\/www.ecinews.fr\/fr\/sebastien-kamphuis-nomme-dsi-de-sipearl\/\"},\"wordCount\":492,\"publisher\":{\"@id\":\"https:\/\/www.eenewseurope.com\/en\/#organization\"},\"articleSection\":[\"Actualit\u00e9 g\u00e9n\u00e9rale\"],\"inLanguage\":\"fr-FR\"},{\"@type\":\"WebPage\",\"@id\":\"https:\/\/www.ecinews.fr\/fr\/sebastien-kamphuis-nomme-dsi-de-sipearl\/\",\"url\":\"https:\/\/www.ecinews.fr\/fr\/sebastien-kamphuis-nomme-dsi-de-sipearl\/\",\"name\":\"S\u00e9bastien Kamphuis nomm\u00e9 DSI de SiPearl -\",\"isPartOf\":{\"@id\":\"https:\/\/www.eenewseurope.com\/en\/#website\"},\"datePublished\":\"2022-10-28T07:44:47+00:00\",\"dateModified\":\"2022-10-28T07:44:47+00:00\",\"breadcrumb\":{\"@id\":\"https:\/\/www.ecinews.fr\/fr\/sebastien-kamphuis-nomme-dsi-de-sipearl\/#breadcrumb\"},\"inLanguage\":\"fr-FR\",\"potentialAction\":[{\"@type\":\"ReadAction\",\"target\":[\"https:\/\/www.ecinews.fr\/fr\/sebastien-kamphuis-nomme-dsi-de-sipearl\/\"]}]},{\"@type\":\"BreadcrumbList\",\"@id\":\"https:\/\/www.ecinews.fr\/fr\/sebastien-kamphuis-nomme-dsi-de-sipearl\/#breadcrumb\",\"itemListElement\":[{\"@type\":\"ListItem\",\"position\":1,\"name\":\"Home\",\"item\":\"https:\/\/www.ecinews.fr\/fr\/\"},{\"@type\":\"ListItem\",\"position\":2,\"name\":\"S\u00e9bastien Kamphuis nomm\u00e9 DSI de SiPearl\"}]},{\"@type\":\"WebSite\",\"@id\":\"https:\/\/www.eenewseurope.com\/en\/#website\",\"url\":\"https:\/\/www.eenewseurope.com\/en\/\",\"name\":\"EENewsEurope\",\"description\":\"Just another WordPress site\",\"publisher\":{\"@id\":\"https:\/\/www.eenewseurope.com\/en\/#organization\"},\"potentialAction\":[{\"@type\":\"SearchAction\",\"target\":{\"@type\":\"EntryPoint\",\"urlTemplate\":\"https:\/\/www.eenewseurope.com\/en\/?s={search_term_string}\"},\"query-input\":\"required name=search_term_string\"}],\"inLanguage\":\"fr-FR\"},{\"@type\":\"Organization\",\"@id\":\"https:\/\/www.eenewseurope.com\/en\/#organization\",\"name\":\"EENewsEurope\",\"url\":\"https:\/\/www.eenewseurope.com\/en\/\",\"logo\":{\"@type\":\"ImageObject\",\"inLanguage\":\"fr-FR\",\"@id\":\"https:\/\/www.eenewseurope.com\/en\/#\/schema\/logo\/image\/\",\"url\":\"https:\/\/www.ecinews.fr\/wp-content\/uploads\/2022\/02\/logo-1.jpg\",\"contentUrl\":\"https:\/\/www.ecinews.fr\/wp-content\/uploads\/2022\/02\/logo-1.jpg\",\"width\":283,\"height\":113,\"caption\":\"EENewsEurope\"},\"image\":{\"@id\":\"https:\/\/www.eenewseurope.com\/en\/#\/schema\/logo\/image\/\"}},{\"@type\":\"Person\",\"@id\":\"https:\/\/www.eenewseurope.com\/en\/#\/schema\/person\/e4387676ad67ce722325c7832f3c3762\",\"name\":\"Alain Dieul\",\"image\":{\"@type\":\"ImageObject\",\"inLanguage\":\"fr-FR\",\"@id\":\"https:\/\/www.eenewseurope.com\/en\/#\/schema\/person\/image\/736120675699dbbf0f0f282b9a9cfb75\",\"url\":\"https:\/\/secure.gravatar.com\/avatar\/bc93b056d07515be5b8eecd4acf49c5c?s=96&d=mm&r=g\",\"contentUrl\":\"https:\/\/secure.gravatar.com\/avatar\/bc93b056d07515be5b8eecd4acf49c5c?s=96&d=mm&r=g\",\"caption\":\"Alain Dieul\"},\"sameAs\":[\"http:\/\/ECINews\"]}]}<\/script>","yoast_head_json":{"title":"S\u00e9bastien Kamphuis nomm\u00e9 DSI de SiPearl ...","description":"SiPearl, la soci\u00e9t\u00e9 qui con\u00e7oit le microprocesseur haute performance et basse consommation destin\u00e9 aux supercalculateurs exascale europ\u00e9ens, annonce la...","robots":{"index":"index","follow":"follow","max-snippet":"max-snippet:-1","max-image-preview":"max-image-preview:large","max-video-preview":"max-video-preview:-1"},"canonical":"https:\/\/www.ecinews.fr\/fr\/wp-json\/wp\/v2\/posts\/400442\/","og_locale":"fr_FR","og_type":"article","og_title":"S\u00e9bastien Kamphuis nomm\u00e9 DSI de SiPearl","og_description":"SiPearl, la soci\u00e9t\u00e9 qui con\u00e7oit le microprocesseur haute performance et basse consommation destin\u00e9 aux supercalculateurs exascale europ\u00e9ens, annonce la nomination de S\u00e9bastien Kamphuis en tant que Directeur des Syst\u00e8mes d\u2019Information. Ancien d\u2019Engie, Capgemini et Bouygues Telecom, il rejoint SiPearl pour diriger son organisation informatique et soutenir sa strat\u00e9gie de croissance acc\u00e9l\u00e9r\u00e9e en la dotant d\u2019une [&hellip;]","og_url":"https:\/\/www.ecinews.fr\/fr\/wp-json\/wp\/v2\/posts\/400442\/","og_site_name":"EENewsEurope","article_published_time":"2022-10-28T07:44:47+00:00","og_image":[{"width":1080,"height":720,"url":"https:\/\/www.ecinews.fr\/wp-content\/uploads\/2022\/10\/ECI1508_Sipearl_Sebastien_Kamphuis-scaled.jpg","type":"image\/jpeg"}],"author":"Alain Dieul","twitter_card":"summary_large_image","twitter_misc":{"Written by":"Alain Dieul","Est. reading time":"2 minutes"},"schema":{"@context":"https:\/\/schema.org","@graph":[{"@type":"Article","@id":"https:\/\/www.ecinews.fr\/fr\/sebastien-kamphuis-nomme-dsi-de-sipearl\/#article","isPartOf":{"@id":"https:\/\/www.ecinews.fr\/fr\/sebastien-kamphuis-nomme-dsi-de-sipearl\/"},"author":{"name":"Alain Dieul","@id":"https:\/\/www.eenewseurope.com\/en\/#\/schema\/person\/e4387676ad67ce722325c7832f3c3762"},"headline":"S\u00e9bastien Kamphuis nomm\u00e9 DSI de SiPearl","datePublished":"2022-10-28T07:44:47+00:00","dateModified":"2022-10-28T07:44:47+00:00","mainEntityOfPage":{"@id":"https:\/\/www.ecinews.fr\/fr\/sebastien-kamphuis-nomme-dsi-de-sipearl\/"},"wordCount":492,"publisher":{"@id":"https:\/\/www.eenewseurope.com\/en\/#organization"},"articleSection":["Actualit\u00e9 g\u00e9n\u00e9rale"],"inLanguage":"fr-FR"},{"@type":"WebPage","@id":"https:\/\/www.ecinews.fr\/fr\/sebastien-kamphuis-nomme-dsi-de-sipearl\/","url":"https:\/\/www.ecinews.fr\/fr\/sebastien-kamphuis-nomme-dsi-de-sipearl\/","name":"S\u00e9bastien Kamphuis nomm\u00e9 DSI de SiPearl -","isPartOf":{"@id":"https:\/\/www.eenewseurope.com\/en\/#website"},"datePublished":"2022-10-28T07:44:47+00:00","dateModified":"2022-10-28T07:44:47+00:00","breadcrumb":{"@id":"https:\/\/www.ecinews.fr\/fr\/sebastien-kamphuis-nomme-dsi-de-sipearl\/#breadcrumb"},"inLanguage":"fr-FR","potentialAction":[{"@type":"ReadAction","target":["https:\/\/www.ecinews.fr\/fr\/sebastien-kamphuis-nomme-dsi-de-sipearl\/"]}]},{"@type":"BreadcrumbList","@id":"https:\/\/www.ecinews.fr\/fr\/sebastien-kamphuis-nomme-dsi-de-sipearl\/#breadcrumb","itemListElement":[{"@type":"ListItem","position":1,"name":"Home","item":"https:\/\/www.ecinews.fr\/fr\/"},{"@type":"ListItem","position":2,"name":"S\u00e9bastien Kamphuis nomm\u00e9 DSI de SiPearl"}]},{"@type":"WebSite","@id":"https:\/\/www.eenewseurope.com\/en\/#website","url":"https:\/\/www.eenewseurope.com\/en\/","name":"EENewsEurope","description":"Just another WordPress site","publisher":{"@id":"https:\/\/www.eenewseurope.com\/en\/#organization"},"potentialAction":[{"@type":"SearchAction","target":{"@type":"EntryPoint","urlTemplate":"https:\/\/www.eenewseurope.com\/en\/?s={search_term_string}"},"query-input":"required name=search_term_string"}],"inLanguage":"fr-FR"},{"@type":"Organization","@id":"https:\/\/www.eenewseurope.com\/en\/#organization","name":"EENewsEurope","url":"https:\/\/www.eenewseurope.com\/en\/","logo":{"@type":"ImageObject","inLanguage":"fr-FR","@id":"https:\/\/www.eenewseurope.com\/en\/#\/schema\/logo\/image\/","url":"https:\/\/www.ecinews.fr\/wp-content\/uploads\/2022\/02\/logo-1.jpg","contentUrl":"https:\/\/www.ecinews.fr\/wp-content\/uploads\/2022\/02\/logo-1.jpg","width":283,"height":113,"caption":"EENewsEurope"},"image":{"@id":"https:\/\/www.eenewseurope.com\/en\/#\/schema\/logo\/image\/"}},{"@type":"Person","@id":"https:\/\/www.eenewseurope.com\/en\/#\/schema\/person\/e4387676ad67ce722325c7832f3c3762","name":"Alain Dieul","image":{"@type":"ImageObject","inLanguage":"fr-FR","@id":"https:\/\/www.eenewseurope.com\/en\/#\/schema\/person\/image\/736120675699dbbf0f0f282b9a9cfb75","url":"https:\/\/secure.gravatar.com\/avatar\/bc93b056d07515be5b8eecd4acf49c5c?s=96&d=mm&r=g","contentUrl":"https:\/\/secure.gravatar.com\/avatar\/bc93b056d07515be5b8eecd4acf49c5c?s=96&d=mm&r=g","caption":"Alain Dieul"},"sameAs":["http:\/\/ECINews"]}]}},"authors":[{"term_id":1154,"user_id":36,"is_guest":0,"slug":"alain-dieul","display_name":"Alain Dieul","avatar_url":"https:\/\/secure.gravatar.com\/avatar\/bc93b056d07515be5b8eecd4acf49c5c?s=96&d=mm&r=g","0":null,"1":"","2":"","3":"","4":"","5":"","6":"","7":"","8":""}],"_links":{"self":[{"href":"https:\/\/www.ecinews.fr\/fr\/wp-json\/wp\/v2\/posts\/400442"}],"collection":[{"href":"https:\/\/www.ecinews.fr\/fr\/wp-json\/wp\/v2\/posts"}],"about":[{"href":"https:\/\/www.ecinews.fr\/fr\/wp-json\/wp\/v2\/types\/post"}],"author":[{"embeddable":true,"href":"https:\/\/www.ecinews.fr\/fr\/wp-json\/wp\/v2\/users\/36"}],"replies":[{"embeddable":true,"href":"https:\/\/www.ecinews.fr\/fr\/wp-json\/wp\/v2\/comments?post=400442"}],"version-history":[{"count":0,"href":"https:\/\/www.ecinews.fr\/fr\/wp-json\/wp\/v2\/posts\/400442\/revisions"}],"wp:featuredmedia":[{"embeddable":true,"href":"https:\/\/www.ecinews.fr\/fr\/wp-json\/wp\/v2\/media\/400443"}],"wp:attachment":[{"href":"https:\/\/www.ecinews.fr\/fr\/wp-json\/wp\/v2\/media?parent=400442"}],"wp:term":[{"taxonomy":"category","embeddable":true,"href":"https:\/\/www.ecinews.fr\/fr\/wp-json\/wp\/v2\/categories?post=400442"},{"taxonomy":"post_tag","embeddable":true,"href":"https:\/\/www.ecinews.fr\/fr\/wp-json\/wp\/v2\/tags?post=400442"},{"taxonomy":"domains","embeddable":true,"href":"https:\/\/www.ecinews.fr\/fr\/wp-json\/wp\/v2\/domains?post=400442"},{"taxonomy":"author","embeddable":true,"href":"https:\/\/www.ecinews.fr\/fr\/wp-json\/wp\/v2\/ppma_author?post=400442"}],"curies":[{"name":"wp","href":"https:\/\/api.w.org\/{rel}","templated":true}]}}