{"id":400302,"date":"2022-10-26T18:44:47","date_gmt":"2022-10-26T16:44:47","guid":{"rendered":"https:\/\/www.eenewseurope.com\/?p=400302"},"modified":"2022-10-27T08:05:33","modified_gmt":"2022-10-27T06:05:33","slug":"chute-des-expeditions-de-cartes-sim-par-manque-de-puces","status":"publish","type":"post","link":"https:\/\/www.ecinews.fr\/fr\/chute-des-expeditions-de-cartes-sim-par-manque-de-puces\/","title":{"rendered":"Chute des exp\u00e9ditions de cartes SIM par manque de puces"},"content":{"rendered":"<h2><span class=\"HwtZe\" lang=\"fr\"><span class=\"jCAhz\"><span class=\"ryNqvb\">Plus de 4,3 milliards de cartes SIM devraient \u00eatre exp\u00e9di\u00e9es cette ann\u00e9e, en baisse de 8,5 % en raison de la p\u00e9nurie continue de puces. <\/span><\/span><\/span><\/h2>\n<p><span class=\"HwtZe\" lang=\"fr\"><span class=\"jCAhz\"><span class=\"ryNqvb\">Les donn\u00e9es d&rsquo;ABI Research pr\u00e9disent que les risques persisteront jusqu&rsquo;en 2023, aggrav\u00e9s par une \u00e9ventuelle r\u00e9cession. Bien que le march\u00e9 des cartes SIM puisse commencer \u00e0 se remettre de la crise de la p\u00e9nurie de puces, il faut s&rsquo;attendre \u00e0 des limitations importantes de la croissance, entra\u00een\u00e9es par l&rsquo;inflation, l&rsquo;augmentation du co\u00fbt de la vie et la r\u00e9duction subs\u00e9quente du pouvoir d&rsquo;achat des consommateurs. <\/span><\/span><\/span><\/p>\n<p><span class=\"HwtZe\" lang=\"fr\"><span class=\"jCAhz\"><span class=\"ryNqvb\">Le march\u00e9 grand public sera le domaine le plus touch\u00e9 du march\u00e9 des cartes SIM et les pr\u00e9visions de croissance pr\u00e9c\u00e9dentes de 7,2 % pour 2023 ont maintenant \u00e9t\u00e9 r\u00e9duites \u00e0 1,8 % pour refl\u00e9ter l&rsquo;\u00e9volution des tendances macro\u00e9conomiques.<\/span><\/span><\/span><\/p>\n<ul>\n<li>\n<p class=\"title\"><a title=\"Thales et le Belge BICS s\u2019associent pour simplifier l\u2019int\u00e9gration d\u2019eSIM pour l\u2019IdO\" href=\"https:\/\/www.ecinews.fr\/fr\/thales-et-le-belge-bics-sassocient-pour-simplifier-lintegration-desim-pour-lido\/\" target=\"_blank\" rel=\"noopener\">Thales et le Belge BICS s\u2019associent pour simplifier l\u2019int\u00e9gration d\u2019eSIM pour l\u2019IdO<\/a><\/p>\n<\/li>\n<li>\n<p class=\"title\"><a title=\"Idemia annonce le premier eSIM 5G automobile approuv\u00e9 GSMA\" href=\"https:\/\/www.ecinews.fr\/fr\/idemia-annonce-le-premier-esim-5g-automobile-approuve-gsma\/\" target=\"_blank\" rel=\"noopener\">Idemia annonce le premier eSIM 5G automobile approuv\u00e9 GSMA<\/a><\/p>\n<\/li>\n<li>\n<p class=\"title\">Une technologie europ\u00e9enne pour des eSIM et iSIM<\/p>\n<p>&nbsp;<\/p>\n<\/li>\n<li><a href=\"https:\/\/www.eenewseurope.com\/en\/esim-boom-with-3-4bn-by-2025\/\">eSIM boom with 3.4bn by 2025<\/a><\/li>\n<li><a href=\"https:\/\/www.eenewseurope.com\/en\/st-sees-first-gsma-m2m-esim-security-certification\/\">ST sees first GSMA M2M eSIM security certification<\/a><\/li>\n<\/ul>\n<p><span class=\"HwtZe\" lang=\"fr\"><span class=\"jCAhz\"><span class=\"ryNqvb\">\u00a0\u00bb Trouver la meilleure fa\u00e7on de g\u00e9rer les d\u00e9fis non seulement existants, mais nouveaux et croissants post-COVID-19 reste un point sensible de l&rsquo;\u00e9cosyst\u00e8me de la carte SIM\u00a0\u00bb, a d\u00e9clar\u00e9 Phil Sealy, directeur de la recherche sur la s\u00e9curit\u00e9 num\u00e9rique chez ABI Research. L&rsquo;industrie se demande o\u00f9 mettre l&rsquo;accent et comment naviguer au mieux dans ce qui ne peut \u00eatre d\u00e9crit que comme une temp\u00eate g\u00e9opolitique et \u00e9conomique parfaite.\u00a0\u00bb <\/span><\/span><\/span><\/p>\n<p><span class=\"HwtZe\" lang=\"fr\"><span class=\"jCAhz\"><span class=\"ryNqvb\">\u00ab\u00a0En plus de ces d\u00e9fis, il y a l&rsquo;impact anticip\u00e9 des premiers smartphones Apple utilisant uniquement une eSIM, lanc\u00e9s \u00e0 l&rsquo;automne 2022. Bien qu&rsquo;Apple limitera initialement le d\u00e9ploiement de ses appareils Apple 14 eSIM aux \u00c9tats-Unis, cela d\u00e9crit clairement la strat\u00e9gie d&rsquo;Apple de ne produire \u00e0terme que des smartphones eSIM. L&rsquo;impact sur le march\u00e9 am\u00e9ricain en ce qui concerne l&rsquo;approvisionnement en cartes SIM amovibles sera clair et plus \u00e9vident en 2023, la premi\u00e8re ann\u00e9e compl\u00e8te des exp\u00e9ditions d&rsquo;appareils eSIM d&rsquo;Apple dans la r\u00e9gion \u00bb, a d\u00e9clar\u00e9 Sealy. .<\/span><\/span><\/span><\/p>\n<p><span class=\"HwtZe\" lang=\"fr\"><span class=\"jCAhz\"><span class=\"ryNqvb\">Le lancement d&rsquo;un smartphone eSIM uniquement aux \u00c9tats-Unis est une \u00e9tape importante pour l&rsquo;industrie des cartes SIM. Compte tenu du passage de la SIM amovible \u00e0 l&rsquo;eSIM, il est probable que l&rsquo;offre de cartes SIM amovibles aux \u00c9tats-Unis sera r\u00e9duite d&rsquo;environ 50 \u00e0 60 millions en 2023. <\/span><\/span><\/span><\/p>\n<p><span class=\"HwtZe\" lang=\"fr\"><span class=\"jCAhz\"><span class=\"ryNqvb\">\u00ab\u00a0En cas de succ\u00e8s, Apple cherchera probablement \u00e0 \u00e9tendre sa gamme de smartphones avec eSIM dans d&rsquo;autres r\u00e9gions, avec des lancements dans des pays matures d&rsquo;Europe occidentale ou d&rsquo;APAC, potentiellement d\u00e8s le 4e trimestre 2023. Apple a d\u00e9sormais clairement d\u00e9fini son objectif : il finira par migrer tous ses appareils aux variantes eSIM et, par la suite, les op\u00e9rateurs devront se pr\u00e9parer et commencer \u00e0 adopter l&rsquo;eSIM pour les applications grand public et commencer \u00e0 adopter une politique de premi\u00e8re activation eSIM. \u00bb<\/span><\/span><\/span><\/p>\n<p><a href=\"https:\/\/c212.net\/c\/link\/?t=0&amp;l=en&amp;o=3679922-1&amp;h=2086120566&amp;u=https%3A%2F%2Fwww.abiresearch.com%2Fmarket-research%2Fproduct%2F7780285-esim-in-the-consumer-and-m2m-markets%2F&amp;a=eSim+in+the+Consumer+and+M2M+Markets\">eSim in the Consumer and M2M Markets<\/a><\/p>\n<p>&nbsp;<\/p>\n<p>&nbsp;<\/p>\n","protected":false},"excerpt":{"rendered":"<p>Chute des exp\u00e9ditions des cartes SIM par manque de puces<\/p>\n","protected":false},"author":34,"featured_media":341845,"comment_status":"closed","ping_status":"closed","sticky":false,"template":"","format":"standard","meta":{"_acf_changed":false,"footnotes":""},"categories":[21,883],"tags":[2011,906,2010],"domains":[47],"ppma_author":[1153,1138],"class_list":["post-400302","post","type-post","status-publish","format-standard","has-post-thumbnail","hentry","category-market-news","category-technologies","tag-esim-2","tag-mpus-mcus-fr","tag-sim","domains-electronique-eci"],"acf":[],"yoast_head":"<title>Chute des exp\u00e9ditions de cartes SIM par manque de puces ...<\/title>\n<meta name=\"description\" content=\"Plus de 4,3 milliards de cartes SIM devraient \u00eatre exp\u00e9di\u00e9es cette ann\u00e9e, en baisse de 8,5 % en raison de la p\u00e9nurie continue de puces.\" \/>\n<meta name=\"robots\" content=\"index, follow, max-snippet:-1, max-image-preview:large, max-video-preview:-1\" \/>\n<link rel=\"canonical\" href=\"https:\/\/www.ecinews.fr\/fr\/wp-json\/wp\/v2\/posts\/400302\/\" \/>\n<meta property=\"og:locale\" content=\"fr_FR\" \/>\n<meta property=\"og:type\" content=\"article\" \/>\n<meta property=\"og:title\" content=\"Chute des exp\u00e9ditions de cartes SIM par manque de puces\" \/>\n<meta property=\"og:description\" content=\"Plus de 4,3 milliards de cartes SIM devraient \u00eatre exp\u00e9di\u00e9es cette ann\u00e9e, en baisse de 8,5 % en raison de la p\u00e9nurie continue de puces.\" \/>\n<meta property=\"og:url\" content=\"https:\/\/www.ecinews.fr\/fr\/wp-json\/wp\/v2\/posts\/400302\/\" \/>\n<meta property=\"og:site_name\" content=\"EENewsEurope\" \/>\n<meta property=\"article:published_time\" content=\"2022-10-26T16:44:47+00:00\" \/>\n<meta property=\"article:modified_time\" content=\"2022-10-27T06:05:33+00:00\" \/>\n<meta property=\"og:image\" content=\"https:\/\/www.ecinews.fr\/wp-content\/uploads\/import\/default\/files\/import\/business-down.jpg\" \/>\n\t<meta property=\"og:image:width\" content=\"800\" \/>\n\t<meta property=\"og:image:height\" content=\"600\" \/>\n\t<meta property=\"og:image:type\" content=\"image\/jpeg\" \/>\n<meta name=\"author\" content=\"A Delapalisse, Nick Flaherty\" \/>\n<meta name=\"twitter:card\" content=\"summary_large_image\" \/>\n<meta name=\"twitter:label1\" content=\"Written by\" \/>\n\t<meta name=\"twitter:data1\" content=\"A Delapalisse\" \/>\n\t<meta name=\"twitter:label2\" content=\"Est. reading time\" \/>\n\t<meta name=\"twitter:data2\" content=\"3 minutes\" \/>\n<script type=\"application\/ld+json\" class=\"yoast-schema-graph\">{\"@context\":\"https:\/\/schema.org\",\"@graph\":[{\"@type\":\"Article\",\"@id\":\"https:\/\/www.ecinews.fr\/fr\/chute-des-expeditions-de-cartes-sim-par-manque-de-puces\/#article\",\"isPartOf\":{\"@id\":\"https:\/\/www.ecinews.fr\/fr\/chute-des-expeditions-de-cartes-sim-par-manque-de-puces\/\"},\"author\":{\"name\":\"A Delapalisse\",\"@id\":\"https:\/\/www.ecinews.fr\/fr\/#\/schema\/person\/0aa2cfb0bd8949724a68cbac8d8321b4\"},\"headline\":\"Chute des exp\u00e9ditions de cartes SIM par manque de puces\",\"datePublished\":\"2022-10-26T16:44:47+00:00\",\"dateModified\":\"2022-10-27T06:05:33+00:00\",\"mainEntityOfPage\":{\"@id\":\"https:\/\/www.ecinews.fr\/fr\/chute-des-expeditions-de-cartes-sim-par-manque-de-puces\/\"},\"wordCount\":533,\"publisher\":{\"@id\":\"https:\/\/www.ecinews.fr\/fr\/#organization\"},\"keywords\":[\"eSIM\",\"MPUs\/MCUs\",\"SIM\"],\"articleSection\":[\"Market news\",\"Technologies\"],\"inLanguage\":\"fr-FR\"},{\"@type\":\"WebPage\",\"@id\":\"https:\/\/www.ecinews.fr\/fr\/chute-des-expeditions-de-cartes-sim-par-manque-de-puces\/\",\"url\":\"https:\/\/www.ecinews.fr\/fr\/chute-des-expeditions-de-cartes-sim-par-manque-de-puces\/\",\"name\":\"Chute des exp\u00e9ditions de cartes SIM par manque de puces -\",\"isPartOf\":{\"@id\":\"https:\/\/www.ecinews.fr\/fr\/#website\"},\"datePublished\":\"2022-10-26T16:44:47+00:00\",\"dateModified\":\"2022-10-27T06:05:33+00:00\",\"description\":\"Plus de 4,3 milliards de cartes SIM devraient \u00eatre exp\u00e9di\u00e9es cette ann\u00e9e, en baisse de 8,5 % en raison de la p\u00e9nurie continue de puces.\",\"breadcrumb\":{\"@id\":\"https:\/\/www.ecinews.fr\/fr\/chute-des-expeditions-de-cartes-sim-par-manque-de-puces\/#breadcrumb\"},\"inLanguage\":\"fr-FR\",\"potentialAction\":[{\"@type\":\"ReadAction\",\"target\":[\"https:\/\/www.ecinews.fr\/fr\/chute-des-expeditions-de-cartes-sim-par-manque-de-puces\/\"]}]},{\"@type\":\"BreadcrumbList\",\"@id\":\"https:\/\/www.ecinews.fr\/fr\/chute-des-expeditions-de-cartes-sim-par-manque-de-puces\/#breadcrumb\",\"itemListElement\":[{\"@type\":\"ListItem\",\"position\":1,\"name\":\"Home\",\"item\":\"https:\/\/www.ecinews.fr\/fr\/\"},{\"@type\":\"ListItem\",\"position\":2,\"name\":\"Chute des exp\u00e9ditions de cartes SIM par manque de puces\"}]},{\"@type\":\"WebSite\",\"@id\":\"https:\/\/www.ecinews.fr\/fr\/#website\",\"url\":\"https:\/\/www.ecinews.fr\/fr\/\",\"name\":\"EENewsEurope\",\"description\":\"Just another WordPress site\",\"publisher\":{\"@id\":\"https:\/\/www.ecinews.fr\/fr\/#organization\"},\"potentialAction\":[{\"@type\":\"SearchAction\",\"target\":{\"@type\":\"EntryPoint\",\"urlTemplate\":\"https:\/\/www.ecinews.fr\/fr\/?s={search_term_string}\"},\"query-input\":\"required name=search_term_string\"}],\"inLanguage\":\"fr-FR\"},{\"@type\":\"Organization\",\"@id\":\"https:\/\/www.ecinews.fr\/fr\/#organization\",\"name\":\"EENewsEurope\",\"url\":\"https:\/\/www.ecinews.fr\/fr\/\",\"logo\":{\"@type\":\"ImageObject\",\"inLanguage\":\"fr-FR\",\"@id\":\"https:\/\/www.ecinews.fr\/fr\/#\/schema\/logo\/image\/\",\"url\":\"https:\/\/www.ecinews.fr\/wp-content\/uploads\/2022\/02\/logo-1.jpg\",\"contentUrl\":\"https:\/\/www.ecinews.fr\/wp-content\/uploads\/2022\/02\/logo-1.jpg\",\"width\":283,\"height\":113,\"caption\":\"EENewsEurope\"},\"image\":{\"@id\":\"https:\/\/www.ecinews.fr\/fr\/#\/schema\/logo\/image\/\"}},{\"@type\":\"Person\",\"@id\":\"https:\/\/www.ecinews.fr\/fr\/#\/schema\/person\/0aa2cfb0bd8949724a68cbac8d8321b4\",\"name\":\"A Delapalisse\",\"image\":{\"@type\":\"ImageObject\",\"inLanguage\":\"fr-FR\",\"@id\":\"https:\/\/www.ecinews.fr\/fr\/#\/schema\/person\/image\/211ac42237c2e9683c0964086c393cb4\",\"url\":\"https:\/\/secure.gravatar.com\/avatar\/ad45a8c5da24bc9c7c4940dd1c48a695?s=96&d=mm&r=g\",\"contentUrl\":\"https:\/\/secure.gravatar.com\/avatar\/ad45a8c5da24bc9c7c4940dd1c48a695?s=96&d=mm&r=g\",\"caption\":\"A Delapalisse\"},\"sameAs\":[\"http:\/\/ECI\"]}]}<\/script>","yoast_head_json":{"title":"Chute des exp\u00e9ditions de cartes SIM par manque de puces ...","description":"Plus de 4,3 milliards de cartes SIM devraient \u00eatre exp\u00e9di\u00e9es cette ann\u00e9e, en baisse de 8,5 % en raison de la p\u00e9nurie continue de puces.","robots":{"index":"index","follow":"follow","max-snippet":"max-snippet:-1","max-image-preview":"max-image-preview:large","max-video-preview":"max-video-preview:-1"},"canonical":"https:\/\/www.ecinews.fr\/fr\/wp-json\/wp\/v2\/posts\/400302\/","og_locale":"fr_FR","og_type":"article","og_title":"Chute des exp\u00e9ditions de cartes SIM par manque de puces","og_description":"Plus de 4,3 milliards de cartes SIM devraient \u00eatre exp\u00e9di\u00e9es cette ann\u00e9e, en baisse de 8,5 % en raison de la p\u00e9nurie continue de puces.","og_url":"https:\/\/www.ecinews.fr\/fr\/wp-json\/wp\/v2\/posts\/400302\/","og_site_name":"EENewsEurope","article_published_time":"2022-10-26T16:44:47+00:00","article_modified_time":"2022-10-27T06:05:33+00:00","og_image":[{"width":800,"height":600,"url":"https:\/\/www.ecinews.fr\/wp-content\/uploads\/import\/default\/files\/import\/business-down.jpg","type":"image\/jpeg"}],"author":"A Delapalisse, Nick Flaherty","twitter_card":"summary_large_image","twitter_misc":{"Written by":"A Delapalisse","Est. reading time":"3 minutes"},"schema":{"@context":"https:\/\/schema.org","@graph":[{"@type":"Article","@id":"https:\/\/www.ecinews.fr\/fr\/chute-des-expeditions-de-cartes-sim-par-manque-de-puces\/#article","isPartOf":{"@id":"https:\/\/www.ecinews.fr\/fr\/chute-des-expeditions-de-cartes-sim-par-manque-de-puces\/"},"author":{"name":"A Delapalisse","@id":"https:\/\/www.ecinews.fr\/fr\/#\/schema\/person\/0aa2cfb0bd8949724a68cbac8d8321b4"},"headline":"Chute des exp\u00e9ditions de cartes SIM par manque de puces","datePublished":"2022-10-26T16:44:47+00:00","dateModified":"2022-10-27T06:05:33+00:00","mainEntityOfPage":{"@id":"https:\/\/www.ecinews.fr\/fr\/chute-des-expeditions-de-cartes-sim-par-manque-de-puces\/"},"wordCount":533,"publisher":{"@id":"https:\/\/www.ecinews.fr\/fr\/#organization"},"keywords":["eSIM","MPUs\/MCUs","SIM"],"articleSection":["Market news","Technologies"],"inLanguage":"fr-FR"},{"@type":"WebPage","@id":"https:\/\/www.ecinews.fr\/fr\/chute-des-expeditions-de-cartes-sim-par-manque-de-puces\/","url":"https:\/\/www.ecinews.fr\/fr\/chute-des-expeditions-de-cartes-sim-par-manque-de-puces\/","name":"Chute des exp\u00e9ditions de cartes SIM par manque de puces -","isPartOf":{"@id":"https:\/\/www.ecinews.fr\/fr\/#website"},"datePublished":"2022-10-26T16:44:47+00:00","dateModified":"2022-10-27T06:05:33+00:00","description":"Plus de 4,3 milliards de cartes SIM devraient \u00eatre exp\u00e9di\u00e9es cette ann\u00e9e, en baisse de 8,5 % en raison de la p\u00e9nurie continue de puces.","breadcrumb":{"@id":"https:\/\/www.ecinews.fr\/fr\/chute-des-expeditions-de-cartes-sim-par-manque-de-puces\/#breadcrumb"},"inLanguage":"fr-FR","potentialAction":[{"@type":"ReadAction","target":["https:\/\/www.ecinews.fr\/fr\/chute-des-expeditions-de-cartes-sim-par-manque-de-puces\/"]}]},{"@type":"BreadcrumbList","@id":"https:\/\/www.ecinews.fr\/fr\/chute-des-expeditions-de-cartes-sim-par-manque-de-puces\/#breadcrumb","itemListElement":[{"@type":"ListItem","position":1,"name":"Home","item":"https:\/\/www.ecinews.fr\/fr\/"},{"@type":"ListItem","position":2,"name":"Chute des exp\u00e9ditions de cartes SIM par manque de puces"}]},{"@type":"WebSite","@id":"https:\/\/www.ecinews.fr\/fr\/#website","url":"https:\/\/www.ecinews.fr\/fr\/","name":"EENewsEurope","description":"Just another WordPress site","publisher":{"@id":"https:\/\/www.ecinews.fr\/fr\/#organization"},"potentialAction":[{"@type":"SearchAction","target":{"@type":"EntryPoint","urlTemplate":"https:\/\/www.ecinews.fr\/fr\/?s={search_term_string}"},"query-input":"required name=search_term_string"}],"inLanguage":"fr-FR"},{"@type":"Organization","@id":"https:\/\/www.ecinews.fr\/fr\/#organization","name":"EENewsEurope","url":"https:\/\/www.ecinews.fr\/fr\/","logo":{"@type":"ImageObject","inLanguage":"fr-FR","@id":"https:\/\/www.ecinews.fr\/fr\/#\/schema\/logo\/image\/","url":"https:\/\/www.ecinews.fr\/wp-content\/uploads\/2022\/02\/logo-1.jpg","contentUrl":"https:\/\/www.ecinews.fr\/wp-content\/uploads\/2022\/02\/logo-1.jpg","width":283,"height":113,"caption":"EENewsEurope"},"image":{"@id":"https:\/\/www.ecinews.fr\/fr\/#\/schema\/logo\/image\/"}},{"@type":"Person","@id":"https:\/\/www.ecinews.fr\/fr\/#\/schema\/person\/0aa2cfb0bd8949724a68cbac8d8321b4","name":"A Delapalisse","image":{"@type":"ImageObject","inLanguage":"fr-FR","@id":"https:\/\/www.ecinews.fr\/fr\/#\/schema\/person\/image\/211ac42237c2e9683c0964086c393cb4","url":"https:\/\/secure.gravatar.com\/avatar\/ad45a8c5da24bc9c7c4940dd1c48a695?s=96&d=mm&r=g","contentUrl":"https:\/\/secure.gravatar.com\/avatar\/ad45a8c5da24bc9c7c4940dd1c48a695?s=96&d=mm&r=g","caption":"A Delapalisse"},"sameAs":["http:\/\/ECI"]}]}},"authors":[{"term_id":1153,"user_id":34,"is_guest":0,"slug":"adelapalisse","display_name":"A Delapalisse","avatar_url":"https:\/\/secure.gravatar.com\/avatar\/ad45a8c5da24bc9c7c4940dd1c48a695?s=96&d=mm&r=g","0":null,"1":"","2":"","3":"","4":"","5":"","6":"","7":"","8":""},{"term_id":1138,"user_id":6,"is_guest":0,"slug":"flaherty","display_name":"Nick Flaherty","avatar_url":"https:\/\/secure.gravatar.com\/avatar\/49bd04ef46c3ee89575adaf950e76b64?s=96&d=mm&r=g","0":null,"1":"","2":"","3":"","4":"","5":"","6":"","7":"","8":""}],"_links":{"self":[{"href":"https:\/\/www.ecinews.fr\/fr\/wp-json\/wp\/v2\/posts\/400302"}],"collection":[{"href":"https:\/\/www.ecinews.fr\/fr\/wp-json\/wp\/v2\/posts"}],"about":[{"href":"https:\/\/www.ecinews.fr\/fr\/wp-json\/wp\/v2\/types\/post"}],"author":[{"embeddable":true,"href":"https:\/\/www.ecinews.fr\/fr\/wp-json\/wp\/v2\/users\/34"}],"replies":[{"embeddable":true,"href":"https:\/\/www.ecinews.fr\/fr\/wp-json\/wp\/v2\/comments?post=400302"}],"version-history":[{"count":0,"href":"https:\/\/www.ecinews.fr\/fr\/wp-json\/wp\/v2\/posts\/400302\/revisions"}],"wp:featuredmedia":[{"embeddable":true,"href":"https:\/\/www.ecinews.fr\/fr\/wp-json\/wp\/v2\/media\/341845"}],"wp:attachment":[{"href":"https:\/\/www.ecinews.fr\/fr\/wp-json\/wp\/v2\/media?parent=400302"}],"wp:term":[{"taxonomy":"category","embeddable":true,"href":"https:\/\/www.ecinews.fr\/fr\/wp-json\/wp\/v2\/categories?post=400302"},{"taxonomy":"post_tag","embeddable":true,"href":"https:\/\/www.ecinews.fr\/fr\/wp-json\/wp\/v2\/tags?post=400302"},{"taxonomy":"domains","embeddable":true,"href":"https:\/\/www.ecinews.fr\/fr\/wp-json\/wp\/v2\/domains?post=400302"},{"taxonomy":"author","embeddable":true,"href":"https:\/\/www.ecinews.fr\/fr\/wp-json\/wp\/v2\/ppma_author?post=400302"}],"curies":[{"name":"wp","href":"https:\/\/api.w.org\/{rel}","templated":true}]}}