{"id":400169,"date":"2022-10-25T18:13:42","date_gmt":"2022-10-25T16:13:42","guid":{"rendered":"https:\/\/www.eenewseurope.com\/?p=400169"},"modified":"2022-10-26T09:51:00","modified_gmt":"2022-10-26T07:51:00","slug":"semicon-europa-lindustrie-des-semiconducteurs-au-coeur-delectronica","status":"publish","type":"post","link":"https:\/\/www.ecinews.fr\/fr\/semicon-europa-lindustrie-des-semiconducteurs-au-coeur-delectronica\/","title":{"rendered":"Semicon Europa: l&rsquo;industrie des semiconducteurs au c\u0153ur d&rsquo;Electronica"},"content":{"rendered":"<p><em>Les puces au c\u0153ur de l&rsquo;\u00e8re des donn\u00e9es : SEMICON Europa met l\u2019accent sur la mobilit\u00e9, les technologies m\u00e9dicales, l&#8217;emballage avanc\u00e9, la gestion des usines, les mat\u00e9riaux et l&rsquo;innovation durable.<\/em><\/p>\n<p>Sous ce th\u00e8me \u00ab Puces au c\u0153ur de l\u2019\u00e8re des donn\u00e9es \u00bb et conjointement avec Electronica, l&rsquo;industrie des\u00a0 semiconducteurs se r\u00e9unit avec\u00a0 SEMICON Europa 2022 pour aborder les questions critiques et mettre en lumi\u00e8re les d\u00e9fis et les opportunit\u00e9s en mati\u00e8re de durabilit\u00e9, de d\u00e9veloppement, de main-d&rsquo;\u0153uvre et de l&rsquo;ensemble de la cha\u00eene d&rsquo;approvisionnement.\u00a0 Les innovations dans les technologies de pointe telles que la mobilit\u00e9 intelligente, les technologies m\u00e9dicales intelligentes, l&#8217;emballage avanc\u00e9, la gestion des usines, les mat\u00e9riaux et d&rsquo;autres moteurs de croissance de l&rsquo;industrie des semiconducteurs seront mises en \u00e9vidence au cours des conf\u00e9rences men\u00e9es par des expert des diff\u00e9rents domaines :<\/p>\n<p><strong>Les points forts de SEMICON Europa <\/strong><\/p>\n<ul>\n<li><strong>\u00a0<\/strong><strong>Conf\u00e9rence d\u2019ouverture<\/strong> : Des dirigeants d\u2019<strong>Airbus, Athina, Edwards Vacuum, imec, JCET Group, Porsche, Royal Philips <\/strong>et<strong> Samsung<\/strong> partageront leur point de vue sur des sujets cl\u00e9 tels que l\u2019acc\u00e9l\u00e9ration de l\u2019innovation, un avenir durable et connect\u00e9 et l\u2019excellence de la fabrication europ\u00e9enne.<\/li>\n<li><strong>Conf\u00e9rence sur l\u2019emballage avanc\u00e9<\/strong> : Mise en \u00e9vidence des solutions avanc\u00e9es pour l\u2019emballage et les tests \u00e9lectroniques, les \u00e9quipements de production et les mat\u00e9riaux, la conception pour la fiabilit\u00e9 et les tests, l&rsquo;int\u00e9gration h\u00e9t\u00e9rog\u00e8ne (HI).<\/li>\n<li><strong>Fab Management Forum<\/strong> : Forum sur la gestions des usines &#8211; Les experts discuteront de sujets tels que la fabrication de puces, la datafication des usines et l&rsquo;IA dans la fabrication micro\u00e9lectronique, alors que l&rsquo;industrie intensifie son attention sur les strat\u00e9gies de r\u00e9silience \u00e0 long terme \u00e0 la lumi\u00e8re de COVID-19 et des r\u00e9centes perturbations de la cha\u00eene d&rsquo;approvisionnement.<\/li>\n<li><strong>ITF Beyond 5G &#8211; Powered by imec<\/strong>: Des experts discuteront des d\u00e9fis et des opportunit\u00e9s de la technologie des radiofr\u00e9quences (RF), allant des mat\u00e9riaux et des dispositifs aux circuits int\u00e9gr\u00e9s (CI) et aux modules, alors que les puces avanc\u00e9es et les semi-conducteurs compos\u00e9s ouvrent la voie \u00e0 la connectivit\u00e9 mobile de nouvelle g\u00e9n\u00e9ration.<\/li>\n<\/ul>\n<p><span style=\"color: #0000ff;\"><strong>Le Forum des dirigeants<\/strong><\/span><\/p>\n<ul>\n<li>L&rsquo;avenir du travail<\/li>\n<li>Innovation dans le domaine des mat\u00e9riaux<\/li>\n<li>Forum sur la mobilit\u00e9 intelligente<\/li>\n<li>\u00c9lectrification et semi-conducteurs de puissance<\/li>\n<li>Sommet sur la fabrication intelligente et \u00e9cologique<\/li>\n<\/ul>\n<p><span style=\"color: #0000ff;\"><strong>Programme TechARENA <\/strong><\/span><\/p>\n<ul>\n<li>Photonique int\u00e9gr\u00e9e<\/li>\n<li>Forum Smart MedTech<\/li>\n<li>L&rsquo;avenir de l&rsquo;informatique<\/li>\n<li>De la p\u00e9riph\u00e9rie au cloud &#8211; Tirer parti de la m\u00e9catronique pilot\u00e9e par l&rsquo;IA pour une fabrication r\u00e9siliente<\/li>\n<li>Vitrine de l&rsquo;innovation<\/li>\n<\/ul>\n<p><a href=\"https:\/\/www.semiconeuropa.org\/\">Pr\u00e9sentation globale de Semicon Europa<\/a><\/p>\n<p><a href=\"https:\/\/www.semiconeuropa.org\/about\/register\">Insceiption \u00e0 Semicon Europa<\/a><\/p>\n<p>&nbsp;<\/p>\n<p>&nbsp;<\/p>\n","protected":false},"excerpt":{"rendered":"<p>Les puces au c\u0153ur de l&rsquo;\u00e8re des donn\u00e9es : SEMICON Europa met l\u2019accent sur la mobilit\u00e9, les technologies m\u00e9dicales, l&#8217;emballage avanc\u00e9, la gestion des usines, les mat\u00e9riaux et l&rsquo;innovation durable. Sous ce th\u00e8me \u00ab Puces au c\u0153ur de l\u2019\u00e8re des donn\u00e9es \u00bb et conjointement avec Electronica, l&rsquo;industrie des\u00a0 semiconducteurs se r\u00e9unit avec\u00a0 SEMICON Europa 2022 [&hellip;]<\/p>\n","protected":false},"author":11,"featured_media":400179,"comment_status":"closed","ping_status":"closed","sticky":true,"template":"","format":"standard","meta":{"_acf_changed":false,"footnotes":""},"categories":[886],"tags":[1558,2008],"domains":[47],"ppma_author":[1143],"class_list":["post-400169","post","type-post","status-publish","format-standard","has-post-thumbnail","hentry","category-news-fr","tag-semiconducteurs","tag-symposium","domains-electronique-eci"],"acf":[],"yoast_head":"<title>Semicon Europa: l&#039;industrie des semiconducteurs au c\u0153ur d&#039;Elec...<\/title>\n<meta name=\"description\" content=\"Les puces au c\u0153ur de l&rsquo;\u00e8re des donn\u00e9es : SEMICON Europa met l\u2019accent sur la mobilit\u00e9, les technologies m\u00e9dicales, l&#8217;emballage avanc\u00e9, la...\" \/>\n<meta name=\"robots\" content=\"index, follow, max-snippet:-1, max-image-preview:large, max-video-preview:-1\" \/>\n<link rel=\"canonical\" href=\"https:\/\/www.ecinews.fr\/fr\/wp-json\/wp\/v2\/posts\/400169\/\" \/>\n<meta property=\"og:locale\" content=\"fr_FR\" \/>\n<meta property=\"og:type\" content=\"article\" \/>\n<meta property=\"og:title\" content=\"Semicon Europa: l&#039;industrie des semiconducteurs au c\u0153ur d&#039;Electronica\" \/>\n<meta property=\"og:description\" content=\"Les puces au c\u0153ur de l&rsquo;\u00e8re des donn\u00e9es : SEMICON Europa met l\u2019accent sur la mobilit\u00e9, les technologies m\u00e9dicales, l&#8217;emballage avanc\u00e9, la gestion des usines, les mat\u00e9riaux et l&rsquo;innovation durable. Sous ce th\u00e8me \u00ab Puces au c\u0153ur de l\u2019\u00e8re des donn\u00e9es \u00bb et conjointement avec Electronica, l&rsquo;industrie des\u00a0 semiconducteurs se r\u00e9unit avec\u00a0 SEMICON Europa 2022 [&hellip;]\" \/>\n<meta property=\"og:url\" content=\"https:\/\/www.ecinews.fr\/fr\/wp-json\/wp\/v2\/posts\/400169\/\" \/>\n<meta property=\"og:site_name\" content=\"EENewsEurope\" \/>\n<meta property=\"article:published_time\" content=\"2022-10-25T16:13:42+00:00\" \/>\n<meta property=\"article:modified_time\" content=\"2022-10-26T07:51:00+00:00\" \/>\n<meta property=\"og:image\" content=\"https:\/\/www.ecinews.fr\/wp-content\/uploads\/2022\/10\/Semicon-Europa.jpg\" \/>\n\t<meta property=\"og:image:width\" content=\"599\" \/>\n\t<meta property=\"og:image:height\" content=\"468\" \/>\n\t<meta property=\"og:image:type\" content=\"image\/jpeg\" \/>\n<meta name=\"author\" content=\"Daniel Cardon\" \/>\n<meta name=\"twitter:card\" content=\"summary_large_image\" \/>\n<meta name=\"twitter:label1\" content=\"Written by\" \/>\n\t<meta name=\"twitter:data1\" content=\"Daniel Cardon\" \/>\n\t<meta name=\"twitter:label2\" content=\"Est. reading time\" \/>\n\t<meta name=\"twitter:data2\" content=\"2 minutes\" \/>\n<script type=\"application\/ld+json\" class=\"yoast-schema-graph\">{\"@context\":\"https:\/\/schema.org\",\"@graph\":[{\"@type\":\"Article\",\"@id\":\"https:\/\/www.ecinews.fr\/fr\/semicon-europa-lindustrie-des-semiconducteurs-au-coeur-delectronica\/#article\",\"isPartOf\":{\"@id\":\"https:\/\/www.ecinews.fr\/fr\/semicon-europa-lindustrie-des-semiconducteurs-au-coeur-delectronica\/\"},\"author\":{\"name\":\"Daniel Cardon\",\"@id\":\"https:\/\/www.ecinews.fr\/fr\/#\/schema\/person\/93c44cde463762f40a8236eaa44c1c17\"},\"headline\":\"Semicon Europa: l&rsquo;industrie des semiconducteurs au c\u0153ur d&rsquo;Electronica\",\"datePublished\":\"2022-10-25T16:13:42+00:00\",\"dateModified\":\"2022-10-26T07:51:00+00:00\",\"mainEntityOfPage\":{\"@id\":\"https:\/\/www.ecinews.fr\/fr\/semicon-europa-lindustrie-des-semiconducteurs-au-coeur-delectronica\/\"},\"wordCount\":482,\"publisher\":{\"@id\":\"https:\/\/www.ecinews.fr\/fr\/#organization\"},\"keywords\":[\"Semiconducteurs\",\"Symposium\"],\"articleSection\":[\"Actualit\u00e9 g\u00e9n\u00e9rale\"],\"inLanguage\":\"fr-FR\"},{\"@type\":\"WebPage\",\"@id\":\"https:\/\/www.ecinews.fr\/fr\/semicon-europa-lindustrie-des-semiconducteurs-au-coeur-delectronica\/\",\"url\":\"https:\/\/www.ecinews.fr\/fr\/semicon-europa-lindustrie-des-semiconducteurs-au-coeur-delectronica\/\",\"name\":\"Semicon Europa: l'industrie des semiconducteurs au c\u0153ur d'Electronica -\",\"isPartOf\":{\"@id\":\"https:\/\/www.ecinews.fr\/fr\/#website\"},\"datePublished\":\"2022-10-25T16:13:42+00:00\",\"dateModified\":\"2022-10-26T07:51:00+00:00\",\"breadcrumb\":{\"@id\":\"https:\/\/www.ecinews.fr\/fr\/semicon-europa-lindustrie-des-semiconducteurs-au-coeur-delectronica\/#breadcrumb\"},\"inLanguage\":\"fr-FR\",\"potentialAction\":[{\"@type\":\"ReadAction\",\"target\":[\"https:\/\/www.ecinews.fr\/fr\/semicon-europa-lindustrie-des-semiconducteurs-au-coeur-delectronica\/\"]}]},{\"@type\":\"BreadcrumbList\",\"@id\":\"https:\/\/www.ecinews.fr\/fr\/semicon-europa-lindustrie-des-semiconducteurs-au-coeur-delectronica\/#breadcrumb\",\"itemListElement\":[{\"@type\":\"ListItem\",\"position\":1,\"name\":\"Home\",\"item\":\"https:\/\/www.ecinews.fr\/fr\/\"},{\"@type\":\"ListItem\",\"position\":2,\"name\":\"Semicon Europa: l&rsquo;industrie des semiconducteurs au c\u0153ur d&rsquo;Electronica\"}]},{\"@type\":\"WebSite\",\"@id\":\"https:\/\/www.ecinews.fr\/fr\/#website\",\"url\":\"https:\/\/www.ecinews.fr\/fr\/\",\"name\":\"EENewsEurope\",\"description\":\"Just another WordPress site\",\"publisher\":{\"@id\":\"https:\/\/www.ecinews.fr\/fr\/#organization\"},\"potentialAction\":[{\"@type\":\"SearchAction\",\"target\":{\"@type\":\"EntryPoint\",\"urlTemplate\":\"https:\/\/www.ecinews.fr\/fr\/?s={search_term_string}\"},\"query-input\":\"required name=search_term_string\"}],\"inLanguage\":\"fr-FR\"},{\"@type\":\"Organization\",\"@id\":\"https:\/\/www.ecinews.fr\/fr\/#organization\",\"name\":\"EENewsEurope\",\"url\":\"https:\/\/www.ecinews.fr\/fr\/\",\"logo\":{\"@type\":\"ImageObject\",\"inLanguage\":\"fr-FR\",\"@id\":\"https:\/\/www.ecinews.fr\/fr\/#\/schema\/logo\/image\/\",\"url\":\"https:\/\/www.ecinews.fr\/wp-content\/uploads\/2022\/02\/logo-1.jpg\",\"contentUrl\":\"https:\/\/www.ecinews.fr\/wp-content\/uploads\/2022\/02\/logo-1.jpg\",\"width\":283,\"height\":113,\"caption\":\"EENewsEurope\"},\"image\":{\"@id\":\"https:\/\/www.ecinews.fr\/fr\/#\/schema\/logo\/image\/\"}},{\"@type\":\"Person\",\"@id\":\"https:\/\/www.ecinews.fr\/fr\/#\/schema\/person\/93c44cde463762f40a8236eaa44c1c17\",\"name\":\"Daniel Cardon\",\"image\":{\"@type\":\"ImageObject\",\"inLanguage\":\"fr-FR\",\"@id\":\"https:\/\/www.ecinews.fr\/fr\/#\/schema\/person\/image\/2b243f6bcc1cff7d86aadfb2cd0bd870\",\"url\":\"https:\/\/secure.gravatar.com\/avatar\/de9edc136dfc061ad4778e04635baefa?s=96&d=mm&r=g\",\"contentUrl\":\"https:\/\/secure.gravatar.com\/avatar\/de9edc136dfc061ad4778e04635baefa?s=96&d=mm&r=g\",\"caption\":\"Daniel Cardon\"}}]}<\/script>","yoast_head_json":{"title":"Semicon Europa: l'industrie des semiconducteurs au c\u0153ur d'Elec...","description":"Les puces au c\u0153ur de l&rsquo;\u00e8re des donn\u00e9es : SEMICON Europa met l\u2019accent sur la mobilit\u00e9, les technologies m\u00e9dicales, l&#8217;emballage avanc\u00e9, la...","robots":{"index":"index","follow":"follow","max-snippet":"max-snippet:-1","max-image-preview":"max-image-preview:large","max-video-preview":"max-video-preview:-1"},"canonical":"https:\/\/www.ecinews.fr\/fr\/wp-json\/wp\/v2\/posts\/400169\/","og_locale":"fr_FR","og_type":"article","og_title":"Semicon Europa: l'industrie des semiconducteurs au c\u0153ur d'Electronica","og_description":"Les puces au c\u0153ur de l&rsquo;\u00e8re des donn\u00e9es : SEMICON Europa met l\u2019accent sur la mobilit\u00e9, les technologies m\u00e9dicales, l&#8217;emballage avanc\u00e9, la gestion des usines, les mat\u00e9riaux et l&rsquo;innovation durable. Sous ce th\u00e8me \u00ab Puces au c\u0153ur de l\u2019\u00e8re des donn\u00e9es \u00bb et conjointement avec Electronica, l&rsquo;industrie des\u00a0 semiconducteurs se r\u00e9unit avec\u00a0 SEMICON Europa 2022 [&hellip;]","og_url":"https:\/\/www.ecinews.fr\/fr\/wp-json\/wp\/v2\/posts\/400169\/","og_site_name":"EENewsEurope","article_published_time":"2022-10-25T16:13:42+00:00","article_modified_time":"2022-10-26T07:51:00+00:00","og_image":[{"width":599,"height":468,"url":"https:\/\/www.ecinews.fr\/wp-content\/uploads\/2022\/10\/Semicon-Europa.jpg","type":"image\/jpeg"}],"author":"Daniel Cardon","twitter_card":"summary_large_image","twitter_misc":{"Written by":"Daniel Cardon","Est. reading time":"2 minutes"},"schema":{"@context":"https:\/\/schema.org","@graph":[{"@type":"Article","@id":"https:\/\/www.ecinews.fr\/fr\/semicon-europa-lindustrie-des-semiconducteurs-au-coeur-delectronica\/#article","isPartOf":{"@id":"https:\/\/www.ecinews.fr\/fr\/semicon-europa-lindustrie-des-semiconducteurs-au-coeur-delectronica\/"},"author":{"name":"Daniel Cardon","@id":"https:\/\/www.ecinews.fr\/fr\/#\/schema\/person\/93c44cde463762f40a8236eaa44c1c17"},"headline":"Semicon Europa: l&rsquo;industrie des semiconducteurs au c\u0153ur d&rsquo;Electronica","datePublished":"2022-10-25T16:13:42+00:00","dateModified":"2022-10-26T07:51:00+00:00","mainEntityOfPage":{"@id":"https:\/\/www.ecinews.fr\/fr\/semicon-europa-lindustrie-des-semiconducteurs-au-coeur-delectronica\/"},"wordCount":482,"publisher":{"@id":"https:\/\/www.ecinews.fr\/fr\/#organization"},"keywords":["Semiconducteurs","Symposium"],"articleSection":["Actualit\u00e9 g\u00e9n\u00e9rale"],"inLanguage":"fr-FR"},{"@type":"WebPage","@id":"https:\/\/www.ecinews.fr\/fr\/semicon-europa-lindustrie-des-semiconducteurs-au-coeur-delectronica\/","url":"https:\/\/www.ecinews.fr\/fr\/semicon-europa-lindustrie-des-semiconducteurs-au-coeur-delectronica\/","name":"Semicon Europa: l'industrie des semiconducteurs au c\u0153ur d'Electronica -","isPartOf":{"@id":"https:\/\/www.ecinews.fr\/fr\/#website"},"datePublished":"2022-10-25T16:13:42+00:00","dateModified":"2022-10-26T07:51:00+00:00","breadcrumb":{"@id":"https:\/\/www.ecinews.fr\/fr\/semicon-europa-lindustrie-des-semiconducteurs-au-coeur-delectronica\/#breadcrumb"},"inLanguage":"fr-FR","potentialAction":[{"@type":"ReadAction","target":["https:\/\/www.ecinews.fr\/fr\/semicon-europa-lindustrie-des-semiconducteurs-au-coeur-delectronica\/"]}]},{"@type":"BreadcrumbList","@id":"https:\/\/www.ecinews.fr\/fr\/semicon-europa-lindustrie-des-semiconducteurs-au-coeur-delectronica\/#breadcrumb","itemListElement":[{"@type":"ListItem","position":1,"name":"Home","item":"https:\/\/www.ecinews.fr\/fr\/"},{"@type":"ListItem","position":2,"name":"Semicon Europa: l&rsquo;industrie des semiconducteurs au c\u0153ur d&rsquo;Electronica"}]},{"@type":"WebSite","@id":"https:\/\/www.ecinews.fr\/fr\/#website","url":"https:\/\/www.ecinews.fr\/fr\/","name":"EENewsEurope","description":"Just another WordPress site","publisher":{"@id":"https:\/\/www.ecinews.fr\/fr\/#organization"},"potentialAction":[{"@type":"SearchAction","target":{"@type":"EntryPoint","urlTemplate":"https:\/\/www.ecinews.fr\/fr\/?s={search_term_string}"},"query-input":"required name=search_term_string"}],"inLanguage":"fr-FR"},{"@type":"Organization","@id":"https:\/\/www.ecinews.fr\/fr\/#organization","name":"EENewsEurope","url":"https:\/\/www.ecinews.fr\/fr\/","logo":{"@type":"ImageObject","inLanguage":"fr-FR","@id":"https:\/\/www.ecinews.fr\/fr\/#\/schema\/logo\/image\/","url":"https:\/\/www.ecinews.fr\/wp-content\/uploads\/2022\/02\/logo-1.jpg","contentUrl":"https:\/\/www.ecinews.fr\/wp-content\/uploads\/2022\/02\/logo-1.jpg","width":283,"height":113,"caption":"EENewsEurope"},"image":{"@id":"https:\/\/www.ecinews.fr\/fr\/#\/schema\/logo\/image\/"}},{"@type":"Person","@id":"https:\/\/www.ecinews.fr\/fr\/#\/schema\/person\/93c44cde463762f40a8236eaa44c1c17","name":"Daniel Cardon","image":{"@type":"ImageObject","inLanguage":"fr-FR","@id":"https:\/\/www.ecinews.fr\/fr\/#\/schema\/person\/image\/2b243f6bcc1cff7d86aadfb2cd0bd870","url":"https:\/\/secure.gravatar.com\/avatar\/de9edc136dfc061ad4778e04635baefa?s=96&d=mm&r=g","contentUrl":"https:\/\/secure.gravatar.com\/avatar\/de9edc136dfc061ad4778e04635baefa?s=96&d=mm&r=g","caption":"Daniel Cardon"}}]}},"authors":[{"term_id":1143,"user_id":11,"is_guest":0,"slug":"danielcardon","display_name":"Daniel Cardon","avatar_url":"https:\/\/secure.gravatar.com\/avatar\/de9edc136dfc061ad4778e04635baefa?s=96&d=mm&r=g","0":null,"1":"","2":"","3":"","4":"","5":"","6":"","7":"","8":""}],"_links":{"self":[{"href":"https:\/\/www.ecinews.fr\/fr\/wp-json\/wp\/v2\/posts\/400169"}],"collection":[{"href":"https:\/\/www.ecinews.fr\/fr\/wp-json\/wp\/v2\/posts"}],"about":[{"href":"https:\/\/www.ecinews.fr\/fr\/wp-json\/wp\/v2\/types\/post"}],"author":[{"embeddable":true,"href":"https:\/\/www.ecinews.fr\/fr\/wp-json\/wp\/v2\/users\/11"}],"replies":[{"embeddable":true,"href":"https:\/\/www.ecinews.fr\/fr\/wp-json\/wp\/v2\/comments?post=400169"}],"version-history":[{"count":0,"href":"https:\/\/www.ecinews.fr\/fr\/wp-json\/wp\/v2\/posts\/400169\/revisions"}],"wp:featuredmedia":[{"embeddable":true,"href":"https:\/\/www.ecinews.fr\/fr\/wp-json\/wp\/v2\/media\/400179"}],"wp:attachment":[{"href":"https:\/\/www.ecinews.fr\/fr\/wp-json\/wp\/v2\/media?parent=400169"}],"wp:term":[{"taxonomy":"category","embeddable":true,"href":"https:\/\/www.ecinews.fr\/fr\/wp-json\/wp\/v2\/categories?post=400169"},{"taxonomy":"post_tag","embeddable":true,"href":"https:\/\/www.ecinews.fr\/fr\/wp-json\/wp\/v2\/tags?post=400169"},{"taxonomy":"domains","embeddable":true,"href":"https:\/\/www.ecinews.fr\/fr\/wp-json\/wp\/v2\/domains?post=400169"},{"taxonomy":"author","embeddable":true,"href":"https:\/\/www.ecinews.fr\/fr\/wp-json\/wp\/v2\/ppma_author?post=400169"}],"curies":[{"name":"wp","href":"https:\/\/api.w.org\/{rel}","templated":true}]}}