{"id":400146,"date":"2022-10-25T21:05:04","date_gmt":"2022-10-25T19:05:04","guid":{"rendered":"https:\/\/www.eenewseurope.com\/?p=400146"},"modified":"2022-10-26T10:02:01","modified_gmt":"2022-10-26T08:02:01","slug":"philips-licencie-4000-employes-et-se-restructure","status":"publish","type":"post","link":"https:\/\/www.ecinews.fr\/fr\/philips-licencie-4000-employes-et-se-restructure\/","title":{"rendered":"Philips licencie 4000 employ\u00e9s et se restructure"},"content":{"rendered":"<h2><span class=\"HwtZe\" lang=\"fr\"><span class=\"jCAhz\"><span class=\"ryNqvb\">Philips aux Pays-Bas va licencier 4000 employ\u00e9s, invoquant des probl\u00e8mes persistants de cha\u00eene d&rsquo;approvisionnement ainsi que la r\u00e9cession mondiale et un rappel majeur d&rsquo;\u00e9quipements d\u00e9fectueux. <\/span><\/span><\/span><\/h2>\n<p><span class=\"HwtZe\" lang=\"fr\"><span class=\"jCAhz\"><span class=\"ryNqvb\">Le nouveau PDG Roy Jakobs, qui n&rsquo;a pris ses fonctions que la semaine derni\u00e8re, a d\u00e9cid\u00e9 de r\u00e9duire les d\u00e9penses de R&amp;D, consolider les fournisseurs et les entrep\u00f4ts et ajouter un double approvisionnement en composants. <\/span><\/span><\/span><\/p>\n<p><span class=\"HwtZe\" lang=\"fr\"><span class=\"jCAhz\"><span class=\"ryNqvb\">La soci\u00e9t\u00e9 est pass\u00e9e de l&rsquo;\u00e9lectronique grand public aux soins de sant\u00e9, y compris l&rsquo;IA et les logiciels cloud, et vise \u00e0 se concentrer sur moins de projets de recherche. L&rsquo;entreprise comptait 78189 employ\u00e9s dans le monde \u00e0 la fin de 2021, marquant une r\u00e9duction de 5%, avec des avertissements sur d&rsquo;autres \u00e0 venir.<\/span><\/span><\/span><\/p>\n<ul>\n<li>\n<p class=\"title\"><a title=\"Philips finalise la vente de son \u00e9lectrom\u00e9nager pour 3,7 miliards \u20ac\" href=\"https:\/\/www.ecinews.fr\/fr\/philips-finalise-la-vente-de-son-electromenager-pour-37-miliards-e\/\" target=\"_blank\" rel=\"noopener\">Philips finalise la vente de son \u00e9lectrom\u00e9nager pour 3,7 miliards \u20ac<\/a><\/p>\n<\/li>\n<li><a href=\"https:\/\/www.eenewseurope.com\/en\/new-ceo-at-philips-marks-healthcare-transformation\/\">New CEO at Philips marks healthcare transformation<\/a><\/li>\n<\/ul>\n<p><span class=\"HwtZe\" lang=\"fr\"><span class=\"jCAhz\"><span class=\"ryNqvb\">La nouvelle est tomb\u00e9e avec les r\u00e9sultats du troisi\u00e8me trimestre, qui ont vu une baisse de 5% des ventes \u00e0 4,3 milliards d&rsquo;euros. Il s&rsquo;attend \u00e9galement \u00e0 une baisse similaire au quatri\u00e8me trimestre. <\/span><\/span><\/span><\/p>\n<p><span class=\"HwtZe\" lang=\"fr\"><span class=\"jCAhz\"><span class=\"ryNqvb\">\u00ab Nous sommes confront\u00e9s \u00e0 de multiples d\u00e9fis et nos performances au troisi\u00e8me trimestre 2022 en t\u00e9moignent. Bien que la strat\u00e9gie et les solutions de Philips r\u00e9sonnent aupr\u00e8s de nos parties prenantes, nous n&rsquo;avons pas \u00e9t\u00e9 \u00e0 la hauteur de leurs attentes ces derni\u00e8res ann\u00e9es \u00bb, a d\u00e9clar\u00e9 Jakobs. \u00ab\u00a0Ma priorit\u00e9 imm\u00e9diate est donc d&rsquo;am\u00e9liorer l&rsquo;ex\u00e9cution afin que nous puissions commencer \u00e0 reconstruire la confiance des patients, des consommateurs et des clients, ainsi que des actionnaires et de nos autres parties prenantes.\u00a0\u00bb <\/span><\/span><\/span><\/p>\n<p><span class=\"HwtZe\" lang=\"fr\"><span class=\"jCAhz\"><span class=\"ryNqvb\">Cela comprend l&rsquo;am\u00e9lioration urgente de ses op\u00e9rations de cha\u00eene d&rsquo;approvisionnement et la simplification de sa fa\u00e7on de travailler pour am\u00e9liorer la productivit\u00e9 et accro\u00eetre l&rsquo;agilit\u00e9. <\/span><\/span><\/span><\/p>\n<p><span class=\"HwtZe\" lang=\"fr\"><span class=\"jCAhz\"><span class=\"ryNqvb\">\u00ab\u00a0Cela inclut la d\u00e9cision difficile mais n\u00e9cessaire de r\u00e9duire imm\u00e9diatement nos effectifs d&rsquo;environ 4 000 postes dans le monde, que nous ne prenons pas \u00e0 la l\u00e9g\u00e8re et que nous mettrons en \u0153uvre dans le respect des coll\u00e8gues concern\u00e9s. Ces premi\u00e8res actions sont n\u00e9cessaires pour commencer \u00e0 redresser l&rsquo;entreprise afin de r\u00e9aliser le potentiel de croissance rentable de Philips et de cr\u00e9er de la valeur pour toutes nos parties prenantes \u00bb, a-t-il d\u00e9clar\u00e9. <\/span><\/span><\/span><\/p>\n<p><span class=\"HwtZe\" lang=\"fr\"><span class=\"jCAhz\"><span class=\"ryNqvb\">\u00ab\u00a0Nous d\u00e9taillerons davantage nos plans pour Philips lors de la publication de nos r\u00e9sultats du quatri\u00e8me trimestre et annuels en janvier 2023.\u00a0\u00bb<\/span><\/span><\/span><\/p>\n<p>&nbsp;<\/p>\n<ul>\n<li>\n<p class=\"title\"><a title=\"https:\/\/www.ecinews.fr\/fr\/semicon-europa-lindustrie-des-semiconducteurs-au-coeur-delectronica\/\" href=\"https:\/\/www.ecinews.fr\/fr\/semicon-europa-lindustrie-des-semiconducteurs-au-coeur-delectronica\/\" target=\"_blank\" rel=\"noopener\">Semicon Europa. L\u2019industrie des semiconducteurs au c\u0153ur d\u2019Electronica<\/a><\/p>\n<\/li>\n<li><a href=\"https:\/\/www.eenewseurope.com\/en\/philips-in-e2-3bn-biotelemetry-merger\/\">Philips in \u20ac2.3bn biotelemetry &lsquo;merger&rsquo;<\/a><\/li>\n<\/ul>\n<p><span class=\"HwtZe\" lang=\"fr\"><span class=\"jCAhz\"><span class=\"ryNqvb\">Le rappel de ses ventilateurs Respironics aux \u00c9tats-Unis a \u00e9galement frapp\u00e9 l&rsquo;entreprise. Il a remplac\u00e9 ou r\u00e9par\u00e9 4 millions d&rsquo;unit\u00e9s et vise \u00e0 achever environ 90% de la production et des exp\u00e9ditions aux clients en 2022. Philips enregistre une charge hors tr\u00e9sorerie de 1,3 milliard d&rsquo;euros au troisi\u00e8me trimestre pour la d\u00e9pr\u00e9ciation du goodwill de cette activit\u00e9 comme un r\u00e9sultat, mais c&rsquo;est le bon moment pour le nouveau PDG de prendre ce coup. <\/span><\/span><\/span><\/p>\n<p><span class=\"HwtZe\" lang=\"fr\"><span class=\"jCAhz\"><span class=\"ryNqvb\">Philips Respironics fait \u00e9galement l&rsquo;objet d&rsquo;une enqu\u00eate du minist\u00e8re am\u00e9ricain de la Justice, et est d\u00e9fendeur dans plusieurs recours collectifs et r\u00e9clamations individuelles pour blessures corporelles, et est en pourparlers avec la FDA concernant une proposition de d\u00e9cret de consentement visant \u00e0 am\u00e9liorer la production. <\/span><\/span><\/span><\/p>\n<p><span class=\"HwtZe\" lang=\"fr\"><span class=\"jCAhz\"><span class=\"ryNqvb\">Jakobs dit que l&rsquo;entreprise continuera d&rsquo;examiner les domaines pour am\u00e9liorer encore ses op\u00e9rations d&rsquo;approvisionnement, simplifier la fa\u00e7on de travailler et supprimer la complexit\u00e9 organisationnelle, ce qui devrait entra\u00eener une restructuration suppl\u00e9mentaire et des co\u00fbts associ\u00e9s en 2023.<\/span><\/span><\/span><\/p>\n<p>&nbsp;<\/p>\n<p><a href=\"http:\/\/www.philips.com\">www.philips.com<\/a><\/p>\n<h4>Related articles<\/h4>\n<ul>\n<li><a href=\"https:\/\/www.eenewseurope.com\/en\/philips-lighting-to-become-signify\/\">Philips Lighting to become Signify<\/a><\/li>\n<li><a href=\"https:\/\/www.eenewseurope.com\/en\/apple-and-philips-share-sustainability-plans\/\">Apple and Philips share sustainability plans<\/a><\/li>\n<\/ul>\n","protected":false},"excerpt":{"rendered":"<p>Philips aux Pays-Bas va licencier 4000 employ\u00e9s, invoquant des probl\u00e8mes persistants de cha\u00eene d&rsquo;approvisionnement ainsi que la r\u00e9cession mondiale et un rappel majeur d&rsquo;\u00e9quipements d\u00e9fectueux. Le nouveau PDG Roy Jakobs, qui n&rsquo;a pris ses fonctions que la semaine derni\u00e8re, a d\u00e9cid\u00e9 de r\u00e9duire les d\u00e9penses de R&amp;D, consolider les fournisseurs et les entrep\u00f4ts et ajouter [&hellip;]<\/p>\n","protected":false},"author":34,"featured_media":399982,"comment_status":"closed","ping_status":"closed","sticky":true,"template":"","format":"standard","meta":{"_acf_changed":false,"footnotes":""},"categories":[886,18],"tags":[1535,904],"domains":[47],"ppma_author":[1153,1138],"class_list":["post-400146","post","type-post","status-publish","format-standard","has-post-thumbnail","hentry","category-news-fr","category-business-news","tag-medical-electronics","tag-medicalelectronics-fr","domains-electronique-eci"],"acf":[],"yoast_head":"<title>Philips licencie 4000 employ\u00e9s et se restructure ...<\/title>\n<meta name=\"description\" content=\"Philips va licencier 4000 employ\u00e9s, invoquant des probl\u00e8mes persistants de cha\u00eene d&#039;approvisionnement ainsi que la r\u00e9cession mondiale.\" \/>\n<meta name=\"robots\" content=\"index, follow, max-snippet:-1, max-image-preview:large, max-video-preview:-1\" \/>\n<link rel=\"canonical\" href=\"https:\/\/www.ecinews.fr\/fr\/wp-json\/wp\/v2\/posts\/400146\/\" \/>\n<meta property=\"og:locale\" content=\"fr_FR\" \/>\n<meta property=\"og:type\" content=\"article\" \/>\n<meta property=\"og:title\" content=\"Philips licencie 4000 employ\u00e9s et se restructure\" \/>\n<meta property=\"og:description\" content=\"Philips va licencier 4000 employ\u00e9s, invoquant des probl\u00e8mes persistants de cha\u00eene d&#039;approvisionnement ainsi que la r\u00e9cession mondiale.\" \/>\n<meta property=\"og:url\" content=\"https:\/\/www.ecinews.fr\/fr\/wp-json\/wp\/v2\/posts\/400146\/\" \/>\n<meta property=\"og:site_name\" content=\"EENewsEurope\" \/>\n<meta property=\"article:published_time\" content=\"2022-10-25T19:05:04+00:00\" \/>\n<meta property=\"article:modified_time\" content=\"2022-10-26T08:02:01+00:00\" \/>\n<meta property=\"og:image\" content=\"https:\/\/test.ecinews.fr\/wp-content\/uploads\/2022\/10\/Philips_Jakobs-1024x846.png\" \/>\n\t<meta property=\"og:image:width\" content=\"1024\" \/>\n\t<meta property=\"og:image:height\" content=\"846\" \/>\n\t<meta property=\"og:image:type\" content=\"image\/png\" \/>\n<meta name=\"author\" content=\"A Delapalisse, Nick Flaherty\" \/>\n<meta name=\"twitter:card\" content=\"summary_large_image\" \/>\n<meta name=\"twitter:label1\" content=\"Written by\" \/>\n\t<meta name=\"twitter:data1\" content=\"A Delapalisse\" \/>\n\t<meta name=\"twitter:label2\" content=\"Est. reading time\" \/>\n\t<meta name=\"twitter:data2\" content=\"3 minutes\" \/>\n<script type=\"application\/ld+json\" class=\"yoast-schema-graph\">{\"@context\":\"https:\/\/schema.org\",\"@graph\":[{\"@type\":\"Article\",\"@id\":\"https:\/\/test.ecinews.fr\/fr\/philips-licencie-4000-employes-et-se-restructure\/#article\",\"isPartOf\":{\"@id\":\"https:\/\/test.ecinews.fr\/fr\/philips-licencie-4000-employes-et-se-restructure\/\"},\"author\":{\"name\":\"A Delapalisse\",\"@id\":\"https:\/\/www.ecinews.fr\/fr\/#\/schema\/person\/0aa2cfb0bd8949724a68cbac8d8321b4\"},\"headline\":\"Philips licencie 4000 employ\u00e9s et se restructure\",\"datePublished\":\"2022-10-25T19:05:04+00:00\",\"dateModified\":\"2022-10-26T08:02:01+00:00\",\"mainEntityOfPage\":{\"@id\":\"https:\/\/test.ecinews.fr\/fr\/philips-licencie-4000-employes-et-se-restructure\/\"},\"wordCount\":635,\"publisher\":{\"@id\":\"https:\/\/www.ecinews.fr\/fr\/#organization\"},\"keywords\":[\"Medical Electronics\",\"MedicalElectronics\"],\"articleSection\":[\"Actualit\u00e9 g\u00e9n\u00e9rale\",\"Business news\"],\"inLanguage\":\"fr-FR\"},{\"@type\":\"WebPage\",\"@id\":\"https:\/\/test.ecinews.fr\/fr\/philips-licencie-4000-employes-et-se-restructure\/\",\"url\":\"https:\/\/test.ecinews.fr\/fr\/philips-licencie-4000-employes-et-se-restructure\/\",\"name\":\"Philips licencie 4000 employ\u00e9s et se restructure -\",\"isPartOf\":{\"@id\":\"https:\/\/www.ecinews.fr\/fr\/#website\"},\"datePublished\":\"2022-10-25T19:05:04+00:00\",\"dateModified\":\"2022-10-26T08:02:01+00:00\",\"description\":\"Philips va licencier 4000 employ\u00e9s, invoquant des probl\u00e8mes persistants de cha\u00eene d'approvisionnement ainsi que la r\u00e9cession mondiale.\",\"breadcrumb\":{\"@id\":\"https:\/\/test.ecinews.fr\/fr\/philips-licencie-4000-employes-et-se-restructure\/#breadcrumb\"},\"inLanguage\":\"fr-FR\",\"potentialAction\":[{\"@type\":\"ReadAction\",\"target\":[\"https:\/\/test.ecinews.fr\/fr\/philips-licencie-4000-employes-et-se-restructure\/\"]}]},{\"@type\":\"BreadcrumbList\",\"@id\":\"https:\/\/test.ecinews.fr\/fr\/philips-licencie-4000-employes-et-se-restructure\/#breadcrumb\",\"itemListElement\":[{\"@type\":\"ListItem\",\"position\":1,\"name\":\"Home\",\"item\":\"https:\/\/www.ecinews.fr\/fr\/\"},{\"@type\":\"ListItem\",\"position\":2,\"name\":\"Philips licencie 4000 employ\u00e9s et se restructure\"}]},{\"@type\":\"WebSite\",\"@id\":\"https:\/\/www.ecinews.fr\/fr\/#website\",\"url\":\"https:\/\/www.ecinews.fr\/fr\/\",\"name\":\"EENewsEurope\",\"description\":\"Just another WordPress site\",\"publisher\":{\"@id\":\"https:\/\/www.ecinews.fr\/fr\/#organization\"},\"potentialAction\":[{\"@type\":\"SearchAction\",\"target\":{\"@type\":\"EntryPoint\",\"urlTemplate\":\"https:\/\/www.ecinews.fr\/fr\/?s={search_term_string}\"},\"query-input\":\"required name=search_term_string\"}],\"inLanguage\":\"fr-FR\"},{\"@type\":\"Organization\",\"@id\":\"https:\/\/www.ecinews.fr\/fr\/#organization\",\"name\":\"EENewsEurope\",\"url\":\"https:\/\/www.ecinews.fr\/fr\/\",\"logo\":{\"@type\":\"ImageObject\",\"inLanguage\":\"fr-FR\",\"@id\":\"https:\/\/www.ecinews.fr\/fr\/#\/schema\/logo\/image\/\",\"url\":\"https:\/\/www.ecinews.fr\/wp-content\/uploads\/2022\/02\/logo-1.jpg\",\"contentUrl\":\"https:\/\/www.ecinews.fr\/wp-content\/uploads\/2022\/02\/logo-1.jpg\",\"width\":283,\"height\":113,\"caption\":\"EENewsEurope\"},\"image\":{\"@id\":\"https:\/\/www.ecinews.fr\/fr\/#\/schema\/logo\/image\/\"}},{\"@type\":\"Person\",\"@id\":\"https:\/\/www.ecinews.fr\/fr\/#\/schema\/person\/0aa2cfb0bd8949724a68cbac8d8321b4\",\"name\":\"A Delapalisse\",\"image\":{\"@type\":\"ImageObject\",\"inLanguage\":\"fr-FR\",\"@id\":\"https:\/\/www.ecinews.fr\/fr\/#\/schema\/person\/image\/211ac42237c2e9683c0964086c393cb4\",\"url\":\"https:\/\/secure.gravatar.com\/avatar\/ad45a8c5da24bc9c7c4940dd1c48a695?s=96&d=mm&r=g\",\"contentUrl\":\"https:\/\/secure.gravatar.com\/avatar\/ad45a8c5da24bc9c7c4940dd1c48a695?s=96&d=mm&r=g\",\"caption\":\"A Delapalisse\"},\"sameAs\":[\"http:\/\/ECI\"]}]}<\/script>","yoast_head_json":{"title":"Philips licencie 4000 employ\u00e9s et se restructure ...","description":"Philips va licencier 4000 employ\u00e9s, invoquant des probl\u00e8mes persistants de cha\u00eene d'approvisionnement ainsi que la r\u00e9cession mondiale.","robots":{"index":"index","follow":"follow","max-snippet":"max-snippet:-1","max-image-preview":"max-image-preview:large","max-video-preview":"max-video-preview:-1"},"canonical":"https:\/\/www.ecinews.fr\/fr\/wp-json\/wp\/v2\/posts\/400146\/","og_locale":"fr_FR","og_type":"article","og_title":"Philips licencie 4000 employ\u00e9s et se restructure","og_description":"Philips va licencier 4000 employ\u00e9s, invoquant des probl\u00e8mes persistants de cha\u00eene d'approvisionnement ainsi que la r\u00e9cession mondiale.","og_url":"https:\/\/www.ecinews.fr\/fr\/wp-json\/wp\/v2\/posts\/400146\/","og_site_name":"EENewsEurope","article_published_time":"2022-10-25T19:05:04+00:00","article_modified_time":"2022-10-26T08:02:01+00:00","og_image":[{"width":1024,"height":846,"url":"https:\/\/test.ecinews.fr\/wp-content\/uploads\/2022\/10\/Philips_Jakobs-1024x846.png","type":"image\/png"}],"author":"A Delapalisse, Nick Flaherty","twitter_card":"summary_large_image","twitter_misc":{"Written by":"A Delapalisse","Est. reading time":"3 minutes"},"schema":{"@context":"https:\/\/schema.org","@graph":[{"@type":"Article","@id":"https:\/\/test.ecinews.fr\/fr\/philips-licencie-4000-employes-et-se-restructure\/#article","isPartOf":{"@id":"https:\/\/test.ecinews.fr\/fr\/philips-licencie-4000-employes-et-se-restructure\/"},"author":{"name":"A Delapalisse","@id":"https:\/\/www.ecinews.fr\/fr\/#\/schema\/person\/0aa2cfb0bd8949724a68cbac8d8321b4"},"headline":"Philips licencie 4000 employ\u00e9s et se restructure","datePublished":"2022-10-25T19:05:04+00:00","dateModified":"2022-10-26T08:02:01+00:00","mainEntityOfPage":{"@id":"https:\/\/test.ecinews.fr\/fr\/philips-licencie-4000-employes-et-se-restructure\/"},"wordCount":635,"publisher":{"@id":"https:\/\/www.ecinews.fr\/fr\/#organization"},"keywords":["Medical Electronics","MedicalElectronics"],"articleSection":["Actualit\u00e9 g\u00e9n\u00e9rale","Business news"],"inLanguage":"fr-FR"},{"@type":"WebPage","@id":"https:\/\/test.ecinews.fr\/fr\/philips-licencie-4000-employes-et-se-restructure\/","url":"https:\/\/test.ecinews.fr\/fr\/philips-licencie-4000-employes-et-se-restructure\/","name":"Philips licencie 4000 employ\u00e9s et se restructure -","isPartOf":{"@id":"https:\/\/www.ecinews.fr\/fr\/#website"},"datePublished":"2022-10-25T19:05:04+00:00","dateModified":"2022-10-26T08:02:01+00:00","description":"Philips va licencier 4000 employ\u00e9s, invoquant des probl\u00e8mes persistants de cha\u00eene d'approvisionnement ainsi que la r\u00e9cession mondiale.","breadcrumb":{"@id":"https:\/\/test.ecinews.fr\/fr\/philips-licencie-4000-employes-et-se-restructure\/#breadcrumb"},"inLanguage":"fr-FR","potentialAction":[{"@type":"ReadAction","target":["https:\/\/test.ecinews.fr\/fr\/philips-licencie-4000-employes-et-se-restructure\/"]}]},{"@type":"BreadcrumbList","@id":"https:\/\/test.ecinews.fr\/fr\/philips-licencie-4000-employes-et-se-restructure\/#breadcrumb","itemListElement":[{"@type":"ListItem","position":1,"name":"Home","item":"https:\/\/www.ecinews.fr\/fr\/"},{"@type":"ListItem","position":2,"name":"Philips licencie 4000 employ\u00e9s et se restructure"}]},{"@type":"WebSite","@id":"https:\/\/www.ecinews.fr\/fr\/#website","url":"https:\/\/www.ecinews.fr\/fr\/","name":"EENewsEurope","description":"Just another WordPress site","publisher":{"@id":"https:\/\/www.ecinews.fr\/fr\/#organization"},"potentialAction":[{"@type":"SearchAction","target":{"@type":"EntryPoint","urlTemplate":"https:\/\/www.ecinews.fr\/fr\/?s={search_term_string}"},"query-input":"required name=search_term_string"}],"inLanguage":"fr-FR"},{"@type":"Organization","@id":"https:\/\/www.ecinews.fr\/fr\/#organization","name":"EENewsEurope","url":"https:\/\/www.ecinews.fr\/fr\/","logo":{"@type":"ImageObject","inLanguage":"fr-FR","@id":"https:\/\/www.ecinews.fr\/fr\/#\/schema\/logo\/image\/","url":"https:\/\/www.ecinews.fr\/wp-content\/uploads\/2022\/02\/logo-1.jpg","contentUrl":"https:\/\/www.ecinews.fr\/wp-content\/uploads\/2022\/02\/logo-1.jpg","width":283,"height":113,"caption":"EENewsEurope"},"image":{"@id":"https:\/\/www.ecinews.fr\/fr\/#\/schema\/logo\/image\/"}},{"@type":"Person","@id":"https:\/\/www.ecinews.fr\/fr\/#\/schema\/person\/0aa2cfb0bd8949724a68cbac8d8321b4","name":"A Delapalisse","image":{"@type":"ImageObject","inLanguage":"fr-FR","@id":"https:\/\/www.ecinews.fr\/fr\/#\/schema\/person\/image\/211ac42237c2e9683c0964086c393cb4","url":"https:\/\/secure.gravatar.com\/avatar\/ad45a8c5da24bc9c7c4940dd1c48a695?s=96&d=mm&r=g","contentUrl":"https:\/\/secure.gravatar.com\/avatar\/ad45a8c5da24bc9c7c4940dd1c48a695?s=96&d=mm&r=g","caption":"A Delapalisse"},"sameAs":["http:\/\/ECI"]}]}},"authors":[{"term_id":1153,"user_id":34,"is_guest":0,"slug":"adelapalisse","display_name":"A Delapalisse","avatar_url":"https:\/\/secure.gravatar.com\/avatar\/ad45a8c5da24bc9c7c4940dd1c48a695?s=96&d=mm&r=g","0":null,"1":"","2":"","3":"","4":"","5":"","6":"","7":"","8":""},{"term_id":1138,"user_id":6,"is_guest":0,"slug":"flaherty","display_name":"Nick Flaherty","avatar_url":"https:\/\/secure.gravatar.com\/avatar\/49bd04ef46c3ee89575adaf950e76b64?s=96&d=mm&r=g","0":null,"1":"","2":"","3":"","4":"","5":"","6":"","7":"","8":""}],"_links":{"self":[{"href":"https:\/\/www.ecinews.fr\/fr\/wp-json\/wp\/v2\/posts\/400146"}],"collection":[{"href":"https:\/\/www.ecinews.fr\/fr\/wp-json\/wp\/v2\/posts"}],"about":[{"href":"https:\/\/www.ecinews.fr\/fr\/wp-json\/wp\/v2\/types\/post"}],"author":[{"embeddable":true,"href":"https:\/\/www.ecinews.fr\/fr\/wp-json\/wp\/v2\/users\/34"}],"replies":[{"embeddable":true,"href":"https:\/\/www.ecinews.fr\/fr\/wp-json\/wp\/v2\/comments?post=400146"}],"version-history":[{"count":0,"href":"https:\/\/www.ecinews.fr\/fr\/wp-json\/wp\/v2\/posts\/400146\/revisions"}],"wp:featuredmedia":[{"embeddable":true,"href":"https:\/\/www.ecinews.fr\/fr\/wp-json\/wp\/v2\/media\/399982"}],"wp:attachment":[{"href":"https:\/\/www.ecinews.fr\/fr\/wp-json\/wp\/v2\/media?parent=400146"}],"wp:term":[{"taxonomy":"category","embeddable":true,"href":"https:\/\/www.ecinews.fr\/fr\/wp-json\/wp\/v2\/categories?post=400146"},{"taxonomy":"post_tag","embeddable":true,"href":"https:\/\/www.ecinews.fr\/fr\/wp-json\/wp\/v2\/tags?post=400146"},{"taxonomy":"domains","embeddable":true,"href":"https:\/\/www.ecinews.fr\/fr\/wp-json\/wp\/v2\/domains?post=400146"},{"taxonomy":"author","embeddable":true,"href":"https:\/\/www.ecinews.fr\/fr\/wp-json\/wp\/v2\/ppma_author?post=400146"}],"curies":[{"name":"wp","href":"https:\/\/api.w.org\/{rel}","templated":true}]}}