{"id":400060,"date":"2022-10-24T18:41:35","date_gmt":"2022-10-24T16:41:35","guid":{"rendered":"https:\/\/www.eenewseurope.com\/?p=400060"},"modified":"2022-10-25T10:01:00","modified_gmt":"2022-10-25T08:01:00","slug":"verkor-signs-dassault-for-digital-twin-of-battery-gigafactory","status":"publish","type":"post","link":"https:\/\/www.ecinews.fr\/fr\/verkor-signs-dassault-for-digital-twin-of-battery-gigafactory\/","title":{"rendered":"Verkor choisit Dassault pour le jumeau num\u00e9rique de sa gigafactory de batteries"},"content":{"rendered":"<h2><span class=\"HwtZe\" lang=\"fr\"><span class=\"jCAhz\"><span class=\"ryNqvb\">La startup fran\u00e7aise de batteries Verkor va utiliser les outils de conception de Dassault Syst\u00e8mes pour construire un jumeau num\u00e9rique de sa future gigafactory. <\/span><\/span><\/span><\/h2>\n<p><span class=\"HwtZe\" lang=\"fr\"><span class=\"jCAhz\"><span class=\"ryNqvb\">Le protocole d&rsquo;accord d\u00e9veloppera les meilleures pratiques pour le d\u00e9veloppement virtuel de bout en bout de produits et de processus de fabrication qui am\u00e9liorent l&rsquo;innovation et l&rsquo;efficacit\u00e9, et att\u00e9nuent les risques techniques tout au long du cycle de vie du produit. <\/span><\/span><\/span><\/p>\n<p><span class=\"HwtZe\" lang=\"fr\"><span class=\"jCAhz\"><span class=\"ryNqvb\">Celui-ci utilisera la plate-forme 3DEXPERIENCE de Dassault avec l&rsquo;expertise de ses industries du transport et de la mobilit\u00e9, de l&rsquo;\u00e9nergie et des mat\u00e9riaux. L&rsquo;accord couvre la simulation des produits, des processus et des flux, la collaboration avec les fournisseurs et la gestion totale de la qualit\u00e9 .<\/span><\/span><\/span><\/p>\n<ul>\n<li>\n<p class=\"title\"><a title=\"Le centre Verkor d\u2019innovation de la batterie s\u2019implante \u00e0 Grenoble\" href=\"https:\/\/www.ecinews.fr\/fr\/le-centre-verkor-dinnovation-de-la-batterie-simplante-a-grenoble\/\" target=\"_blank\" rel=\"noopener\">Le centre Verkor d\u2019innovation de la batterie s\u2019implante \u00e0 Grenoble<\/a><\/p>\n<\/li>\n<li>\n<p class=\"title\"><a title=\"Verkor choisit Dunkerque pour sa premi\u00e8re Gigafactory\" href=\"https:\/\/www.ecinews.fr\/fr\/verkor-choisit-dunkerque-pour-sa-premiere-gigafactory\/\" target=\"_blank\" rel=\"noopener\">Verkor choisit Dunkerque pour sa premi\u00e8re Gigafactory<\/a><\/p>\n<\/li>\n<li><a href=\"https:\/\/www.eenewspower.com\/en\/verkor-raises-e100m-ahead-of-a-battery-gigafactory-in-france\/\">Verkor raises \u20ac100m ahead of a battery gigafactory in France<\/a><\/li>\n<li>\u00a0<\/li>\n<\/ul>\n<p><span class=\"HwtZe\" lang=\"fr\"><span class=\"jCAhz\"><span class=\"ryNqvb\">Verkor utilisera la plate-forme 3DEXPERIENCE pour construire les jumeaux virtuels de ses batteries et du processus de fabrication en commen\u00e7ant par la premi\u00e8re gigafactory de la soci\u00e9t\u00e9 \u00e0 Dunkerque, en France. <\/span><\/span><\/span><\/p>\n<p><span class=\"HwtZe\" lang=\"fr\"><span class=\"jCAhz\"><span class=\"ryNqvb\">\u00ab Notre collaboration avec Dassault Syst\u00e8mes nous permettra d&rsquo;aborder le processus de cycle de vie du produit de bout en bout avec la plate-forme 3DEXPERIENCE \u00bb, a d\u00e9clar\u00e9 Christober Raj, Head of Digital, Verkor. Dans le cadre de la feuille de route, Verkor d\u00e9ploie les outils \u00ab\u00a0High Performance Battery\u00a0\u00bb et \u00ab\u00a0High-Tech Smart Factory\u00a0\u00bb de Dassault Syst\u00e8mes pour la collaboration, la mod\u00e9lisation et la simulation dans un environnement virtuel unique.<\/span><\/span><\/span><\/p>\n<p>&nbsp;<\/p>\n<ul>\n<li><a href=\"https:\/\/www.eenewspower.com\/en\/siemens-digital-twins-for-acc-battery-gigafactories\/\">Siemens digital twins for ACC battery gigafactories<\/a><\/li>\n<\/ul>\n<p><span class=\"HwtZe\" lang=\"fr\"><span class=\"jCAhz\"><span class=\"ryNqvb\">\u00ab Les batteries sont la pierre angulaire d&rsquo;une Europe plus durable. Notre plate-forme 3DEXPERIENCE et nos solutions pour le secteur des batteries favorisent l&rsquo;innovation des batteries, de leur d\u00e9finition chimique \u00e0 la conception et \u00e0 l&rsquo;ing\u00e9nierie de la gigafactory la plus avanc\u00e9e \u00bb, a d\u00e9clar\u00e9 St\u00e9phane Sireau, vice-pr\u00e9sident, Industrie High-Tech, Dassault Syst\u00e8mes. \u00ab\u00a0Alors que Verkor ouvre la voie dans ce secteur avec son ambitieux projet de gigafactory, nous pouvons les aider \u00e0 tirer parti des exp\u00e9riences de jumeaux virtuels pour acc\u00e9l\u00e9rer l&rsquo;innovation dans le d\u00e9veloppement et la production de cellules de batterie durables et de hautes performances.\u00a0\u00bb<\/span><\/span><\/span><\/p>\n<p>&nbsp;<\/p>\n<p><a href=\"http:\/\/www.3ds.com\/industries\/high-tech\">www.3ds.com\/industries\/high-tech<\/a><\/p>\n<h4>Related digital twin articles<\/h4>\n<ul>\n<li><a href=\"https:\/\/www.eenewseurope.com\/en\/synopsys-dassault-systemes-team-for-lighting-digital-twin-2\/\">Synopsys, Dassault Syst\u00e8mes team for lighting digital twin<\/a><\/li>\n<li><a href=\"https:\/\/www.eenewspower.com\/en\/st-buys-battery-digital-twin-startup\/\">ST buys battery digital twin startup<\/a><\/li>\n<li><a href=\"https:\/\/www.eenewspower.com\/en\/ion-energy-raises-3-6m-renames-battery-digital-twin-tech\/\">Ion energy raises $3.6m, renames battery digital twin tech<\/a><\/li>\n<li><a href=\"https:\/\/www.eenewspower.com\/en\/analog-devices-teams-with-german-battery-digital-twin-startup\/\">Analog Devices teams with German battery digital twin startup<\/a><\/li>\n<\/ul>\n","protected":false},"excerpt":{"rendered":"<p>Verkor choisit Dassault pour le jumeau num\u00e9rique de sa gigafactory de batteries<\/p>\n","protected":false},"author":34,"featured_media":400028,"comment_status":"closed","ping_status":"closed","sticky":true,"template":"","format":"standard","meta":{"_acf_changed":false,"footnotes":""},"categories":[18,883],"tags":[1978,909,1979,1977,913,917],"domains":[47],"ppma_author":[1153,1138],"class_list":["post-400060","post","type-post","status-publish","format-standard","has-post-thumbnail","hentry","category-business-news","category-technologies","tag-batteries","tag-batteries-power-supplies-fr","tag-gigafactory","tag-jumeau-numerique","tag-materials-processes-fr","tag-software-embedded-tools-fr","domains-electronique-eci"],"acf":[],"yoast_head":"<title>Verkor choisit Dassault pour le jumeau num\u00e9rique de sa gigafac...<\/title>\n<meta name=\"description\" content=\"Verkor choisit Dassault pour le jumeau num\u00e9rique de sa gigafactory de batteries\" \/>\n<meta name=\"robots\" content=\"index, follow, max-snippet:-1, max-image-preview:large, max-video-preview:-1\" \/>\n<link rel=\"canonical\" href=\"https:\/\/www.ecinews.fr\/fr\/wp-json\/wp\/v2\/posts\/400060\/\" \/>\n<meta property=\"og:locale\" content=\"fr_FR\" \/>\n<meta property=\"og:type\" content=\"article\" \/>\n<meta property=\"og:title\" content=\"Verkor choisit Dassault pour le jumeau num\u00e9rique de sa gigafactory de batteries\" \/>\n<meta property=\"og:description\" content=\"Verkor choisit Dassault pour le jumeau num\u00e9rique de sa gigafactory de batteries\" \/>\n<meta property=\"og:url\" content=\"https:\/\/www.ecinews.fr\/fr\/wp-json\/wp\/v2\/posts\/400060\/\" \/>\n<meta property=\"og:site_name\" content=\"EENewsEurope\" \/>\n<meta property=\"article:published_time\" content=\"2022-10-24T16:41:35+00:00\" \/>\n<meta property=\"article:modified_time\" content=\"2022-10-25T08:01:00+00:00\" \/>\n<meta property=\"og:image\" content=\"https:\/\/www.ecinews.fr\/wp-content\/uploads\/2022\/10\/VERKOR_Gigafactory_2-scaled.jpg\" \/>\n\t<meta property=\"og:image:width\" content=\"1080\" \/>\n\t<meta property=\"og:image:height\" content=\"434\" \/>\n\t<meta property=\"og:image:type\" content=\"image\/jpeg\" \/>\n<meta name=\"author\" content=\"A Delapalisse, Nick Flaherty\" \/>\n<meta name=\"twitter:card\" content=\"summary_large_image\" \/>\n<meta name=\"twitter:label1\" content=\"Written by\" \/>\n\t<meta name=\"twitter:data1\" content=\"A Delapalisse\" \/>\n\t<meta name=\"twitter:label2\" content=\"Est. reading time\" \/>\n\t<meta name=\"twitter:data2\" content=\"2 minutes\" \/>\n<script type=\"application\/ld+json\" class=\"yoast-schema-graph\">{\"@context\":\"https:\/\/schema.org\",\"@graph\":[{\"@type\":\"Article\",\"@id\":\"https:\/\/www.ecinews.fr\/fr\/verkor-signs-dassault-for-digital-twin-of-battery-gigafactory\/#article\",\"isPartOf\":{\"@id\":\"https:\/\/www.ecinews.fr\/fr\/verkor-signs-dassault-for-digital-twin-of-battery-gigafactory\/\"},\"author\":{\"name\":\"A Delapalisse\",\"@id\":\"https:\/\/www.eenewseurope.com\/en\/#\/schema\/person\/0aa2cfb0bd8949724a68cbac8d8321b4\"},\"headline\":\"Verkor choisit Dassault pour le jumeau num\u00e9rique de sa gigafactory de batteries\",\"datePublished\":\"2022-10-24T16:41:35+00:00\",\"dateModified\":\"2022-10-25T08:01:00+00:00\",\"mainEntityOfPage\":{\"@id\":\"https:\/\/www.ecinews.fr\/fr\/verkor-signs-dassault-for-digital-twin-of-battery-gigafactory\/\"},\"wordCount\":431,\"publisher\":{\"@id\":\"https:\/\/www.eenewseurope.com\/en\/#organization\"},\"keywords\":[\"Batteries\",\"Batteries \/ Power Supplies\",\"Gigafactory\",\"Jumeau num\u00e9rique\",\"Materials &amp; processes\",\"Software &amp; Embedded tools\"],\"articleSection\":[\"Business news\",\"Technologies\"],\"inLanguage\":\"fr-FR\"},{\"@type\":\"WebPage\",\"@id\":\"https:\/\/www.ecinews.fr\/fr\/verkor-signs-dassault-for-digital-twin-of-battery-gigafactory\/\",\"url\":\"https:\/\/www.ecinews.fr\/fr\/verkor-signs-dassault-for-digital-twin-of-battery-gigafactory\/\",\"name\":\"Verkor choisit Dassault pour le jumeau num\u00e9rique de sa gigafactory de batteries - %\",\"isPartOf\":{\"@id\":\"https:\/\/www.eenewseurope.com\/en\/#website\"},\"datePublished\":\"2022-10-24T16:41:35+00:00\",\"dateModified\":\"2022-10-25T08:01:00+00:00\",\"description\":\"Verkor choisit Dassault pour le jumeau num\u00e9rique de sa gigafactory de batteries\",\"breadcrumb\":{\"@id\":\"https:\/\/www.ecinews.fr\/fr\/verkor-signs-dassault-for-digital-twin-of-battery-gigafactory\/#breadcrumb\"},\"inLanguage\":\"fr-FR\",\"potentialAction\":[{\"@type\":\"ReadAction\",\"target\":[\"https:\/\/www.ecinews.fr\/fr\/verkor-signs-dassault-for-digital-twin-of-battery-gigafactory\/\"]}]},{\"@type\":\"BreadcrumbList\",\"@id\":\"https:\/\/www.ecinews.fr\/fr\/verkor-signs-dassault-for-digital-twin-of-battery-gigafactory\/#breadcrumb\",\"itemListElement\":[{\"@type\":\"ListItem\",\"position\":1,\"name\":\"Home\",\"item\":\"https:\/\/www.ecinews.fr\/fr\/\"},{\"@type\":\"ListItem\",\"position\":2,\"name\":\"Verkor choisit Dassault pour le jumeau num\u00e9rique de sa gigafactory de batteries\"}]},{\"@type\":\"WebSite\",\"@id\":\"https:\/\/www.eenewseurope.com\/en\/#website\",\"url\":\"https:\/\/www.eenewseurope.com\/en\/\",\"name\":\"EENewsEurope\",\"description\":\"Just another WordPress site\",\"publisher\":{\"@id\":\"https:\/\/www.eenewseurope.com\/en\/#organization\"},\"potentialAction\":[{\"@type\":\"SearchAction\",\"target\":{\"@type\":\"EntryPoint\",\"urlTemplate\":\"https:\/\/www.eenewseurope.com\/en\/?s={search_term_string}\"},\"query-input\":\"required name=search_term_string\"}],\"inLanguage\":\"fr-FR\"},{\"@type\":\"Organization\",\"@id\":\"https:\/\/www.eenewseurope.com\/en\/#organization\",\"name\":\"EENewsEurope\",\"url\":\"https:\/\/www.eenewseurope.com\/en\/\",\"logo\":{\"@type\":\"ImageObject\",\"inLanguage\":\"fr-FR\",\"@id\":\"https:\/\/www.eenewseurope.com\/en\/#\/schema\/logo\/image\/\",\"url\":\"https:\/\/www.ecinews.fr\/wp-content\/uploads\/2022\/02\/logo-1.jpg\",\"contentUrl\":\"https:\/\/www.ecinews.fr\/wp-content\/uploads\/2022\/02\/logo-1.jpg\",\"width\":283,\"height\":113,\"caption\":\"EENewsEurope\"},\"image\":{\"@id\":\"https:\/\/www.eenewseurope.com\/en\/#\/schema\/logo\/image\/\"}},{\"@type\":\"Person\",\"@id\":\"https:\/\/www.eenewseurope.com\/en\/#\/schema\/person\/0aa2cfb0bd8949724a68cbac8d8321b4\",\"name\":\"A Delapalisse\",\"image\":{\"@type\":\"ImageObject\",\"inLanguage\":\"fr-FR\",\"@id\":\"https:\/\/www.eenewseurope.com\/en\/#\/schema\/person\/image\/211ac42237c2e9683c0964086c393cb4\",\"url\":\"https:\/\/secure.gravatar.com\/avatar\/ad45a8c5da24bc9c7c4940dd1c48a695?s=96&d=mm&r=g\",\"contentUrl\":\"https:\/\/secure.gravatar.com\/avatar\/ad45a8c5da24bc9c7c4940dd1c48a695?s=96&d=mm&r=g\",\"caption\":\"A Delapalisse\"},\"sameAs\":[\"http:\/\/ECI\"]}]}<\/script>","yoast_head_json":{"title":"Verkor choisit Dassault pour le jumeau num\u00e9rique de sa gigafac...","description":"Verkor choisit Dassault pour le jumeau num\u00e9rique de sa gigafactory de batteries","robots":{"index":"index","follow":"follow","max-snippet":"max-snippet:-1","max-image-preview":"max-image-preview:large","max-video-preview":"max-video-preview:-1"},"canonical":"https:\/\/www.ecinews.fr\/fr\/wp-json\/wp\/v2\/posts\/400060\/","og_locale":"fr_FR","og_type":"article","og_title":"Verkor choisit Dassault pour le jumeau num\u00e9rique de sa gigafactory de batteries","og_description":"Verkor choisit Dassault pour le jumeau num\u00e9rique de sa gigafactory de batteries","og_url":"https:\/\/www.ecinews.fr\/fr\/wp-json\/wp\/v2\/posts\/400060\/","og_site_name":"EENewsEurope","article_published_time":"2022-10-24T16:41:35+00:00","article_modified_time":"2022-10-25T08:01:00+00:00","og_image":[{"width":1080,"height":434,"url":"https:\/\/www.ecinews.fr\/wp-content\/uploads\/2022\/10\/VERKOR_Gigafactory_2-scaled.jpg","type":"image\/jpeg"}],"author":"A Delapalisse, Nick Flaherty","twitter_card":"summary_large_image","twitter_misc":{"Written by":"A Delapalisse","Est. reading time":"2 minutes"},"schema":{"@context":"https:\/\/schema.org","@graph":[{"@type":"Article","@id":"https:\/\/www.ecinews.fr\/fr\/verkor-signs-dassault-for-digital-twin-of-battery-gigafactory\/#article","isPartOf":{"@id":"https:\/\/www.ecinews.fr\/fr\/verkor-signs-dassault-for-digital-twin-of-battery-gigafactory\/"},"author":{"name":"A Delapalisse","@id":"https:\/\/www.eenewseurope.com\/en\/#\/schema\/person\/0aa2cfb0bd8949724a68cbac8d8321b4"},"headline":"Verkor choisit Dassault pour le jumeau num\u00e9rique de sa gigafactory de batteries","datePublished":"2022-10-24T16:41:35+00:00","dateModified":"2022-10-25T08:01:00+00:00","mainEntityOfPage":{"@id":"https:\/\/www.ecinews.fr\/fr\/verkor-signs-dassault-for-digital-twin-of-battery-gigafactory\/"},"wordCount":431,"publisher":{"@id":"https:\/\/www.eenewseurope.com\/en\/#organization"},"keywords":["Batteries","Batteries \/ Power Supplies","Gigafactory","Jumeau num\u00e9rique","Materials &amp; processes","Software &amp; Embedded tools"],"articleSection":["Business news","Technologies"],"inLanguage":"fr-FR"},{"@type":"WebPage","@id":"https:\/\/www.ecinews.fr\/fr\/verkor-signs-dassault-for-digital-twin-of-battery-gigafactory\/","url":"https:\/\/www.ecinews.fr\/fr\/verkor-signs-dassault-for-digital-twin-of-battery-gigafactory\/","name":"Verkor choisit Dassault pour le jumeau num\u00e9rique de sa gigafactory de batteries - %","isPartOf":{"@id":"https:\/\/www.eenewseurope.com\/en\/#website"},"datePublished":"2022-10-24T16:41:35+00:00","dateModified":"2022-10-25T08:01:00+00:00","description":"Verkor choisit Dassault pour le jumeau num\u00e9rique de sa gigafactory de batteries","breadcrumb":{"@id":"https:\/\/www.ecinews.fr\/fr\/verkor-signs-dassault-for-digital-twin-of-battery-gigafactory\/#breadcrumb"},"inLanguage":"fr-FR","potentialAction":[{"@type":"ReadAction","target":["https:\/\/www.ecinews.fr\/fr\/verkor-signs-dassault-for-digital-twin-of-battery-gigafactory\/"]}]},{"@type":"BreadcrumbList","@id":"https:\/\/www.ecinews.fr\/fr\/verkor-signs-dassault-for-digital-twin-of-battery-gigafactory\/#breadcrumb","itemListElement":[{"@type":"ListItem","position":1,"name":"Home","item":"https:\/\/www.ecinews.fr\/fr\/"},{"@type":"ListItem","position":2,"name":"Verkor choisit Dassault pour le jumeau num\u00e9rique de sa gigafactory de batteries"}]},{"@type":"WebSite","@id":"https:\/\/www.eenewseurope.com\/en\/#website","url":"https:\/\/www.eenewseurope.com\/en\/","name":"EENewsEurope","description":"Just another WordPress site","publisher":{"@id":"https:\/\/www.eenewseurope.com\/en\/#organization"},"potentialAction":[{"@type":"SearchAction","target":{"@type":"EntryPoint","urlTemplate":"https:\/\/www.eenewseurope.com\/en\/?s={search_term_string}"},"query-input":"required name=search_term_string"}],"inLanguage":"fr-FR"},{"@type":"Organization","@id":"https:\/\/www.eenewseurope.com\/en\/#organization","name":"EENewsEurope","url":"https:\/\/www.eenewseurope.com\/en\/","logo":{"@type":"ImageObject","inLanguage":"fr-FR","@id":"https:\/\/www.eenewseurope.com\/en\/#\/schema\/logo\/image\/","url":"https:\/\/www.ecinews.fr\/wp-content\/uploads\/2022\/02\/logo-1.jpg","contentUrl":"https:\/\/www.ecinews.fr\/wp-content\/uploads\/2022\/02\/logo-1.jpg","width":283,"height":113,"caption":"EENewsEurope"},"image":{"@id":"https:\/\/www.eenewseurope.com\/en\/#\/schema\/logo\/image\/"}},{"@type":"Person","@id":"https:\/\/www.eenewseurope.com\/en\/#\/schema\/person\/0aa2cfb0bd8949724a68cbac8d8321b4","name":"A Delapalisse","image":{"@type":"ImageObject","inLanguage":"fr-FR","@id":"https:\/\/www.eenewseurope.com\/en\/#\/schema\/person\/image\/211ac42237c2e9683c0964086c393cb4","url":"https:\/\/secure.gravatar.com\/avatar\/ad45a8c5da24bc9c7c4940dd1c48a695?s=96&d=mm&r=g","contentUrl":"https:\/\/secure.gravatar.com\/avatar\/ad45a8c5da24bc9c7c4940dd1c48a695?s=96&d=mm&r=g","caption":"A Delapalisse"},"sameAs":["http:\/\/ECI"]}]}},"authors":[{"term_id":1153,"user_id":34,"is_guest":0,"slug":"adelapalisse","display_name":"A Delapalisse","avatar_url":"https:\/\/secure.gravatar.com\/avatar\/ad45a8c5da24bc9c7c4940dd1c48a695?s=96&d=mm&r=g","0":null,"1":"","2":"","3":"","4":"","5":"","6":"","7":"","8":""},{"term_id":1138,"user_id":6,"is_guest":0,"slug":"flaherty","display_name":"Nick Flaherty","avatar_url":"https:\/\/secure.gravatar.com\/avatar\/49bd04ef46c3ee89575adaf950e76b64?s=96&d=mm&r=g","0":null,"1":"","2":"","3":"","4":"","5":"","6":"","7":"","8":""}],"_links":{"self":[{"href":"https:\/\/www.ecinews.fr\/fr\/wp-json\/wp\/v2\/posts\/400060"}],"collection":[{"href":"https:\/\/www.ecinews.fr\/fr\/wp-json\/wp\/v2\/posts"}],"about":[{"href":"https:\/\/www.ecinews.fr\/fr\/wp-json\/wp\/v2\/types\/post"}],"author":[{"embeddable":true,"href":"https:\/\/www.ecinews.fr\/fr\/wp-json\/wp\/v2\/users\/34"}],"replies":[{"embeddable":true,"href":"https:\/\/www.ecinews.fr\/fr\/wp-json\/wp\/v2\/comments?post=400060"}],"version-history":[{"count":0,"href":"https:\/\/www.ecinews.fr\/fr\/wp-json\/wp\/v2\/posts\/400060\/revisions"}],"wp:featuredmedia":[{"embeddable":true,"href":"https:\/\/www.ecinews.fr\/fr\/wp-json\/wp\/v2\/media\/400028"}],"wp:attachment":[{"href":"https:\/\/www.ecinews.fr\/fr\/wp-json\/wp\/v2\/media?parent=400060"}],"wp:term":[{"taxonomy":"category","embeddable":true,"href":"https:\/\/www.ecinews.fr\/fr\/wp-json\/wp\/v2\/categories?post=400060"},{"taxonomy":"post_tag","embeddable":true,"href":"https:\/\/www.ecinews.fr\/fr\/wp-json\/wp\/v2\/tags?post=400060"},{"taxonomy":"domains","embeddable":true,"href":"https:\/\/www.ecinews.fr\/fr\/wp-json\/wp\/v2\/domains?post=400060"},{"taxonomy":"author","embeddable":true,"href":"https:\/\/www.ecinews.fr\/fr\/wp-json\/wp\/v2\/ppma_author?post=400060"}],"curies":[{"name":"wp","href":"https:\/\/api.w.org\/{rel}","templated":true}]}}