{"id":399767,"date":"2022-10-20T15:31:43","date_gmt":"2022-10-20T13:31:43","guid":{"rendered":"https:\/\/www.ecinews.fr\/?p=399767"},"modified":"2022-10-20T15:31:43","modified_gmt":"2022-10-20T13:31:43","slug":"electronica-le-hall-b5-utilise-comme-terrain-de-demonstration-pour-les-capteurs-neomesh","status":"publish","type":"post","link":"https:\/\/www.ecinews.fr\/fr\/electronica-le-hall-b5-utilise-comme-terrain-de-demonstration-pour-les-capteurs-neomesh\/","title":{"rendered":"Electronica : le hall B5 utilis\u00e9 comme terrain de d\u00e9monstration pour les capteurs NeoMesh"},"content":{"rendered":"<p>NeoCortec, fabricant de modules de r\u00e9seau maill\u00e9 sans fil bidirectionnels ultra-basse consommation, a mis au d\u00e9fi Markus Rytter, \u00e9tudiant en g\u00e9nie \u00e9lectronique, de concevoir et de mettre en place un r\u00e9seau sans fil NeoMesh dans le hall B5 d\u2019Electronica \u00e0 Munich o\u00f9 NeoCortec exposera sur le stand W11 du 15 au 18 novembre 2022. Des capteurs bas\u00e9s sur NeoMesh dispers\u00e9s dans le hall collecteront diverses donn\u00e9es environnementales dans le hall. Les mesures seront affich\u00e9es sur un moniteur sur le stand de NeoCortec. \u00ab Nous voulons montrer aux visiteurs \u00e0 quel point il est facile de travailler avec NeoMesh. Nous avons donc mis Markus au d\u00e9fi de concevoir et de mettre en \u0153uvre un r\u00e9seau de capteurs \u00e0 partir de z\u00e9ro, ce qui ne lui a laiss\u00e9 que deux mois pour tout mettre en service. Markus a accept\u00e9 le d\u00e9fi, et je suis convaincu qu\u2019il le fera fonctionner afin que nous ayons quelque chose d\u2019int\u00e9ressant \u00e0 montrer \u00e0 nos visiteurs. L\u2019objectif est de mettre en place un r\u00e9seau de capteurs aliment\u00e9s par batterie qui collecteront des donn\u00e9es telles que les valeurs du climat int\u00e9rieur et la densit\u00e9 de visiteurs dans les diff\u00e9rentes sections du hall.\u00a0\u00bb commente Thomas Steen Halkier, PDG de Neocortec.<\/p>\n<p>La solution de r\u00e9seau sans fil NeoMesh de NeoCortec offre de grands avantages d\u2019\u00e9volutivit\u00e9 massive, d\u2019ultra-faible consommation et de robustesse par rapport aux autres technologies sans fil actuellement sur le march\u00e9. NeoMesh est bas\u00e9 sur un maillage d\u00e9centralis\u00e9 de n\u0153uds autonomes qui ne d\u00e9pendent pas d\u2019un coordinateur r\u00e9seau. NeoMesh utilise une synchronisation temporelle tr\u00e8s pr\u00e9cise entre les n\u0153uds, permettant aux n\u0153uds de se mettre en veille et de se r\u00e9veiller efficacement uniquement lorsque cela est n\u00e9cessaire. La plupart du temps, les n\u0153uds sont endormis avec leur radio \u00e9teinte. Cependant, \u00e0 intervalles r\u00e9guliers, les radios se r\u00e9veillent pour \u00e9couter les messages et envoyer des messages si n\u00e9cessaire, avant de se rendormir. Cette approche se traduit par une consommation d\u2019\u00e9nergie moyenne de seulement quelques 10 microamp\u00e8res, ce qui permet un fonctionnement aliment\u00e9 par batterie sur un seul ensemble de deux piles AA pendant plusieurs ann\u00e9es.<\/p>\n<p>La pile de protocoles NeoCortec unique est propos\u00e9e pour les bandes de fr\u00e9quences 2,4 GHz et inf\u00e9rieures \u00e0 1 GHz, livr\u00e9es dans une s\u00e9rie de modules pr\u00e9-approuv\u00e9s. Les modules conviennent \u00e0 un large \u00e9ventail d\u2019applications bas\u00e9es sur l\u2019IoT et les r\u00e9seaux de capteurs bas\u00e9s sur le cloud, y compris la maison intelligente et le lieu de travail intelligent, le comptage, la s\u00e9curit\u00e9, l\u2019agriculture, les transports, l\u2019industrie 4.0, la distribution m\u00e9dicale et alimentaire. Tous les modules NeoCortec partagent le m\u00eame encombrement minuscule de 11x18x2,6 mm, de sorte que le produit cible n\u2019a pas besoin d\u2019\u00eatre modifi\u00e9 pour prendre en charge une gamme compl\u00e8te de bandes de fr\u00e9quences.<\/p>\n<p>&nbsp;<\/p>\n<p><strong>\u00c0 propos de NeoCortec<\/strong><\/p>\n<p>NeoCortec a \u00e9t\u00e9 fond\u00e9e en 2007 dans le but de d\u00e9velopper et de breveter plusieurs innovations li\u00e9es aux r\u00e9seaux de capteurs sans fil. Aujourd\u2019hui, NeoCortec est un fournisseur de modules de r\u00e9seau maill\u00e9 sans fil bidirectionnels ultra-basse consommation. NeoCortec est bas\u00e9e \u00e0 Copenhague, au Danemark, et appartient au fonds de capital priv\u00e9 danois HP Holding A\/S.<\/p>\n<p><a href=\"http:\/\/www.neocortec.com\/\">www.neocortec.com<\/a><\/p>\n","protected":false},"excerpt":{"rendered":"<p>NeoCortec, fabricant de modules de r\u00e9seau maill\u00e9 sans fil bidirectionnels ultra-basse consommation, a mis au d\u00e9fi Markus Rytter, \u00e9tudiant en g\u00e9nie \u00e9lectronique, de concevoir et de mettre en place un r\u00e9seau sans fil NeoMesh dans le hall B5 d\u2019Electronica \u00e0 Munich o\u00f9 NeoCortec exposera sur le stand W11 du 15 au 18 novembre 2022. Des [&hellip;]<\/p>\n","protected":false},"author":36,"featured_media":399768,"comment_status":"closed","ping_status":"closed","sticky":false,"template":"","format":"standard","meta":{"_acf_changed":false,"footnotes":""},"categories":[886],"tags":[937,915],"domains":[47],"ppma_author":[1154],"class_list":["post-399767","post","type-post","status-publish","format-standard","has-post-thumbnail","hentry","category-news-fr","tag-capteur","tag-wireless-communications-fr","domains-electronique-eci"],"acf":[],"yoast_head":"<title>Electronica : le hall B5 utilis\u00e9 comme terrain de d\u00e9monstrati...<\/title>\n<meta name=\"description\" content=\"NeoCortec, fabricant de modules de r\u00e9seau maill\u00e9 sans fil bidirectionnels ultra-basse consommation, a mis au d\u00e9fi Markus Rytter, \u00e9tudiant en g\u00e9nie...\" \/>\n<meta name=\"robots\" content=\"index, follow, max-snippet:-1, max-image-preview:large, max-video-preview:-1\" \/>\n<link rel=\"canonical\" href=\"https:\/\/www.ecinews.fr\/fr\/wp-json\/wp\/v2\/posts\/399767\/\" \/>\n<meta property=\"og:locale\" content=\"fr_FR\" \/>\n<meta property=\"og:type\" content=\"article\" \/>\n<meta property=\"og:title\" content=\"Electronica : le hall B5 utilis\u00e9 comme terrain de d\u00e9monstration pour les capteurs NeoMesh\" \/>\n<meta property=\"og:description\" content=\"NeoCortec, fabricant de modules de r\u00e9seau maill\u00e9 sans fil bidirectionnels ultra-basse consommation, a mis au d\u00e9fi Markus Rytter, \u00e9tudiant en g\u00e9nie \u00e9lectronique, de concevoir et de mettre en place un r\u00e9seau sans fil NeoMesh dans le hall B5 d\u2019Electronica \u00e0 Munich o\u00f9 NeoCortec exposera sur le stand W11 du 15 au 18 novembre 2022. Des [&hellip;]\" \/>\n<meta property=\"og:url\" content=\"https:\/\/www.ecinews.fr\/fr\/wp-json\/wp\/v2\/posts\/399767\/\" \/>\n<meta property=\"og:site_name\" content=\"EENewsEurope\" \/>\n<meta property=\"article:published_time\" content=\"2022-10-20T13:31:43+00:00\" \/>\n<meta property=\"og:image\" content=\"https:\/\/www.ecinews.fr\/wp-content\/uploads\/2022\/10\/ECI1488_Neocortec-actu-scaled.jpg\" \/>\n\t<meta property=\"og:image:width\" content=\"1080\" \/>\n\t<meta property=\"og:image:height\" content=\"523\" \/>\n\t<meta property=\"og:image:type\" content=\"image\/jpeg\" \/>\n<meta name=\"author\" content=\"Alain Dieul\" \/>\n<meta name=\"twitter:card\" content=\"summary_large_image\" \/>\n<meta name=\"twitter:label1\" content=\"Written by\" \/>\n\t<meta name=\"twitter:data1\" content=\"Alain Dieul\" \/>\n\t<meta name=\"twitter:label2\" content=\"Est. reading time\" \/>\n\t<meta name=\"twitter:data2\" content=\"3 minutes\" \/>\n<script type=\"application\/ld+json\" class=\"yoast-schema-graph\">{\"@context\":\"https:\/\/schema.org\",\"@graph\":[{\"@type\":\"Article\",\"@id\":\"https:\/\/www.ecinews.fr\/fr\/electronica-le-hall-b5-utilise-comme-terrain-de-demonstration-pour-les-capteurs-neomesh\/#article\",\"isPartOf\":{\"@id\":\"https:\/\/www.ecinews.fr\/fr\/electronica-le-hall-b5-utilise-comme-terrain-de-demonstration-pour-les-capteurs-neomesh\/\"},\"author\":{\"name\":\"Alain Dieul\",\"@id\":\"https:\/\/www.eenewseurope.com\/en\/#\/schema\/person\/e4387676ad67ce722325c7832f3c3762\"},\"headline\":\"Electronica : le hall B5 utilis\u00e9 comme terrain de d\u00e9monstration pour les capteurs NeoMesh\",\"datePublished\":\"2022-10-20T13:31:43+00:00\",\"dateModified\":\"2022-10-20T13:31:43+00:00\",\"mainEntityOfPage\":{\"@id\":\"https:\/\/www.ecinews.fr\/fr\/electronica-le-hall-b5-utilise-comme-terrain-de-demonstration-pour-les-capteurs-neomesh\/\"},\"wordCount\":582,\"publisher\":{\"@id\":\"https:\/\/www.eenewseurope.com\/en\/#organization\"},\"keywords\":[\"Capteur\",\"Wireless Communications\"],\"articleSection\":[\"Actualit\u00e9 g\u00e9n\u00e9rale\"],\"inLanguage\":\"fr-FR\"},{\"@type\":\"WebPage\",\"@id\":\"https:\/\/www.ecinews.fr\/fr\/electronica-le-hall-b5-utilise-comme-terrain-de-demonstration-pour-les-capteurs-neomesh\/\",\"url\":\"https:\/\/www.ecinews.fr\/fr\/electronica-le-hall-b5-utilise-comme-terrain-de-demonstration-pour-les-capteurs-neomesh\/\",\"name\":\"Electronica : le hall B5 utilis\u00e9 comme terrain de d\u00e9monstration pour les capteurs NeoMesh -\",\"isPartOf\":{\"@id\":\"https:\/\/www.eenewseurope.com\/en\/#website\"},\"datePublished\":\"2022-10-20T13:31:43+00:00\",\"dateModified\":\"2022-10-20T13:31:43+00:00\",\"breadcrumb\":{\"@id\":\"https:\/\/www.ecinews.fr\/fr\/electronica-le-hall-b5-utilise-comme-terrain-de-demonstration-pour-les-capteurs-neomesh\/#breadcrumb\"},\"inLanguage\":\"fr-FR\",\"potentialAction\":[{\"@type\":\"ReadAction\",\"target\":[\"https:\/\/www.ecinews.fr\/fr\/electronica-le-hall-b5-utilise-comme-terrain-de-demonstration-pour-les-capteurs-neomesh\/\"]}]},{\"@type\":\"BreadcrumbList\",\"@id\":\"https:\/\/www.ecinews.fr\/fr\/electronica-le-hall-b5-utilise-comme-terrain-de-demonstration-pour-les-capteurs-neomesh\/#breadcrumb\",\"itemListElement\":[{\"@type\":\"ListItem\",\"position\":1,\"name\":\"Home\",\"item\":\"https:\/\/www.ecinews.fr\/fr\/\"},{\"@type\":\"ListItem\",\"position\":2,\"name\":\"Electronica : le hall B5 utilis\u00e9 comme terrain de d\u00e9monstration pour les capteurs NeoMesh\"}]},{\"@type\":\"WebSite\",\"@id\":\"https:\/\/www.eenewseurope.com\/en\/#website\",\"url\":\"https:\/\/www.eenewseurope.com\/en\/\",\"name\":\"EENewsEurope\",\"description\":\"Just another WordPress site\",\"publisher\":{\"@id\":\"https:\/\/www.eenewseurope.com\/en\/#organization\"},\"potentialAction\":[{\"@type\":\"SearchAction\",\"target\":{\"@type\":\"EntryPoint\",\"urlTemplate\":\"https:\/\/www.eenewseurope.com\/en\/?s={search_term_string}\"},\"query-input\":\"required name=search_term_string\"}],\"inLanguage\":\"fr-FR\"},{\"@type\":\"Organization\",\"@id\":\"https:\/\/www.eenewseurope.com\/en\/#organization\",\"name\":\"EENewsEurope\",\"url\":\"https:\/\/www.eenewseurope.com\/en\/\",\"logo\":{\"@type\":\"ImageObject\",\"inLanguage\":\"fr-FR\",\"@id\":\"https:\/\/www.eenewseurope.com\/en\/#\/schema\/logo\/image\/\",\"url\":\"https:\/\/www.ecinews.fr\/wp-content\/uploads\/2022\/02\/logo-1.jpg\",\"contentUrl\":\"https:\/\/www.ecinews.fr\/wp-content\/uploads\/2022\/02\/logo-1.jpg\",\"width\":283,\"height\":113,\"caption\":\"EENewsEurope\"},\"image\":{\"@id\":\"https:\/\/www.eenewseurope.com\/en\/#\/schema\/logo\/image\/\"}},{\"@type\":\"Person\",\"@id\":\"https:\/\/www.eenewseurope.com\/en\/#\/schema\/person\/e4387676ad67ce722325c7832f3c3762\",\"name\":\"Alain Dieul\",\"image\":{\"@type\":\"ImageObject\",\"inLanguage\":\"fr-FR\",\"@id\":\"https:\/\/www.eenewseurope.com\/en\/#\/schema\/person\/image\/736120675699dbbf0f0f282b9a9cfb75\",\"url\":\"https:\/\/secure.gravatar.com\/avatar\/bc93b056d07515be5b8eecd4acf49c5c?s=96&d=mm&r=g\",\"contentUrl\":\"https:\/\/secure.gravatar.com\/avatar\/bc93b056d07515be5b8eecd4acf49c5c?s=96&d=mm&r=g\",\"caption\":\"Alain Dieul\"},\"sameAs\":[\"http:\/\/ECINews\"]}]}<\/script>","yoast_head_json":{"title":"Electronica : le hall B5 utilis\u00e9 comme terrain de d\u00e9monstrati...","description":"NeoCortec, fabricant de modules de r\u00e9seau maill\u00e9 sans fil bidirectionnels ultra-basse consommation, a mis au d\u00e9fi Markus Rytter, \u00e9tudiant en g\u00e9nie...","robots":{"index":"index","follow":"follow","max-snippet":"max-snippet:-1","max-image-preview":"max-image-preview:large","max-video-preview":"max-video-preview:-1"},"canonical":"https:\/\/www.ecinews.fr\/fr\/wp-json\/wp\/v2\/posts\/399767\/","og_locale":"fr_FR","og_type":"article","og_title":"Electronica : le hall B5 utilis\u00e9 comme terrain de d\u00e9monstration pour les capteurs NeoMesh","og_description":"NeoCortec, fabricant de modules de r\u00e9seau maill\u00e9 sans fil bidirectionnels ultra-basse consommation, a mis au d\u00e9fi Markus Rytter, \u00e9tudiant en g\u00e9nie \u00e9lectronique, de concevoir et de mettre en place un r\u00e9seau sans fil NeoMesh dans le hall B5 d\u2019Electronica \u00e0 Munich o\u00f9 NeoCortec exposera sur le stand W11 du 15 au 18 novembre 2022. Des [&hellip;]","og_url":"https:\/\/www.ecinews.fr\/fr\/wp-json\/wp\/v2\/posts\/399767\/","og_site_name":"EENewsEurope","article_published_time":"2022-10-20T13:31:43+00:00","og_image":[{"width":1080,"height":523,"url":"https:\/\/www.ecinews.fr\/wp-content\/uploads\/2022\/10\/ECI1488_Neocortec-actu-scaled.jpg","type":"image\/jpeg"}],"author":"Alain Dieul","twitter_card":"summary_large_image","twitter_misc":{"Written by":"Alain Dieul","Est. reading time":"3 minutes"},"schema":{"@context":"https:\/\/schema.org","@graph":[{"@type":"Article","@id":"https:\/\/www.ecinews.fr\/fr\/electronica-le-hall-b5-utilise-comme-terrain-de-demonstration-pour-les-capteurs-neomesh\/#article","isPartOf":{"@id":"https:\/\/www.ecinews.fr\/fr\/electronica-le-hall-b5-utilise-comme-terrain-de-demonstration-pour-les-capteurs-neomesh\/"},"author":{"name":"Alain Dieul","@id":"https:\/\/www.eenewseurope.com\/en\/#\/schema\/person\/e4387676ad67ce722325c7832f3c3762"},"headline":"Electronica : le hall B5 utilis\u00e9 comme terrain de d\u00e9monstration pour les capteurs NeoMesh","datePublished":"2022-10-20T13:31:43+00:00","dateModified":"2022-10-20T13:31:43+00:00","mainEntityOfPage":{"@id":"https:\/\/www.ecinews.fr\/fr\/electronica-le-hall-b5-utilise-comme-terrain-de-demonstration-pour-les-capteurs-neomesh\/"},"wordCount":582,"publisher":{"@id":"https:\/\/www.eenewseurope.com\/en\/#organization"},"keywords":["Capteur","Wireless Communications"],"articleSection":["Actualit\u00e9 g\u00e9n\u00e9rale"],"inLanguage":"fr-FR"},{"@type":"WebPage","@id":"https:\/\/www.ecinews.fr\/fr\/electronica-le-hall-b5-utilise-comme-terrain-de-demonstration-pour-les-capteurs-neomesh\/","url":"https:\/\/www.ecinews.fr\/fr\/electronica-le-hall-b5-utilise-comme-terrain-de-demonstration-pour-les-capteurs-neomesh\/","name":"Electronica : le hall B5 utilis\u00e9 comme terrain de d\u00e9monstration pour les capteurs NeoMesh -","isPartOf":{"@id":"https:\/\/www.eenewseurope.com\/en\/#website"},"datePublished":"2022-10-20T13:31:43+00:00","dateModified":"2022-10-20T13:31:43+00:00","breadcrumb":{"@id":"https:\/\/www.ecinews.fr\/fr\/electronica-le-hall-b5-utilise-comme-terrain-de-demonstration-pour-les-capteurs-neomesh\/#breadcrumb"},"inLanguage":"fr-FR","potentialAction":[{"@type":"ReadAction","target":["https:\/\/www.ecinews.fr\/fr\/electronica-le-hall-b5-utilise-comme-terrain-de-demonstration-pour-les-capteurs-neomesh\/"]}]},{"@type":"BreadcrumbList","@id":"https:\/\/www.ecinews.fr\/fr\/electronica-le-hall-b5-utilise-comme-terrain-de-demonstration-pour-les-capteurs-neomesh\/#breadcrumb","itemListElement":[{"@type":"ListItem","position":1,"name":"Home","item":"https:\/\/www.ecinews.fr\/fr\/"},{"@type":"ListItem","position":2,"name":"Electronica : le hall B5 utilis\u00e9 comme terrain de d\u00e9monstration pour les capteurs NeoMesh"}]},{"@type":"WebSite","@id":"https:\/\/www.eenewseurope.com\/en\/#website","url":"https:\/\/www.eenewseurope.com\/en\/","name":"EENewsEurope","description":"Just another WordPress site","publisher":{"@id":"https:\/\/www.eenewseurope.com\/en\/#organization"},"potentialAction":[{"@type":"SearchAction","target":{"@type":"EntryPoint","urlTemplate":"https:\/\/www.eenewseurope.com\/en\/?s={search_term_string}"},"query-input":"required name=search_term_string"}],"inLanguage":"fr-FR"},{"@type":"Organization","@id":"https:\/\/www.eenewseurope.com\/en\/#organization","name":"EENewsEurope","url":"https:\/\/www.eenewseurope.com\/en\/","logo":{"@type":"ImageObject","inLanguage":"fr-FR","@id":"https:\/\/www.eenewseurope.com\/en\/#\/schema\/logo\/image\/","url":"https:\/\/www.ecinews.fr\/wp-content\/uploads\/2022\/02\/logo-1.jpg","contentUrl":"https:\/\/www.ecinews.fr\/wp-content\/uploads\/2022\/02\/logo-1.jpg","width":283,"height":113,"caption":"EENewsEurope"},"image":{"@id":"https:\/\/www.eenewseurope.com\/en\/#\/schema\/logo\/image\/"}},{"@type":"Person","@id":"https:\/\/www.eenewseurope.com\/en\/#\/schema\/person\/e4387676ad67ce722325c7832f3c3762","name":"Alain Dieul","image":{"@type":"ImageObject","inLanguage":"fr-FR","@id":"https:\/\/www.eenewseurope.com\/en\/#\/schema\/person\/image\/736120675699dbbf0f0f282b9a9cfb75","url":"https:\/\/secure.gravatar.com\/avatar\/bc93b056d07515be5b8eecd4acf49c5c?s=96&d=mm&r=g","contentUrl":"https:\/\/secure.gravatar.com\/avatar\/bc93b056d07515be5b8eecd4acf49c5c?s=96&d=mm&r=g","caption":"Alain Dieul"},"sameAs":["http:\/\/ECINews"]}]}},"authors":[{"term_id":1154,"user_id":36,"is_guest":0,"slug":"alain-dieul","display_name":"Alain Dieul","avatar_url":"https:\/\/secure.gravatar.com\/avatar\/bc93b056d07515be5b8eecd4acf49c5c?s=96&d=mm&r=g","0":null,"1":"","2":"","3":"","4":"","5":"","6":"","7":"","8":""}],"_links":{"self":[{"href":"https:\/\/www.ecinews.fr\/fr\/wp-json\/wp\/v2\/posts\/399767"}],"collection":[{"href":"https:\/\/www.ecinews.fr\/fr\/wp-json\/wp\/v2\/posts"}],"about":[{"href":"https:\/\/www.ecinews.fr\/fr\/wp-json\/wp\/v2\/types\/post"}],"author":[{"embeddable":true,"href":"https:\/\/www.ecinews.fr\/fr\/wp-json\/wp\/v2\/users\/36"}],"replies":[{"embeddable":true,"href":"https:\/\/www.ecinews.fr\/fr\/wp-json\/wp\/v2\/comments?post=399767"}],"version-history":[{"count":0,"href":"https:\/\/www.ecinews.fr\/fr\/wp-json\/wp\/v2\/posts\/399767\/revisions"}],"wp:featuredmedia":[{"embeddable":true,"href":"https:\/\/www.ecinews.fr\/fr\/wp-json\/wp\/v2\/media\/399768"}],"wp:attachment":[{"href":"https:\/\/www.ecinews.fr\/fr\/wp-json\/wp\/v2\/media?parent=399767"}],"wp:term":[{"taxonomy":"category","embeddable":true,"href":"https:\/\/www.ecinews.fr\/fr\/wp-json\/wp\/v2\/categories?post=399767"},{"taxonomy":"post_tag","embeddable":true,"href":"https:\/\/www.ecinews.fr\/fr\/wp-json\/wp\/v2\/tags?post=399767"},{"taxonomy":"domains","embeddable":true,"href":"https:\/\/www.ecinews.fr\/fr\/wp-json\/wp\/v2\/domains?post=399767"},{"taxonomy":"author","embeddable":true,"href":"https:\/\/www.ecinews.fr\/fr\/wp-json\/wp\/v2\/ppma_author?post=399767"}],"curies":[{"name":"wp","href":"https:\/\/api.w.org\/{rel}","templated":true}]}}