{"id":399724,"date":"2022-10-20T11:44:05","date_gmt":"2022-10-20T09:44:05","guid":{"rendered":"https:\/\/www.eenewseurope.com\/?p=399724"},"modified":"2022-10-21T07:49:12","modified_gmt":"2022-10-21T05:49:12","slug":"lue-veut-sa-souverainete-dans-les-composants-gan-pour-lespace","status":"publish","type":"post","link":"https:\/\/www.ecinews.fr\/fr\/lue-veut-sa-souverainete-dans-les-composants-gan-pour-lespace\/","title":{"rendered":"L&rsquo;UE veut la souverainet\u00e9 dans les composants GaN pour l&rsquo;espace"},"content":{"rendered":"<h2><span class=\"HwtZe\" lang=\"fr\"><span class=\"jCAhz\"><span class=\"ryNqvb\">L&rsquo;UE a commandit\u00e9 un projet visant \u00e0 d\u00e9velopper une cha\u00eene d&rsquo;approvisionnement ind\u00e9pendante pour les composants de puissance GaN pour l&rsquo;espace. <\/span><\/span><\/span><\/h2>\n<p><span class=\"HwtZe\" lang=\"fr\"><span class=\"jCAhz\"><span class=\"ryNqvb\">Le projet SAGAN de 2,4\u00a0millions d&rsquo;euros concerne les syst\u00e8mes d&rsquo;alimentation \u00e9lectrique\u00a0(EPS) pour les futures plates-formes satellitaires et les charges utiles. Il s&rsquo;agit d&rsquo;une technologie cl\u00e9 pour des projets tels que les centres de donn\u00e9es en orbite. <\/span><\/span><\/span><\/p>\n<ul>\n<li>\n<p class=\"title\"><a title=\"L\u2019Europe veut des centres de donn\u00e9es dans l\u2019espace et apporte \u20ac200 millions\/an\" href=\"https:\/\/www.ecinews.fr\/fr\/leurope-veut-des-centres-de-donnees-dans-lespace-et-apporte-e200-millions-an\/\" target=\"_blank\" rel=\"noopener\">L\u2019Europe veut des centres de donn\u00e9es dans l\u2019espace et apporte \u20ac200 millions\/an<\/a><\/p>\n<\/li>\n<li>\n<p class=\"title\"><a title=\"La France fait pression pour de nouveaux projets \u00e9lectroniques en Europe\" href=\"https:\/\/www.ecinews.fr\/fr\/la-france-fait-pression-pour-de-nouveaux-projets-electroniques-en-europe\/\" target=\"_blank\" rel=\"noopener\">La France fait pression pour de nouveaux projets \u00e9lectroniques en Europe<\/a><\/p>\n<\/li>\n<li><a href=\"https:\/\/www.electronique-eci.com\/news\/leurope-lance-son-grand-projet-6g-hexa-x\" target=\"www.electronique-eci.com\" rel=\"noopener\">L\u2019Europe lance son grand projet 6G Hexa-X<\/a><\/li>\n<li><a href=\"https:\/\/www.eenewseurope.com\/en\/satellite-servers-in-the-sky-aim-for-global-broadband\/\">Satellite servers in the sky aim for global broadband<\/a><\/li>\n<\/ul>\n<p><span class=\"HwtZe\" lang=\"fr\"><span class=\"jCAhz\"><span class=\"ryNqvb\">\u00ab\u00a0Actuellement, l&rsquo;Europe n&rsquo;a pas les capacit\u00e9s de produire des transistors GaN pour l&rsquo;espace \u00e0 moins de s&rsquo;appuyer sur des pays ext\u00e9rieurs pour la majeure partie de la cha\u00eene d&rsquo;approvisionnement, ce qui ne peut jamais \u00eatre tenu pour acquis. SAGAN \u00e9tablira une cha\u00eene d&rsquo;approvisionnement non d\u00e9pendante (conception, fabrication, traitement et tests de qualification) pour les transistors GaN adapt\u00e9s aux applications spatiales \u00bb, indique le cahier des charges du projet. <\/span><\/span><\/span><\/p>\n<p><span class=\"HwtZe\" lang=\"fr\"><span class=\"jCAhz\"><span class=\"ryNqvb\">L&rsquo;Agence spatiale europ\u00e9enne (ESA) propose l&rsquo;initiative EEE Space Component Sovereignty for Europe \u00e0 l&rsquo;approbation des ministres europ\u00e9ens de l&rsquo;espace lors du Conseil de l&rsquo;Agence au niveau minist\u00e9riel cette semaine.<\/span><\/span><\/span><\/p>\n<ul>\n<li><a href=\"https:\/\/www.eenewseurope.com\/en\/project-to-evaluate-gan-in-space\/\">Project to evaluate GaN in space<\/a><\/li>\n<li><a href=\"https:\/\/www.eenewspower.com\/en\/rad-hard-gan-joint-venture-for-space-applications\/\">Rad hard GaN joint venture for space applications<\/a><\/li>\n<\/ul>\n<p><span class=\"HwtZe\" lang=\"fr\"><span class=\"jCAhz\"><span class=\"ryNqvb\">\u00ab\u00a0La d\u00e9monstration et le test r\u00e9el sont vraiment essentiels pour une adoption plus large du GaN, malgr\u00e9 ses avantages \u00e9vidents\u00a0\u00bb, a d\u00e9clar\u00e9 l&rsquo;ing\u00e9nieur de l&rsquo;ESA V\u00e1clav Valenta. \u00ab\u00a0Les chefs de mission ont tendance \u00e0 privil\u00e9gier des choix technologiques \u00e9prouv\u00e9s car ils recherchent avant tout la fiabilit\u00e9. Une \u00e9valuation et des tests rigoureux de la technologie GaN sur le terrain sont donc essentiels pour comprendre son potentiel et ses limites, et trouver des solutions rendant la technologie compatible avec l&rsquo;espace en termes de marges de fiabilit\u00e9. C&rsquo;est ce qui conduira \u00e9ventuellement \u00e0 l&rsquo;utilisation g\u00e9n\u00e9ralis\u00e9e de la technologie GaN dans l&rsquo;espace. <\/span><\/span><\/span><\/p>\n<p><span class=\"HwtZe\" lang=\"fr\"><span class=\"jCAhz\"><span class=\"ryNqvb\">Cependant, l&rsquo;ESA a d\u00e9j\u00e0 un projet en cours d&rsquo;\u00e9valuation pour des convertisseurs DC-DC haute tension et haute vitesse de commutation bas\u00e9s sur la technologie GaN. <\/span><\/span><\/span><\/p>\n<p>&nbsp;<\/p>\n<ul>\n<li>\n<p class=\"title\"><a title=\"Thierry Breton secoue le spatial europ\u00e9en avec un plan \u00e0 13 milliards d\u2019\u20ac\" href=\"https:\/\/www.ecinews.fr\/fr\/thierry-breton-secoue-le-spatial-europeen-avec-un-plan-a-13-milliards-de\/\" target=\"_blank\" rel=\"noopener\">Thierry Breton secoue le spatial europ\u00e9en avec un plan \u00e0 13 milliards d\u2019\u20ac<\/a><\/p>\n<\/li>\n<\/ul>\n<p><span class=\"HwtZe\" lang=\"fr\"><span class=\"jCAhz\"><span class=\"ryNqvb\">Des programmes de travail \u00e0 l&rsquo;ESA ont d\u00e9j\u00e0 \u00e9t\u00e9 achev\u00e9s avec succ\u00e8s pour d\u00e9montrer la fabrication de la technologie de composants GaN HEMT \u00ab\u00a0normalement activ\u00e9\u00a0\u00bb en utilisant une ligne de production compatible CMOS silicium pour une application \u00e0 faible co\u00fbt. Les performances de r\u00e9sistance aux rayonnements ont \u00e9t\u00e9 d\u00e9montr\u00e9es et une d\u00e9monstration interne pr\u00e9liminaire de l&rsquo;ESA d&rsquo;une commutation \u00e0 10 MHz a montr\u00e9 des r\u00e9sultats prometteurs, dit-il. Ceci est consid\u00e9rablement plus \u00e9lev\u00e9 que les 1 \u00e0 2 MHz obtenus pour les conceptions GaN commerciales. <\/span><\/span><\/span><\/p>\n<p><span class=\"HwtZe\" lang=\"fr\"><span class=\"jCAhz\"><span class=\"ryNqvb\">Il y a eu plusieurs projets ces derni\u00e8res ann\u00e9es sur GaN pour la RF plut\u00f4t que pour l&rsquo;alimentation. <\/span><\/span><\/span><\/p>\n<p><span class=\"HwtZe\" lang=\"fr\"><span class=\"jCAhz\"><span class=\"ryNqvb\">Le centre technologique ESTEC de l&rsquo;ESA aux Pays-Bas a r\u00e9cemment supervis\u00e9 les tests de dur\u00e9e de vie de circuits int\u00e9gr\u00e9s micro-ondes monolithiques (MMIC) d&rsquo;amplificateurs haute puissance \u00e0 base de GaN. <\/span><\/span><\/span><\/p>\n<p><span class=\"HwtZe\" lang=\"fr\"><span class=\"jCAhz\"><span class=\"ryNqvb\">Construits par le sp\u00e9cialiste RF United Monolithic Semiconductors (UMS) \u00e0 Ulm, en Allemagne, ces dispositifs sont \u00e0 la base d&rsquo;une conception d&rsquo;un double amplificateur de puissance \u00e0 semiconducteurs en cours de d\u00e9veloppement par SENER en Espagne dans le cadre du projet de partenariat PACIS3 de l&rsquo;ESA. Cet amplificateur est configur\u00e9 pour fonctionner \u00e0 bord d&rsquo;une paire de satellites de t\u00e9l\u00e9communications Hisdesat de nouvelle g\u00e9n\u00e9ration, dont le lancement est pr\u00e9vu en 2023-4. OMMIC en France fabrique \u00e9galement des dispositifs RF GaN pour l&rsquo;espace <\/span><\/span><\/span><\/p>\n<p><span class=\"HwtZe\" lang=\"fr\"><span class=\"jCAhz\"><span class=\"ryNqvb\">En 2008, l&rsquo;ESA a lanc\u00e9 son initiative d&rsquo;am\u00e9lioration de la fiabilit\u00e9 et de transfert de technologie GaN (GREAT2), r\u00e9unissant des instituts de recherche et des industries de fabrication de premier plan pour mettre en place une cha\u00eene d&rsquo;approvisionnement europ\u00e9enne ind\u00e9pendante afin de fabriquer des dispositifs GaN de haute qualit\u00e9 pour les syst\u00e8mes de communication spatiale. Cela a conduit \u00e0 qualifier UMS et OMMIC comme fournisseurs. <\/span><\/span><\/span><\/p>\n<p><span class=\"HwtZe\" lang=\"fr\"><span class=\"jCAhz\"><span class=\"ryNqvb\">Aux \u00c9tats-Unis, EPC a cr\u00e9\u00e9 une joint-venture pour l&rsquo;\u00e9nergie GaN dans l&rsquo;espace avec VPT, qui fait partie du groupe Heico Electronic Technologies. VPT fournit des convertisseurs DC-DC et des filtres EMI \u00e0 l&rsquo;ESA, BAE Systems et Thales.<\/span><\/span><\/span><\/p>\n<p><span class=\"HwtZe\" lang=\"fr\"><span class=\"jCAhz\"><span class=\"ryNqvb\">Cependant, un important fournisseur europ\u00e9en de GaN, Nexperia, appartient \u00e0 une soci\u00e9t\u00e9 consid\u00e9r\u00e9e comme ayant des liens avec l&rsquo;\u00c9tat chinois et pourrait donc \u00eatre exclue de la cha\u00eene d&rsquo;approvisionnement europ\u00e9enne.<\/span><\/span><\/span><\/p>\n<p><span class=\"HwtZe\" lang=\"fr\"><span class=\"jCAhz\"><span class=\"ryNqvb\"> Le fait que Nexperia soit contr\u00f4l\u00e9 par Wingtech Technology en chine a conduit l&rsquo;acquisition par Nexperia de Newport Wafer Fab et de sa fonderie de GaN de puissance au Pays de Galles \u00e0 \u00eatre contest\u00e9e par le gouvernement britannique pour des raisons de s\u00e9curit\u00e9 nationale. Le gouvernement recherche actuellement un autre deal. <\/span><\/span><\/span><\/p>\n<p><span class=\"HwtZe\" lang=\"fr\"><span class=\"jCAhz\"><span class=\"ryNqvb\">Un autre fournisseur europ\u00e9en, STMicroelectronics, d\u00e9veloppe \u00e9galement des composants de puissance HEMT GaN sur silicium et une technologie RF dans des usines en France et en Italie, mais n&rsquo;a pas cibl\u00e9 d&rsquo;applications spatiales.<\/span><\/span><\/span><\/p>\n<ul>\n<li>\n<p class=\"title\"><a title=\"https:\/\/www.ecinews.fr\/fr\/stmicroelectronics-associe-gan-et-microcontroleurs-sur-une-meme-puce\/\" href=\"https:\/\/www.ecinews.fr\/fr\/stmicroelectronics-associe-gan-et-microcontroleurs-sur-une-meme-puce\/\" target=\"_blank\" rel=\"noopener\">STMicroelectronics associe GaN et microcontr\u00f4leurs sur une m\u00eame puce<\/a><\/p>\n<\/li>\n<li><a href=\"https:\/\/www.eenewseurope.com\/en\/uk-delays-decision-on-newport-wafer-fab-amid-ownership-negotiations\/\">UK delays decision on Newport Wafer Fab amid ownership negotiations<\/a><\/li>\n<li><a href=\"https:\/\/www.eenewseurope.com\/en\/technology-fund-looks-to-possible-newport-wafer-fab-rescue\/\">Technology fund looks to possible Newport Wafer Fab rescue<\/a><\/li>\n<li><a href=\"https:\/\/www.eenewseurope.com\/en\/newport-chip-foundry-still-possible-says-nexperia\/\">Newport chip foundry still possible says Nexperia<\/a><\/li>\n<\/ul>\n<p>&nbsp;<\/p>\n","protected":false},"excerpt":{"rendered":"<p>L&rsquo;UE a commandit\u00e9 un projet visant \u00e0 d\u00e9velopper une cha\u00eene d&rsquo;approvisionnement ind\u00e9pendante pour les composants de puissance GaN pour l&rsquo;espace.<\/p>\n","protected":false},"author":34,"featured_media":399712,"comment_status":"closed","ping_status":"closed","sticky":true,"template":"","format":"standard","meta":{"_acf_changed":false,"footnotes":""},"categories":[18,883],"tags":[909,1164,1363,1104,913],"domains":[47],"ppma_author":[1153,1138],"class_list":["post-399724","post","type-post","status-publish","format-standard","has-post-thumbnail","hentry","category-business-news","category-technologies","tag-batteries-power-supplies-fr","tag-composants-de-puissance","tag-espace","tag-gan-fr","tag-materials-processes-fr","domains-electronique-eci"],"acf":[],"yoast_head":"<title>L&#039;UE veut la souverainet\u00e9 dans les composants GaN pour l&#039;espace ...<\/title>\n<meta name=\"description\" content=\"L&#039;UE a un projet visant \u00e0 d\u00e9velopper une cha\u00eene d&#039;approvisionnement ind\u00e9pendante pour les composants de puissance GaN pour l&#039;espace.\" \/>\n<meta name=\"robots\" content=\"index, follow, max-snippet:-1, max-image-preview:large, max-video-preview:-1\" \/>\n<link rel=\"canonical\" href=\"https:\/\/www.ecinews.fr\/fr\/wp-json\/wp\/v2\/posts\/399724\/\" \/>\n<meta property=\"og:locale\" content=\"fr_FR\" \/>\n<meta property=\"og:type\" content=\"article\" \/>\n<meta property=\"og:title\" content=\"L&#039;UE veut la souverainet\u00e9 dans les composants GaN pour l&#039;espace\" \/>\n<meta property=\"og:description\" content=\"L&#039;UE a un projet visant \u00e0 d\u00e9velopper une cha\u00eene d&#039;approvisionnement ind\u00e9pendante pour les composants de puissance GaN pour l&#039;espace.\" \/>\n<meta property=\"og:url\" content=\"https:\/\/www.ecinews.fr\/fr\/wp-json\/wp\/v2\/posts\/399724\/\" \/>\n<meta property=\"og:site_name\" content=\"EENewsEurope\" \/>\n<meta property=\"article:published_time\" content=\"2022-10-20T09:44:05+00:00\" \/>\n<meta property=\"article:modified_time\" content=\"2022-10-21T05:49:12+00:00\" \/>\n<meta property=\"og:image\" content=\"https:\/\/www.ecinews.fr\/wp-content\/uploads\/2022\/10\/GaN_wafer_pillars-scaled.jpg\" \/>\n\t<meta property=\"og:image:width\" content=\"1080\" \/>\n\t<meta property=\"og:image:height\" content=\"720\" \/>\n\t<meta property=\"og:image:type\" content=\"image\/jpeg\" \/>\n<meta name=\"author\" content=\"A Delapalisse, Nick Flaherty\" \/>\n<meta name=\"twitter:card\" content=\"summary_large_image\" \/>\n<meta name=\"twitter:label1\" content=\"Written by\" \/>\n\t<meta name=\"twitter:data1\" content=\"A Delapalisse\" \/>\n\t<meta name=\"twitter:label2\" content=\"Est. reading time\" \/>\n\t<meta name=\"twitter:data2\" content=\"4 minutes\" \/>\n<script type=\"application\/ld+json\" class=\"yoast-schema-graph\">{\"@context\":\"https:\/\/schema.org\",\"@graph\":[{\"@type\":\"Article\",\"@id\":\"https:\/\/www.ecinews.fr\/fr\/lue-veut-sa-souverainete-dans-les-composants-gan-pour-lespace\/#article\",\"isPartOf\":{\"@id\":\"https:\/\/www.ecinews.fr\/fr\/lue-veut-sa-souverainete-dans-les-composants-gan-pour-lespace\/\"},\"author\":{\"name\":\"A Delapalisse\",\"@id\":\"https:\/\/www.ecinews.fr\/fr\/#\/schema\/person\/0aa2cfb0bd8949724a68cbac8d8321b4\"},\"headline\":\"L&rsquo;UE veut la souverainet\u00e9 dans les composants GaN pour l&rsquo;espace\",\"datePublished\":\"2022-10-20T09:44:05+00:00\",\"dateModified\":\"2022-10-21T05:49:12+00:00\",\"mainEntityOfPage\":{\"@id\":\"https:\/\/www.ecinews.fr\/fr\/lue-veut-sa-souverainete-dans-les-composants-gan-pour-lespace\/\"},\"wordCount\":923,\"publisher\":{\"@id\":\"https:\/\/www.ecinews.fr\/fr\/#organization\"},\"keywords\":[\"Batteries \/ Power Supplies\",\"Composants de puissance\",\"Espace\",\"GaN\",\"Materials &amp; processes\"],\"articleSection\":[\"Business news\",\"Technologies\"],\"inLanguage\":\"fr-FR\"},{\"@type\":\"WebPage\",\"@id\":\"https:\/\/www.ecinews.fr\/fr\/lue-veut-sa-souverainete-dans-les-composants-gan-pour-lespace\/\",\"url\":\"https:\/\/www.ecinews.fr\/fr\/lue-veut-sa-souverainete-dans-les-composants-gan-pour-lespace\/\",\"name\":\"L'UE veut la souverainet\u00e9 dans les composants GaN pour l'espace -\",\"isPartOf\":{\"@id\":\"https:\/\/www.ecinews.fr\/fr\/#website\"},\"datePublished\":\"2022-10-20T09:44:05+00:00\",\"dateModified\":\"2022-10-21T05:49:12+00:00\",\"description\":\"L'UE a un projet visant \u00e0 d\u00e9velopper une cha\u00eene d'approvisionnement ind\u00e9pendante pour les composants de puissance GaN pour l'espace.\",\"breadcrumb\":{\"@id\":\"https:\/\/www.ecinews.fr\/fr\/lue-veut-sa-souverainete-dans-les-composants-gan-pour-lespace\/#breadcrumb\"},\"inLanguage\":\"fr-FR\",\"potentialAction\":[{\"@type\":\"ReadAction\",\"target\":[\"https:\/\/www.ecinews.fr\/fr\/lue-veut-sa-souverainete-dans-les-composants-gan-pour-lespace\/\"]}]},{\"@type\":\"BreadcrumbList\",\"@id\":\"https:\/\/www.ecinews.fr\/fr\/lue-veut-sa-souverainete-dans-les-composants-gan-pour-lespace\/#breadcrumb\",\"itemListElement\":[{\"@type\":\"ListItem\",\"position\":1,\"name\":\"Home\",\"item\":\"https:\/\/www.ecinews.fr\/fr\/\"},{\"@type\":\"ListItem\",\"position\":2,\"name\":\"L&rsquo;UE veut la souverainet\u00e9 dans les composants GaN pour l&rsquo;espace\"}]},{\"@type\":\"WebSite\",\"@id\":\"https:\/\/www.ecinews.fr\/fr\/#website\",\"url\":\"https:\/\/www.ecinews.fr\/fr\/\",\"name\":\"EENewsEurope\",\"description\":\"Just another WordPress site\",\"publisher\":{\"@id\":\"https:\/\/www.ecinews.fr\/fr\/#organization\"},\"potentialAction\":[{\"@type\":\"SearchAction\",\"target\":{\"@type\":\"EntryPoint\",\"urlTemplate\":\"https:\/\/www.ecinews.fr\/fr\/?s={search_term_string}\"},\"query-input\":\"required name=search_term_string\"}],\"inLanguage\":\"fr-FR\"},{\"@type\":\"Organization\",\"@id\":\"https:\/\/www.ecinews.fr\/fr\/#organization\",\"name\":\"EENewsEurope\",\"url\":\"https:\/\/www.ecinews.fr\/fr\/\",\"logo\":{\"@type\":\"ImageObject\",\"inLanguage\":\"fr-FR\",\"@id\":\"https:\/\/www.ecinews.fr\/fr\/#\/schema\/logo\/image\/\",\"url\":\"https:\/\/www.ecinews.fr\/wp-content\/uploads\/2022\/02\/logo-1.jpg\",\"contentUrl\":\"https:\/\/www.ecinews.fr\/wp-content\/uploads\/2022\/02\/logo-1.jpg\",\"width\":283,\"height\":113,\"caption\":\"EENewsEurope\"},\"image\":{\"@id\":\"https:\/\/www.ecinews.fr\/fr\/#\/schema\/logo\/image\/\"}},{\"@type\":\"Person\",\"@id\":\"https:\/\/www.ecinews.fr\/fr\/#\/schema\/person\/0aa2cfb0bd8949724a68cbac8d8321b4\",\"name\":\"A Delapalisse\",\"image\":{\"@type\":\"ImageObject\",\"inLanguage\":\"fr-FR\",\"@id\":\"https:\/\/www.ecinews.fr\/fr\/#\/schema\/person\/image\/211ac42237c2e9683c0964086c393cb4\",\"url\":\"https:\/\/secure.gravatar.com\/avatar\/ad45a8c5da24bc9c7c4940dd1c48a695?s=96&d=mm&r=g\",\"contentUrl\":\"https:\/\/secure.gravatar.com\/avatar\/ad45a8c5da24bc9c7c4940dd1c48a695?s=96&d=mm&r=g\",\"caption\":\"A Delapalisse\"},\"sameAs\":[\"http:\/\/ECI\"]}]}<\/script>","yoast_head_json":{"title":"L'UE veut la souverainet\u00e9 dans les composants GaN pour l'espace ...","description":"L'UE a un projet visant \u00e0 d\u00e9velopper une cha\u00eene d'approvisionnement ind\u00e9pendante pour les composants de puissance GaN pour l'espace.","robots":{"index":"index","follow":"follow","max-snippet":"max-snippet:-1","max-image-preview":"max-image-preview:large","max-video-preview":"max-video-preview:-1"},"canonical":"https:\/\/www.ecinews.fr\/fr\/wp-json\/wp\/v2\/posts\/399724\/","og_locale":"fr_FR","og_type":"article","og_title":"L'UE veut la souverainet\u00e9 dans les composants GaN pour l'espace","og_description":"L'UE a un projet visant \u00e0 d\u00e9velopper une cha\u00eene d'approvisionnement ind\u00e9pendante pour les composants de puissance GaN pour l'espace.","og_url":"https:\/\/www.ecinews.fr\/fr\/wp-json\/wp\/v2\/posts\/399724\/","og_site_name":"EENewsEurope","article_published_time":"2022-10-20T09:44:05+00:00","article_modified_time":"2022-10-21T05:49:12+00:00","og_image":[{"width":1080,"height":720,"url":"https:\/\/www.ecinews.fr\/wp-content\/uploads\/2022\/10\/GaN_wafer_pillars-scaled.jpg","type":"image\/jpeg"}],"author":"A Delapalisse, Nick Flaherty","twitter_card":"summary_large_image","twitter_misc":{"Written by":"A Delapalisse","Est. reading time":"4 minutes"},"schema":{"@context":"https:\/\/schema.org","@graph":[{"@type":"Article","@id":"https:\/\/www.ecinews.fr\/fr\/lue-veut-sa-souverainete-dans-les-composants-gan-pour-lespace\/#article","isPartOf":{"@id":"https:\/\/www.ecinews.fr\/fr\/lue-veut-sa-souverainete-dans-les-composants-gan-pour-lespace\/"},"author":{"name":"A Delapalisse","@id":"https:\/\/www.ecinews.fr\/fr\/#\/schema\/person\/0aa2cfb0bd8949724a68cbac8d8321b4"},"headline":"L&rsquo;UE veut la souverainet\u00e9 dans les composants GaN pour l&rsquo;espace","datePublished":"2022-10-20T09:44:05+00:00","dateModified":"2022-10-21T05:49:12+00:00","mainEntityOfPage":{"@id":"https:\/\/www.ecinews.fr\/fr\/lue-veut-sa-souverainete-dans-les-composants-gan-pour-lespace\/"},"wordCount":923,"publisher":{"@id":"https:\/\/www.ecinews.fr\/fr\/#organization"},"keywords":["Batteries \/ Power Supplies","Composants de puissance","Espace","GaN","Materials &amp; processes"],"articleSection":["Business news","Technologies"],"inLanguage":"fr-FR"},{"@type":"WebPage","@id":"https:\/\/www.ecinews.fr\/fr\/lue-veut-sa-souverainete-dans-les-composants-gan-pour-lespace\/","url":"https:\/\/www.ecinews.fr\/fr\/lue-veut-sa-souverainete-dans-les-composants-gan-pour-lespace\/","name":"L'UE veut la souverainet\u00e9 dans les composants GaN pour l'espace -","isPartOf":{"@id":"https:\/\/www.ecinews.fr\/fr\/#website"},"datePublished":"2022-10-20T09:44:05+00:00","dateModified":"2022-10-21T05:49:12+00:00","description":"L'UE a un projet visant \u00e0 d\u00e9velopper une cha\u00eene d'approvisionnement ind\u00e9pendante pour les composants de puissance GaN pour l'espace.","breadcrumb":{"@id":"https:\/\/www.ecinews.fr\/fr\/lue-veut-sa-souverainete-dans-les-composants-gan-pour-lespace\/#breadcrumb"},"inLanguage":"fr-FR","potentialAction":[{"@type":"ReadAction","target":["https:\/\/www.ecinews.fr\/fr\/lue-veut-sa-souverainete-dans-les-composants-gan-pour-lespace\/"]}]},{"@type":"BreadcrumbList","@id":"https:\/\/www.ecinews.fr\/fr\/lue-veut-sa-souverainete-dans-les-composants-gan-pour-lespace\/#breadcrumb","itemListElement":[{"@type":"ListItem","position":1,"name":"Home","item":"https:\/\/www.ecinews.fr\/fr\/"},{"@type":"ListItem","position":2,"name":"L&rsquo;UE veut la souverainet\u00e9 dans les composants GaN pour l&rsquo;espace"}]},{"@type":"WebSite","@id":"https:\/\/www.ecinews.fr\/fr\/#website","url":"https:\/\/www.ecinews.fr\/fr\/","name":"EENewsEurope","description":"Just another WordPress site","publisher":{"@id":"https:\/\/www.ecinews.fr\/fr\/#organization"},"potentialAction":[{"@type":"SearchAction","target":{"@type":"EntryPoint","urlTemplate":"https:\/\/www.ecinews.fr\/fr\/?s={search_term_string}"},"query-input":"required name=search_term_string"}],"inLanguage":"fr-FR"},{"@type":"Organization","@id":"https:\/\/www.ecinews.fr\/fr\/#organization","name":"EENewsEurope","url":"https:\/\/www.ecinews.fr\/fr\/","logo":{"@type":"ImageObject","inLanguage":"fr-FR","@id":"https:\/\/www.ecinews.fr\/fr\/#\/schema\/logo\/image\/","url":"https:\/\/www.ecinews.fr\/wp-content\/uploads\/2022\/02\/logo-1.jpg","contentUrl":"https:\/\/www.ecinews.fr\/wp-content\/uploads\/2022\/02\/logo-1.jpg","width":283,"height":113,"caption":"EENewsEurope"},"image":{"@id":"https:\/\/www.ecinews.fr\/fr\/#\/schema\/logo\/image\/"}},{"@type":"Person","@id":"https:\/\/www.ecinews.fr\/fr\/#\/schema\/person\/0aa2cfb0bd8949724a68cbac8d8321b4","name":"A Delapalisse","image":{"@type":"ImageObject","inLanguage":"fr-FR","@id":"https:\/\/www.ecinews.fr\/fr\/#\/schema\/person\/image\/211ac42237c2e9683c0964086c393cb4","url":"https:\/\/secure.gravatar.com\/avatar\/ad45a8c5da24bc9c7c4940dd1c48a695?s=96&d=mm&r=g","contentUrl":"https:\/\/secure.gravatar.com\/avatar\/ad45a8c5da24bc9c7c4940dd1c48a695?s=96&d=mm&r=g","caption":"A Delapalisse"},"sameAs":["http:\/\/ECI"]}]}},"authors":[{"term_id":1153,"user_id":34,"is_guest":0,"slug":"adelapalisse","display_name":"A Delapalisse","avatar_url":"https:\/\/secure.gravatar.com\/avatar\/ad45a8c5da24bc9c7c4940dd1c48a695?s=96&d=mm&r=g","0":null,"1":"","2":"","3":"","4":"","5":"","6":"","7":"","8":""},{"term_id":1138,"user_id":6,"is_guest":0,"slug":"flaherty","display_name":"Nick Flaherty","avatar_url":"https:\/\/secure.gravatar.com\/avatar\/49bd04ef46c3ee89575adaf950e76b64?s=96&d=mm&r=g","0":null,"1":"","2":"","3":"","4":"","5":"","6":"","7":"","8":""}],"_links":{"self":[{"href":"https:\/\/www.ecinews.fr\/fr\/wp-json\/wp\/v2\/posts\/399724"}],"collection":[{"href":"https:\/\/www.ecinews.fr\/fr\/wp-json\/wp\/v2\/posts"}],"about":[{"href":"https:\/\/www.ecinews.fr\/fr\/wp-json\/wp\/v2\/types\/post"}],"author":[{"embeddable":true,"href":"https:\/\/www.ecinews.fr\/fr\/wp-json\/wp\/v2\/users\/34"}],"replies":[{"embeddable":true,"href":"https:\/\/www.ecinews.fr\/fr\/wp-json\/wp\/v2\/comments?post=399724"}],"version-history":[{"count":0,"href":"https:\/\/www.ecinews.fr\/fr\/wp-json\/wp\/v2\/posts\/399724\/revisions"}],"wp:featuredmedia":[{"embeddable":true,"href":"https:\/\/www.ecinews.fr\/fr\/wp-json\/wp\/v2\/media\/399712"}],"wp:attachment":[{"href":"https:\/\/www.ecinews.fr\/fr\/wp-json\/wp\/v2\/media?parent=399724"}],"wp:term":[{"taxonomy":"category","embeddable":true,"href":"https:\/\/www.ecinews.fr\/fr\/wp-json\/wp\/v2\/categories?post=399724"},{"taxonomy":"post_tag","embeddable":true,"href":"https:\/\/www.ecinews.fr\/fr\/wp-json\/wp\/v2\/tags?post=399724"},{"taxonomy":"domains","embeddable":true,"href":"https:\/\/www.ecinews.fr\/fr\/wp-json\/wp\/v2\/domains?post=399724"},{"taxonomy":"author","embeddable":true,"href":"https:\/\/www.ecinews.fr\/fr\/wp-json\/wp\/v2\/ppma_author?post=399724"}],"curies":[{"name":"wp","href":"https:\/\/api.w.org\/{rel}","templated":true}]}}