{"id":399537,"date":"2022-10-18T19:24:34","date_gmt":"2022-10-18T17:24:34","guid":{"rendered":"https:\/\/www.ecinews.fr\/?p=399537"},"modified":"2022-10-18T19:24:34","modified_gmt":"2022-10-18T17:24:34","slug":"renesens-une-alliance-pour-equiper-les-data-centers-de-materiels-souverains-et-innovants","status":"publish","type":"post","link":"https:\/\/www.ecinews.fr\/fr\/renesens-une-alliance-pour-equiper-les-data-centers-de-materiels-souverains-et-innovants\/","title":{"rendered":"ReNESENS : une alliance pour \u00e9quiper les data centers de mat\u00e9riels souverains et innovants"},"content":{"rendered":"<p>2CRSi, concepteur et fabricant de serveurs haute performance et \u00e0 faible consommation d&rsquo;\u00e9nergie, Clever Cloud, fournisseur europ\u00e9en de solutions d&rsquo;automatisation et d&rsquo;optimisation pour l&rsquo;h\u00e9bergement de sites web et d&rsquo;applications, Kalray, leader dans les technologies mat\u00e9rielles et logicielles d\u00e9di\u00e9es \u00e0 la gestion et au traitement intensif des donn\u00e9es du Cloud au Edge et Vates, \u00e9diteur de logiciels open source sp\u00e9cialis\u00e9 dans la virtualisation s\u00e9curis\u00e9e, annoncent que le projet ReNESENS, port\u00e9 par Vates, est laur\u00e9at du Plan d\u2019Investissement France 2030 &#8211; \u00ab\u00a0Soutien \u00e0 l\u2019offre de solutions pour l\u2019industrie du futur\u201d.<\/p>\n<p>L&rsquo;objectif de ReNESENS est de d\u00e9velopper des solutions pour les infrastructures des data centers Cloud et Edge autour d&rsquo;un nouveau type de processeurs appel\u00e9s DPU (Data Processing Unit), ainsi que des technologies innovantes de virtualisation et de logiciel. La vitesse, la complexit\u00e9 et la quantit\u00e9 de donn\u00e9es trait\u00e9es par les data centers n&rsquo;ont jamais \u00e9t\u00e9 aussi importantes, atteignant un niveau historique dans le Cloud et plus r\u00e9cemment sur le Edge. De nouveaux types d&rsquo;\u00e9quipements, bas\u00e9s sur des technologies innovantes tant au niveau mat\u00e9riel que logiciel, sont n\u00e9cessaires pour concevoir des infrastructures plus efficaces, plus ouvertes et optimis\u00e9es en termes de consommation d&rsquo;\u00e9nergie. Le projet ReNESENS f\u00e9d\u00e8re certaines des entreprises fran\u00e7aises les plus avanc\u00e9es en la mati\u00e8re, reconnues pour leur expertise unique dans les domaines des processeurs DPU, des logiciels de virtualisation, des serveurs haute performance et des architectures innovantes : Vates, Clever Cloud, Kalray et 2CRSi. Le projet vise \u00e0 d\u00e9velopper une proposition souveraine innovante et comp\u00e9titive tant pour les utilisateurs finaux que pour l&rsquo;\u00e9cosyst\u00e8me des data centers.<\/p>\n","protected":false},"excerpt":{"rendered":"<p>2CRSi, concepteur et fabricant de serveurs haute performance et \u00e0 faible consommation d&rsquo;\u00e9nergie, Clever Cloud, fournisseur europ\u00e9en de solutions d&rsquo;automatisation et d&rsquo;optimisation pour l&rsquo;h\u00e9bergement de sites web et d&rsquo;applications, Kalray, leader dans les technologies mat\u00e9rielles et logicielles d\u00e9di\u00e9es \u00e0 la gestion et au traitement intensif des donn\u00e9es du Cloud au Edge et Vates, \u00e9diteur de [&hellip;]<\/p>\n","protected":false},"author":36,"featured_media":399538,"comment_status":"closed","ping_status":"closed","sticky":false,"template":"","format":"standard","meta":{"_acf_changed":false,"footnotes":""},"categories":[886],"tags":[1935],"domains":[47],"ppma_author":[1154],"class_list":["post-399537","post","type-post","status-publish","format-standard","has-post-thumbnail","hentry","category-news-fr","tag-data-centers","domains-electronique-eci"],"acf":[],"yoast_head":"<title>ReNESENS : une alliance pour \u00e9quiper les data centers de mat\u00e9...<\/title>\n<meta name=\"description\" content=\"2CRSi, concepteur et fabricant de serveurs haute performance et \u00e0 faible consommation d&rsquo;\u00e9nergie, Clever Cloud, fournisseur europ\u00e9en de solutions...\" \/>\n<meta name=\"robots\" content=\"index, follow, max-snippet:-1, max-image-preview:large, max-video-preview:-1\" \/>\n<link rel=\"canonical\" href=\"https:\/\/www.ecinews.fr\/fr\/wp-json\/wp\/v2\/posts\/399537\/\" \/>\n<meta property=\"og:locale\" content=\"fr_FR\" \/>\n<meta property=\"og:type\" content=\"article\" \/>\n<meta property=\"og:title\" content=\"ReNESENS : une alliance pour \u00e9quiper les data centers de mat\u00e9riels souverains et innovants\" \/>\n<meta property=\"og:description\" content=\"2CRSi, concepteur et fabricant de serveurs haute performance et \u00e0 faible consommation d&rsquo;\u00e9nergie, Clever Cloud, fournisseur europ\u00e9en de solutions d&rsquo;automatisation et d&rsquo;optimisation pour l&rsquo;h\u00e9bergement de sites web et d&rsquo;applications, Kalray, leader dans les technologies mat\u00e9rielles et logicielles d\u00e9di\u00e9es \u00e0 la gestion et au traitement intensif des donn\u00e9es du Cloud au Edge et Vates, \u00e9diteur de [&hellip;]\" \/>\n<meta property=\"og:url\" content=\"https:\/\/www.ecinews.fr\/fr\/wp-json\/wp\/v2\/posts\/399537\/\" \/>\n<meta property=\"og:site_name\" content=\"EENewsEurope\" \/>\n<meta property=\"article:published_time\" content=\"2022-10-18T17:24:34+00:00\" \/>\n<meta property=\"og:image\" content=\"https:\/\/www.ecinews.fr\/wp-content\/uploads\/2022\/10\/ECI1485_projet-ReNESENS.jpg\" \/>\n\t<meta property=\"og:image:width\" content=\"800\" \/>\n\t<meta property=\"og:image:height\" content=\"600\" \/>\n\t<meta property=\"og:image:type\" content=\"image\/jpeg\" \/>\n<meta name=\"author\" content=\"Alain Dieul\" \/>\n<meta name=\"twitter:card\" content=\"summary_large_image\" \/>\n<meta name=\"twitter:label1\" content=\"Written by\" \/>\n\t<meta name=\"twitter:data1\" content=\"Alain Dieul\" \/>\n\t<meta name=\"twitter:label2\" content=\"Est. reading time\" \/>\n\t<meta name=\"twitter:data2\" content=\"2 minutes\" \/>\n<script type=\"application\/ld+json\" class=\"yoast-schema-graph\">{\"@context\":\"https:\/\/schema.org\",\"@graph\":[{\"@type\":\"Article\",\"@id\":\"https:\/\/www.ecinews.fr\/fr\/renesens-une-alliance-pour-equiper-les-data-centers-de-materiels-souverains-et-innovants\/#article\",\"isPartOf\":{\"@id\":\"https:\/\/www.ecinews.fr\/fr\/renesens-une-alliance-pour-equiper-les-data-centers-de-materiels-souverains-et-innovants\/\"},\"author\":{\"name\":\"Alain Dieul\",\"@id\":\"https:\/\/www.eenewseurope.com\/en\/#\/schema\/person\/e4387676ad67ce722325c7832f3c3762\"},\"headline\":\"ReNESENS : une alliance pour \u00e9quiper les data centers de mat\u00e9riels souverains et innovants\",\"datePublished\":\"2022-10-18T17:24:34+00:00\",\"dateModified\":\"2022-10-18T17:24:34+00:00\",\"mainEntityOfPage\":{\"@id\":\"https:\/\/www.ecinews.fr\/fr\/renesens-une-alliance-pour-equiper-les-data-centers-de-materiels-souverains-et-innovants\/\"},\"wordCount\":305,\"publisher\":{\"@id\":\"https:\/\/www.eenewseurope.com\/en\/#organization\"},\"keywords\":[\"Data Centers\"],\"articleSection\":[\"Actualit\u00e9 g\u00e9n\u00e9rale\"],\"inLanguage\":\"fr-FR\"},{\"@type\":\"WebPage\",\"@id\":\"https:\/\/www.ecinews.fr\/fr\/renesens-une-alliance-pour-equiper-les-data-centers-de-materiels-souverains-et-innovants\/\",\"url\":\"https:\/\/www.ecinews.fr\/fr\/renesens-une-alliance-pour-equiper-les-data-centers-de-materiels-souverains-et-innovants\/\",\"name\":\"ReNESENS : une alliance pour \u00e9quiper les data centers de mat\u00e9riels souverains et innovants -\",\"isPartOf\":{\"@id\":\"https:\/\/www.eenewseurope.com\/en\/#website\"},\"datePublished\":\"2022-10-18T17:24:34+00:00\",\"dateModified\":\"2022-10-18T17:24:34+00:00\",\"breadcrumb\":{\"@id\":\"https:\/\/www.ecinews.fr\/fr\/renesens-une-alliance-pour-equiper-les-data-centers-de-materiels-souverains-et-innovants\/#breadcrumb\"},\"inLanguage\":\"fr-FR\",\"potentialAction\":[{\"@type\":\"ReadAction\",\"target\":[\"https:\/\/www.ecinews.fr\/fr\/renesens-une-alliance-pour-equiper-les-data-centers-de-materiels-souverains-et-innovants\/\"]}]},{\"@type\":\"BreadcrumbList\",\"@id\":\"https:\/\/www.ecinews.fr\/fr\/renesens-une-alliance-pour-equiper-les-data-centers-de-materiels-souverains-et-innovants\/#breadcrumb\",\"itemListElement\":[{\"@type\":\"ListItem\",\"position\":1,\"name\":\"Home\",\"item\":\"https:\/\/www.ecinews.fr\/fr\/\"},{\"@type\":\"ListItem\",\"position\":2,\"name\":\"ReNESENS : une alliance pour \u00e9quiper les data centers de mat\u00e9riels souverains et innovants\"}]},{\"@type\":\"WebSite\",\"@id\":\"https:\/\/www.eenewseurope.com\/en\/#website\",\"url\":\"https:\/\/www.eenewseurope.com\/en\/\",\"name\":\"EENewsEurope\",\"description\":\"Just another WordPress site\",\"publisher\":{\"@id\":\"https:\/\/www.eenewseurope.com\/en\/#organization\"},\"potentialAction\":[{\"@type\":\"SearchAction\",\"target\":{\"@type\":\"EntryPoint\",\"urlTemplate\":\"https:\/\/www.eenewseurope.com\/en\/?s={search_term_string}\"},\"query-input\":\"required name=search_term_string\"}],\"inLanguage\":\"fr-FR\"},{\"@type\":\"Organization\",\"@id\":\"https:\/\/www.eenewseurope.com\/en\/#organization\",\"name\":\"EENewsEurope\",\"url\":\"https:\/\/www.eenewseurope.com\/en\/\",\"logo\":{\"@type\":\"ImageObject\",\"inLanguage\":\"fr-FR\",\"@id\":\"https:\/\/www.eenewseurope.com\/en\/#\/schema\/logo\/image\/\",\"url\":\"https:\/\/www.ecinews.fr\/wp-content\/uploads\/2022\/02\/logo-1.jpg\",\"contentUrl\":\"https:\/\/www.ecinews.fr\/wp-content\/uploads\/2022\/02\/logo-1.jpg\",\"width\":283,\"height\":113,\"caption\":\"EENewsEurope\"},\"image\":{\"@id\":\"https:\/\/www.eenewseurope.com\/en\/#\/schema\/logo\/image\/\"}},{\"@type\":\"Person\",\"@id\":\"https:\/\/www.eenewseurope.com\/en\/#\/schema\/person\/e4387676ad67ce722325c7832f3c3762\",\"name\":\"Alain Dieul\",\"image\":{\"@type\":\"ImageObject\",\"inLanguage\":\"fr-FR\",\"@id\":\"https:\/\/www.eenewseurope.com\/en\/#\/schema\/person\/image\/736120675699dbbf0f0f282b9a9cfb75\",\"url\":\"https:\/\/secure.gravatar.com\/avatar\/bc93b056d07515be5b8eecd4acf49c5c?s=96&d=mm&r=g\",\"contentUrl\":\"https:\/\/secure.gravatar.com\/avatar\/bc93b056d07515be5b8eecd4acf49c5c?s=96&d=mm&r=g\",\"caption\":\"Alain Dieul\"},\"sameAs\":[\"http:\/\/ECINews\"]}]}<\/script>","yoast_head_json":{"title":"ReNESENS : une alliance pour \u00e9quiper les data centers de mat\u00e9...","description":"2CRSi, concepteur et fabricant de serveurs haute performance et \u00e0 faible consommation d&rsquo;\u00e9nergie, Clever Cloud, fournisseur europ\u00e9en de solutions...","robots":{"index":"index","follow":"follow","max-snippet":"max-snippet:-1","max-image-preview":"max-image-preview:large","max-video-preview":"max-video-preview:-1"},"canonical":"https:\/\/www.ecinews.fr\/fr\/wp-json\/wp\/v2\/posts\/399537\/","og_locale":"fr_FR","og_type":"article","og_title":"ReNESENS : une alliance pour \u00e9quiper les data centers de mat\u00e9riels souverains et innovants","og_description":"2CRSi, concepteur et fabricant de serveurs haute performance et \u00e0 faible consommation d&rsquo;\u00e9nergie, Clever Cloud, fournisseur europ\u00e9en de solutions d&rsquo;automatisation et d&rsquo;optimisation pour l&rsquo;h\u00e9bergement de sites web et d&rsquo;applications, Kalray, leader dans les technologies mat\u00e9rielles et logicielles d\u00e9di\u00e9es \u00e0 la gestion et au traitement intensif des donn\u00e9es du Cloud au Edge et Vates, \u00e9diteur de [&hellip;]","og_url":"https:\/\/www.ecinews.fr\/fr\/wp-json\/wp\/v2\/posts\/399537\/","og_site_name":"EENewsEurope","article_published_time":"2022-10-18T17:24:34+00:00","og_image":[{"width":800,"height":600,"url":"https:\/\/www.ecinews.fr\/wp-content\/uploads\/2022\/10\/ECI1485_projet-ReNESENS.jpg","type":"image\/jpeg"}],"author":"Alain Dieul","twitter_card":"summary_large_image","twitter_misc":{"Written by":"Alain Dieul","Est. reading time":"2 minutes"},"schema":{"@context":"https:\/\/schema.org","@graph":[{"@type":"Article","@id":"https:\/\/www.ecinews.fr\/fr\/renesens-une-alliance-pour-equiper-les-data-centers-de-materiels-souverains-et-innovants\/#article","isPartOf":{"@id":"https:\/\/www.ecinews.fr\/fr\/renesens-une-alliance-pour-equiper-les-data-centers-de-materiels-souverains-et-innovants\/"},"author":{"name":"Alain Dieul","@id":"https:\/\/www.eenewseurope.com\/en\/#\/schema\/person\/e4387676ad67ce722325c7832f3c3762"},"headline":"ReNESENS : une alliance pour \u00e9quiper les data centers de mat\u00e9riels souverains et innovants","datePublished":"2022-10-18T17:24:34+00:00","dateModified":"2022-10-18T17:24:34+00:00","mainEntityOfPage":{"@id":"https:\/\/www.ecinews.fr\/fr\/renesens-une-alliance-pour-equiper-les-data-centers-de-materiels-souverains-et-innovants\/"},"wordCount":305,"publisher":{"@id":"https:\/\/www.eenewseurope.com\/en\/#organization"},"keywords":["Data Centers"],"articleSection":["Actualit\u00e9 g\u00e9n\u00e9rale"],"inLanguage":"fr-FR"},{"@type":"WebPage","@id":"https:\/\/www.ecinews.fr\/fr\/renesens-une-alliance-pour-equiper-les-data-centers-de-materiels-souverains-et-innovants\/","url":"https:\/\/www.ecinews.fr\/fr\/renesens-une-alliance-pour-equiper-les-data-centers-de-materiels-souverains-et-innovants\/","name":"ReNESENS : une alliance pour \u00e9quiper les data centers de mat\u00e9riels souverains et innovants -","isPartOf":{"@id":"https:\/\/www.eenewseurope.com\/en\/#website"},"datePublished":"2022-10-18T17:24:34+00:00","dateModified":"2022-10-18T17:24:34+00:00","breadcrumb":{"@id":"https:\/\/www.ecinews.fr\/fr\/renesens-une-alliance-pour-equiper-les-data-centers-de-materiels-souverains-et-innovants\/#breadcrumb"},"inLanguage":"fr-FR","potentialAction":[{"@type":"ReadAction","target":["https:\/\/www.ecinews.fr\/fr\/renesens-une-alliance-pour-equiper-les-data-centers-de-materiels-souverains-et-innovants\/"]}]},{"@type":"BreadcrumbList","@id":"https:\/\/www.ecinews.fr\/fr\/renesens-une-alliance-pour-equiper-les-data-centers-de-materiels-souverains-et-innovants\/#breadcrumb","itemListElement":[{"@type":"ListItem","position":1,"name":"Home","item":"https:\/\/www.ecinews.fr\/fr\/"},{"@type":"ListItem","position":2,"name":"ReNESENS : une alliance pour \u00e9quiper les data centers de mat\u00e9riels souverains et innovants"}]},{"@type":"WebSite","@id":"https:\/\/www.eenewseurope.com\/en\/#website","url":"https:\/\/www.eenewseurope.com\/en\/","name":"EENewsEurope","description":"Just another WordPress site","publisher":{"@id":"https:\/\/www.eenewseurope.com\/en\/#organization"},"potentialAction":[{"@type":"SearchAction","target":{"@type":"EntryPoint","urlTemplate":"https:\/\/www.eenewseurope.com\/en\/?s={search_term_string}"},"query-input":"required name=search_term_string"}],"inLanguage":"fr-FR"},{"@type":"Organization","@id":"https:\/\/www.eenewseurope.com\/en\/#organization","name":"EENewsEurope","url":"https:\/\/www.eenewseurope.com\/en\/","logo":{"@type":"ImageObject","inLanguage":"fr-FR","@id":"https:\/\/www.eenewseurope.com\/en\/#\/schema\/logo\/image\/","url":"https:\/\/www.ecinews.fr\/wp-content\/uploads\/2022\/02\/logo-1.jpg","contentUrl":"https:\/\/www.ecinews.fr\/wp-content\/uploads\/2022\/02\/logo-1.jpg","width":283,"height":113,"caption":"EENewsEurope"},"image":{"@id":"https:\/\/www.eenewseurope.com\/en\/#\/schema\/logo\/image\/"}},{"@type":"Person","@id":"https:\/\/www.eenewseurope.com\/en\/#\/schema\/person\/e4387676ad67ce722325c7832f3c3762","name":"Alain Dieul","image":{"@type":"ImageObject","inLanguage":"fr-FR","@id":"https:\/\/www.eenewseurope.com\/en\/#\/schema\/person\/image\/736120675699dbbf0f0f282b9a9cfb75","url":"https:\/\/secure.gravatar.com\/avatar\/bc93b056d07515be5b8eecd4acf49c5c?s=96&d=mm&r=g","contentUrl":"https:\/\/secure.gravatar.com\/avatar\/bc93b056d07515be5b8eecd4acf49c5c?s=96&d=mm&r=g","caption":"Alain Dieul"},"sameAs":["http:\/\/ECINews"]}]}},"authors":[{"term_id":1154,"user_id":36,"is_guest":0,"slug":"alain-dieul","display_name":"Alain Dieul","avatar_url":"https:\/\/secure.gravatar.com\/avatar\/bc93b056d07515be5b8eecd4acf49c5c?s=96&d=mm&r=g","0":null,"1":"","2":"","3":"","4":"","5":"","6":"","7":"","8":""}],"_links":{"self":[{"href":"https:\/\/www.ecinews.fr\/fr\/wp-json\/wp\/v2\/posts\/399537"}],"collection":[{"href":"https:\/\/www.ecinews.fr\/fr\/wp-json\/wp\/v2\/posts"}],"about":[{"href":"https:\/\/www.ecinews.fr\/fr\/wp-json\/wp\/v2\/types\/post"}],"author":[{"embeddable":true,"href":"https:\/\/www.ecinews.fr\/fr\/wp-json\/wp\/v2\/users\/36"}],"replies":[{"embeddable":true,"href":"https:\/\/www.ecinews.fr\/fr\/wp-json\/wp\/v2\/comments?post=399537"}],"version-history":[{"count":0,"href":"https:\/\/www.ecinews.fr\/fr\/wp-json\/wp\/v2\/posts\/399537\/revisions"}],"wp:featuredmedia":[{"embeddable":true,"href":"https:\/\/www.ecinews.fr\/fr\/wp-json\/wp\/v2\/media\/399538"}],"wp:attachment":[{"href":"https:\/\/www.ecinews.fr\/fr\/wp-json\/wp\/v2\/media?parent=399537"}],"wp:term":[{"taxonomy":"category","embeddable":true,"href":"https:\/\/www.ecinews.fr\/fr\/wp-json\/wp\/v2\/categories?post=399537"},{"taxonomy":"post_tag","embeddable":true,"href":"https:\/\/www.ecinews.fr\/fr\/wp-json\/wp\/v2\/tags?post=399537"},{"taxonomy":"domains","embeddable":true,"href":"https:\/\/www.ecinews.fr\/fr\/wp-json\/wp\/v2\/domains?post=399537"},{"taxonomy":"author","embeddable":true,"href":"https:\/\/www.ecinews.fr\/fr\/wp-json\/wp\/v2\/ppma_author?post=399537"}],"curies":[{"name":"wp","href":"https:\/\/api.w.org\/{rel}","templated":true}]}}