{"id":399527,"date":"2022-10-18T19:09:37","date_gmt":"2022-10-18T17:09:37","guid":{"rendered":"https:\/\/www.eenewseurope.com\/?p=399527"},"modified":"2022-10-18T21:07:59","modified_gmt":"2022-10-18T19:07:59","slug":"intel-se-restructure-avec-un-modele-de-fonderie-en-interne","status":"publish","type":"post","link":"https:\/\/www.ecinews.fr\/fr\/intel-se-restructure-avec-un-modele-de-fonderie-en-interne\/","title":{"rendered":"Intel se restructure avec un mod\u00e8le de fonderie en interne"},"content":{"rendered":"<h2><span class=\"HwtZe\" lang=\"fr\"><span class=\"jCAhz\"><span class=\"ryNqvb\">Intel acc\u00e9l\u00e8re son passage \u00e0 la fonderie en offrant le m\u00eame service \u00e0 la fabrication de puces internes et externes avec un nouveau mod\u00e8le de fabrication \u00ab IDM2.0 \u00bb. <\/span><\/span><\/span><\/h2>\n<p><span class=\"HwtZe\" lang=\"fr\"><span class=\"jCAhz\"><span class=\"ryNqvb\">\u00ab\u00a0Lorsque je suis revenu chez Intel en 2021, j&rsquo;ai pr\u00e9sent\u00e9 notre strat\u00e9gie IDM 2.0 : un parcours pluriannuel pour retrouver un leadership technologique incontest\u00e9, une fabrication \u00e0 grande \u00e9chelle et une croissance \u00e0 long terme. Aujourd&rsquo;hui, nous commen\u00e7ons la prochaine phase de notre parcours IDM 2.0 \u00bb, a d\u00e9clar\u00e9 le PDG d&rsquo;Intel, Pat Gelsinger, au personnel. <\/span><\/span><\/span><\/p>\n<p><span class=\"HwtZe\" lang=\"fr\"><span class=\"jCAhz\"><span class=\"ryNqvb\">\u00ab Dans la premi\u00e8re phase de notre transformation, nous avons fait des progr\u00e8s significatifs sur nos feuilles de route de process et de capacit\u00e9 de production. Nous restons sur la bonne voie pour livrer cinq n\u0153uds de process en quatre ans, et nous avons investi dans la capacit\u00e9 n\u00e9cessaire pour r\u00e9pondre \u00e0 la demande de l&rsquo;industrie en semiconducteurs, apportant un \u00e9quilibre indispensable \u00e0 la cha\u00eene d&rsquo;approvisionnement mondiale. <\/span><\/span><\/span><\/p>\n<p><span class=\"HwtZe\" lang=\"fr\"><span class=\"jCAhz\"><span class=\"ryNqvb\">Cela fait partie de la strat\u00e9gie des chiplets pour atteindre des composants avec mille milliards de transistors dans un bo\u00eetier, et fait suite aux plans de licenciement de milliers d&#8217;employ\u00e9s alors que le march\u00e9 des PC grand public s&rsquo;effondre.<\/span><\/span><\/span><\/p>\n<ul>\n<li>\n<p class=\"title\"><a title=\"Le march\u00e9 des PCs s\u2019effondre ce qui cr\u00e9e des vents contraires pour Intel et AMD\" href=\"https:\/\/www.ecinews.fr\/fr\/le-marche-des-pcs-seffondre-ce-qui-cree-des-vents-contraires-pour-intel-et-amd\/\" target=\"_blank\" rel=\"noopener\">Le march\u00e9 des PCs s\u2019effondre ce qui cr\u00e9e des vents contraires pour Intel et AMD<\/a><\/p>\n<\/li>\n<li>\n<p class=\"title\"><a title=\"Les r\u00e9sultats d\u2019Intel d\u00e9gringolent en 2022\" href=\"https:\/\/www.ecinews.fr\/fr\/les-resultats-dintel-degringolent-en-2022\/\" target=\"_blank\" rel=\"noopener\">Les r\u00e9sultats d\u2019Intel d\u00e9gringolent en 2022<\/a><\/p>\n<\/li>\n<li><a href=\"https:\/\/www.eenewseurope.com\/en\/intel-prepares-for-trillion-transistor-era-shake-up\/\">Intel prepares for trillion transistor era shake up<\/a><\/li>\n<\/ul>\n<p><span class=\"HwtZe\" lang=\"fr\"><span class=\"jCAhz\"><span class=\"ryNqvb\">\u00ab\u00a0La prochaine phase de notre parcours IDM 2.0 n\u00e9cessite un changement fondamental de mentalit\u00e9\u00a0\u00bb, a d\u00e9clar\u00e9 Gelsinger. \u00ab Nous devons adopter un mod\u00e8le de fonderie interne, non seulement pour nos engagements envers nos clients externes, mais \u00e9galement pour nos gammes de produits Intel. Il s&rsquo;agit d&rsquo;une \u00e9volution significative dans la fa\u00e7on dont nous pensons et fonctionnons en tant qu&rsquo;entreprise, mais les syst\u00e8mes et l&rsquo;infrastructure qui nous ont bien servis dans le monde IDM 1.0 ne nous permettront pas d&rsquo;atteindre le plein potentiel de l&rsquo;IDM 2.0.<\/span><\/span><\/span><\/p>\n<ul>\n<li><a href=\"https:\/\/www.eenewseurope.com\/en\/intel-drives-foundry-business-with-1bn-fund\/\">Intel drives foundry business with $1bn fund<\/a><\/li>\n<li><a href=\"https:\/\/www.eenewseurope.com\/en\/opinion-intels-smart-capital-is-a-warning-from-the-past\/\">Opinion: Intel&rsquo;s &lsquo;smart capital&rsquo; is a warning from the past\u00a0<\/a><\/li>\n<\/ul>\n<p><span class=\"HwtZe\" lang=\"fr\"><span class=\"jCAhz\"><span class=\"ryNqvb\">La mise en \u0153uvre d&rsquo;un mod\u00e8le de fonderie en interne signifie la mise en place de processus, de syst\u00e8mes et de garde-corps coh\u00e9rents entre l&rsquo;unit\u00e9 commerciale interne, les \u00e9quipes de conception et la fabrication. Cela permettra \u00e0 Intel d&rsquo;identifier et de r\u00e9soudre les inefficacit\u00e9s structurelles qui existent dans le mod\u00e8le actuel avec des donn\u00e9es en temps r\u00e9el, dit-il. \u00ab\u00a0Cela placera \u00e9galement les groupes de produits d&rsquo;Intel sur un pied d&rsquo;\u00e9galit\u00e9 avec les clients externes d&rsquo;Intel Foundry Services et vice versa\u00a0\u00bb, a-t-il d\u00e9clar\u00e9. <\/span><\/span><\/span><\/p>\n<p><span class=\"HwtZe\" lang=\"fr\"><span class=\"jCAhz\"><span class=\"ryNqvb\">Il s&rsquo;agit d&rsquo;un point cl\u00e9, car de nombreux clients de puces externes craignent de passer au second rang derri\u00e8re les activit\u00e9s propres d&rsquo;Intel, en particulier en p\u00e9riode de p\u00e9nurie. Le fabricant de puces pour smartphones Mediatek est le seul grand fabricant de puces \u00e0 s&rsquo;\u00eatre inscrit publiquement au programme jusqu&rsquo;\u00e0 pr\u00e9sent.<\/span><\/span><\/span><\/p>\n<ul>\n<li><a title=\"Les donn\u00e9es des fonderies pointent les faiblesses du march\u00e9 des semiconducteurs\" href=\"https:\/\/www.ecinews.fr\/fr\/les-donnees-des-fonderies-pointent-les-faiblesses-du-marche-des-semiconducteurs\/\">Les donn\u00e9es des fonderies pointent les faiblesses du march\u00e9 des semiconducteurs<\/a><\/li>\n<li><a href=\"https:\/\/www.ecinews.fr\/fr\/intel-booste-leda-dans-le-cloud-pour-son-activite-de-fonderie\/\" target=\"_blank\" rel=\"noopener\">Intel booste l\u2019EDA dans le cloud pour son activit\u00e9 de fonderie<\/a><\/li>\n<li><a href=\"https:\/\/www.eenewseurope.com\/en\/intel-joins-risc-v-teams-on-foundry-ip\/\">Intel joins RISC-V, teams on foundry IP<\/a><\/li>\n<\/ul>\n<p><span class=\"HwtZe\" lang=\"fr\"><span class=\"jCAhz\"><span class=\"ryNqvb\">Gelsinger a mis en place un bureau d&rsquo;acc\u00e9l\u00e9ration de l&rsquo; IDM 2.0, qui sera dirig\u00e9 par Stuart Pann, vice-pr\u00e9sident principal du groupe de planification d&rsquo;entreprise (CPG) et d\u00e9sormais \u00e9galement directeur de la transformation de l&rsquo;entreprise, relevant du directeur financier Dave Zinsner en tant que cadre \u00e9x\u00e9cutif de l&rsquo;\u00e9quipe de direction. Le bureau de l&rsquo;acc\u00e9l\u00e9ration IDM 2.0 travaillera en \u00e9troite collaboration avec toutes les unit\u00e9s d&rsquo;activit\u00e9 et les \u00e9quipes fonctionnelles. <\/span><\/span><\/span><\/p>\n<p><span class=\"HwtZe\" lang=\"fr\"><span class=\"jCAhz\"><span class=\"ryNqvb\">\u00ab\u00a0Nous allons \u00e9galement cr\u00e9er un mod\u00e8le de comptabilit\u00e9 de fonderie qui englobe la fabrication, le d\u00e9veloppement technologique et les services de fonderie Intel\u00a0\u00bb, a-t-il d\u00e9clar\u00e9. \u00ab\u00a0Cela nous donnera plus de transparence dans notre ex\u00e9cution financi\u00e8re et nous permettra de nous comparer pleinement (\u00e0 la concurrence) et de nous conduire vers les meilleures performances de services de fonderie.<\/span><\/span><\/span><\/p>\n<p><span class=\"HwtZe\" lang=\"fr\"><span class=\"jCAhz\"><span class=\"ryNqvb\">\u00ab\u00a0Notre unit\u00e9 commerciale et nos \u00e9quipes de conception seront en mesure d&rsquo;examiner l&rsquo;impact potentiel sur leurs marges si elles souhaitent ex\u00e9cuter une \u00e9tape suppl\u00e9mentaire, tandis que l&rsquo;\u00e9quipe de fabrication sera en mesure d&rsquo;\u00e9valuer les demandes en fonction des co\u00fbts r\u00e9els et de l&rsquo;impact sur la production de l&rsquo;usine\u00a0\u00bb, a d\u00e9clar\u00e9 Gelsinger. \u00ab Cela donnera aux \u00e9quipes les outils et la transparence dont elles ont besoin pour trouver les solutions les plus efficaces et les plus rentables avant leur mise en \u0153uvre dans le silicium, ce qui nous aidera finalement \u00e0 maximiser la production en usine, \u00e0 r\u00e9duire les co\u00fbts et \u00e0 raccourcir les cycles de conception. <\/span><\/span><\/span><\/p>\n<p><a href=\"http:\/\/www.intel.com\">www.intel.com<\/a><\/p>\n<p>&nbsp;<\/p>\n","protected":false},"excerpt":{"rendered":"<p>Intel acc\u00e9l\u00e8re son passage \u00e0 la fonderie en offrant le m\u00eame service aux fabricants de puces internes et externes avec un nouveau mod\u00e8le de fabrication \u00ab\u00a0IDM2.0\u00a0\u00bb.<\/p>\n","protected":false},"author":34,"featured_media":398873,"comment_status":"closed","ping_status":"closed","sticky":true,"template":"","format":"standard","meta":{"_acf_changed":false,"footnotes":""},"categories":[18,883],"tags":[1795,913,1558],"domains":[47],"ppma_author":[1153,1138],"class_list":["post-399527","post","type-post","status-publish","format-standard","has-post-thumbnail","hentry","category-business-news","category-technologies","tag-fonderies","tag-materials-processes-fr","tag-semiconducteurs","domains-electronique-eci"],"acf":[],"yoast_head":"<title>Intel se restructure avec un mod\u00e8le de fonderie en interne ...<\/title>\n<meta name=\"description\" content=\"Intel acc\u00e9l\u00e8re son passage \u00e0 la fonderie en offrant le m\u00eame service aux fabricants de puces internes et externes avec \u00ab\u00a0IDM2.0\u00a0\u00bb.\" \/>\n<meta name=\"robots\" content=\"index, follow, max-snippet:-1, max-image-preview:large, max-video-preview:-1\" \/>\n<link rel=\"canonical\" href=\"https:\/\/www.ecinews.fr\/fr\/wp-json\/wp\/v2\/posts\/399527\/\" \/>\n<meta property=\"og:locale\" content=\"fr_FR\" \/>\n<meta property=\"og:type\" content=\"article\" \/>\n<meta property=\"og:title\" content=\"Intel se restructure avec un mod\u00e8le de fonderie en interne\" \/>\n<meta property=\"og:description\" content=\"Intel acc\u00e9l\u00e8re son passage \u00e0 la fonderie en offrant le m\u00eame service aux fabricants de puces internes et externes avec \u00ab\u00a0IDM2.0\u00a0\u00bb.\" \/>\n<meta property=\"og:url\" content=\"https:\/\/www.ecinews.fr\/fr\/wp-json\/wp\/v2\/posts\/399527\/\" \/>\n<meta property=\"og:site_name\" content=\"EENewsEurope\" \/>\n<meta property=\"article:published_time\" content=\"2022-10-18T17:09:37+00:00\" \/>\n<meta property=\"article:modified_time\" content=\"2022-10-18T19:07:59+00:00\" \/>\n<meta property=\"og:image\" content=\"https:\/\/www.eenewseurope.com\/wp-content\/uploads\/2022\/10\/Intel-D1X-Oregon-1-scaled.jpg\" \/>\n\t<meta property=\"og:image:width\" content=\"1080\" \/>\n\t<meta property=\"og:image:height\" content=\"720\" \/>\n\t<meta property=\"og:image:type\" content=\"image\/jpeg\" \/>\n<meta name=\"author\" content=\"A Delapalisse, Nick Flaherty\" \/>\n<meta name=\"twitter:card\" content=\"summary_large_image\" \/>\n<meta name=\"twitter:label1\" content=\"Written by\" \/>\n\t<meta name=\"twitter:data1\" content=\"A Delapalisse\" \/>\n\t<meta name=\"twitter:label2\" content=\"Est. reading time\" \/>\n\t<meta name=\"twitter:data2\" content=\"4 minutes\" \/>\n<script type=\"application\/ld+json\" class=\"yoast-schema-graph\">{\"@context\":\"https:\/\/schema.org\",\"@graph\":[{\"@type\":\"Article\",\"@id\":\"https:\/\/www.eenewseurope.com\/fr\/intel-se-restructure-avec-un-modele-de-fonderie-en-interne\/#article\",\"isPartOf\":{\"@id\":\"https:\/\/www.eenewseurope.com\/fr\/intel-se-restructure-avec-un-modele-de-fonderie-en-interne\/\"},\"author\":{\"name\":\"A Delapalisse\",\"@id\":\"https:\/\/www.eenewseurope.com\/en\/#\/schema\/person\/0aa2cfb0bd8949724a68cbac8d8321b4\"},\"headline\":\"Intel se restructure avec un mod\u00e8le de fonderie en interne\",\"datePublished\":\"2022-10-18T17:09:37+00:00\",\"dateModified\":\"2022-10-18T19:07:59+00:00\",\"mainEntityOfPage\":{\"@id\":\"https:\/\/www.eenewseurope.com\/fr\/intel-se-restructure-avec-un-modele-de-fonderie-en-interne\/\"},\"wordCount\":803,\"publisher\":{\"@id\":\"https:\/\/www.eenewseurope.com\/en\/#organization\"},\"keywords\":[\"Fonderies\",\"Materials &amp; processes\",\"Semiconducteurs\"],\"articleSection\":[\"Business news\",\"Technologies\"],\"inLanguage\":\"fr-FR\"},{\"@type\":\"WebPage\",\"@id\":\"https:\/\/www.eenewseurope.com\/fr\/intel-se-restructure-avec-un-modele-de-fonderie-en-interne\/\",\"url\":\"https:\/\/www.eenewseurope.com\/fr\/intel-se-restructure-avec-un-modele-de-fonderie-en-interne\/\",\"name\":\"Intel se restructure avec un mod\u00e8le de fonderie en interne -\",\"isPartOf\":{\"@id\":\"https:\/\/www.eenewseurope.com\/en\/#website\"},\"datePublished\":\"2022-10-18T17:09:37+00:00\",\"dateModified\":\"2022-10-18T19:07:59+00:00\",\"description\":\"Intel acc\u00e9l\u00e8re son passage \u00e0 la fonderie en offrant le m\u00eame service aux fabricants de puces internes et externes avec \u00ab\u00a0IDM2.0\u00a0\u00bb.\",\"breadcrumb\":{\"@id\":\"https:\/\/www.eenewseurope.com\/fr\/intel-se-restructure-avec-un-modele-de-fonderie-en-interne\/#breadcrumb\"},\"inLanguage\":\"fr-FR\",\"potentialAction\":[{\"@type\":\"ReadAction\",\"target\":[\"https:\/\/www.eenewseurope.com\/fr\/intel-se-restructure-avec-un-modele-de-fonderie-en-interne\/\"]}]},{\"@type\":\"BreadcrumbList\",\"@id\":\"https:\/\/www.eenewseurope.com\/fr\/intel-se-restructure-avec-un-modele-de-fonderie-en-interne\/#breadcrumb\",\"itemListElement\":[{\"@type\":\"ListItem\",\"position\":1,\"name\":\"Home\",\"item\":\"https:\/\/www.ecinews.fr\/fr\/\"},{\"@type\":\"ListItem\",\"position\":2,\"name\":\"Intel se restructure avec un mod\u00e8le de fonderie en interne\"}]},{\"@type\":\"WebSite\",\"@id\":\"https:\/\/www.eenewseurope.com\/en\/#website\",\"url\":\"https:\/\/www.eenewseurope.com\/en\/\",\"name\":\"EENewsEurope\",\"description\":\"Just another WordPress site\",\"publisher\":{\"@id\":\"https:\/\/www.eenewseurope.com\/en\/#organization\"},\"potentialAction\":[{\"@type\":\"SearchAction\",\"target\":{\"@type\":\"EntryPoint\",\"urlTemplate\":\"https:\/\/www.eenewseurope.com\/en\/?s={search_term_string}\"},\"query-input\":\"required name=search_term_string\"}],\"inLanguage\":\"fr-FR\"},{\"@type\":\"Organization\",\"@id\":\"https:\/\/www.eenewseurope.com\/en\/#organization\",\"name\":\"EENewsEurope\",\"url\":\"https:\/\/www.eenewseurope.com\/en\/\",\"logo\":{\"@type\":\"ImageObject\",\"inLanguage\":\"fr-FR\",\"@id\":\"https:\/\/www.eenewseurope.com\/en\/#\/schema\/logo\/image\/\",\"url\":\"https:\/\/www.ecinews.fr\/wp-content\/uploads\/2022\/02\/logo-1.jpg\",\"contentUrl\":\"https:\/\/www.ecinews.fr\/wp-content\/uploads\/2022\/02\/logo-1.jpg\",\"width\":283,\"height\":113,\"caption\":\"EENewsEurope\"},\"image\":{\"@id\":\"https:\/\/www.eenewseurope.com\/en\/#\/schema\/logo\/image\/\"}},{\"@type\":\"Person\",\"@id\":\"https:\/\/www.eenewseurope.com\/en\/#\/schema\/person\/0aa2cfb0bd8949724a68cbac8d8321b4\",\"name\":\"A Delapalisse\",\"image\":{\"@type\":\"ImageObject\",\"inLanguage\":\"fr-FR\",\"@id\":\"https:\/\/www.eenewseurope.com\/en\/#\/schema\/person\/image\/211ac42237c2e9683c0964086c393cb4\",\"url\":\"https:\/\/secure.gravatar.com\/avatar\/ad45a8c5da24bc9c7c4940dd1c48a695?s=96&d=mm&r=g\",\"contentUrl\":\"https:\/\/secure.gravatar.com\/avatar\/ad45a8c5da24bc9c7c4940dd1c48a695?s=96&d=mm&r=g\",\"caption\":\"A Delapalisse\"},\"sameAs\":[\"http:\/\/ECI\"]}]}<\/script>","yoast_head_json":{"title":"Intel se restructure avec un mod\u00e8le de fonderie en interne ...","description":"Intel acc\u00e9l\u00e8re son passage \u00e0 la fonderie en offrant le m\u00eame service aux fabricants de puces internes et externes avec \u00ab\u00a0IDM2.0\u00a0\u00bb.","robots":{"index":"index","follow":"follow","max-snippet":"max-snippet:-1","max-image-preview":"max-image-preview:large","max-video-preview":"max-video-preview:-1"},"canonical":"https:\/\/www.ecinews.fr\/fr\/wp-json\/wp\/v2\/posts\/399527\/","og_locale":"fr_FR","og_type":"article","og_title":"Intel se restructure avec un mod\u00e8le de fonderie en interne","og_description":"Intel acc\u00e9l\u00e8re son passage \u00e0 la fonderie en offrant le m\u00eame service aux fabricants de puces internes et externes avec \u00ab\u00a0IDM2.0\u00a0\u00bb.","og_url":"https:\/\/www.ecinews.fr\/fr\/wp-json\/wp\/v2\/posts\/399527\/","og_site_name":"EENewsEurope","article_published_time":"2022-10-18T17:09:37+00:00","article_modified_time":"2022-10-18T19:07:59+00:00","og_image":[{"width":1080,"height":720,"url":"https:\/\/www.eenewseurope.com\/wp-content\/uploads\/2022\/10\/Intel-D1X-Oregon-1-scaled.jpg","type":"image\/jpeg"}],"author":"A Delapalisse, Nick Flaherty","twitter_card":"summary_large_image","twitter_misc":{"Written by":"A Delapalisse","Est. reading time":"4 minutes"},"schema":{"@context":"https:\/\/schema.org","@graph":[{"@type":"Article","@id":"https:\/\/www.eenewseurope.com\/fr\/intel-se-restructure-avec-un-modele-de-fonderie-en-interne\/#article","isPartOf":{"@id":"https:\/\/www.eenewseurope.com\/fr\/intel-se-restructure-avec-un-modele-de-fonderie-en-interne\/"},"author":{"name":"A Delapalisse","@id":"https:\/\/www.eenewseurope.com\/en\/#\/schema\/person\/0aa2cfb0bd8949724a68cbac8d8321b4"},"headline":"Intel se restructure avec un mod\u00e8le de fonderie en interne","datePublished":"2022-10-18T17:09:37+00:00","dateModified":"2022-10-18T19:07:59+00:00","mainEntityOfPage":{"@id":"https:\/\/www.eenewseurope.com\/fr\/intel-se-restructure-avec-un-modele-de-fonderie-en-interne\/"},"wordCount":803,"publisher":{"@id":"https:\/\/www.eenewseurope.com\/en\/#organization"},"keywords":["Fonderies","Materials &amp; processes","Semiconducteurs"],"articleSection":["Business news","Technologies"],"inLanguage":"fr-FR"},{"@type":"WebPage","@id":"https:\/\/www.eenewseurope.com\/fr\/intel-se-restructure-avec-un-modele-de-fonderie-en-interne\/","url":"https:\/\/www.eenewseurope.com\/fr\/intel-se-restructure-avec-un-modele-de-fonderie-en-interne\/","name":"Intel se restructure avec un mod\u00e8le de fonderie en interne -","isPartOf":{"@id":"https:\/\/www.eenewseurope.com\/en\/#website"},"datePublished":"2022-10-18T17:09:37+00:00","dateModified":"2022-10-18T19:07:59+00:00","description":"Intel acc\u00e9l\u00e8re son passage \u00e0 la fonderie en offrant le m\u00eame service aux fabricants de puces internes et externes avec \u00ab\u00a0IDM2.0\u00a0\u00bb.","breadcrumb":{"@id":"https:\/\/www.eenewseurope.com\/fr\/intel-se-restructure-avec-un-modele-de-fonderie-en-interne\/#breadcrumb"},"inLanguage":"fr-FR","potentialAction":[{"@type":"ReadAction","target":["https:\/\/www.eenewseurope.com\/fr\/intel-se-restructure-avec-un-modele-de-fonderie-en-interne\/"]}]},{"@type":"BreadcrumbList","@id":"https:\/\/www.eenewseurope.com\/fr\/intel-se-restructure-avec-un-modele-de-fonderie-en-interne\/#breadcrumb","itemListElement":[{"@type":"ListItem","position":1,"name":"Home","item":"https:\/\/www.ecinews.fr\/fr\/"},{"@type":"ListItem","position":2,"name":"Intel se restructure avec un mod\u00e8le de fonderie en interne"}]},{"@type":"WebSite","@id":"https:\/\/www.eenewseurope.com\/en\/#website","url":"https:\/\/www.eenewseurope.com\/en\/","name":"EENewsEurope","description":"Just another WordPress site","publisher":{"@id":"https:\/\/www.eenewseurope.com\/en\/#organization"},"potentialAction":[{"@type":"SearchAction","target":{"@type":"EntryPoint","urlTemplate":"https:\/\/www.eenewseurope.com\/en\/?s={search_term_string}"},"query-input":"required name=search_term_string"}],"inLanguage":"fr-FR"},{"@type":"Organization","@id":"https:\/\/www.eenewseurope.com\/en\/#organization","name":"EENewsEurope","url":"https:\/\/www.eenewseurope.com\/en\/","logo":{"@type":"ImageObject","inLanguage":"fr-FR","@id":"https:\/\/www.eenewseurope.com\/en\/#\/schema\/logo\/image\/","url":"https:\/\/www.ecinews.fr\/wp-content\/uploads\/2022\/02\/logo-1.jpg","contentUrl":"https:\/\/www.ecinews.fr\/wp-content\/uploads\/2022\/02\/logo-1.jpg","width":283,"height":113,"caption":"EENewsEurope"},"image":{"@id":"https:\/\/www.eenewseurope.com\/en\/#\/schema\/logo\/image\/"}},{"@type":"Person","@id":"https:\/\/www.eenewseurope.com\/en\/#\/schema\/person\/0aa2cfb0bd8949724a68cbac8d8321b4","name":"A Delapalisse","image":{"@type":"ImageObject","inLanguage":"fr-FR","@id":"https:\/\/www.eenewseurope.com\/en\/#\/schema\/person\/image\/211ac42237c2e9683c0964086c393cb4","url":"https:\/\/secure.gravatar.com\/avatar\/ad45a8c5da24bc9c7c4940dd1c48a695?s=96&d=mm&r=g","contentUrl":"https:\/\/secure.gravatar.com\/avatar\/ad45a8c5da24bc9c7c4940dd1c48a695?s=96&d=mm&r=g","caption":"A Delapalisse"},"sameAs":["http:\/\/ECI"]}]}},"authors":[{"term_id":1153,"user_id":34,"is_guest":0,"slug":"adelapalisse","display_name":"A Delapalisse","avatar_url":"https:\/\/secure.gravatar.com\/avatar\/ad45a8c5da24bc9c7c4940dd1c48a695?s=96&d=mm&r=g","0":null,"1":"","2":"","3":"","4":"","5":"","6":"","7":"","8":""},{"term_id":1138,"user_id":6,"is_guest":0,"slug":"flaherty","display_name":"Nick Flaherty","avatar_url":"https:\/\/secure.gravatar.com\/avatar\/49bd04ef46c3ee89575adaf950e76b64?s=96&d=mm&r=g","0":null,"1":"","2":"","3":"","4":"","5":"","6":"","7":"","8":""}],"_links":{"self":[{"href":"https:\/\/www.ecinews.fr\/fr\/wp-json\/wp\/v2\/posts\/399527"}],"collection":[{"href":"https:\/\/www.ecinews.fr\/fr\/wp-json\/wp\/v2\/posts"}],"about":[{"href":"https:\/\/www.ecinews.fr\/fr\/wp-json\/wp\/v2\/types\/post"}],"author":[{"embeddable":true,"href":"https:\/\/www.ecinews.fr\/fr\/wp-json\/wp\/v2\/users\/34"}],"replies":[{"embeddable":true,"href":"https:\/\/www.ecinews.fr\/fr\/wp-json\/wp\/v2\/comments?post=399527"}],"version-history":[{"count":0,"href":"https:\/\/www.ecinews.fr\/fr\/wp-json\/wp\/v2\/posts\/399527\/revisions"}],"wp:featuredmedia":[{"embeddable":true,"href":"https:\/\/www.ecinews.fr\/fr\/wp-json\/wp\/v2\/media\/398873"}],"wp:attachment":[{"href":"https:\/\/www.ecinews.fr\/fr\/wp-json\/wp\/v2\/media?parent=399527"}],"wp:term":[{"taxonomy":"category","embeddable":true,"href":"https:\/\/www.ecinews.fr\/fr\/wp-json\/wp\/v2\/categories?post=399527"},{"taxonomy":"post_tag","embeddable":true,"href":"https:\/\/www.ecinews.fr\/fr\/wp-json\/wp\/v2\/tags?post=399527"},{"taxonomy":"domains","embeddable":true,"href":"https:\/\/www.ecinews.fr\/fr\/wp-json\/wp\/v2\/domains?post=399527"},{"taxonomy":"author","embeddable":true,"href":"https:\/\/www.ecinews.fr\/fr\/wp-json\/wp\/v2\/ppma_author?post=399527"}],"curies":[{"name":"wp","href":"https:\/\/api.w.org\/{rel}","templated":true}]}}