{"id":399100,"date":"2022-10-17T15:24:37","date_gmt":"2022-10-17T13:24:37","guid":{"rendered":"https:\/\/www.eenewseurope.com\/?p=399100"},"modified":"2022-10-17T18:53:28","modified_gmt":"2022-10-17T16:53:28","slug":"la-guerre-des-puces-concerne-desormais-le-personnel","status":"publish","type":"post","link":"https:\/\/www.ecinews.fr\/fr\/la-guerre-des-puces-concerne-desormais-le-personnel\/","title":{"rendered":"La guerre des puces concerne d\u00e9sormais le personnel"},"content":{"rendered":"<h2><span class=\"HwtZe\" lang=\"fr\"><span class=\"jCAhz\"><span class=\"ryNqvb\">Les \u00c9tats-Unis ont impos\u00e9 des restrictions cl\u00e9s aux ing\u00e9nieurs am\u00e9ricains travaillant avec des \u00e9quipements de lithographie dans leur bataille commerciale avec la Chine. <\/span><\/span><\/span><\/h2>\n<p><span class=\"HwtZe\" lang=\"fr\"><span class=\"jCAhz\"><span class=\"ryNqvb\">Alors que les US ont restreint davantage l&rsquo;exp\u00e9dition de puces de hautes performances telles que les GPU de Nvidia et AMD et les processeurs d&rsquo;Intel et AMD pour les supercalculateurs pouvant \u00eatre utilis\u00e9s \u00e0 des fins militaires, il a \u00e9galement impos\u00e9 des restrictions sans beaucoup de pr\u00e9avis au personnel am\u00e9ricain travaillant dans des fabs en Chine. <br \/>\n<\/span><\/span><\/span><\/p>\n<p>&nbsp;<\/p>\n<ul>\n<li>\n<p class=\"title\"><a title=\"Les MI5 et FBI s\u2019inqui\u00e8tent de l\u2019espionnage Chinois\" href=\"https:\/\/www.ecinews.fr\/fr\/les-mi5-et-fbi-sinquietent-de-lespionnage-chinois\/\" target=\"_blank\" rel=\"noopener\">Les MI5 et FBI s\u2019inqui\u00e8tent de l\u2019espionnage Chinois<\/a><\/p>\n<\/li>\n<li>\n<p class=\"title\"><a href=\"https:\/\/www.ecinews.fr\/fr\/le-marche-des-semiconducteurs-va-se-retourner-en-2023\/\" target=\"_blank\" rel=\"noopener\">Le march\u00e9 des semiconducteurs va se retourner en 2023<\/a><\/p>\n<div class=\"title-wrapper\">\n<p class=\"title\"><a href=\"https:\/\/www.ecinews.fr\/fr\/situation-du-marche-francais-des-semiconducteurs-au-premier-trimestre-2022\/\" target=\"_blank\" rel=\"noopener\">Situation du march\u00e9 fran\u00e7ais des semiconducteurs au premier trimestre 2022<\/a><\/p>\n<\/div>\n<\/li>\n<li><a href=\"https:\/\/www.eenewseurope.com\/en\/future-of-tsmc-becomes-pawn-in-china-us-tensions\/\">Future of TSMC becomes pawn in China-US tensions<\/a><\/li>\n<\/ul>\n<p><span class=\"HwtZe\" lang=\"fr\"><span class=\"jCAhz\"><span class=\"ryNqvb\"> Impos\u00e9es avec seulement deux jours de pr\u00e9avis par le Bureau de l&rsquo;industrie et de la s\u00e9curit\u00e9 (BIS) du minist\u00e8re du Commerce am\u00e9ricain, ces restrictions ont frapp\u00e9 le fournisseur europ\u00e9en d&rsquo;\u00e9quipements de lithographie ASML ainsi que son concurrent am\u00e9ricain Lam Research. Les \u00e9quipements de fabrication des fabs doivent fonctionner 24 heures sur 24, sept jours sur sept, de sorte que tout temps d&rsquo;arr\u00eat de l&rsquo;\u00e9quipement affecte la production. Le retrait des ing\u00e9nieurs de support en lithographie des usines chinoises affectera consid\u00e9rablement la productivit\u00e9.<\/span><\/span><\/span><\/p>\n<p><span class=\"HwtZe\" lang=\"fr\"><span class=\"jCAhz\"><span class=\"ryNqvb\">\u00ab Le gouvernement am\u00e9ricain a publi\u00e9 un nouvel ensemble de r\u00e9glementations interdisant \u00e0 toute personne am\u00e9ricaine le ssupport \u00e0 certaines fabs en Chine. En cons\u00e9quence, les employ\u00e9s am\u00e9ricains d&rsquo;ASML, y compris les citoyens am\u00e9ricains, les d\u00e9tenteurs de cartes vertes et les ressortissants \u00e9trangers qui vivent aux \u00c9tats-Unis, ne sont plus autoris\u00e9s \u00e0 fournir certains services aux fabs avanc\u00e9es en Chine \u00bb, ont d\u00e9clar\u00e9 Yu Cao et David Kim de l&rsquo;\u00e9quipe de direction am\u00e9ricaine d&rsquo;ASML au personnel.\u00a0<\/span><\/span><\/span><\/p>\n<p><span class=\"HwtZe\" lang=\"fr\"><span class=\"jCAhz\"><span class=\"ryNqvb\"> Cela signifie que les employ\u00e9s am\u00e9ricains doivent s&rsquo;abstenir, directement ou indirectement, d&rsquo;entretenir, d&rsquo;exp\u00e9dier ou de fournir une assistance \u00e0 tout client en Chine jusqu&rsquo;\u00e0 nouvel ordre. La soci\u00e9t\u00e9 \u00e9value activement quelles usines sont concern\u00e9es. Lam Research aurait retir\u00e9 tout son personnel de support des fabs chinoises utilisant ses \u00e9quipements. <\/span><\/span><\/span><\/p>\n<p>&nbsp;<\/p>\n<ul>\n<li>\n<p class=\"title\"><a title=\"L\u2019UE saisit l\u2019OMC contre la Chine\" href=\"https:\/\/www.ecinews.fr\/fr\/lue-saisit-lomc-contre-la-chine\/\" target=\"_blank\" rel=\"noopener\">L\u2019UE saisit l\u2019OMC contre la Chine<\/a><\/p>\n<\/li>\n<li>\n<p class=\"title\"><a title=\"La Chine pourrait perturber certaines t\u00e9l\u00e9communications\" href=\"https:\/\/www.ecinews.fr\/fr\/un-analyste-previent-de-la-menace-de-la-chine-sur-les-telecoms\/\" target=\"_blank\" rel=\"noopener\">La Chine pourrait perturber certaines t\u00e9l\u00e9communications<\/a><\/p>\n<\/li>\n<li><a href=\"https:\/\/www.eenewseurope.com\/en\/eu-us-tech-council-to-head-off-trade-war\/\">EU-US tech council to head off trade war<\/a><\/li>\n<\/ul>\n<p><span class=\"HwtZe\" lang=\"fr\"><span class=\"jCAhz\"><span class=\"ryNqvb\">Cela fait partie d&rsquo;une bataille commerciale continue avec la R\u00e9publique populaire de Chine (RPC) sur la technologie des semiconducteurs, surnomm\u00e9e la \u00ab guerre des puces \u00bb. <\/span><\/span><\/span><\/p>\n<p><span class=\"HwtZe\" lang=\"fr\"><span class=\"jCAhz\"><span class=\"ryNqvb\">\u00ab L&rsquo;affirmation de la force de la RPC en Chine et \u00e0 l&rsquo;\u00e9tranger fait avancer une vision illib\u00e9rale dans les domaines \u00e9conomique, politique, s\u00e9curitaire et technologique en concurrence avec l&rsquo;Occident. C&rsquo;est le seul concurrent ayant \u00e0 la fois l&rsquo;intention de remodeler l&rsquo;ordre international et la capacit\u00e9 croissante de le faire \u00bb, a d\u00e9clar\u00e9 le conseiller \u00e0 la s\u00e9curit\u00e9 nationale Jake Sullivan \u00e0 propos de la strat\u00e9gie de s\u00e9curit\u00e9 nationale de l&rsquo;administration Biden-Harris. <\/span><\/span><\/span><\/p>\n<p><span class=\"HwtZe\" lang=\"fr\"><span class=\"jCAhz\"><span class=\"ryNqvb\">\u00ab\u00a0La semaine derni\u00e8re, nous avons lanc\u00e9 des restrictions importantes et soigneusement adapt\u00e9es aux exportations de technologies de semiconducteurs vers la RPC, ax\u00e9es sur les outils de fabrication de semiconducteurs avanc\u00e9s, les puces les plus avanc\u00e9es et les capacit\u00e9s de supercalcul\u00a0\u00bb, a-t-il d\u00e9clar\u00e9.<\/span><\/span><\/span><\/p>\n<p><span class=\"HwtZe\" lang=\"fr\"><span class=\"jCAhz\"><span class=\"ryNqvb\">\u00ab\u00a0Ces restrictions sont fond\u00e9es sur des pr\u00e9occupations directes de s\u00e9curit\u00e9 nationale\u00a0\u00bb, a-t-il d\u00e9clar\u00e9. \u00ab\u00a0Ces technologies sont utilis\u00e9es pour d\u00e9velopper et mettre en service des syst\u00e8mes militaires avanc\u00e9s, notamment des armes de destruction massive, des missiles hypersoniques, des syst\u00e8mes autonomes et la surveillance de masse.\u00a0\u00bb <\/span><\/span><\/span><\/p>\n<p><span class=\"HwtZe\" lang=\"fr\"><span class=\"jCAhz\"><span class=\"ryNqvb\">Ces autres restrictions seront activ\u00e9es la semaine prochaine.<\/span><\/span><\/span><\/p>\n<p><span class=\"HwtZe\" lang=\"fr\"><span class=\"jCAhz\"><span class=\"ryNqvb\"> \u00ab\u00a0Nous faisons tout ce qui est en notre pouvoir pour prot\u00e9ger notre s\u00e9curit\u00e9 nationale et emp\u00eacher que des technologies sensibles ayant des applications militaires soient acquises par les services militaires, de renseignement et de s\u00e9curit\u00e9 de la R\u00e9publique populaire de Chine\u00a0\u00bb, a d\u00e9clar\u00e9 le sous-secr\u00e9taire au commerce pour l&rsquo;industrie et la s\u00e9curit\u00e9, Alan Estevez. .<\/span><\/span><\/span><\/p>\n<p><span class=\"HwtZe\" lang=\"fr\"><span class=\"jCAhz\"><span class=\"ryNqvb\">\u00ab\u00a0L&rsquo;environnement des menaces est en constante \u00e9volution, et nous mettons \u00e0 jour nos politiques aujourd&rsquo;hui pour nous assurer que nous relevons les d\u00e9fis pos\u00e9s par la RPC tout en poursuivant notre sensibilisation et notre coordination avec nos alli\u00e9s et partenaires\u00a0\u00bb, a-t-il d\u00e9clar\u00e9. <\/span><\/span><\/span><\/p>\n<p><span class=\"HwtZe\" lang=\"fr\"><span class=\"jCAhz\"><span class=\"ryNqvb\">\u00ab\u00a0La RPC a investi des ressources dans le d\u00e9veloppement de capacit\u00e9s de supercalcul et cherche \u00e0 devenir un leader mondial de l&rsquo;intelligence artificielle d&rsquo;ici 2030. Elle utilise ces capacit\u00e9s pour espionner, suivre et surveiller ses propres citoyens et alimenter sa modernisation militaire\u00a0\u00bb, a d\u00e9clar\u00e9 le secr\u00e9taire adjoint de Commerce pour l&rsquo;administration des exportations Thea Rozman Kendler. \u00ab\u00a0Nos actions prot\u00e9geront la s\u00e9curit\u00e9 nationale des \u00c9tats-Unis et les int\u00e9r\u00eats de la politique \u00e9trang\u00e8re tout en envoyant un message clair que le leadership technologique am\u00e9ricain est une question de valeurs autant que d&rsquo;innovation.\u00a0\u00bb<\/span><\/span><\/span><\/p>\n<p><span class=\"HwtZe\" lang=\"fr\"><span class=\"jCAhz\"><span class=\"ryNqvb\">En cons\u00e9quence, davantage d&rsquo;entreprises chinoises pourraient \u00eatre ajout\u00e9es aux listes am\u00e9ricaines d&rsquo;entreprises restreintes. <\/span><\/span><\/span><\/p>\n<p><span class=\"HwtZe\" lang=\"fr\"><span class=\"jCAhz\"><span class=\"ryNqvb\">\u00ab\u00a0Lorsque le BIS est emp\u00each\u00e9 par un gouvernement h\u00f4te d&rsquo;effectuer les contr\u00f4les d&rsquo;utilisation finale en temps opportun, nous ajouterons ces parties \u00e0 la liste non v\u00e9rifi\u00e9e, et si le retard est suffisamment extr\u00eame, sera ajout\u00e9 \u00e0 la liste des entit\u00e9s, pour \u00e9viter le risque de d\u00e9tournement de toute technologie am\u00e9ricaine qui pourrait porter atteinte \u00e0 nos int\u00e9r\u00eats en mati\u00e8re de s\u00e9curit\u00e9 nationale \u00bb, a d\u00e9clar\u00e9 Matthew Axelrod, secr\u00e9taire adjoint au commerce pour l&rsquo;application des r\u00e9glementations \u00e0 l&rsquo;exportation. <\/span><\/span><\/span><\/p>\n<p><span class=\"HwtZe\" lang=\"fr\"><span class=\"jCAhz\"><span class=\"ryNqvb\">Les derni\u00e8res restrictions ajoutent de nouvelles exigences de licence pour les articles destin\u00e9s \u00e0 une usine de semiconducteurs dans la RPC construisant des dispositifs avanc\u00e9s, en particulier les syst\u00e8mes de lithographie. Il y aura une \u00ab\u00a0pr\u00e9somption de efus (d&rsquo;exportation)\u00a0\u00bb pour les fabs chinoises, et les installations appartenant \u00e0 des multinationales ( implant\u00e9es en Chine) seront d\u00e9cid\u00e9es au cas par cas.<\/span><\/span><\/span><\/p>\n<p><span class=\"HwtZe\" lang=\"fr\"><span class=\"jCAhz ChMk0b\"><span class=\"ryNqvb\">Cela couvrira les puces logiques avec des architectures de transistors non planaires (c&rsquo;est-\u00e0-dire FinFET ou GAAFET)<\/span><\/span> <span class=\"jCAhz ChMk0b\"><span class=\"ryNqvb\">de 16 nm ou 14 nm, ou en-dessous, ainsi que des puces de m\u00e9moire DRAM de 18 nm de demi-hauteur ou moins et des puces de m\u00e9moire flash NAND avec 128 couches ou plus et entreront en vigueur le 21 octobre.<\/span><\/span> <span class=\"jCAhz ChMk0b\"><span class=\"ryNqvb\">Les nouvelles r\u00e9glementations restreignent \u00e9galement la capacit\u00e9 du personnel am\u00e9ricain \u00e0 soutenir le d\u00e9veloppement ou la production de circuits int\u00e9gr\u00e9s dans certaines usines de semiconducteurs situ\u00e9es en RPC sans licence et cela est entr\u00e9 en vigueur jeudi 13 octobre.<\/span><\/span><\/span><\/p>\n<p><span class=\"HwtZe\" lang=\"fr\"><span class=\"jCAhz ChMk0b\"><span class=\"ryNqvb\">Chris Miller, professeur agr\u00e9g\u00e9 d&rsquo;histoire internationale \u00e0 la Fletcher School of Law and Diplomacy de l&rsquo;Universit\u00e9 Tufts, a \u00e9crit un livre sur la \u00ab\u00a0guerre des puces\u00a0\u00bb\u00a0 ( Chip War), couvrant l&rsquo;histoire de la Silicon Valley et l&rsquo;importance croissante de la technologie des semiconducteurs et du mod\u00e8le de fonderie \u00e0 Ta\u00efwan.<\/span><\/span> <span class=\"jCAhz ChMk0b\"><span class=\"ryNqvb\">, y compris l&rsquo;acquisition par ASML du fabricant de lasers Cymer en Californie.<\/span><\/span> <span class=\"jCAhz ChMk0b\"><span class=\"ryNqvb\">Les derniers chapitres examinent les facteurs politiques de la bataille des semiconducteurs avec la Chine.<\/span><\/span><\/span><\/p>\n<p>&nbsp;<\/p>\n<p><a href=\"https:\/\/www.amazon.com\/Chip-War-Worlds-Critical-Technology\/dp\/1982172002\">Chip War: The Fight for the World&rsquo;s Most Critical Technology<\/a><\/p>\n<p><a href=\"http:\/\/www.asml.com\">www.asml.com<\/a>; <a href=\"http:\/\/www.commerce.gov\">www.commerce.gov<\/a>;<\/p>\n<h4>Autres articles sur le sujet;<\/h4>\n<ul>\n<li>\n<p class=\"title\"><a title=\"La visite de von der Leyen chez ASML va booster le European CHIPS Act\" href=\"https:\/\/www.ecinews.fr\/fr\/la-visite-de-von-der-leyen-chez-asml-va-booster-le-european-chips-act\/\" target=\"_blank\" rel=\"noopener\">La visite de von der Leyen chez ASML va booster le European CHIPS Act<\/a><\/p>\n<\/li>\n<li><a href=\"https:\/\/www.ecinews.fr\/news\/european-chips-act-pour-la-souverainete-dans-les-semiconducteurs\" target=\"notSet\" rel=\"noopener\">European Chips Act pour la souverainet\u00e9 dans les semiconducteurs<\/a><\/li>\n<li><a href=\"https:\/\/www.ecinews.fr\/news\/infineon-inaugure-sa-fab-300mm-de-composants-de-puissance-villach\" target=\"notSet\" rel=\"noopener\">Infineon inaugure sa Fab 300mm de composants de puissance \u00e0 Villach<\/a><\/li>\n<li><a href=\"https:\/\/www.ecinews.fr\/news\/leurope-investit-eu227m-directement-dans-des-startups\" target=\"notSet\" rel=\"noopener\">L\u2019Europe investit \u20ac227m directement dans des startups<\/a><\/li>\n<\/ul>\n<p>&nbsp;<\/p>\n","protected":false},"excerpt":{"rendered":"<p>Les \u00c9tats-Unis ont impos\u00e9 des restrictions cl\u00e9s aux ing\u00e9nieurs am\u00e9ricains travaillant avec des \u00e9quipements de lithographie dans leur bataille commerciale avec la Chine.<\/p>\n","protected":false},"author":34,"featured_media":399002,"comment_status":"closed","ping_status":"closed","sticky":true,"template":"","format":"standard","meta":{"_acf_changed":false,"footnotes":""},"categories":[18,883],"tags":[1914,1915,1709,913,906,1558],"domains":[47],"ppma_author":[1153],"class_list":["post-399100","post","type-post","status-publish","format-standard","has-post-thumbnail","hentry","category-business-news","category-technologies","tag-finfet","tag-gaafet","tag-gpu-2","tag-materials-processes-fr","tag-mpus-mcus-fr","tag-semiconducteurs","domains-electronique-eci"],"acf":[],"yoast_head":"<title>La guerre des puces concerne d\u00e9sormais le personnel ...<\/title>\n<meta name=\"description\" content=\"Les US ont impos\u00e9 des restrictions cl\u00e9s aux ing\u00e9nieurs US travaillant avec des \u00e9quipements de lithographie dans leur bataille avec la Chine.\" \/>\n<meta name=\"robots\" content=\"index, follow, max-snippet:-1, max-image-preview:large, max-video-preview:-1\" \/>\n<link rel=\"canonical\" href=\"https:\/\/www.ecinews.fr\/fr\/wp-json\/wp\/v2\/posts\/399100\/\" \/>\n<meta property=\"og:locale\" content=\"fr_FR\" \/>\n<meta property=\"og:type\" content=\"article\" \/>\n<meta property=\"og:title\" content=\"La guerre des puces concerne d\u00e9sormais le personnel\" \/>\n<meta property=\"og:description\" content=\"Les US ont impos\u00e9 des restrictions cl\u00e9s aux ing\u00e9nieurs US travaillant avec des \u00e9quipements de lithographie dans leur bataille avec la Chine.\" \/>\n<meta property=\"og:url\" content=\"https:\/\/www.ecinews.fr\/fr\/wp-json\/wp\/v2\/posts\/399100\/\" \/>\n<meta property=\"og:site_name\" content=\"EENewsEurope\" \/>\n<meta property=\"article:published_time\" content=\"2022-10-17T13:24:37+00:00\" \/>\n<meta property=\"article:modified_time\" content=\"2022-10-17T16:53:28+00:00\" \/>\n<meta property=\"og:image\" content=\"https:\/\/www.ecinews.fr\/wp-content\/uploads\/2022\/10\/ASML-cleanroom-euv-wafer-stage-training-scaled.webp\" \/>\n\t<meta property=\"og:image:width\" content=\"1080\" \/>\n\t<meta property=\"og:image:height\" content=\"720\" \/>\n\t<meta property=\"og:image:type\" content=\"image\/webp\" \/>\n<meta name=\"author\" content=\"A Delapalisse\" \/>\n<meta name=\"twitter:card\" content=\"summary_large_image\" \/>\n<meta name=\"twitter:label1\" content=\"Written by\" \/>\n\t<meta name=\"twitter:data1\" content=\"A Delapalisse\" \/>\n\t<meta name=\"twitter:label2\" content=\"Est. reading time\" \/>\n\t<meta name=\"twitter:data2\" content=\"5 minutes\" \/>\n<script type=\"application\/ld+json\" class=\"yoast-schema-graph\">{\"@context\":\"https:\/\/schema.org\",\"@graph\":[{\"@type\":\"Article\",\"@id\":\"https:\/\/www.ecinews.fr\/fr\/la-guerre-des-puces-concerne-desormais-le-personnel\/#article\",\"isPartOf\":{\"@id\":\"https:\/\/www.ecinews.fr\/fr\/la-guerre-des-puces-concerne-desormais-le-personnel\/\"},\"author\":{\"name\":\"A Delapalisse\",\"@id\":\"https:\/\/www.eenewseurope.com\/en\/#\/schema\/person\/0aa2cfb0bd8949724a68cbac8d8321b4\"},\"headline\":\"La guerre des puces concerne d\u00e9sormais le personnel\",\"datePublished\":\"2022-10-17T13:24:37+00:00\",\"dateModified\":\"2022-10-17T16:53:28+00:00\",\"mainEntityOfPage\":{\"@id\":\"https:\/\/www.ecinews.fr\/fr\/la-guerre-des-puces-concerne-desormais-le-personnel\/\"},\"wordCount\":1247,\"publisher\":{\"@id\":\"https:\/\/www.eenewseurope.com\/en\/#organization\"},\"keywords\":[\"FinFet\",\"GAAFET\",\"GPU\",\"Materials &amp; processes\",\"MPUs\/MCUs\",\"Semiconducteurs\"],\"articleSection\":[\"Business news\",\"Technologies\"],\"inLanguage\":\"fr-FR\"},{\"@type\":\"WebPage\",\"@id\":\"https:\/\/www.ecinews.fr\/fr\/la-guerre-des-puces-concerne-desormais-le-personnel\/\",\"url\":\"https:\/\/www.ecinews.fr\/fr\/la-guerre-des-puces-concerne-desormais-le-personnel\/\",\"name\":\"La guerre des puces concerne d\u00e9sormais le personnel -\",\"isPartOf\":{\"@id\":\"https:\/\/www.eenewseurope.com\/en\/#website\"},\"datePublished\":\"2022-10-17T13:24:37+00:00\",\"dateModified\":\"2022-10-17T16:53:28+00:00\",\"description\":\"Les US ont impos\u00e9 des restrictions cl\u00e9s aux ing\u00e9nieurs US travaillant avec des \u00e9quipements de lithographie dans leur bataille avec la Chine.\",\"breadcrumb\":{\"@id\":\"https:\/\/www.ecinews.fr\/fr\/la-guerre-des-puces-concerne-desormais-le-personnel\/#breadcrumb\"},\"inLanguage\":\"fr-FR\",\"potentialAction\":[{\"@type\":\"ReadAction\",\"target\":[\"https:\/\/www.ecinews.fr\/fr\/la-guerre-des-puces-concerne-desormais-le-personnel\/\"]}]},{\"@type\":\"BreadcrumbList\",\"@id\":\"https:\/\/www.ecinews.fr\/fr\/la-guerre-des-puces-concerne-desormais-le-personnel\/#breadcrumb\",\"itemListElement\":[{\"@type\":\"ListItem\",\"position\":1,\"name\":\"Home\",\"item\":\"https:\/\/www.ecinews.fr\/fr\/\"},{\"@type\":\"ListItem\",\"position\":2,\"name\":\"La guerre des puces concerne d\u00e9sormais le personnel\"}]},{\"@type\":\"WebSite\",\"@id\":\"https:\/\/www.eenewseurope.com\/en\/#website\",\"url\":\"https:\/\/www.eenewseurope.com\/en\/\",\"name\":\"EENewsEurope\",\"description\":\"Just another WordPress site\",\"publisher\":{\"@id\":\"https:\/\/www.eenewseurope.com\/en\/#organization\"},\"potentialAction\":[{\"@type\":\"SearchAction\",\"target\":{\"@type\":\"EntryPoint\",\"urlTemplate\":\"https:\/\/www.eenewseurope.com\/en\/?s={search_term_string}\"},\"query-input\":\"required name=search_term_string\"}],\"inLanguage\":\"fr-FR\"},{\"@type\":\"Organization\",\"@id\":\"https:\/\/www.eenewseurope.com\/en\/#organization\",\"name\":\"EENewsEurope\",\"url\":\"https:\/\/www.eenewseurope.com\/en\/\",\"logo\":{\"@type\":\"ImageObject\",\"inLanguage\":\"fr-FR\",\"@id\":\"https:\/\/www.eenewseurope.com\/en\/#\/schema\/logo\/image\/\",\"url\":\"https:\/\/www.ecinews.fr\/wp-content\/uploads\/2022\/02\/logo-1.jpg\",\"contentUrl\":\"https:\/\/www.ecinews.fr\/wp-content\/uploads\/2022\/02\/logo-1.jpg\",\"width\":283,\"height\":113,\"caption\":\"EENewsEurope\"},\"image\":{\"@id\":\"https:\/\/www.eenewseurope.com\/en\/#\/schema\/logo\/image\/\"}},{\"@type\":\"Person\",\"@id\":\"https:\/\/www.eenewseurope.com\/en\/#\/schema\/person\/0aa2cfb0bd8949724a68cbac8d8321b4\",\"name\":\"A Delapalisse\",\"image\":{\"@type\":\"ImageObject\",\"inLanguage\":\"fr-FR\",\"@id\":\"https:\/\/www.eenewseurope.com\/en\/#\/schema\/person\/image\/211ac42237c2e9683c0964086c393cb4\",\"url\":\"https:\/\/secure.gravatar.com\/avatar\/ad45a8c5da24bc9c7c4940dd1c48a695?s=96&d=mm&r=g\",\"contentUrl\":\"https:\/\/secure.gravatar.com\/avatar\/ad45a8c5da24bc9c7c4940dd1c48a695?s=96&d=mm&r=g\",\"caption\":\"A Delapalisse\"},\"sameAs\":[\"http:\/\/ECI\"]}]}<\/script>","yoast_head_json":{"title":"La guerre des puces concerne d\u00e9sormais le personnel ...","description":"Les US ont impos\u00e9 des restrictions cl\u00e9s aux ing\u00e9nieurs US travaillant avec des \u00e9quipements de lithographie dans leur bataille avec la Chine.","robots":{"index":"index","follow":"follow","max-snippet":"max-snippet:-1","max-image-preview":"max-image-preview:large","max-video-preview":"max-video-preview:-1"},"canonical":"https:\/\/www.ecinews.fr\/fr\/wp-json\/wp\/v2\/posts\/399100\/","og_locale":"fr_FR","og_type":"article","og_title":"La guerre des puces concerne d\u00e9sormais le personnel","og_description":"Les US ont impos\u00e9 des restrictions cl\u00e9s aux ing\u00e9nieurs US travaillant avec des \u00e9quipements de lithographie dans leur bataille avec la Chine.","og_url":"https:\/\/www.ecinews.fr\/fr\/wp-json\/wp\/v2\/posts\/399100\/","og_site_name":"EENewsEurope","article_published_time":"2022-10-17T13:24:37+00:00","article_modified_time":"2022-10-17T16:53:28+00:00","og_image":[{"width":1080,"height":720,"url":"https:\/\/www.ecinews.fr\/wp-content\/uploads\/2022\/10\/ASML-cleanroom-euv-wafer-stage-training-scaled.webp","type":"image\/webp"}],"author":"A Delapalisse","twitter_card":"summary_large_image","twitter_misc":{"Written by":"A Delapalisse","Est. reading time":"5 minutes"},"schema":{"@context":"https:\/\/schema.org","@graph":[{"@type":"Article","@id":"https:\/\/www.ecinews.fr\/fr\/la-guerre-des-puces-concerne-desormais-le-personnel\/#article","isPartOf":{"@id":"https:\/\/www.ecinews.fr\/fr\/la-guerre-des-puces-concerne-desormais-le-personnel\/"},"author":{"name":"A Delapalisse","@id":"https:\/\/www.eenewseurope.com\/en\/#\/schema\/person\/0aa2cfb0bd8949724a68cbac8d8321b4"},"headline":"La guerre des puces concerne d\u00e9sormais le personnel","datePublished":"2022-10-17T13:24:37+00:00","dateModified":"2022-10-17T16:53:28+00:00","mainEntityOfPage":{"@id":"https:\/\/www.ecinews.fr\/fr\/la-guerre-des-puces-concerne-desormais-le-personnel\/"},"wordCount":1247,"publisher":{"@id":"https:\/\/www.eenewseurope.com\/en\/#organization"},"keywords":["FinFet","GAAFET","GPU","Materials &amp; processes","MPUs\/MCUs","Semiconducteurs"],"articleSection":["Business news","Technologies"],"inLanguage":"fr-FR"},{"@type":"WebPage","@id":"https:\/\/www.ecinews.fr\/fr\/la-guerre-des-puces-concerne-desormais-le-personnel\/","url":"https:\/\/www.ecinews.fr\/fr\/la-guerre-des-puces-concerne-desormais-le-personnel\/","name":"La guerre des puces concerne d\u00e9sormais le personnel -","isPartOf":{"@id":"https:\/\/www.eenewseurope.com\/en\/#website"},"datePublished":"2022-10-17T13:24:37+00:00","dateModified":"2022-10-17T16:53:28+00:00","description":"Les US ont impos\u00e9 des restrictions cl\u00e9s aux ing\u00e9nieurs US travaillant avec des \u00e9quipements de lithographie dans leur bataille avec la Chine.","breadcrumb":{"@id":"https:\/\/www.ecinews.fr\/fr\/la-guerre-des-puces-concerne-desormais-le-personnel\/#breadcrumb"},"inLanguage":"fr-FR","potentialAction":[{"@type":"ReadAction","target":["https:\/\/www.ecinews.fr\/fr\/la-guerre-des-puces-concerne-desormais-le-personnel\/"]}]},{"@type":"BreadcrumbList","@id":"https:\/\/www.ecinews.fr\/fr\/la-guerre-des-puces-concerne-desormais-le-personnel\/#breadcrumb","itemListElement":[{"@type":"ListItem","position":1,"name":"Home","item":"https:\/\/www.ecinews.fr\/fr\/"},{"@type":"ListItem","position":2,"name":"La guerre des puces concerne d\u00e9sormais le personnel"}]},{"@type":"WebSite","@id":"https:\/\/www.eenewseurope.com\/en\/#website","url":"https:\/\/www.eenewseurope.com\/en\/","name":"EENewsEurope","description":"Just another WordPress site","publisher":{"@id":"https:\/\/www.eenewseurope.com\/en\/#organization"},"potentialAction":[{"@type":"SearchAction","target":{"@type":"EntryPoint","urlTemplate":"https:\/\/www.eenewseurope.com\/en\/?s={search_term_string}"},"query-input":"required name=search_term_string"}],"inLanguage":"fr-FR"},{"@type":"Organization","@id":"https:\/\/www.eenewseurope.com\/en\/#organization","name":"EENewsEurope","url":"https:\/\/www.eenewseurope.com\/en\/","logo":{"@type":"ImageObject","inLanguage":"fr-FR","@id":"https:\/\/www.eenewseurope.com\/en\/#\/schema\/logo\/image\/","url":"https:\/\/www.ecinews.fr\/wp-content\/uploads\/2022\/02\/logo-1.jpg","contentUrl":"https:\/\/www.ecinews.fr\/wp-content\/uploads\/2022\/02\/logo-1.jpg","width":283,"height":113,"caption":"EENewsEurope"},"image":{"@id":"https:\/\/www.eenewseurope.com\/en\/#\/schema\/logo\/image\/"}},{"@type":"Person","@id":"https:\/\/www.eenewseurope.com\/en\/#\/schema\/person\/0aa2cfb0bd8949724a68cbac8d8321b4","name":"A Delapalisse","image":{"@type":"ImageObject","inLanguage":"fr-FR","@id":"https:\/\/www.eenewseurope.com\/en\/#\/schema\/person\/image\/211ac42237c2e9683c0964086c393cb4","url":"https:\/\/secure.gravatar.com\/avatar\/ad45a8c5da24bc9c7c4940dd1c48a695?s=96&d=mm&r=g","contentUrl":"https:\/\/secure.gravatar.com\/avatar\/ad45a8c5da24bc9c7c4940dd1c48a695?s=96&d=mm&r=g","caption":"A Delapalisse"},"sameAs":["http:\/\/ECI"]}]}},"authors":[{"term_id":1153,"user_id":34,"is_guest":0,"slug":"adelapalisse","display_name":"A Delapalisse","avatar_url":"https:\/\/secure.gravatar.com\/avatar\/ad45a8c5da24bc9c7c4940dd1c48a695?s=96&d=mm&r=g","0":null,"1":"","2":"","3":"","4":"","5":"","6":"","7":"","8":""}],"_links":{"self":[{"href":"https:\/\/www.ecinews.fr\/fr\/wp-json\/wp\/v2\/posts\/399100"}],"collection":[{"href":"https:\/\/www.ecinews.fr\/fr\/wp-json\/wp\/v2\/posts"}],"about":[{"href":"https:\/\/www.ecinews.fr\/fr\/wp-json\/wp\/v2\/types\/post"}],"author":[{"embeddable":true,"href":"https:\/\/www.ecinews.fr\/fr\/wp-json\/wp\/v2\/users\/34"}],"replies":[{"embeddable":true,"href":"https:\/\/www.ecinews.fr\/fr\/wp-json\/wp\/v2\/comments?post=399100"}],"version-history":[{"count":0,"href":"https:\/\/www.ecinews.fr\/fr\/wp-json\/wp\/v2\/posts\/399100\/revisions"}],"wp:featuredmedia":[{"embeddable":true,"href":"https:\/\/www.ecinews.fr\/fr\/wp-json\/wp\/v2\/media\/399002"}],"wp:attachment":[{"href":"https:\/\/www.ecinews.fr\/fr\/wp-json\/wp\/v2\/media?parent=399100"}],"wp:term":[{"taxonomy":"category","embeddable":true,"href":"https:\/\/www.ecinews.fr\/fr\/wp-json\/wp\/v2\/categories?post=399100"},{"taxonomy":"post_tag","embeddable":true,"href":"https:\/\/www.ecinews.fr\/fr\/wp-json\/wp\/v2\/tags?post=399100"},{"taxonomy":"domains","embeddable":true,"href":"https:\/\/www.ecinews.fr\/fr\/wp-json\/wp\/v2\/domains?post=399100"},{"taxonomy":"author","embeddable":true,"href":"https:\/\/www.ecinews.fr\/fr\/wp-json\/wp\/v2\/ppma_author?post=399100"}],"curies":[{"name":"wp","href":"https:\/\/api.w.org\/{rel}","templated":true}]}}