{"id":398905,"date":"2022-10-13T19:37:58","date_gmt":"2022-10-13T17:37:58","guid":{"rendered":"https:\/\/www.ecinews.fr\/?p=398905"},"modified":"2022-10-13T19:37:58","modified_gmt":"2022-10-13T17:37:58","slug":"j1939-add-in-pour-le-pcan-diag-fd","status":"publish","type":"post","link":"https:\/\/www.ecinews.fr\/fr\/j1939-add-in-pour-le-pcan-diag-fd\/","title":{"rendered":"J1939 Add-in pour le PCAN-Diag FD"},"content":{"rendered":"<p>Un add-in pour analyser le trafic de donn\u00e9es J1939 est maintenant disponible s\u00e9par\u00e9ment pour l\u2019appareil portatif PCAN-Diag FD de PEAK-System, destin\u00e9 au diagnostic de la communication sur un bus CAN. La norme SAE J1939 d\u00e9crit la communication dans les v\u00e9hicules utilitaires via CAN.<\/p>\n<p>Le trafic de donn\u00e9es CAN est interpr\u00e9t\u00e9 selon la base de donn\u00e9es J1939 incluse et est repr\u00e9sent\u00e9 de mani\u00e8re compr\u00e9hensible pour l&rsquo;utilisateur. En outre, le module inclut des fonctions telles que le d\u00e9codage des messages multi-paquets, la demande d&rsquo;adresse et le traitement des informations de diagnostic.<\/p>\n<p>Le module compl\u00e9mentaire J1939 est activ\u00e9 avec un fichier de licence li\u00e9 \u00e0 l&rsquo;appareil, il peut \u00e9galement \u00eatre achet\u00e9 ult\u00e9rieurement pour un PCAN-Diag FD. Les mises \u00e0 jour de la base de donn\u00e9es J1939 incluse sont incluses pour une p\u00e9riode de 2 ans.<\/p>\n<p><a title=\"www.peak-system.com\" href=\"http:\/\/www.peak-system.com\">www.peak-system.com<\/a><\/p>\n","protected":false},"excerpt":{"rendered":"<p>Un add-in pour analyser le trafic de donn\u00e9es J1939 est maintenant disponible s\u00e9par\u00e9ment pour l\u2019appareil portatif PCAN-Diag FD de PEAK-System, destin\u00e9 au diagnostic de la communication sur un bus CAN. La norme SAE J1939 d\u00e9crit la communication dans les v\u00e9hicules utilitaires via CAN. Le trafic de donn\u00e9es CAN est interpr\u00e9t\u00e9 selon la base de donn\u00e9es [&hellip;]<\/p>\n","protected":false},"author":36,"featured_media":398906,"comment_status":"closed","ping_status":"closed","sticky":false,"template":"","format":"standard","meta":{"_acf_changed":false,"footnotes":""},"categories":[881],"tags":[891,911],"domains":[47],"ppma_author":[1154],"class_list":["post-398905","post","type-post","status-publish","format-standard","has-post-thumbnail","hentry","category-nouveaux-produits","tag-automotive-fr","tag-testandmeasurement-fr","domains-electronique-eci"],"acf":[],"yoast_head":"<title>J1939 Add-in pour le PCAN-Diag FD ...<\/title>\n<meta name=\"description\" content=\"Un add-in pour analyser le trafic de donn\u00e9es J1939 est maintenant disponible s\u00e9par\u00e9ment pour l\u2019appareil portatif PCAN-Diag FD de PEAK-System, destin\u00e9...\" \/>\n<meta name=\"robots\" content=\"index, follow, max-snippet:-1, max-image-preview:large, max-video-preview:-1\" \/>\n<link rel=\"canonical\" href=\"https:\/\/www.ecinews.fr\/fr\/wp-json\/wp\/v2\/posts\/398905\/\" \/>\n<meta property=\"og:locale\" content=\"fr_FR\" \/>\n<meta property=\"og:type\" content=\"article\" \/>\n<meta property=\"og:title\" content=\"J1939 Add-in pour le PCAN-Diag FD\" \/>\n<meta property=\"og:description\" content=\"Un add-in pour analyser le trafic de donn\u00e9es J1939 est maintenant disponible s\u00e9par\u00e9ment pour l\u2019appareil portatif PCAN-Diag FD de PEAK-System, destin\u00e9 au diagnostic de la communication sur un bus CAN. La norme SAE J1939 d\u00e9crit la communication dans les v\u00e9hicules utilitaires via CAN. Le trafic de donn\u00e9es CAN est interpr\u00e9t\u00e9 selon la base de donn\u00e9es [&hellip;]\" \/>\n<meta property=\"og:url\" content=\"https:\/\/www.ecinews.fr\/fr\/wp-json\/wp\/v2\/posts\/398905\/\" \/>\n<meta property=\"og:site_name\" content=\"EENewsEurope\" \/>\n<meta property=\"article:published_time\" content=\"2022-10-13T17:37:58+00:00\" \/>\n<meta property=\"og:image\" content=\"https:\/\/www.ecinews.fr\/wp-content\/uploads\/2022\/10\/ECI1475_PEAK-System-scaled.jpg\" \/>\n\t<meta property=\"og:image:width\" content=\"1080\" \/>\n\t<meta property=\"og:image:height\" content=\"848\" \/>\n\t<meta property=\"og:image:type\" content=\"image\/jpeg\" \/>\n<meta name=\"author\" content=\"Alain Dieul\" \/>\n<meta name=\"twitter:card\" content=\"summary_large_image\" \/>\n<meta name=\"twitter:label1\" content=\"Written by\" \/>\n\t<meta name=\"twitter:data1\" content=\"Alain Dieul\" \/>\n\t<meta name=\"twitter:label2\" content=\"Est. reading time\" \/>\n\t<meta name=\"twitter:data2\" content=\"1 minute\" \/>\n<script type=\"application\/ld+json\" class=\"yoast-schema-graph\">{\"@context\":\"https:\/\/schema.org\",\"@graph\":[{\"@type\":\"Article\",\"@id\":\"https:\/\/www.ecinews.fr\/fr\/j1939-add-in-pour-le-pcan-diag-fd\/#article\",\"isPartOf\":{\"@id\":\"https:\/\/www.ecinews.fr\/fr\/j1939-add-in-pour-le-pcan-diag-fd\/\"},\"author\":{\"name\":\"Alain Dieul\",\"@id\":\"https:\/\/www.eenewseurope.com\/en\/#\/schema\/person\/e4387676ad67ce722325c7832f3c3762\"},\"headline\":\"J1939 Add-in pour le PCAN-Diag FD\",\"datePublished\":\"2022-10-13T17:37:58+00:00\",\"dateModified\":\"2022-10-13T17:37:58+00:00\",\"mainEntityOfPage\":{\"@id\":\"https:\/\/www.ecinews.fr\/fr\/j1939-add-in-pour-le-pcan-diag-fd\/\"},\"wordCount\":158,\"publisher\":{\"@id\":\"https:\/\/www.eenewseurope.com\/en\/#organization\"},\"keywords\":[\"Automotive\",\"TestandMeasurement\"],\"articleSection\":[\"Nouveaux produits\"],\"inLanguage\":\"fr-FR\"},{\"@type\":\"WebPage\",\"@id\":\"https:\/\/www.ecinews.fr\/fr\/j1939-add-in-pour-le-pcan-diag-fd\/\",\"url\":\"https:\/\/www.ecinews.fr\/fr\/j1939-add-in-pour-le-pcan-diag-fd\/\",\"name\":\"J1939 Add-in pour le PCAN-Diag FD -\",\"isPartOf\":{\"@id\":\"https:\/\/www.eenewseurope.com\/en\/#website\"},\"datePublished\":\"2022-10-13T17:37:58+00:00\",\"dateModified\":\"2022-10-13T17:37:58+00:00\",\"breadcrumb\":{\"@id\":\"https:\/\/www.ecinews.fr\/fr\/j1939-add-in-pour-le-pcan-diag-fd\/#breadcrumb\"},\"inLanguage\":\"fr-FR\",\"potentialAction\":[{\"@type\":\"ReadAction\",\"target\":[\"https:\/\/www.ecinews.fr\/fr\/j1939-add-in-pour-le-pcan-diag-fd\/\"]}]},{\"@type\":\"BreadcrumbList\",\"@id\":\"https:\/\/www.ecinews.fr\/fr\/j1939-add-in-pour-le-pcan-diag-fd\/#breadcrumb\",\"itemListElement\":[{\"@type\":\"ListItem\",\"position\":1,\"name\":\"Home\",\"item\":\"https:\/\/www.ecinews.fr\/fr\/\"},{\"@type\":\"ListItem\",\"position\":2,\"name\":\"J1939 Add-in pour le PCAN-Diag FD\"}]},{\"@type\":\"WebSite\",\"@id\":\"https:\/\/www.eenewseurope.com\/en\/#website\",\"url\":\"https:\/\/www.eenewseurope.com\/en\/\",\"name\":\"EENewsEurope\",\"description\":\"Just another WordPress site\",\"publisher\":{\"@id\":\"https:\/\/www.eenewseurope.com\/en\/#organization\"},\"potentialAction\":[{\"@type\":\"SearchAction\",\"target\":{\"@type\":\"EntryPoint\",\"urlTemplate\":\"https:\/\/www.eenewseurope.com\/en\/?s={search_term_string}\"},\"query-input\":\"required name=search_term_string\"}],\"inLanguage\":\"fr-FR\"},{\"@type\":\"Organization\",\"@id\":\"https:\/\/www.eenewseurope.com\/en\/#organization\",\"name\":\"EENewsEurope\",\"url\":\"https:\/\/www.eenewseurope.com\/en\/\",\"logo\":{\"@type\":\"ImageObject\",\"inLanguage\":\"fr-FR\",\"@id\":\"https:\/\/www.eenewseurope.com\/en\/#\/schema\/logo\/image\/\",\"url\":\"https:\/\/www.ecinews.fr\/wp-content\/uploads\/2022\/02\/logo-1.jpg\",\"contentUrl\":\"https:\/\/www.ecinews.fr\/wp-content\/uploads\/2022\/02\/logo-1.jpg\",\"width\":283,\"height\":113,\"caption\":\"EENewsEurope\"},\"image\":{\"@id\":\"https:\/\/www.eenewseurope.com\/en\/#\/schema\/logo\/image\/\"}},{\"@type\":\"Person\",\"@id\":\"https:\/\/www.eenewseurope.com\/en\/#\/schema\/person\/e4387676ad67ce722325c7832f3c3762\",\"name\":\"Alain Dieul\",\"image\":{\"@type\":\"ImageObject\",\"inLanguage\":\"fr-FR\",\"@id\":\"https:\/\/www.eenewseurope.com\/en\/#\/schema\/person\/image\/736120675699dbbf0f0f282b9a9cfb75\",\"url\":\"https:\/\/secure.gravatar.com\/avatar\/bc93b056d07515be5b8eecd4acf49c5c?s=96&d=mm&r=g\",\"contentUrl\":\"https:\/\/secure.gravatar.com\/avatar\/bc93b056d07515be5b8eecd4acf49c5c?s=96&d=mm&r=g\",\"caption\":\"Alain Dieul\"},\"sameAs\":[\"http:\/\/ECINews\"]}]}<\/script>","yoast_head_json":{"title":"J1939 Add-in pour le PCAN-Diag FD ...","description":"Un add-in pour analyser le trafic de donn\u00e9es J1939 est maintenant disponible s\u00e9par\u00e9ment pour l\u2019appareil portatif PCAN-Diag FD de PEAK-System, destin\u00e9...","robots":{"index":"index","follow":"follow","max-snippet":"max-snippet:-1","max-image-preview":"max-image-preview:large","max-video-preview":"max-video-preview:-1"},"canonical":"https:\/\/www.ecinews.fr\/fr\/wp-json\/wp\/v2\/posts\/398905\/","og_locale":"fr_FR","og_type":"article","og_title":"J1939 Add-in pour le PCAN-Diag FD","og_description":"Un add-in pour analyser le trafic de donn\u00e9es J1939 est maintenant disponible s\u00e9par\u00e9ment pour l\u2019appareil portatif PCAN-Diag FD de PEAK-System, destin\u00e9 au diagnostic de la communication sur un bus CAN. La norme SAE J1939 d\u00e9crit la communication dans les v\u00e9hicules utilitaires via CAN. Le trafic de donn\u00e9es CAN est interpr\u00e9t\u00e9 selon la base de donn\u00e9es [&hellip;]","og_url":"https:\/\/www.ecinews.fr\/fr\/wp-json\/wp\/v2\/posts\/398905\/","og_site_name":"EENewsEurope","article_published_time":"2022-10-13T17:37:58+00:00","og_image":[{"width":1080,"height":848,"url":"https:\/\/www.ecinews.fr\/wp-content\/uploads\/2022\/10\/ECI1475_PEAK-System-scaled.jpg","type":"image\/jpeg"}],"author":"Alain Dieul","twitter_card":"summary_large_image","twitter_misc":{"Written by":"Alain Dieul","Est. reading time":"1 minute"},"schema":{"@context":"https:\/\/schema.org","@graph":[{"@type":"Article","@id":"https:\/\/www.ecinews.fr\/fr\/j1939-add-in-pour-le-pcan-diag-fd\/#article","isPartOf":{"@id":"https:\/\/www.ecinews.fr\/fr\/j1939-add-in-pour-le-pcan-diag-fd\/"},"author":{"name":"Alain Dieul","@id":"https:\/\/www.eenewseurope.com\/en\/#\/schema\/person\/e4387676ad67ce722325c7832f3c3762"},"headline":"J1939 Add-in pour le PCAN-Diag FD","datePublished":"2022-10-13T17:37:58+00:00","dateModified":"2022-10-13T17:37:58+00:00","mainEntityOfPage":{"@id":"https:\/\/www.ecinews.fr\/fr\/j1939-add-in-pour-le-pcan-diag-fd\/"},"wordCount":158,"publisher":{"@id":"https:\/\/www.eenewseurope.com\/en\/#organization"},"keywords":["Automotive","TestandMeasurement"],"articleSection":["Nouveaux produits"],"inLanguage":"fr-FR"},{"@type":"WebPage","@id":"https:\/\/www.ecinews.fr\/fr\/j1939-add-in-pour-le-pcan-diag-fd\/","url":"https:\/\/www.ecinews.fr\/fr\/j1939-add-in-pour-le-pcan-diag-fd\/","name":"J1939 Add-in pour le PCAN-Diag FD -","isPartOf":{"@id":"https:\/\/www.eenewseurope.com\/en\/#website"},"datePublished":"2022-10-13T17:37:58+00:00","dateModified":"2022-10-13T17:37:58+00:00","breadcrumb":{"@id":"https:\/\/www.ecinews.fr\/fr\/j1939-add-in-pour-le-pcan-diag-fd\/#breadcrumb"},"inLanguage":"fr-FR","potentialAction":[{"@type":"ReadAction","target":["https:\/\/www.ecinews.fr\/fr\/j1939-add-in-pour-le-pcan-diag-fd\/"]}]},{"@type":"BreadcrumbList","@id":"https:\/\/www.ecinews.fr\/fr\/j1939-add-in-pour-le-pcan-diag-fd\/#breadcrumb","itemListElement":[{"@type":"ListItem","position":1,"name":"Home","item":"https:\/\/www.ecinews.fr\/fr\/"},{"@type":"ListItem","position":2,"name":"J1939 Add-in pour le PCAN-Diag FD"}]},{"@type":"WebSite","@id":"https:\/\/www.eenewseurope.com\/en\/#website","url":"https:\/\/www.eenewseurope.com\/en\/","name":"EENewsEurope","description":"Just another WordPress site","publisher":{"@id":"https:\/\/www.eenewseurope.com\/en\/#organization"},"potentialAction":[{"@type":"SearchAction","target":{"@type":"EntryPoint","urlTemplate":"https:\/\/www.eenewseurope.com\/en\/?s={search_term_string}"},"query-input":"required name=search_term_string"}],"inLanguage":"fr-FR"},{"@type":"Organization","@id":"https:\/\/www.eenewseurope.com\/en\/#organization","name":"EENewsEurope","url":"https:\/\/www.eenewseurope.com\/en\/","logo":{"@type":"ImageObject","inLanguage":"fr-FR","@id":"https:\/\/www.eenewseurope.com\/en\/#\/schema\/logo\/image\/","url":"https:\/\/www.ecinews.fr\/wp-content\/uploads\/2022\/02\/logo-1.jpg","contentUrl":"https:\/\/www.ecinews.fr\/wp-content\/uploads\/2022\/02\/logo-1.jpg","width":283,"height":113,"caption":"EENewsEurope"},"image":{"@id":"https:\/\/www.eenewseurope.com\/en\/#\/schema\/logo\/image\/"}},{"@type":"Person","@id":"https:\/\/www.eenewseurope.com\/en\/#\/schema\/person\/e4387676ad67ce722325c7832f3c3762","name":"Alain Dieul","image":{"@type":"ImageObject","inLanguage":"fr-FR","@id":"https:\/\/www.eenewseurope.com\/en\/#\/schema\/person\/image\/736120675699dbbf0f0f282b9a9cfb75","url":"https:\/\/secure.gravatar.com\/avatar\/bc93b056d07515be5b8eecd4acf49c5c?s=96&d=mm&r=g","contentUrl":"https:\/\/secure.gravatar.com\/avatar\/bc93b056d07515be5b8eecd4acf49c5c?s=96&d=mm&r=g","caption":"Alain Dieul"},"sameAs":["http:\/\/ECINews"]}]}},"authors":[{"term_id":1154,"user_id":36,"is_guest":0,"slug":"alain-dieul","display_name":"Alain Dieul","avatar_url":"https:\/\/secure.gravatar.com\/avatar\/bc93b056d07515be5b8eecd4acf49c5c?s=96&d=mm&r=g","0":null,"1":"","2":"","3":"","4":"","5":"","6":"","7":"","8":""}],"_links":{"self":[{"href":"https:\/\/www.ecinews.fr\/fr\/wp-json\/wp\/v2\/posts\/398905"}],"collection":[{"href":"https:\/\/www.ecinews.fr\/fr\/wp-json\/wp\/v2\/posts"}],"about":[{"href":"https:\/\/www.ecinews.fr\/fr\/wp-json\/wp\/v2\/types\/post"}],"author":[{"embeddable":true,"href":"https:\/\/www.ecinews.fr\/fr\/wp-json\/wp\/v2\/users\/36"}],"replies":[{"embeddable":true,"href":"https:\/\/www.ecinews.fr\/fr\/wp-json\/wp\/v2\/comments?post=398905"}],"version-history":[{"count":0,"href":"https:\/\/www.ecinews.fr\/fr\/wp-json\/wp\/v2\/posts\/398905\/revisions"}],"wp:featuredmedia":[{"embeddable":true,"href":"https:\/\/www.ecinews.fr\/fr\/wp-json\/wp\/v2\/media\/398906"}],"wp:attachment":[{"href":"https:\/\/www.ecinews.fr\/fr\/wp-json\/wp\/v2\/media?parent=398905"}],"wp:term":[{"taxonomy":"category","embeddable":true,"href":"https:\/\/www.ecinews.fr\/fr\/wp-json\/wp\/v2\/categories?post=398905"},{"taxonomy":"post_tag","embeddable":true,"href":"https:\/\/www.ecinews.fr\/fr\/wp-json\/wp\/v2\/tags?post=398905"},{"taxonomy":"domains","embeddable":true,"href":"https:\/\/www.ecinews.fr\/fr\/wp-json\/wp\/v2\/domains?post=398905"},{"taxonomy":"author","embeddable":true,"href":"https:\/\/www.ecinews.fr\/fr\/wp-json\/wp\/v2\/ppma_author?post=398905"}],"curies":[{"name":"wp","href":"https:\/\/api.w.org\/{rel}","templated":true}]}}