{"id":398735,"date":"2022-10-12T18:46:36","date_gmt":"2022-10-12T16:46:36","guid":{"rendered":"https:\/\/www.eenewsanalog.com\/?p=398735"},"modified":"2022-10-13T08:40:09","modified_gmt":"2022-10-13T06:40:09","slug":"le-marche-des-pcs-seffondre-ce-qui-cree-des-vents-contraires-pour-intel-et-amd","status":"publish","type":"post","link":"https:\/\/www.ecinews.fr\/fr\/le-marche-des-pcs-seffondre-ce-qui-cree-des-vents-contraires-pour-intel-et-amd\/","title":{"rendered":"Le march\u00e9 des PCs s&rsquo;effondre ce qui cr\u00e9e des vents contraires pour Intel et AMD"},"content":{"rendered":"<h2><span class=\"VIiyi\" lang=\"fr\"><span class=\"JLqJ4b\"><span class=\"Q4iAWc\">Le march\u00e9 mondial des PCs a connu une baisse record des livraisons au 3T22, les d\u00e9penses informatiques prudentes des entreprises se joignant \u00e0 la faiblesse existante des ventes grand-public et de l&rsquo;\u00e9ducation, d\u00e9clare Canalys. <\/span><\/span><\/span><\/h2>\n<p><span class=\"VIiyi\" lang=\"fr\"><span class=\"JLqJ4b\"><span class=\"Q4iAWc\">Les exp\u00e9ditions totales d&rsquo;ordinateurs de bureau et d&rsquo;ordinateurs portables ont chut\u00e9 de 18% en glissement annuel \u00e0 69,4 millions d&rsquo;unit\u00e9s. Les facteurs macro\u00e9conomiques et industriels d\u00e9favorables devraient persister jusqu&rsquo;en 2023, a d\u00e9clar\u00e9 la soci\u00e9t\u00e9 d&rsquo;\u00e9tudes de march\u00e9. <\/span><\/span><\/span><\/p>\n<p><span class=\"VIiyi\" lang=\"fr\"><span class=\"JLqJ4b\"><span class=\"Q4iAWc\">Les exp\u00e9ditions d&rsquo;ordinateurs portables ont le plus souffert, affichant une baisse de 19% en glissement annuel avec 54,7 millions d&rsquo;unit\u00e9s exp\u00e9di\u00e9es. Les exp\u00e9ditions d&rsquo;ordinateurs de bureau se sont av\u00e9r\u00e9es plus robustes en raison d&rsquo;une moindre d\u00e9pendance aux d\u00e9penses de consommation, en baisse de 11% en glissement annuel pour un total de 14,7 millions d&rsquo;unit\u00e9s.<\/span><\/span><\/span><\/p>\n<p class=\"title\"><a title=\"Les donn\u00e9es des fonderies pointent les faiblesses du march\u00e9 des semiconducteurs\" href=\"https:\/\/www.ecinews.fr\/fr\/les-donnees-des-fonderies-pointent-les-faiblesses-du-marche-des-semiconducteurs\/\">Les donn\u00e9es des fonderies pointent les faiblesses du march\u00e9 des semiconducteurs<\/a><\/p>\n<div id=\"attachment_398034\" style=\"width: 610px\" class=\"wp-caption alignleft\"><img decoding=\"async\" aria-describedby=\"caption-attachment-398034\" class=\"size-full wp-image-398034 lazyload\" data-src=\"https:\/\/www.eenewsanalog.com\/wp-content\/uploads\/2022\/10\/CanalysChart600.jpg\" alt=\"\" width=\"600\" height=\"340\" data-srcset=\"https:\/\/www.ecinews.fr\/wp-content\/uploads\/2022\/10\/CanalysChart600.jpg 600w, https:\/\/www.ecinews.fr\/wp-content\/uploads\/2022\/10\/CanalysChart600-300x170.jpg 300w\" data-sizes=\"(max-width: 600px) 100vw, 600px\" src=\"data:image\/svg+xml;base64,PHN2ZyB3aWR0aD0iMSIgaGVpZ2h0PSIxIiB4bWxucz0iaHR0cDovL3d3dy53My5vcmcvMjAwMC9zdmciPjwvc3ZnPg==\" style=\"--smush-placeholder-width: 600px; --smush-placeholder-aspect-ratio: 600\/340;\" \/><p id=\"caption-attachment-398034\" class=\"wp-caption-text\"><span class=\"VIiyi\" lang=\"fr\"><span class=\"JLqJ4b\"><span class=\"Q4iAWc\">Exp\u00e9ditions mondiales de PC et d&rsquo;ordinateurs portables du 1T20 au 3T22.<\/span><\/span><\/span> Source: Canalys.<\/p><\/div>\n<p><span class=\"VIiyi\" lang=\"fr\"><span class=\"JLqJ4b\"><span class=\"Q4iAWc\">\u00ab\u00a0Alors que le volume des exp\u00e9ditions au troisi\u00e8me trimestre reste comparable aux chiffres d&rsquo;avant la pand\u00e9mie, la d\u00e9t\u00e9rioration rapide de la demande dans tous les segments est un signe inqui\u00e9tant non seulement pour les fournisseurs, mais aussi pour les parties prenantes de la cha\u00eene d&rsquo;approvisionnement\u00a0\u00bb, a d\u00e9clar\u00e9 Ishan Dutt, analyste principal chez Canalys, dans une d\u00e9claration. \u00ab\u00a0Intel et AMD font face \u00e0 des vents contraires dus \u00e0 la faiblesse de leurs activit\u00e9s PC, et les petits fabricants de composants, des circuits int\u00e9gr\u00e9s \u00e0 la m\u00e9moire, r\u00e9duisent leur production et abaissent leurs pr\u00e9visions de b\u00e9n\u00e9fices.<\/span><\/span><\/span><\/p>\n<p><span class=\"VIiyi\" lang=\"fr\"><span class=\"JLqJ4b\"><span class=\"Q4iAWc\">Canalys a d\u00e9clar\u00e9 que les d\u00e9penses informatiques des entreprises prolongent les cycles de remplacement en raison de l&rsquo;incertitude \u00e9conomique mondiale. Cependant, cette r\u00e9duction des d\u00e9penses ne peut pas \u00eatre ind\u00e9finie et les PCs plus performants seront un outil essentiel de d\u00e9veloppement pour les entreprises \u00e0 l&rsquo;avenir. La n\u00e9cessit\u00e9 de remplacer les anciens \u00e9quipements PC signifie que Canalys s&rsquo;attend \u00e0 une reprise d&rsquo;ici le 2S23. <\/span><\/span><\/span><\/p>\n<p><span class=\"VIiyi\" lang=\"fr\"><span class=\"JLqJ4b\"><span class=\"Q4iAWc\">Le classement des fournisseurs reste le m\u00eame avec Lenovo, HP, Dell, Apple et Asus responsables d&rsquo;environ 80 % des ventes. Au cours du dernier trimestre, Apple a augment\u00e9 ses ventes et pris des parts de march\u00e9 \u00e0 d&rsquo;autres soci\u00e9t\u00e9s.<\/span><\/span><\/span><\/p>\n<p>&nbsp;<\/p>\n<p>Autres articles et liens:<\/p>\n<p><a href=\"http:\/\/www.canalys.com\">www.canalys.com<\/a><\/p>\n<ul>\n<li>\n<p class=\"title\"><a title=\"Le march\u00e9 des semiconducteurs fonce vers sa plus grande r\u00e9cession depuis 2000\" href=\"https:\/\/www.ecinews.fr\/fr\/le-marche-des-semiconducteurs-fonce-vers-sa-plus-grande-recession-depuis-2000\/\" target=\"_blank\" rel=\"noopener\">Le march\u00e9 des semiconducteurs fonce vers sa plus grande r\u00e9cession depuis 2000<\/a><\/p>\n<\/li>\n<li>\n<p class=\"title\"><a title=\"Une r\u00e9cession dans les semiconducteurs fin 2022?\" href=\"https:\/\/www.ecinews.fr\/fr\/une-recession-dans-les-semiconducteurs-fin-2022\/\" target=\"_blank\" rel=\"noopener\">Une r\u00e9cession dans les semiconducteurs fin 2022?<\/a><\/p>\n<\/li>\n<li>\n<p class=\"title\"><a title=\"Le retournement du march\u00e9 des semiconducteurs a-t-il commenc\u00e9 ?\" href=\"https:\/\/www.ecinews.fr\/fr\/le-retournement-du-marche-des-semiconducteurs-a-commence-selon-penn\/\" target=\"_blank\" rel=\"noopener\">Le retournement du march\u00e9 des semiconducteurs a-t-il commenc\u00e9 ?<\/a><\/p>\n<\/li>\n<li>\n<p class=\"title\"><a title=\"Les march\u00e9s automobiles gagnent de l\u2019importance pour l\u2019industrie des semiconducteurs\" href=\"https:\/\/www.ecinews.fr\/fr\/les-marches-automobiles-gagnent-de-limportance-pour-lindustrie-des-semiconducteurs\/\" target=\"_blank\" rel=\"noopener\">Les march\u00e9s automobiles gagnent de l\u2019importance pour l\u2019industrie des semiconducteurs<\/a><\/p>\n<\/li>\n<\/ul>\n<p>&nbsp;<\/p>\n","protected":false},"excerpt":{"rendered":"<p>Le march\u00e9 des PCs s&rsquo;effondre ce qui cr\u00e9e des vents contraires pour Intel et AMD<\/p>\n","protected":false},"author":34,"featured_media":39659,"comment_status":"closed","ping_status":"closed","sticky":true,"template":"","format":"standard","meta":{"_acf_changed":false,"footnotes":""},"categories":[886,21],"tags":[906,1558],"domains":[47],"ppma_author":[1153],"class_list":["post-398735","post","type-post","status-publish","format-standard","has-post-thumbnail","hentry","category-news-fr","category-market-news","tag-mpus-mcus-fr","tag-semiconducteurs","domains-electronique-eci"],"acf":[],"yoast_head":"<title>Le march\u00e9 des PCs s&#039;effondre et impacte Intel et AMD ...<\/title>\n<meta name=\"description\" content=\"Le march\u00e9 mondial des PCs a connu une baisse record des livraisons au 3T22, avec des d\u00e9penses informatiques prudentes des entreprises\" \/>\n<meta name=\"robots\" content=\"index, follow, max-snippet:-1, max-image-preview:large, max-video-preview:-1\" \/>\n<link rel=\"canonical\" href=\"https:\/\/www.ecinews.fr\/fr\/wp-json\/wp\/v2\/posts\/398735\/\" \/>\n<meta property=\"og:locale\" content=\"fr_FR\" \/>\n<meta property=\"og:type\" content=\"article\" \/>\n<meta property=\"og:title\" content=\"Le march\u00e9 des PCs s&#039;effondre ce qui cr\u00e9e des vents contraires pour Intel et AMD\" \/>\n<meta property=\"og:description\" content=\"Le march\u00e9 mondial des PCs a connu une baisse record des livraisons au 3T22, avec des d\u00e9penses informatiques prudentes des entreprises\" \/>\n<meta property=\"og:url\" content=\"https:\/\/www.ecinews.fr\/fr\/wp-json\/wp\/v2\/posts\/398735\/\" \/>\n<meta property=\"og:site_name\" content=\"EENewsEurope\" \/>\n<meta property=\"article:published_time\" content=\"2022-10-12T16:46:36+00:00\" \/>\n<meta property=\"article:modified_time\" content=\"2022-10-13T06:40:09+00:00\" \/>\n<meta property=\"og:image\" content=\"https:\/\/www.ecinews.fr\/wp-content\/uploads\/import\/default\/files\/sites\/default\/files\/images\/headwinds630.jpg\" \/>\n\t<meta property=\"og:image:width\" content=\"630\" \/>\n\t<meta property=\"og:image:height\" content=\"420\" \/>\n\t<meta property=\"og:image:type\" content=\"image\/jpeg\" \/>\n<meta name=\"author\" content=\"A Delapalisse\" \/>\n<meta name=\"twitter:card\" content=\"summary_large_image\" \/>\n<meta name=\"twitter:label1\" content=\"Written by\" \/>\n\t<meta name=\"twitter:data1\" content=\"A Delapalisse\" \/>\n\t<meta name=\"twitter:label2\" content=\"Est. reading time\" \/>\n\t<meta name=\"twitter:data2\" content=\"2 minutes\" \/>\n<script type=\"application\/ld+json\" class=\"yoast-schema-graph\">{\"@context\":\"https:\/\/schema.org\",\"@graph\":[{\"@type\":\"Article\",\"@id\":\"https:\/\/www.ecinews.fr\/fr\/le-marche-des-pcs-seffondre-ce-qui-cree-des-vents-contraires-pour-intel-et-amd\/#article\",\"isPartOf\":{\"@id\":\"https:\/\/www.ecinews.fr\/fr\/le-marche-des-pcs-seffondre-ce-qui-cree-des-vents-contraires-pour-intel-et-amd\/\"},\"author\":{\"name\":\"A Delapalisse\",\"@id\":\"https:\/\/www.ecinews.fr\/fr\/#\/schema\/person\/0aa2cfb0bd8949724a68cbac8d8321b4\"},\"headline\":\"Le march\u00e9 des PCs s&rsquo;effondre ce qui cr\u00e9e des vents contraires pour Intel et AMD\",\"datePublished\":\"2022-10-12T16:46:36+00:00\",\"dateModified\":\"2022-10-13T06:40:09+00:00\",\"mainEntityOfPage\":{\"@id\":\"https:\/\/www.ecinews.fr\/fr\/le-marche-des-pcs-seffondre-ce-qui-cree-des-vents-contraires-pour-intel-et-amd\/\"},\"wordCount\":469,\"publisher\":{\"@id\":\"https:\/\/www.ecinews.fr\/fr\/#organization\"},\"keywords\":[\"MPUs\/MCUs\",\"Semiconducteurs\"],\"articleSection\":[\"Actualit\u00e9 g\u00e9n\u00e9rale\",\"Market news\"],\"inLanguage\":\"fr-FR\"},{\"@type\":\"WebPage\",\"@id\":\"https:\/\/www.ecinews.fr\/fr\/le-marche-des-pcs-seffondre-ce-qui-cree-des-vents-contraires-pour-intel-et-amd\/\",\"url\":\"https:\/\/www.ecinews.fr\/fr\/le-marche-des-pcs-seffondre-ce-qui-cree-des-vents-contraires-pour-intel-et-amd\/\",\"name\":\"Le march\u00e9 des PCs s'effondre et impacte Intel et AMD\",\"isPartOf\":{\"@id\":\"https:\/\/www.ecinews.fr\/fr\/#website\"},\"datePublished\":\"2022-10-12T16:46:36+00:00\",\"dateModified\":\"2022-10-13T06:40:09+00:00\",\"description\":\"Le march\u00e9 mondial des PCs a connu une baisse record des livraisons au 3T22, avec des d\u00e9penses informatiques prudentes des entreprises\",\"breadcrumb\":{\"@id\":\"https:\/\/www.ecinews.fr\/fr\/le-marche-des-pcs-seffondre-ce-qui-cree-des-vents-contraires-pour-intel-et-amd\/#breadcrumb\"},\"inLanguage\":\"fr-FR\",\"potentialAction\":[{\"@type\":\"ReadAction\",\"target\":[\"https:\/\/www.ecinews.fr\/fr\/le-marche-des-pcs-seffondre-ce-qui-cree-des-vents-contraires-pour-intel-et-amd\/\"]}]},{\"@type\":\"BreadcrumbList\",\"@id\":\"https:\/\/www.ecinews.fr\/fr\/le-marche-des-pcs-seffondre-ce-qui-cree-des-vents-contraires-pour-intel-et-amd\/#breadcrumb\",\"itemListElement\":[{\"@type\":\"ListItem\",\"position\":1,\"name\":\"Home\",\"item\":\"https:\/\/www.ecinews.fr\/fr\/\"},{\"@type\":\"ListItem\",\"position\":2,\"name\":\"Le march\u00e9 des PCs s&rsquo;effondre ce qui cr\u00e9e des vents contraires pour Intel et AMD\"}]},{\"@type\":\"WebSite\",\"@id\":\"https:\/\/www.ecinews.fr\/fr\/#website\",\"url\":\"https:\/\/www.ecinews.fr\/fr\/\",\"name\":\"EENewsEurope\",\"description\":\"Just another WordPress site\",\"publisher\":{\"@id\":\"https:\/\/www.ecinews.fr\/fr\/#organization\"},\"potentialAction\":[{\"@type\":\"SearchAction\",\"target\":{\"@type\":\"EntryPoint\",\"urlTemplate\":\"https:\/\/www.ecinews.fr\/fr\/?s={search_term_string}\"},\"query-input\":\"required name=search_term_string\"}],\"inLanguage\":\"fr-FR\"},{\"@type\":\"Organization\",\"@id\":\"https:\/\/www.ecinews.fr\/fr\/#organization\",\"name\":\"EENewsEurope\",\"url\":\"https:\/\/www.ecinews.fr\/fr\/\",\"logo\":{\"@type\":\"ImageObject\",\"inLanguage\":\"fr-FR\",\"@id\":\"https:\/\/www.ecinews.fr\/fr\/#\/schema\/logo\/image\/\",\"url\":\"https:\/\/www.ecinews.fr\/wp-content\/uploads\/2022\/02\/logo-1.jpg\",\"contentUrl\":\"https:\/\/www.ecinews.fr\/wp-content\/uploads\/2022\/02\/logo-1.jpg\",\"width\":283,\"height\":113,\"caption\":\"EENewsEurope\"},\"image\":{\"@id\":\"https:\/\/www.ecinews.fr\/fr\/#\/schema\/logo\/image\/\"}},{\"@type\":\"Person\",\"@id\":\"https:\/\/www.ecinews.fr\/fr\/#\/schema\/person\/0aa2cfb0bd8949724a68cbac8d8321b4\",\"name\":\"A Delapalisse\",\"image\":{\"@type\":\"ImageObject\",\"inLanguage\":\"fr-FR\",\"@id\":\"https:\/\/www.ecinews.fr\/fr\/#\/schema\/person\/image\/211ac42237c2e9683c0964086c393cb4\",\"url\":\"https:\/\/secure.gravatar.com\/avatar\/ad45a8c5da24bc9c7c4940dd1c48a695?s=96&d=mm&r=g\",\"contentUrl\":\"https:\/\/secure.gravatar.com\/avatar\/ad45a8c5da24bc9c7c4940dd1c48a695?s=96&d=mm&r=g\",\"caption\":\"A Delapalisse\"},\"sameAs\":[\"http:\/\/ECI\"]}]}<\/script>","yoast_head_json":{"title":"Le march\u00e9 des PCs s'effondre et impacte Intel et AMD ...","description":"Le march\u00e9 mondial des PCs a connu une baisse record des livraisons au 3T22, avec des d\u00e9penses informatiques prudentes des entreprises","robots":{"index":"index","follow":"follow","max-snippet":"max-snippet:-1","max-image-preview":"max-image-preview:large","max-video-preview":"max-video-preview:-1"},"canonical":"https:\/\/www.ecinews.fr\/fr\/wp-json\/wp\/v2\/posts\/398735\/","og_locale":"fr_FR","og_type":"article","og_title":"Le march\u00e9 des PCs s'effondre ce qui cr\u00e9e des vents contraires pour Intel et AMD","og_description":"Le march\u00e9 mondial des PCs a connu une baisse record des livraisons au 3T22, avec des d\u00e9penses informatiques prudentes des entreprises","og_url":"https:\/\/www.ecinews.fr\/fr\/wp-json\/wp\/v2\/posts\/398735\/","og_site_name":"EENewsEurope","article_published_time":"2022-10-12T16:46:36+00:00","article_modified_time":"2022-10-13T06:40:09+00:00","og_image":[{"width":630,"height":420,"url":"https:\/\/www.ecinews.fr\/wp-content\/uploads\/import\/default\/files\/sites\/default\/files\/images\/headwinds630.jpg","type":"image\/jpeg"}],"author":"A Delapalisse","twitter_card":"summary_large_image","twitter_misc":{"Written by":"A Delapalisse","Est. reading time":"2 minutes"},"schema":{"@context":"https:\/\/schema.org","@graph":[{"@type":"Article","@id":"https:\/\/www.ecinews.fr\/fr\/le-marche-des-pcs-seffondre-ce-qui-cree-des-vents-contraires-pour-intel-et-amd\/#article","isPartOf":{"@id":"https:\/\/www.ecinews.fr\/fr\/le-marche-des-pcs-seffondre-ce-qui-cree-des-vents-contraires-pour-intel-et-amd\/"},"author":{"name":"A Delapalisse","@id":"https:\/\/www.ecinews.fr\/fr\/#\/schema\/person\/0aa2cfb0bd8949724a68cbac8d8321b4"},"headline":"Le march\u00e9 des PCs s&rsquo;effondre ce qui cr\u00e9e des vents contraires pour Intel et AMD","datePublished":"2022-10-12T16:46:36+00:00","dateModified":"2022-10-13T06:40:09+00:00","mainEntityOfPage":{"@id":"https:\/\/www.ecinews.fr\/fr\/le-marche-des-pcs-seffondre-ce-qui-cree-des-vents-contraires-pour-intel-et-amd\/"},"wordCount":469,"publisher":{"@id":"https:\/\/www.ecinews.fr\/fr\/#organization"},"keywords":["MPUs\/MCUs","Semiconducteurs"],"articleSection":["Actualit\u00e9 g\u00e9n\u00e9rale","Market news"],"inLanguage":"fr-FR"},{"@type":"WebPage","@id":"https:\/\/www.ecinews.fr\/fr\/le-marche-des-pcs-seffondre-ce-qui-cree-des-vents-contraires-pour-intel-et-amd\/","url":"https:\/\/www.ecinews.fr\/fr\/le-marche-des-pcs-seffondre-ce-qui-cree-des-vents-contraires-pour-intel-et-amd\/","name":"Le march\u00e9 des PCs s'effondre et impacte Intel et AMD","isPartOf":{"@id":"https:\/\/www.ecinews.fr\/fr\/#website"},"datePublished":"2022-10-12T16:46:36+00:00","dateModified":"2022-10-13T06:40:09+00:00","description":"Le march\u00e9 mondial des PCs a connu une baisse record des livraisons au 3T22, avec des d\u00e9penses informatiques prudentes des entreprises","breadcrumb":{"@id":"https:\/\/www.ecinews.fr\/fr\/le-marche-des-pcs-seffondre-ce-qui-cree-des-vents-contraires-pour-intel-et-amd\/#breadcrumb"},"inLanguage":"fr-FR","potentialAction":[{"@type":"ReadAction","target":["https:\/\/www.ecinews.fr\/fr\/le-marche-des-pcs-seffondre-ce-qui-cree-des-vents-contraires-pour-intel-et-amd\/"]}]},{"@type":"BreadcrumbList","@id":"https:\/\/www.ecinews.fr\/fr\/le-marche-des-pcs-seffondre-ce-qui-cree-des-vents-contraires-pour-intel-et-amd\/#breadcrumb","itemListElement":[{"@type":"ListItem","position":1,"name":"Home","item":"https:\/\/www.ecinews.fr\/fr\/"},{"@type":"ListItem","position":2,"name":"Le march\u00e9 des PCs s&rsquo;effondre ce qui cr\u00e9e des vents contraires pour Intel et AMD"}]},{"@type":"WebSite","@id":"https:\/\/www.ecinews.fr\/fr\/#website","url":"https:\/\/www.ecinews.fr\/fr\/","name":"EENewsEurope","description":"Just another WordPress site","publisher":{"@id":"https:\/\/www.ecinews.fr\/fr\/#organization"},"potentialAction":[{"@type":"SearchAction","target":{"@type":"EntryPoint","urlTemplate":"https:\/\/www.ecinews.fr\/fr\/?s={search_term_string}"},"query-input":"required name=search_term_string"}],"inLanguage":"fr-FR"},{"@type":"Organization","@id":"https:\/\/www.ecinews.fr\/fr\/#organization","name":"EENewsEurope","url":"https:\/\/www.ecinews.fr\/fr\/","logo":{"@type":"ImageObject","inLanguage":"fr-FR","@id":"https:\/\/www.ecinews.fr\/fr\/#\/schema\/logo\/image\/","url":"https:\/\/www.ecinews.fr\/wp-content\/uploads\/2022\/02\/logo-1.jpg","contentUrl":"https:\/\/www.ecinews.fr\/wp-content\/uploads\/2022\/02\/logo-1.jpg","width":283,"height":113,"caption":"EENewsEurope"},"image":{"@id":"https:\/\/www.ecinews.fr\/fr\/#\/schema\/logo\/image\/"}},{"@type":"Person","@id":"https:\/\/www.ecinews.fr\/fr\/#\/schema\/person\/0aa2cfb0bd8949724a68cbac8d8321b4","name":"A Delapalisse","image":{"@type":"ImageObject","inLanguage":"fr-FR","@id":"https:\/\/www.ecinews.fr\/fr\/#\/schema\/person\/image\/211ac42237c2e9683c0964086c393cb4","url":"https:\/\/secure.gravatar.com\/avatar\/ad45a8c5da24bc9c7c4940dd1c48a695?s=96&d=mm&r=g","contentUrl":"https:\/\/secure.gravatar.com\/avatar\/ad45a8c5da24bc9c7c4940dd1c48a695?s=96&d=mm&r=g","caption":"A Delapalisse"},"sameAs":["http:\/\/ECI"]}]}},"authors":[{"term_id":1153,"user_id":34,"is_guest":0,"slug":"adelapalisse","display_name":"A Delapalisse","avatar_url":"https:\/\/secure.gravatar.com\/avatar\/ad45a8c5da24bc9c7c4940dd1c48a695?s=96&d=mm&r=g","0":null,"1":"","2":"","3":"","4":"","5":"","6":"","7":"","8":""}],"_links":{"self":[{"href":"https:\/\/www.ecinews.fr\/fr\/wp-json\/wp\/v2\/posts\/398735"}],"collection":[{"href":"https:\/\/www.ecinews.fr\/fr\/wp-json\/wp\/v2\/posts"}],"about":[{"href":"https:\/\/www.ecinews.fr\/fr\/wp-json\/wp\/v2\/types\/post"}],"author":[{"embeddable":true,"href":"https:\/\/www.ecinews.fr\/fr\/wp-json\/wp\/v2\/users\/34"}],"replies":[{"embeddable":true,"href":"https:\/\/www.ecinews.fr\/fr\/wp-json\/wp\/v2\/comments?post=398735"}],"version-history":[{"count":0,"href":"https:\/\/www.ecinews.fr\/fr\/wp-json\/wp\/v2\/posts\/398735\/revisions"}],"wp:featuredmedia":[{"embeddable":true,"href":"https:\/\/www.ecinews.fr\/fr\/wp-json\/wp\/v2\/media\/39659"}],"wp:attachment":[{"href":"https:\/\/www.ecinews.fr\/fr\/wp-json\/wp\/v2\/media?parent=398735"}],"wp:term":[{"taxonomy":"category","embeddable":true,"href":"https:\/\/www.ecinews.fr\/fr\/wp-json\/wp\/v2\/categories?post=398735"},{"taxonomy":"post_tag","embeddable":true,"href":"https:\/\/www.ecinews.fr\/fr\/wp-json\/wp\/v2\/tags?post=398735"},{"taxonomy":"domains","embeddable":true,"href":"https:\/\/www.ecinews.fr\/fr\/wp-json\/wp\/v2\/domains?post=398735"},{"taxonomy":"author","embeddable":true,"href":"https:\/\/www.ecinews.fr\/fr\/wp-json\/wp\/v2\/ppma_author?post=398735"}],"curies":[{"name":"wp","href":"https:\/\/api.w.org\/{rel}","templated":true}]}}