{"id":39830,"date":"2020-11-25T08:00:44","date_gmt":"2020-11-25T08:00:44","guid":{"rendered":"https:\/\/\/premiere-montre-bracelet-de-distanciation-sociale\/"},"modified":"2020-11-25T08:00:44","modified_gmt":"2020-11-25T08:00:44","slug":"premiere-montre-bracelet-de-distanciation-sociale","status":"publish","type":"post","link":"https:\/\/www.ecinews.fr\/fr\/premiere-montre-bracelet-de-distanciation-sociale\/","title":{"rendered":"Premi\u00e8re montre-bracelet de distanciation sociale"},"content":{"rendered":"<p>Contrairement \u00e0 d&rsquo;autres appareils portables de distanciation sociale bas\u00e9s sur des technologies telles que Bluetooth Low Energy (BLE), le chipset UWB de Renesas avec la fonctionnalit\u00e9 Low Rate Pulse (LRP) peut fonctionner avec une consommation d&rsquo;\u00e9nergie 10 fois inf\u00e9rieure \u00e0 celle des puces UWB concurrentes et mesurer des distances avec une pr\u00e9cision de 10cm ou moins \u2013 la pr\u00e9cision n\u00e9cessaire pour les applications de distanciation sociale. La distance de s\u00e9curit\u00e9 de la montre-bracelet est configurable par l&rsquo;utilisateur&nbsp;; le porteur est alert\u00e9 par des LED et un retour haptique lorsqu\u2019un deuxi\u00e8me appareil est d\u00e9tect\u00e9 dans cette plage.&nbsp;<\/p>\n<p>En tant que co-d\u00e9veloppeur et int\u00e9grateur de syst\u00e8mes, Altran utilisera la plateforme bas\u00e9e sur UWB ainsi que d\u2019autres actifs internes pour d\u00e9velopper des solutions portables suppl\u00e9mentaires pour la distanciation sociale ainsi que des applications bas\u00e9es sur la localisation pour des clients \u00e0 travers un large \u00e9ventail de march\u00e9s. La montre-bracelet de distanciation sociale sera pr\u00e9sent\u00e9e dans le laboratoire d\u2019innovation d\u2019Altran.<\/p>\n<p>\u00ab Apr\u00e8s des mois de fermetures dues \u00e0 une pand\u00e9mie mondiale, les gens voudront se sentir en s\u00e9curit\u00e9 quand ils retourneront au travail, \u00e0 l&rsquo;\u00e9cole et dans des milieux sociaux \u00e0 proximit\u00e9 des autres. Je suis heureux que notre collaboration avec Altran vise \u00e0 r\u00e9pondre \u00e0 la pand\u00e9mie COVID-19 avec la premi\u00e8re solution de montre-bracelet LRP UWB de distanciation sociale \u00bb,&nbsp;a d\u00e9clar\u00e9 Roger Wendelken, vice-pr\u00e9sident, responsable du d\u00e9partement MCU, au sein de la division commerciale IoT et infrastructure chez Renesas. \u00ab Renesas pr\u00e9voit de s&rsquo;\u00e9tendre \u00e0 d&rsquo;autres cas d&rsquo;utilisation \u00e0 l&rsquo;avenir, tels que le contr\u00f4le d&rsquo;acc\u00e8s, le suivi des actifs et le g\u00e9orep\u00e9rage. \u00bb<\/p>\n<p>\u00ab&nbsp;Il s&rsquo;agit d&rsquo;un projet unique et enrichissant, en collaboration avec Renesas pour mettre sur le march\u00e9 la premi\u00e8re montre-bracelet de distanciation sociale bas\u00e9e sur LRP UWB \u00bb,&nbsp;a d\u00e9clar\u00e9 Scott Houghton, pr\u00e9sident de la division Semiconductor &amp; Electronics, Industrial &amp; Consumer d\u2019Altran. \u00ab Nous sommes ravis de pr\u00e9senter cette plateforme \u00e0 d\u2019autres march\u00e9s&nbsp;; son facteur de forme, son efficacit\u00e9 \u00e9nerg\u00e9tique et sa pr\u00e9cision en font un excellent choix \u2013 dans les cas d&rsquo;utilisation COVID et non COVID \u2013 dans nos industries verticales.&nbsp;\u00bb<\/p>\n<p><a href=\"http:\/\/www.renesas.om\/\">www.renesas.om<\/a><\/p>\n<p><a href=\"http:\/\/www.altran.com\">www.<\/a><a href=\"http:\/\/altran.com\/%20\/t%20_blank\">altran.com<\/a><\/p>\n<h3 class=\"title\"><a href=\"https:\/\/www.electronique-eci.com\/news\/controleurs-dcdc-buck-boost-bidirectionnels-et-buck-biphase-80v\">Contr\u00f4leurs DC\/DC Buck-Boost Bidirectionnels et Buck Biphas\u00e9 80V<\/a><\/h3>\n<h3 class=\"title\"><a href=\"https:\/\/www.electronique-eci.com\/news\/renesas-introduit-la-surete-fonctionnelle-pour-lethercat-dans-les-microcontroleurs-32-bit-rx\">Renesas introduit la s\u00fbret\u00e9 fonctionnelle pour l\u2019EtherCAT dans les microcontr\u00f4leurs 32-Bit RX<\/a><\/h3>\n<h3 class=\"title\"><a href=\"https:\/\/www.electronique-eci.com\/news\/recepteur-de-puissance-sans-fil-dote-du-mode-wattshare\">R\u00e9cepteur de puissance sans fil dot\u00e9 du mode WattShare<\/a><\/h3>\n","protected":false},"excerpt":{"rendered":"<p>Renesas Electronics Corporation et Altran ont annonc\u00e9 avoir co-d\u00e9velopp\u00e9 une solution portable pour la distanciation sociale bas\u00e9e sur l\u2019Ultra-Wideband (UWB). Une montre-bracelet associe ainsi le microcontr\u00f4leur Synergy S128 de Renesas dot\u00e9 d&rsquo;une IHM tactile capacitive \u00e0 la technologie UWB de t\u00e9l\u00e9m\u00e9trie s\u00e9curis\u00e9e sous licence. <\/p>\n","protected":false},"author":9,"featured_media":39831,"comment_status":"closed","ping_status":"closed","sticky":false,"template":"","format":"standard","meta":{"_acf_changed":false,"footnotes":""},"categories":[],"tags":[],"domains":[47],"ppma_author":[1141],"class_list":["post-39830","post","type-post","status-publish","format-standard","has-post-thumbnail","hentry","domains-electronique-eci"],"acf":[],"yoast_head":"<title>Premi\u00e8re montre-bracelet de distanciation sociale ...<\/title>\n<meta name=\"description\" content=\"Renesas Electronics Corporation et Altran ont annonc\u00e9 avoir co-d\u00e9velopp\u00e9 une solution portable pour la distanciation sociale bas\u00e9e sur l\u2019Ultra-Wideband...\" \/>\n<meta name=\"robots\" content=\"index, follow, max-snippet:-1, max-image-preview:large, max-video-preview:-1\" \/>\n<link rel=\"canonical\" href=\"https:\/\/www.ecinews.fr\/fr\/wp-json\/wp\/v2\/posts\/39830\/\" \/>\n<meta property=\"og:locale\" content=\"fr_FR\" \/>\n<meta property=\"og:type\" content=\"article\" \/>\n<meta property=\"og:title\" content=\"Premi\u00e8re montre-bracelet de distanciation sociale\" \/>\n<meta property=\"og:description\" content=\"Renesas Electronics Corporation et Altran ont annonc\u00e9 avoir co-d\u00e9velopp\u00e9 une solution portable pour la distanciation sociale bas\u00e9e sur l\u2019Ultra-Wideband (UWB). Une montre-bracelet associe ainsi le microcontr\u00f4leur Synergy S128 de Renesas dot\u00e9 d&#039;une IHM tactile capacitive \u00e0 la technologie UWB de t\u00e9l\u00e9m\u00e9trie s\u00e9curis\u00e9e sous licence.\" \/>\n<meta property=\"og:url\" content=\"https:\/\/www.ecinews.fr\/fr\/wp-json\/wp\/v2\/posts\/39830\/\" \/>\n<meta property=\"og:site_name\" content=\"EENewsEurope\" \/>\n<meta property=\"article:published_time\" content=\"2020-11-25T08:00:44+00:00\" \/>\n<meta property=\"og:image\" content=\"https:\/\/www.ecinews.fr\/wp-content\/uploads\/import\/default\/files\/sites\/default\/files\/images\/eci8931_renesas.jpg\" \/>\n\t<meta property=\"og:image:width\" content=\"1920\" \/>\n\t<meta property=\"og:image:height\" content=\"1080\" \/>\n\t<meta property=\"og:image:type\" content=\"image\/jpeg\" \/>\n<meta name=\"author\" content=\"Alain Dieul\" \/>\n<meta name=\"twitter:card\" content=\"summary_large_image\" \/>\n<meta name=\"twitter:label1\" content=\"Written by\" \/>\n\t<meta name=\"twitter:data1\" content=\"Alain Dieul\" \/>\n\t<meta name=\"twitter:label2\" content=\"Est. reading time\" \/>\n\t<meta name=\"twitter:data2\" content=\"2 minutes\" \/>\n<script type=\"application\/ld+json\" class=\"yoast-schema-graph\">{\"@context\":\"https:\/\/schema.org\",\"@graph\":[{\"@type\":\"Article\",\"@id\":\"https:\/\/www.ecinews.fr\/fr\/premiere-montre-bracelet-de-distanciation-sociale\/#article\",\"isPartOf\":{\"@id\":\"https:\/\/www.ecinews.fr\/fr\/premiere-montre-bracelet-de-distanciation-sociale\/\"},\"author\":{\"name\":\"Alain Dieul\",\"@id\":\"https:\/\/www.eenewseurope.com\/en\/#\/schema\/person\/568c789a4794bd460460501ba91f5daf\"},\"headline\":\"Premi\u00e8re montre-bracelet de distanciation sociale\",\"datePublished\":\"2020-11-25T08:00:44+00:00\",\"dateModified\":\"2020-11-25T08:00:44+00:00\",\"mainEntityOfPage\":{\"@id\":\"https:\/\/www.ecinews.fr\/fr\/premiere-montre-bracelet-de-distanciation-sociale\/\"},\"wordCount\":434,\"publisher\":{\"@id\":\"https:\/\/www.eenewseurope.com\/en\/#organization\"},\"inLanguage\":\"fr-FR\"},{\"@type\":\"WebPage\",\"@id\":\"https:\/\/www.ecinews.fr\/fr\/premiere-montre-bracelet-de-distanciation-sociale\/\",\"url\":\"https:\/\/www.ecinews.fr\/fr\/premiere-montre-bracelet-de-distanciation-sociale\/\",\"name\":\"Premi\u00e8re montre-bracelet de distanciation sociale -\",\"isPartOf\":{\"@id\":\"https:\/\/www.eenewseurope.com\/en\/#website\"},\"datePublished\":\"2020-11-25T08:00:44+00:00\",\"dateModified\":\"2020-11-25T08:00:44+00:00\",\"breadcrumb\":{\"@id\":\"https:\/\/www.ecinews.fr\/fr\/premiere-montre-bracelet-de-distanciation-sociale\/#breadcrumb\"},\"inLanguage\":\"fr-FR\",\"potentialAction\":[{\"@type\":\"ReadAction\",\"target\":[\"https:\/\/www.ecinews.fr\/fr\/premiere-montre-bracelet-de-distanciation-sociale\/\"]}]},{\"@type\":\"BreadcrumbList\",\"@id\":\"https:\/\/www.ecinews.fr\/fr\/premiere-montre-bracelet-de-distanciation-sociale\/#breadcrumb\",\"itemListElement\":[{\"@type\":\"ListItem\",\"position\":1,\"name\":\"Home\",\"item\":\"https:\/\/www.ecinews.fr\/fr\/\"},{\"@type\":\"ListItem\",\"position\":2,\"name\":\"Premi\u00e8re montre-bracelet de distanciation sociale\"}]},{\"@type\":\"WebSite\",\"@id\":\"https:\/\/www.eenewseurope.com\/en\/#website\",\"url\":\"https:\/\/www.eenewseurope.com\/en\/\",\"name\":\"EENewsEurope\",\"description\":\"Just another WordPress site\",\"publisher\":{\"@id\":\"https:\/\/www.eenewseurope.com\/en\/#organization\"},\"potentialAction\":[{\"@type\":\"SearchAction\",\"target\":{\"@type\":\"EntryPoint\",\"urlTemplate\":\"https:\/\/www.eenewseurope.com\/en\/?s={search_term_string}\"},\"query-input\":\"required name=search_term_string\"}],\"inLanguage\":\"fr-FR\"},{\"@type\":\"Organization\",\"@id\":\"https:\/\/www.eenewseurope.com\/en\/#organization\",\"name\":\"EENewsEurope\",\"url\":\"https:\/\/www.eenewseurope.com\/en\/\",\"logo\":{\"@type\":\"ImageObject\",\"inLanguage\":\"fr-FR\",\"@id\":\"https:\/\/www.eenewseurope.com\/en\/#\/schema\/logo\/image\/\",\"url\":\"https:\/\/www.ecinews.fr\/wp-content\/uploads\/2022\/02\/logo-1.jpg\",\"contentUrl\":\"https:\/\/www.ecinews.fr\/wp-content\/uploads\/2022\/02\/logo-1.jpg\",\"width\":283,\"height\":113,\"caption\":\"EENewsEurope\"},\"image\":{\"@id\":\"https:\/\/www.eenewseurope.com\/en\/#\/schema\/logo\/image\/\"}},{\"@type\":\"Person\",\"@id\":\"https:\/\/www.eenewseurope.com\/en\/#\/schema\/person\/568c789a4794bd460460501ba91f5daf\",\"name\":\"Alain Dieul\",\"image\":{\"@type\":\"ImageObject\",\"inLanguage\":\"fr-FR\",\"@id\":\"https:\/\/www.eenewseurope.com\/en\/#\/schema\/person\/image\/6d32dc651fbcef3b338066625b118364\",\"url\":\"https:\/\/secure.gravatar.com\/avatar\/93708ec89b35deb10f4cfbfe144b4e07?s=96&d=mm&r=g\",\"contentUrl\":\"https:\/\/secure.gravatar.com\/avatar\/93708ec89b35deb10f4cfbfe144b4e07?s=96&d=mm&r=g\",\"caption\":\"Alain Dieul\"}}]}<\/script>","yoast_head_json":{"title":"Premi\u00e8re montre-bracelet de distanciation sociale ...","description":"Renesas Electronics Corporation et Altran ont annonc\u00e9 avoir co-d\u00e9velopp\u00e9 une solution portable pour la distanciation sociale bas\u00e9e sur l\u2019Ultra-Wideband...","robots":{"index":"index","follow":"follow","max-snippet":"max-snippet:-1","max-image-preview":"max-image-preview:large","max-video-preview":"max-video-preview:-1"},"canonical":"https:\/\/www.ecinews.fr\/fr\/wp-json\/wp\/v2\/posts\/39830\/","og_locale":"fr_FR","og_type":"article","og_title":"Premi\u00e8re montre-bracelet de distanciation sociale","og_description":"Renesas Electronics Corporation et Altran ont annonc\u00e9 avoir co-d\u00e9velopp\u00e9 une solution portable pour la distanciation sociale bas\u00e9e sur l\u2019Ultra-Wideband (UWB). Une montre-bracelet associe ainsi le microcontr\u00f4leur Synergy S128 de Renesas dot\u00e9 d'une IHM tactile capacitive \u00e0 la technologie UWB de t\u00e9l\u00e9m\u00e9trie s\u00e9curis\u00e9e sous licence.","og_url":"https:\/\/www.ecinews.fr\/fr\/wp-json\/wp\/v2\/posts\/39830\/","og_site_name":"EENewsEurope","article_published_time":"2020-11-25T08:00:44+00:00","og_image":[{"width":1920,"height":1080,"url":"https:\/\/www.ecinews.fr\/wp-content\/uploads\/import\/default\/files\/sites\/default\/files\/images\/eci8931_renesas.jpg","type":"image\/jpeg"}],"author":"Alain Dieul","twitter_card":"summary_large_image","twitter_misc":{"Written by":"Alain Dieul","Est. reading time":"2 minutes"},"schema":{"@context":"https:\/\/schema.org","@graph":[{"@type":"Article","@id":"https:\/\/www.ecinews.fr\/fr\/premiere-montre-bracelet-de-distanciation-sociale\/#article","isPartOf":{"@id":"https:\/\/www.ecinews.fr\/fr\/premiere-montre-bracelet-de-distanciation-sociale\/"},"author":{"name":"Alain Dieul","@id":"https:\/\/www.eenewseurope.com\/en\/#\/schema\/person\/568c789a4794bd460460501ba91f5daf"},"headline":"Premi\u00e8re montre-bracelet de distanciation sociale","datePublished":"2020-11-25T08:00:44+00:00","dateModified":"2020-11-25T08:00:44+00:00","mainEntityOfPage":{"@id":"https:\/\/www.ecinews.fr\/fr\/premiere-montre-bracelet-de-distanciation-sociale\/"},"wordCount":434,"publisher":{"@id":"https:\/\/www.eenewseurope.com\/en\/#organization"},"inLanguage":"fr-FR"},{"@type":"WebPage","@id":"https:\/\/www.ecinews.fr\/fr\/premiere-montre-bracelet-de-distanciation-sociale\/","url":"https:\/\/www.ecinews.fr\/fr\/premiere-montre-bracelet-de-distanciation-sociale\/","name":"Premi\u00e8re montre-bracelet de distanciation sociale -","isPartOf":{"@id":"https:\/\/www.eenewseurope.com\/en\/#website"},"datePublished":"2020-11-25T08:00:44+00:00","dateModified":"2020-11-25T08:00:44+00:00","breadcrumb":{"@id":"https:\/\/www.ecinews.fr\/fr\/premiere-montre-bracelet-de-distanciation-sociale\/#breadcrumb"},"inLanguage":"fr-FR","potentialAction":[{"@type":"ReadAction","target":["https:\/\/www.ecinews.fr\/fr\/premiere-montre-bracelet-de-distanciation-sociale\/"]}]},{"@type":"BreadcrumbList","@id":"https:\/\/www.ecinews.fr\/fr\/premiere-montre-bracelet-de-distanciation-sociale\/#breadcrumb","itemListElement":[{"@type":"ListItem","position":1,"name":"Home","item":"https:\/\/www.ecinews.fr\/fr\/"},{"@type":"ListItem","position":2,"name":"Premi\u00e8re montre-bracelet de distanciation sociale"}]},{"@type":"WebSite","@id":"https:\/\/www.eenewseurope.com\/en\/#website","url":"https:\/\/www.eenewseurope.com\/en\/","name":"EENewsEurope","description":"Just another WordPress site","publisher":{"@id":"https:\/\/www.eenewseurope.com\/en\/#organization"},"potentialAction":[{"@type":"SearchAction","target":{"@type":"EntryPoint","urlTemplate":"https:\/\/www.eenewseurope.com\/en\/?s={search_term_string}"},"query-input":"required name=search_term_string"}],"inLanguage":"fr-FR"},{"@type":"Organization","@id":"https:\/\/www.eenewseurope.com\/en\/#organization","name":"EENewsEurope","url":"https:\/\/www.eenewseurope.com\/en\/","logo":{"@type":"ImageObject","inLanguage":"fr-FR","@id":"https:\/\/www.eenewseurope.com\/en\/#\/schema\/logo\/image\/","url":"https:\/\/www.ecinews.fr\/wp-content\/uploads\/2022\/02\/logo-1.jpg","contentUrl":"https:\/\/www.ecinews.fr\/wp-content\/uploads\/2022\/02\/logo-1.jpg","width":283,"height":113,"caption":"EENewsEurope"},"image":{"@id":"https:\/\/www.eenewseurope.com\/en\/#\/schema\/logo\/image\/"}},{"@type":"Person","@id":"https:\/\/www.eenewseurope.com\/en\/#\/schema\/person\/568c789a4794bd460460501ba91f5daf","name":"Alain Dieul","image":{"@type":"ImageObject","inLanguage":"fr-FR","@id":"https:\/\/www.eenewseurope.com\/en\/#\/schema\/person\/image\/6d32dc651fbcef3b338066625b118364","url":"https:\/\/secure.gravatar.com\/avatar\/93708ec89b35deb10f4cfbfe144b4e07?s=96&d=mm&r=g","contentUrl":"https:\/\/secure.gravatar.com\/avatar\/93708ec89b35deb10f4cfbfe144b4e07?s=96&d=mm&r=g","caption":"Alain Dieul"}}]}},"authors":[{"term_id":1141,"user_id":9,"is_guest":0,"slug":"alaindieul","display_name":"Alain Dieul","avatar_url":"https:\/\/secure.gravatar.com\/avatar\/93708ec89b35deb10f4cfbfe144b4e07?s=96&d=mm&r=g","0":null,"1":"","2":"","3":"","4":"","5":"","6":"","7":"","8":""}],"_links":{"self":[{"href":"https:\/\/www.ecinews.fr\/fr\/wp-json\/wp\/v2\/posts\/39830"}],"collection":[{"href":"https:\/\/www.ecinews.fr\/fr\/wp-json\/wp\/v2\/posts"}],"about":[{"href":"https:\/\/www.ecinews.fr\/fr\/wp-json\/wp\/v2\/types\/post"}],"author":[{"embeddable":true,"href":"https:\/\/www.ecinews.fr\/fr\/wp-json\/wp\/v2\/users\/9"}],"replies":[{"embeddable":true,"href":"https:\/\/www.ecinews.fr\/fr\/wp-json\/wp\/v2\/comments?post=39830"}],"version-history":[{"count":0,"href":"https:\/\/www.ecinews.fr\/fr\/wp-json\/wp\/v2\/posts\/39830\/revisions"}],"wp:featuredmedia":[{"embeddable":true,"href":"https:\/\/www.ecinews.fr\/fr\/wp-json\/wp\/v2\/media\/39831"}],"wp:attachment":[{"href":"https:\/\/www.ecinews.fr\/fr\/wp-json\/wp\/v2\/media?parent=39830"}],"wp:term":[{"taxonomy":"category","embeddable":true,"href":"https:\/\/www.ecinews.fr\/fr\/wp-json\/wp\/v2\/categories?post=39830"},{"taxonomy":"post_tag","embeddable":true,"href":"https:\/\/www.ecinews.fr\/fr\/wp-json\/wp\/v2\/tags?post=39830"},{"taxonomy":"domains","embeddable":true,"href":"https:\/\/www.ecinews.fr\/fr\/wp-json\/wp\/v2\/domains?post=39830"},{"taxonomy":"author","embeddable":true,"href":"https:\/\/www.ecinews.fr\/fr\/wp-json\/wp\/v2\/ppma_author?post=39830"}],"curies":[{"name":"wp","href":"https:\/\/api.w.org\/{rel}","templated":true}]}}