{"id":39790,"date":"2020-11-24T08:15:44","date_gmt":"2020-11-24T08:15:44","guid":{"rendered":"https:\/\/\/fabrication-du-premier-ordinateur-quantique-finlandais-vtt-sassocie-a-la-start-up-iqm\/"},"modified":"2020-11-24T08:15:44","modified_gmt":"2020-11-24T08:15:44","slug":"fabrication-du-premier-ordinateur-quantique-finlandais-vtt-sassocie-a-la-start-up-iqm","status":"publish","type":"post","link":"https:\/\/www.ecinews.fr\/fr\/fabrication-du-premier-ordinateur-quantique-finlandais-vtt-sassocie-a-la-start-up-iqm\/","title":{"rendered":"Fabrication du premier ordinateur quantique finlandais: VTT s\u2019associe \u00e0 la start-up IQM"},"content":{"rendered":"<p>\u00ab La Finlande a le potentiel d\u2019\u00eatre le leader europ\u00e9en des technologies quantiques. Je suis impatient de voir les opportunit\u00e9s que l\u2019informatique quantique cr\u00e9era pour les entreprises finlandaises et europ\u00e9ennes ainsi que pour la comp\u00e9titivit\u00e9 de toute la r\u00e9gion. \u00bb a d\u00e9clar\u00e9 le Ministre finlandais de l\u2019\u00e9conomie,&nbsp;Mika Lintil\u00e4.<br \/>\nLe partenaire d\u2019innovation, IQM, a \u00e9t\u00e9 s\u00e9lectionn\u00e9 suite \u00e0 un appel d\u2019offres international. IQM est le leader europ\u00e9en de la construction d\u2019ordinateurs quantiques. &nbsp;La soci\u00e9t\u00e9 IQM a d\u2019ores et d\u00e9j\u00e0 annonc\u00e9 ce mois-ci le succ\u00e8s d\u2019une nouvelle lev\u00e9e de fonds qui&nbsp;amenant sa capacit\u00e9 de financement totale \u00e0 71 millions d\u2019euros.&nbsp;\u00ab Nous sommes fiers de participer \u00e0 cette coop\u00e9ration et impatients de collaborer avec les experts de VTT. Ce projet est extr\u00eamement prestigieux pour nous. Nous allons pouvoir travailler ensemble aux meilleures fa\u00e7ons de b\u00e2tir l\u2019avenir des technologies quantiques. \u00bb a indiqu\u00e9 Jan Goetz, PDG d\u2019IQM.&nbsp;Le projet se d\u00e9roulera en trois phases. La premi\u00e8re doit&nbsp;aboutir, d\u2019ici un an environ, \u00e0 un ordinateur quantique fonctionnel de cinq qubits qui d\u00e9montrera l\u2019expertise de la Finlande en mati\u00e8re de construction d\u2019ordinateurs quantiques. L\u2019objectif ultime du projet \u00e9tant de fabriquer un ordinateur de 50 qubits d\u2019ici 2024.<\/p>\n<p>Les technologies quantiques&nbsp;ouvrent de nouvelles opportunit\u00e9s pour la Finlande<br \/>\nParall\u00e8lement \u00e0 l\u2019ordinateur quantique, VTT poursuivra ses travaux dans d\u2019autres domaines d\u2019application \u2013 tels que les capteurs quantiques, qui prennent de l\u2019importance en imagerie et en diagnostics m\u00e9dicaux, et les algorithmes de cryptage quantique, qui peuvent servir \u00e0 prot\u00e9ger les r\u00e9seaux informatiques. &nbsp;Ces applications, parmi tant d\u2019autres, sont aussi des occasions pour les entreprises finlandaises et europ\u00e9ennes&nbsp;d\u2019exploiter tout le potentiel des technologies quantiques.<\/p>\n<p><u>\u00c0 propos des ordinateurs quantiques IQM<\/u><br \/>\nIQM est le leader europ\u00e9en de la fabrication d\u2019ordinateurs quantiques supraconducteurs, l\u2019entreprise est domicili\u00e9e \u00e0 Espoo, Finlande. Depuis sa cr\u00e9ation en 2018, IQM a grandi et emploie d\u00e9sormais plus de 70 employ\u00e9s et a \u00e9galement ouvert une filiale \u00e0 Munich, Allemagne, dans le cadre de son approche de conception participative. IQM fournit des ordinateurs quantiques sur site pour les laboratoires de recherche et les centres de superinformatique, tout en proposant un acc\u00e8s complet \u00e0 son mat\u00e9riel. Pour les clients industriels, IQM offre un avantage quantique gr\u00e2ce \u00e0 une approche unique de conception participative con\u00e7ue pour des applications sp\u00e9cifiques. IQM a \u00e9galement re\u00e7u une subvention de 3,3 millions d\u2019euros de la part de Business Finland, ainsi qu\u2019une part de 15 millions d\u2019euros de placement en actions dans le cadre du programme EIC Accelerator.<\/p>\n","protected":false},"excerpt":{"rendered":"<p>VTT et IQM ont conclu un partenariat d\u2019innovation pour la construction du premier ordinateur quantique finlandais. L\u2019union des expertises de ces deux entreprises de pointe des technologies quantiques constitue un v\u00e9ritable bond des capacit\u00e9s quantiques de la Finlande. Le gouvernement a d\u2019ailleurs allou\u00e9 20,7 millions d\u2019euros au projet. L\u2019ordinateur sera construit en Finlande, \u00e0 Espoo, dans le centre de recherche commun de VTT et de l\u2019universit\u00e9 Aalto, Micronova, qui poss\u00e8de la salle blanche n\u00e9cessaire \u00e0 la fabrication des composants quantiques. Les travaux commenceront d\u00e8s 2020.<\/p>\n","protected":false},"author":9,"featured_media":39791,"comment_status":"closed","ping_status":"closed","sticky":false,"template":"","format":"standard","meta":{"_acf_changed":false,"footnotes":""},"categories":[],"tags":[],"domains":[47],"ppma_author":[1141],"class_list":["post-39790","post","type-post","status-publish","format-standard","has-post-thumbnail","hentry","domains-electronique-eci"],"acf":[],"yoast_head":"<title><\/title>\n<meta name=\"description\" content=\"VTT et IQM ont conclu un partenariat d\u2019innovation pour la construction du premier ordinateur quantique finlandais. L\u2019union des expertises de ces deux...\" \/>\n<meta name=\"robots\" content=\"index, follow, max-snippet:-1, max-image-preview:large, max-video-preview:-1\" \/>\n<link rel=\"canonical\" href=\"https:\/\/www.ecinews.fr\/fr\/wp-json\/wp\/v2\/posts\/39790\/\" \/>\n<meta property=\"og:locale\" content=\"fr_FR\" \/>\n<meta property=\"og:type\" content=\"article\" \/>\n<meta property=\"og:title\" content=\"Fabrication du premier ordinateur quantique finlandais: VTT s\u2019associe \u00e0 la start-up IQM\" \/>\n<meta property=\"og:description\" content=\"VTT et IQM ont conclu un partenariat d\u2019innovation pour la construction du premier ordinateur quantique finlandais. L\u2019union des expertises de ces deux entreprises de pointe des technologies quantiques constitue un v\u00e9ritable bond des capacit\u00e9s quantiques de la Finlande. Le gouvernement a d\u2019ailleurs allou\u00e9 20,7 millions d\u2019euros au projet. L\u2019ordinateur sera construit en Finlande, \u00e0 Espoo, dans le centre de recherche commun de VTT et de l\u2019universit\u00e9 Aalto, Micronova, qui poss\u00e8de la salle blanche n\u00e9cessaire \u00e0 la fabrication des composants quantiques. Les travaux commenceront d\u00e8s 2020.\" \/>\n<meta property=\"og:url\" content=\"https:\/\/www.ecinews.fr\/fr\/wp-json\/wp\/v2\/posts\/39790\/\" \/>\n<meta property=\"og:site_name\" content=\"EENewsEurope\" \/>\n<meta property=\"article:published_time\" content=\"2020-11-24T08:15:44+00:00\" \/>\n<meta property=\"og:image\" content=\"https:\/\/www.ecinews.fr\/wp-content\/uploads\/import\/default\/files\/sites\/default\/files\/images\/eci8941_vtt.jpg\" \/>\n\t<meta property=\"og:image:width\" content=\"600\" \/>\n\t<meta property=\"og:image:height\" content=\"900\" \/>\n\t<meta property=\"og:image:type\" content=\"image\/jpeg\" \/>\n<meta name=\"author\" content=\"Alain Dieul\" \/>\n<meta name=\"twitter:card\" content=\"summary_large_image\" \/>\n<meta name=\"twitter:label1\" content=\"Written by\" \/>\n\t<meta name=\"twitter:data1\" content=\"Alain Dieul\" \/>\n\t<meta name=\"twitter:label2\" content=\"Est. reading time\" \/>\n\t<meta name=\"twitter:data2\" content=\"2 minutes\" \/>\n<script type=\"application\/ld+json\" class=\"yoast-schema-graph\">{\"@context\":\"https:\/\/schema.org\",\"@graph\":[{\"@type\":\"Article\",\"@id\":\"https:\/\/www.ecinews.fr\/fr\/fabrication-du-premier-ordinateur-quantique-finlandais-vtt-sassocie-a-la-start-up-iqm\/#article\",\"isPartOf\":{\"@id\":\"https:\/\/www.ecinews.fr\/fr\/fabrication-du-premier-ordinateur-quantique-finlandais-vtt-sassocie-a-la-start-up-iqm\/\"},\"author\":{\"name\":\"Alain Dieul\",\"@id\":\"https:\/\/www.ecinews.fr\/fr\/#\/schema\/person\/568c789a4794bd460460501ba91f5daf\"},\"headline\":\"Fabrication du premier ordinateur quantique finlandais: VTT s\u2019associe \u00e0 la start-up IQM\",\"datePublished\":\"2020-11-24T08:15:44+00:00\",\"dateModified\":\"2020-11-24T08:15:44+00:00\",\"mainEntityOfPage\":{\"@id\":\"https:\/\/www.ecinews.fr\/fr\/fabrication-du-premier-ordinateur-quantique-finlandais-vtt-sassocie-a-la-start-up-iqm\/\"},\"wordCount\":470,\"publisher\":{\"@id\":\"https:\/\/www.ecinews.fr\/fr\/#organization\"},\"inLanguage\":\"fr-FR\"},{\"@type\":\"WebPage\",\"@id\":\"https:\/\/www.ecinews.fr\/fr\/fabrication-du-premier-ordinateur-quantique-finlandais-vtt-sassocie-a-la-start-up-iqm\/\",\"url\":\"https:\/\/www.ecinews.fr\/fr\/fabrication-du-premier-ordinateur-quantique-finlandais-vtt-sassocie-a-la-start-up-iqm\/\",\"name\":\"Fabrication du premier ordinateur quantique finlandais: VTT s\u2019associe \u00e0 la start-up IQM -\",\"isPartOf\":{\"@id\":\"https:\/\/www.ecinews.fr\/fr\/#website\"},\"datePublished\":\"2020-11-24T08:15:44+00:00\",\"dateModified\":\"2020-11-24T08:15:44+00:00\",\"breadcrumb\":{\"@id\":\"https:\/\/www.ecinews.fr\/fr\/fabrication-du-premier-ordinateur-quantique-finlandais-vtt-sassocie-a-la-start-up-iqm\/#breadcrumb\"},\"inLanguage\":\"fr-FR\",\"potentialAction\":[{\"@type\":\"ReadAction\",\"target\":[\"https:\/\/www.ecinews.fr\/fr\/fabrication-du-premier-ordinateur-quantique-finlandais-vtt-sassocie-a-la-start-up-iqm\/\"]}]},{\"@type\":\"BreadcrumbList\",\"@id\":\"https:\/\/www.ecinews.fr\/fr\/fabrication-du-premier-ordinateur-quantique-finlandais-vtt-sassocie-a-la-start-up-iqm\/#breadcrumb\",\"itemListElement\":[{\"@type\":\"ListItem\",\"position\":1,\"name\":\"Home\",\"item\":\"https:\/\/www.ecinews.fr\/fr\/\"},{\"@type\":\"ListItem\",\"position\":2,\"name\":\"Fabrication du premier ordinateur quantique finlandais: VTT s\u2019associe \u00e0 la start-up IQM\"}]},{\"@type\":\"WebSite\",\"@id\":\"https:\/\/www.ecinews.fr\/fr\/#website\",\"url\":\"https:\/\/www.ecinews.fr\/fr\/\",\"name\":\"EENewsEurope\",\"description\":\"Just another WordPress site\",\"publisher\":{\"@id\":\"https:\/\/www.ecinews.fr\/fr\/#organization\"},\"potentialAction\":[{\"@type\":\"SearchAction\",\"target\":{\"@type\":\"EntryPoint\",\"urlTemplate\":\"https:\/\/www.ecinews.fr\/fr\/?s={search_term_string}\"},\"query-input\":\"required name=search_term_string\"}],\"inLanguage\":\"fr-FR\"},{\"@type\":\"Organization\",\"@id\":\"https:\/\/www.ecinews.fr\/fr\/#organization\",\"name\":\"EENewsEurope\",\"url\":\"https:\/\/www.ecinews.fr\/fr\/\",\"logo\":{\"@type\":\"ImageObject\",\"inLanguage\":\"fr-FR\",\"@id\":\"https:\/\/www.ecinews.fr\/fr\/#\/schema\/logo\/image\/\",\"url\":\"https:\/\/www.ecinews.fr\/wp-content\/uploads\/2022\/02\/logo-1.jpg\",\"contentUrl\":\"https:\/\/www.ecinews.fr\/wp-content\/uploads\/2022\/02\/logo-1.jpg\",\"width\":283,\"height\":113,\"caption\":\"EENewsEurope\"},\"image\":{\"@id\":\"https:\/\/www.ecinews.fr\/fr\/#\/schema\/logo\/image\/\"}},{\"@type\":\"Person\",\"@id\":\"https:\/\/www.ecinews.fr\/fr\/#\/schema\/person\/568c789a4794bd460460501ba91f5daf\",\"name\":\"Alain Dieul\",\"image\":{\"@type\":\"ImageObject\",\"inLanguage\":\"fr-FR\",\"@id\":\"https:\/\/www.ecinews.fr\/fr\/#\/schema\/person\/image\/6d32dc651fbcef3b338066625b118364\",\"url\":\"https:\/\/secure.gravatar.com\/avatar\/93708ec89b35deb10f4cfbfe144b4e07?s=96&d=mm&r=g\",\"contentUrl\":\"https:\/\/secure.gravatar.com\/avatar\/93708ec89b35deb10f4cfbfe144b4e07?s=96&d=mm&r=g\",\"caption\":\"Alain Dieul\"}}]}<\/script>","yoast_head_json":{"title":"Fabrication du premier ordinateur quantique finlandais: VTT s?...","description":"VTT et IQM ont conclu un partenariat d\u2019innovation pour la construction du premier ordinateur quantique finlandais. L\u2019union des expertises de ces deux...","robots":{"index":"index","follow":"follow","max-snippet":"max-snippet:-1","max-image-preview":"max-image-preview:large","max-video-preview":"max-video-preview:-1"},"canonical":"https:\/\/www.ecinews.fr\/fr\/wp-json\/wp\/v2\/posts\/39790\/","og_locale":"fr_FR","og_type":"article","og_title":"Fabrication du premier ordinateur quantique finlandais: VTT s\u2019associe \u00e0 la start-up IQM","og_description":"VTT et IQM ont conclu un partenariat d\u2019innovation pour la construction du premier ordinateur quantique finlandais. L\u2019union des expertises de ces deux entreprises de pointe des technologies quantiques constitue un v\u00e9ritable bond des capacit\u00e9s quantiques de la Finlande. Le gouvernement a d\u2019ailleurs allou\u00e9 20,7 millions d\u2019euros au projet. L\u2019ordinateur sera construit en Finlande, \u00e0 Espoo, dans le centre de recherche commun de VTT et de l\u2019universit\u00e9 Aalto, Micronova, qui poss\u00e8de la salle blanche n\u00e9cessaire \u00e0 la fabrication des composants quantiques. Les travaux commenceront d\u00e8s 2020.","og_url":"https:\/\/www.ecinews.fr\/fr\/wp-json\/wp\/v2\/posts\/39790\/","og_site_name":"EENewsEurope","article_published_time":"2020-11-24T08:15:44+00:00","og_image":[{"width":600,"height":900,"url":"https:\/\/www.ecinews.fr\/wp-content\/uploads\/import\/default\/files\/sites\/default\/files\/images\/eci8941_vtt.jpg","type":"image\/jpeg"}],"author":"Alain Dieul","twitter_card":"summary_large_image","twitter_misc":{"Written by":"Alain Dieul","Est. reading time":"2 minutes"},"schema":{"@context":"https:\/\/schema.org","@graph":[{"@type":"Article","@id":"https:\/\/www.ecinews.fr\/fr\/fabrication-du-premier-ordinateur-quantique-finlandais-vtt-sassocie-a-la-start-up-iqm\/#article","isPartOf":{"@id":"https:\/\/www.ecinews.fr\/fr\/fabrication-du-premier-ordinateur-quantique-finlandais-vtt-sassocie-a-la-start-up-iqm\/"},"author":{"name":"Alain Dieul","@id":"https:\/\/www.ecinews.fr\/fr\/#\/schema\/person\/568c789a4794bd460460501ba91f5daf"},"headline":"Fabrication du premier ordinateur quantique finlandais: VTT s\u2019associe \u00e0 la start-up IQM","datePublished":"2020-11-24T08:15:44+00:00","dateModified":"2020-11-24T08:15:44+00:00","mainEntityOfPage":{"@id":"https:\/\/www.ecinews.fr\/fr\/fabrication-du-premier-ordinateur-quantique-finlandais-vtt-sassocie-a-la-start-up-iqm\/"},"wordCount":470,"publisher":{"@id":"https:\/\/www.ecinews.fr\/fr\/#organization"},"inLanguage":"fr-FR"},{"@type":"WebPage","@id":"https:\/\/www.ecinews.fr\/fr\/fabrication-du-premier-ordinateur-quantique-finlandais-vtt-sassocie-a-la-start-up-iqm\/","url":"https:\/\/www.ecinews.fr\/fr\/fabrication-du-premier-ordinateur-quantique-finlandais-vtt-sassocie-a-la-start-up-iqm\/","name":"Fabrication du premier ordinateur quantique finlandais: VTT s\u2019associe \u00e0 la start-up IQM -","isPartOf":{"@id":"https:\/\/www.ecinews.fr\/fr\/#website"},"datePublished":"2020-11-24T08:15:44+00:00","dateModified":"2020-11-24T08:15:44+00:00","breadcrumb":{"@id":"https:\/\/www.ecinews.fr\/fr\/fabrication-du-premier-ordinateur-quantique-finlandais-vtt-sassocie-a-la-start-up-iqm\/#breadcrumb"},"inLanguage":"fr-FR","potentialAction":[{"@type":"ReadAction","target":["https:\/\/www.ecinews.fr\/fr\/fabrication-du-premier-ordinateur-quantique-finlandais-vtt-sassocie-a-la-start-up-iqm\/"]}]},{"@type":"BreadcrumbList","@id":"https:\/\/www.ecinews.fr\/fr\/fabrication-du-premier-ordinateur-quantique-finlandais-vtt-sassocie-a-la-start-up-iqm\/#breadcrumb","itemListElement":[{"@type":"ListItem","position":1,"name":"Home","item":"https:\/\/www.ecinews.fr\/fr\/"},{"@type":"ListItem","position":2,"name":"Fabrication du premier ordinateur quantique finlandais: VTT s\u2019associe \u00e0 la start-up IQM"}]},{"@type":"WebSite","@id":"https:\/\/www.ecinews.fr\/fr\/#website","url":"https:\/\/www.ecinews.fr\/fr\/","name":"EENewsEurope","description":"Just another WordPress site","publisher":{"@id":"https:\/\/www.ecinews.fr\/fr\/#organization"},"potentialAction":[{"@type":"SearchAction","target":{"@type":"EntryPoint","urlTemplate":"https:\/\/www.ecinews.fr\/fr\/?s={search_term_string}"},"query-input":"required name=search_term_string"}],"inLanguage":"fr-FR"},{"@type":"Organization","@id":"https:\/\/www.ecinews.fr\/fr\/#organization","name":"EENewsEurope","url":"https:\/\/www.ecinews.fr\/fr\/","logo":{"@type":"ImageObject","inLanguage":"fr-FR","@id":"https:\/\/www.ecinews.fr\/fr\/#\/schema\/logo\/image\/","url":"https:\/\/www.ecinews.fr\/wp-content\/uploads\/2022\/02\/logo-1.jpg","contentUrl":"https:\/\/www.ecinews.fr\/wp-content\/uploads\/2022\/02\/logo-1.jpg","width":283,"height":113,"caption":"EENewsEurope"},"image":{"@id":"https:\/\/www.ecinews.fr\/fr\/#\/schema\/logo\/image\/"}},{"@type":"Person","@id":"https:\/\/www.ecinews.fr\/fr\/#\/schema\/person\/568c789a4794bd460460501ba91f5daf","name":"Alain Dieul","image":{"@type":"ImageObject","inLanguage":"fr-FR","@id":"https:\/\/www.ecinews.fr\/fr\/#\/schema\/person\/image\/6d32dc651fbcef3b338066625b118364","url":"https:\/\/secure.gravatar.com\/avatar\/93708ec89b35deb10f4cfbfe144b4e07?s=96&d=mm&r=g","contentUrl":"https:\/\/secure.gravatar.com\/avatar\/93708ec89b35deb10f4cfbfe144b4e07?s=96&d=mm&r=g","caption":"Alain Dieul"}}]}},"authors":[{"term_id":1141,"user_id":9,"is_guest":0,"slug":"alaindieul","display_name":"Alain Dieul","avatar_url":"https:\/\/secure.gravatar.com\/avatar\/93708ec89b35deb10f4cfbfe144b4e07?s=96&d=mm&r=g","0":null,"1":"","2":"","3":"","4":"","5":"","6":"","7":"","8":""}],"_links":{"self":[{"href":"https:\/\/www.ecinews.fr\/fr\/wp-json\/wp\/v2\/posts\/39790"}],"collection":[{"href":"https:\/\/www.ecinews.fr\/fr\/wp-json\/wp\/v2\/posts"}],"about":[{"href":"https:\/\/www.ecinews.fr\/fr\/wp-json\/wp\/v2\/types\/post"}],"author":[{"embeddable":true,"href":"https:\/\/www.ecinews.fr\/fr\/wp-json\/wp\/v2\/users\/9"}],"replies":[{"embeddable":true,"href":"https:\/\/www.ecinews.fr\/fr\/wp-json\/wp\/v2\/comments?post=39790"}],"version-history":[{"count":0,"href":"https:\/\/www.ecinews.fr\/fr\/wp-json\/wp\/v2\/posts\/39790\/revisions"}],"wp:featuredmedia":[{"embeddable":true,"href":"https:\/\/www.ecinews.fr\/fr\/wp-json\/wp\/v2\/media\/39791"}],"wp:attachment":[{"href":"https:\/\/www.ecinews.fr\/fr\/wp-json\/wp\/v2\/media?parent=39790"}],"wp:term":[{"taxonomy":"category","embeddable":true,"href":"https:\/\/www.ecinews.fr\/fr\/wp-json\/wp\/v2\/categories?post=39790"},{"taxonomy":"post_tag","embeddable":true,"href":"https:\/\/www.ecinews.fr\/fr\/wp-json\/wp\/v2\/tags?post=39790"},{"taxonomy":"domains","embeddable":true,"href":"https:\/\/www.ecinews.fr\/fr\/wp-json\/wp\/v2\/domains?post=39790"},{"taxonomy":"author","embeddable":true,"href":"https:\/\/www.ecinews.fr\/fr\/wp-json\/wp\/v2\/ppma_author?post=39790"}],"curies":[{"name":"wp","href":"https:\/\/api.w.org\/{rel}","templated":true}]}}