{"id":397878,"date":"2022-10-09T15:57:10","date_gmt":"2022-10-09T13:57:10","guid":{"rendered":"https:\/\/www.ecinews.fr\/?p=397878"},"modified":"2022-10-09T15:57:10","modified_gmt":"2022-10-09T13:57:10","slug":"accelerateur-ai-integre-et-optimise-en-vision","status":"publish","type":"post","link":"https:\/\/www.ecinews.fr\/fr\/accelerateur-ai-integre-et-optimise-en-vision\/","title":{"rendered":"Acc\u00e9l\u00e9rateur AI int\u00e9gr\u00e9 et optimis\u00e9 en vision"},"content":{"rendered":"<p><a href=\"http:\/\/www.renesas.com\/\">Renesas Electronics Corporation<\/a>\u00a0a \u00e9tendu sa s\u00e9rie RZ\/V de microprocesseurs (MPU) compatibles avec l&rsquo;IA (Intelligence Artificielle), avec un nouveau composant qui permet le traitement de l&rsquo;image par l&rsquo;IA des donn\u00e9es de plusieurs cam\u00e9ras, offrant un nouveau niveau de reconnaissance d&rsquo;image tr\u00e8s pr\u00e9cise pour les applications d&rsquo;IA de vision. \u00c9quip\u00e9 de deux c\u0153urs Arm Cortex-A53 64 bits, le nouvel produit est capable de fournir des performances de calcul \u00e9lev\u00e9es avec une fr\u00e9quence de fonctionnement maximale de 1 GHz. Le RZ\/V2MA est dot\u00e9 d&rsquo;un acc\u00e9l\u00e9rateur propri\u00e9taire DRP-AI (processeur dynamiquement reconfigurable) \u00e0 faible consommation qui peut traiter la vision AI \u00e0 1 TOPS\/W (tera op\u00e9rations par seconde, par watt).<\/p>\n<p>Le composant RZ\/V2MA offre des interfaces haut d\u00e9bit telles qu&rsquo;Ethernet, USB et PCI Express qui permettent l&rsquo;entr\u00e9e d&rsquo;images \u00e0 partir de plusieurs cam\u00e9ras externes. En plus de l&rsquo;acc\u00e9l\u00e9rateur DRP-AI, le RZ\/V2MA comprend un acc\u00e9l\u00e9rateur OpenCV qui permet simultan\u00e9ment le traitement d&rsquo;image bas\u00e9 sur les r\u00e8gles associ\u00e9es. Ces fonctionnalit\u00e9s apportent des capacit\u00e9s de reconnaissance d&rsquo;image tr\u00e8s pr\u00e9cises pour les produits de vision industrielle tels que les passerelles \u00e9quip\u00e9es d&rsquo;IA, les serveurs vid\u00e9o, les barri\u00e8res de s\u00e9curit\u00e9, les terminaux de point de vente et les bras robotis\u00e9s.<\/p>\n<p>Le nouveau RZ\/V2MA offre une suite compl\u00e8te d&rsquo;outils de d\u00e9veloppement pour faciliter la conception de syst\u00e8mes d&rsquo;IA de vision. En plus du traducteur DRP-AI existant, le nouveau produit ajoute le DRP-AI TVM (Remarque 1), qui est bas\u00e9 sur la technologie Apache TVM du compilateur pour le deep learning open source (Remarque 2). Alors que le traducteur DRP AI est con\u00e7u pour convertir des mod\u00e8les d&rsquo;IA en ex\u00e9cutables DRP-AI, le compilateur DRP-AI TVM permet \u00e0 l&rsquo;acc\u00e9l\u00e9rateur DRP-AI de fonctionner avec le CPU, permettant au DRP-AI de convertir et de g\u00e9n\u00e9rer plus de mod\u00e8les d&rsquo;IA que jamais auparavant. Dans un premier temps, Renesas prend en charge les mod\u00e8les d&rsquo;IA ONNX et PyTorch et pr\u00e9voit de prendre en charge Tensorflow \u00e0 l&rsquo;avenir.<\/p>\n<p>\u00ab\u00a0L&rsquo;un des d\u00e9fis pour les d\u00e9veloppeurs de syst\u00e8mes embarqu\u00e9s qui souhaitent mettre en \u0153uvre l&rsquo;apprentissage automatique est de suivre les derniers mod\u00e8les d&rsquo;IA qui \u00e9voluent constamment\u00a0\u00bb, a d\u00e9clar\u00e9\u00a0Shigeki Kato, vice-pr\u00e9sident de la Division Commerciale pour l\u2019Infrastructure des Entreprises de Renesas. \u00ab\u00a0Avec le nouvel outil DRP-AI TVM, nous offrons aux concepteurs la possibilit\u00e9 d&rsquo;\u00e9tendre les cadres d&rsquo;IA et les mod\u00e8les d&rsquo;IA qui peuvent \u00eatre convertis en formats ex\u00e9cutables, leur permettant d&rsquo;apporter les derni\u00e8res capacit\u00e9s de reconnaissance d&rsquo;image aux appareils embarqu\u00e9s \u00e0 l&rsquo;aide de nouveaux mod\u00e8les d&rsquo;IA.\u00a0\u00bb<\/p>\n<p>\u00ab\u00a0La s\u00e9rie RZ\/V de Renesas est id\u00e9ale pour les produits embarqu\u00e9s car elle n&rsquo;a pas besoin de ventilateurs ou de dissipateurs de chaleur, en raison de sa consommation d&rsquo;\u00e9nergie extr\u00eamement faible et de sa faible g\u00e9n\u00e9ration de chaleur lors de l&rsquo;ex\u00e9cution de l&rsquo;IA\u00a0\u00bb, a d\u00e9clar\u00e9\u00a0Chiharu Nakabayashi, pr\u00e9sident d&rsquo;amnimo Inc., un fournisseur de services bas\u00e9s sur l&rsquo;IoT et l&rsquo;IA et une filiale en propri\u00e9t\u00e9 exclusive de Yokogawa Electric Corporation. \u00ab\u00a0Avec ces composants, nous sommes convaincus que nous pouvons d\u00e9velopper de puissantes passerelles d&rsquo;IA d&rsquo;image qui peuvent \u00eatre install\u00e9es n&rsquo;importe o\u00f9.\u00a0\u00bb<\/p>\n<p><a href=\"https:\/\/www.renesas.com\/win?utm_campaign=soc_rzv2ma&amp;utm_source=press_release&amp;utm_medium=press_release&amp;utm_content=wc\">https:\/\/www.renesas.com\/win<\/a>.<\/p>\n<p><a href=\"https:\/\/www.renesas.com\/products\/microcontrollers-microprocessors\/rz-mpus\/rzv2ma-tentative-ai-only-accelerator-drp-ai-4k-compatible-image-signal-processor-isp-vision-ai-assp-real?utm_campaign=soc_rzv2ma&amp;utm_source=press_release&amp;utm_medium=press_release&amp;utm_content=rzv2ma_lp\">https:\/\/www.renesas.com\/rzv2ma<\/a><\/p>\n<p><a href=\"http:\/\/www.renesas.com\/\">renesas.com<\/a><\/p>\n","protected":false},"excerpt":{"rendered":"<p>Renesas Electronics Corporation\u00a0a \u00e9tendu sa s\u00e9rie RZ\/V de microprocesseurs (MPU) compatibles avec l&rsquo;IA (Intelligence Artificielle), avec un nouveau composant qui permet le traitement de l&rsquo;image par l&rsquo;IA des donn\u00e9es de plusieurs cam\u00e9ras, offrant un nouveau niveau de reconnaissance d&rsquo;image tr\u00e8s pr\u00e9cise pour les applications d&rsquo;IA de vision. \u00c9quip\u00e9 de deux c\u0153urs Arm Cortex-A53 64 bits, [&hellip;]<\/p>\n","protected":false},"author":36,"featured_media":397879,"comment_status":"closed","ping_status":"closed","sticky":false,"template":"","format":"standard","meta":{"_acf_changed":false,"footnotes":""},"categories":[881],"tags":[906],"domains":[47],"ppma_author":[1154],"class_list":["post-397878","post","type-post","status-publish","format-standard","has-post-thumbnail","hentry","category-nouveaux-produits","tag-mpus-mcus-fr","domains-electronique-eci"],"acf":[],"yoast_head":"<title>Acc\u00e9l\u00e9rateur AI int\u00e9gr\u00e9 et optimis\u00e9 en vision ...<\/title>\n<meta name=\"description\" content=\"Renesas Electronics Corporation\u00a0a \u00e9tendu sa s\u00e9rie RZ\/V de microprocesseurs (MPU) compatibles avec l&rsquo;IA (Intelligence Artificielle), avec un nouveau...\" \/>\n<meta name=\"robots\" content=\"index, follow, max-snippet:-1, max-image-preview:large, max-video-preview:-1\" \/>\n<link rel=\"canonical\" href=\"https:\/\/www.ecinews.fr\/fr\/wp-json\/wp\/v2\/posts\/397878\/\" \/>\n<meta property=\"og:locale\" content=\"fr_FR\" \/>\n<meta property=\"og:type\" content=\"article\" \/>\n<meta property=\"og:title\" content=\"Acc\u00e9l\u00e9rateur AI int\u00e9gr\u00e9 et optimis\u00e9 en vision\" \/>\n<meta property=\"og:description\" content=\"Renesas Electronics Corporation\u00a0a \u00e9tendu sa s\u00e9rie RZ\/V de microprocesseurs (MPU) compatibles avec l&rsquo;IA (Intelligence Artificielle), avec un nouveau composant qui permet le traitement de l&rsquo;image par l&rsquo;IA des donn\u00e9es de plusieurs cam\u00e9ras, offrant un nouveau niveau de reconnaissance d&rsquo;image tr\u00e8s pr\u00e9cise pour les applications d&rsquo;IA de vision. \u00c9quip\u00e9 de deux c\u0153urs Arm Cortex-A53 64 bits, [&hellip;]\" \/>\n<meta property=\"og:url\" content=\"https:\/\/www.ecinews.fr\/fr\/wp-json\/wp\/v2\/posts\/397878\/\" \/>\n<meta property=\"og:site_name\" content=\"EENewsEurope\" \/>\n<meta property=\"article:published_time\" content=\"2022-10-09T13:57:10+00:00\" \/>\n<meta property=\"og:image\" content=\"https:\/\/www.ecinews.fr\/wp-content\/uploads\/2022\/10\/ECI1457_Renesas-scaled.jpg\" \/>\n\t<meta property=\"og:image:width\" content=\"1080\" \/>\n\t<meta property=\"og:image:height\" content=\"608\" \/>\n\t<meta property=\"og:image:type\" content=\"image\/jpeg\" \/>\n<meta name=\"author\" content=\"Alain Dieul\" \/>\n<meta name=\"twitter:card\" content=\"summary_large_image\" \/>\n<meta name=\"twitter:label1\" content=\"Written by\" \/>\n\t<meta name=\"twitter:data1\" content=\"Alain Dieul\" \/>\n\t<meta name=\"twitter:label2\" content=\"Est. reading time\" \/>\n\t<meta name=\"twitter:data2\" content=\"3 minutes\" \/>\n<script type=\"application\/ld+json\" class=\"yoast-schema-graph\">{\"@context\":\"https:\/\/schema.org\",\"@graph\":[{\"@type\":\"Article\",\"@id\":\"https:\/\/www.ecinews.fr\/fr\/accelerateur-ai-integre-et-optimise-en-vision\/#article\",\"isPartOf\":{\"@id\":\"https:\/\/www.ecinews.fr\/fr\/accelerateur-ai-integre-et-optimise-en-vision\/\"},\"author\":{\"name\":\"Alain Dieul\",\"@id\":\"https:\/\/www.ecinews.fr\/fr\/#\/schema\/person\/e4387676ad67ce722325c7832f3c3762\"},\"headline\":\"Acc\u00e9l\u00e9rateur AI int\u00e9gr\u00e9 et optimis\u00e9 en vision\",\"datePublished\":\"2022-10-09T13:57:10+00:00\",\"dateModified\":\"2022-10-09T13:57:10+00:00\",\"mainEntityOfPage\":{\"@id\":\"https:\/\/www.ecinews.fr\/fr\/accelerateur-ai-integre-et-optimise-en-vision\/\"},\"wordCount\":620,\"publisher\":{\"@id\":\"https:\/\/www.ecinews.fr\/fr\/#organization\"},\"keywords\":[\"MPUs\/MCUs\"],\"articleSection\":[\"Nouveaux produits\"],\"inLanguage\":\"fr-FR\"},{\"@type\":\"WebPage\",\"@id\":\"https:\/\/www.ecinews.fr\/fr\/accelerateur-ai-integre-et-optimise-en-vision\/\",\"url\":\"https:\/\/www.ecinews.fr\/fr\/accelerateur-ai-integre-et-optimise-en-vision\/\",\"name\":\"Acc\u00e9l\u00e9rateur AI int\u00e9gr\u00e9 et optimis\u00e9 en vision -\",\"isPartOf\":{\"@id\":\"https:\/\/www.ecinews.fr\/fr\/#website\"},\"datePublished\":\"2022-10-09T13:57:10+00:00\",\"dateModified\":\"2022-10-09T13:57:10+00:00\",\"breadcrumb\":{\"@id\":\"https:\/\/www.ecinews.fr\/fr\/accelerateur-ai-integre-et-optimise-en-vision\/#breadcrumb\"},\"inLanguage\":\"fr-FR\",\"potentialAction\":[{\"@type\":\"ReadAction\",\"target\":[\"https:\/\/www.ecinews.fr\/fr\/accelerateur-ai-integre-et-optimise-en-vision\/\"]}]},{\"@type\":\"BreadcrumbList\",\"@id\":\"https:\/\/www.ecinews.fr\/fr\/accelerateur-ai-integre-et-optimise-en-vision\/#breadcrumb\",\"itemListElement\":[{\"@type\":\"ListItem\",\"position\":1,\"name\":\"Home\",\"item\":\"https:\/\/www.ecinews.fr\/fr\/\"},{\"@type\":\"ListItem\",\"position\":2,\"name\":\"Acc\u00e9l\u00e9rateur AI int\u00e9gr\u00e9 et optimis\u00e9 en vision\"}]},{\"@type\":\"WebSite\",\"@id\":\"https:\/\/www.ecinews.fr\/fr\/#website\",\"url\":\"https:\/\/www.ecinews.fr\/fr\/\",\"name\":\"EENewsEurope\",\"description\":\"Just another WordPress site\",\"publisher\":{\"@id\":\"https:\/\/www.ecinews.fr\/fr\/#organization\"},\"potentialAction\":[{\"@type\":\"SearchAction\",\"target\":{\"@type\":\"EntryPoint\",\"urlTemplate\":\"https:\/\/www.ecinews.fr\/fr\/?s={search_term_string}\"},\"query-input\":\"required name=search_term_string\"}],\"inLanguage\":\"fr-FR\"},{\"@type\":\"Organization\",\"@id\":\"https:\/\/www.ecinews.fr\/fr\/#organization\",\"name\":\"EENewsEurope\",\"url\":\"https:\/\/www.ecinews.fr\/fr\/\",\"logo\":{\"@type\":\"ImageObject\",\"inLanguage\":\"fr-FR\",\"@id\":\"https:\/\/www.ecinews.fr\/fr\/#\/schema\/logo\/image\/\",\"url\":\"https:\/\/www.ecinews.fr\/wp-content\/uploads\/2022\/02\/logo-1.jpg\",\"contentUrl\":\"https:\/\/www.ecinews.fr\/wp-content\/uploads\/2022\/02\/logo-1.jpg\",\"width\":283,\"height\":113,\"caption\":\"EENewsEurope\"},\"image\":{\"@id\":\"https:\/\/www.ecinews.fr\/fr\/#\/schema\/logo\/image\/\"}},{\"@type\":\"Person\",\"@id\":\"https:\/\/www.ecinews.fr\/fr\/#\/schema\/person\/e4387676ad67ce722325c7832f3c3762\",\"name\":\"Alain Dieul\",\"image\":{\"@type\":\"ImageObject\",\"inLanguage\":\"fr-FR\",\"@id\":\"https:\/\/www.ecinews.fr\/fr\/#\/schema\/person\/image\/736120675699dbbf0f0f282b9a9cfb75\",\"url\":\"https:\/\/secure.gravatar.com\/avatar\/bc93b056d07515be5b8eecd4acf49c5c?s=96&d=mm&r=g\",\"contentUrl\":\"https:\/\/secure.gravatar.com\/avatar\/bc93b056d07515be5b8eecd4acf49c5c?s=96&d=mm&r=g\",\"caption\":\"Alain Dieul\"},\"sameAs\":[\"http:\/\/ECINews\"]}]}<\/script>","yoast_head_json":{"title":"Acc\u00e9l\u00e9rateur AI int\u00e9gr\u00e9 et optimis\u00e9 en vision ...","description":"Renesas Electronics Corporation\u00a0a \u00e9tendu sa s\u00e9rie RZ\/V de microprocesseurs (MPU) compatibles avec l&rsquo;IA (Intelligence Artificielle), avec un nouveau...","robots":{"index":"index","follow":"follow","max-snippet":"max-snippet:-1","max-image-preview":"max-image-preview:large","max-video-preview":"max-video-preview:-1"},"canonical":"https:\/\/www.ecinews.fr\/fr\/wp-json\/wp\/v2\/posts\/397878\/","og_locale":"fr_FR","og_type":"article","og_title":"Acc\u00e9l\u00e9rateur AI int\u00e9gr\u00e9 et optimis\u00e9 en vision","og_description":"Renesas Electronics Corporation\u00a0a \u00e9tendu sa s\u00e9rie RZ\/V de microprocesseurs (MPU) compatibles avec l&rsquo;IA (Intelligence Artificielle), avec un nouveau composant qui permet le traitement de l&rsquo;image par l&rsquo;IA des donn\u00e9es de plusieurs cam\u00e9ras, offrant un nouveau niveau de reconnaissance d&rsquo;image tr\u00e8s pr\u00e9cise pour les applications d&rsquo;IA de vision. \u00c9quip\u00e9 de deux c\u0153urs Arm Cortex-A53 64 bits, [&hellip;]","og_url":"https:\/\/www.ecinews.fr\/fr\/wp-json\/wp\/v2\/posts\/397878\/","og_site_name":"EENewsEurope","article_published_time":"2022-10-09T13:57:10+00:00","og_image":[{"width":1080,"height":608,"url":"https:\/\/www.ecinews.fr\/wp-content\/uploads\/2022\/10\/ECI1457_Renesas-scaled.jpg","type":"image\/jpeg"}],"author":"Alain Dieul","twitter_card":"summary_large_image","twitter_misc":{"Written by":"Alain Dieul","Est. reading time":"3 minutes"},"schema":{"@context":"https:\/\/schema.org","@graph":[{"@type":"Article","@id":"https:\/\/www.ecinews.fr\/fr\/accelerateur-ai-integre-et-optimise-en-vision\/#article","isPartOf":{"@id":"https:\/\/www.ecinews.fr\/fr\/accelerateur-ai-integre-et-optimise-en-vision\/"},"author":{"name":"Alain Dieul","@id":"https:\/\/www.ecinews.fr\/fr\/#\/schema\/person\/e4387676ad67ce722325c7832f3c3762"},"headline":"Acc\u00e9l\u00e9rateur AI int\u00e9gr\u00e9 et optimis\u00e9 en vision","datePublished":"2022-10-09T13:57:10+00:00","dateModified":"2022-10-09T13:57:10+00:00","mainEntityOfPage":{"@id":"https:\/\/www.ecinews.fr\/fr\/accelerateur-ai-integre-et-optimise-en-vision\/"},"wordCount":620,"publisher":{"@id":"https:\/\/www.ecinews.fr\/fr\/#organization"},"keywords":["MPUs\/MCUs"],"articleSection":["Nouveaux produits"],"inLanguage":"fr-FR"},{"@type":"WebPage","@id":"https:\/\/www.ecinews.fr\/fr\/accelerateur-ai-integre-et-optimise-en-vision\/","url":"https:\/\/www.ecinews.fr\/fr\/accelerateur-ai-integre-et-optimise-en-vision\/","name":"Acc\u00e9l\u00e9rateur AI int\u00e9gr\u00e9 et optimis\u00e9 en vision -","isPartOf":{"@id":"https:\/\/www.ecinews.fr\/fr\/#website"},"datePublished":"2022-10-09T13:57:10+00:00","dateModified":"2022-10-09T13:57:10+00:00","breadcrumb":{"@id":"https:\/\/www.ecinews.fr\/fr\/accelerateur-ai-integre-et-optimise-en-vision\/#breadcrumb"},"inLanguage":"fr-FR","potentialAction":[{"@type":"ReadAction","target":["https:\/\/www.ecinews.fr\/fr\/accelerateur-ai-integre-et-optimise-en-vision\/"]}]},{"@type":"BreadcrumbList","@id":"https:\/\/www.ecinews.fr\/fr\/accelerateur-ai-integre-et-optimise-en-vision\/#breadcrumb","itemListElement":[{"@type":"ListItem","position":1,"name":"Home","item":"https:\/\/www.ecinews.fr\/fr\/"},{"@type":"ListItem","position":2,"name":"Acc\u00e9l\u00e9rateur AI int\u00e9gr\u00e9 et optimis\u00e9 en vision"}]},{"@type":"WebSite","@id":"https:\/\/www.ecinews.fr\/fr\/#website","url":"https:\/\/www.ecinews.fr\/fr\/","name":"EENewsEurope","description":"Just another WordPress site","publisher":{"@id":"https:\/\/www.ecinews.fr\/fr\/#organization"},"potentialAction":[{"@type":"SearchAction","target":{"@type":"EntryPoint","urlTemplate":"https:\/\/www.ecinews.fr\/fr\/?s={search_term_string}"},"query-input":"required name=search_term_string"}],"inLanguage":"fr-FR"},{"@type":"Organization","@id":"https:\/\/www.ecinews.fr\/fr\/#organization","name":"EENewsEurope","url":"https:\/\/www.ecinews.fr\/fr\/","logo":{"@type":"ImageObject","inLanguage":"fr-FR","@id":"https:\/\/www.ecinews.fr\/fr\/#\/schema\/logo\/image\/","url":"https:\/\/www.ecinews.fr\/wp-content\/uploads\/2022\/02\/logo-1.jpg","contentUrl":"https:\/\/www.ecinews.fr\/wp-content\/uploads\/2022\/02\/logo-1.jpg","width":283,"height":113,"caption":"EENewsEurope"},"image":{"@id":"https:\/\/www.ecinews.fr\/fr\/#\/schema\/logo\/image\/"}},{"@type":"Person","@id":"https:\/\/www.ecinews.fr\/fr\/#\/schema\/person\/e4387676ad67ce722325c7832f3c3762","name":"Alain Dieul","image":{"@type":"ImageObject","inLanguage":"fr-FR","@id":"https:\/\/www.ecinews.fr\/fr\/#\/schema\/person\/image\/736120675699dbbf0f0f282b9a9cfb75","url":"https:\/\/secure.gravatar.com\/avatar\/bc93b056d07515be5b8eecd4acf49c5c?s=96&d=mm&r=g","contentUrl":"https:\/\/secure.gravatar.com\/avatar\/bc93b056d07515be5b8eecd4acf49c5c?s=96&d=mm&r=g","caption":"Alain Dieul"},"sameAs":["http:\/\/ECINews"]}]}},"authors":[{"term_id":1154,"user_id":36,"is_guest":0,"slug":"alain-dieul","display_name":"Alain Dieul","avatar_url":"https:\/\/secure.gravatar.com\/avatar\/bc93b056d07515be5b8eecd4acf49c5c?s=96&d=mm&r=g","0":null,"1":"","2":"","3":"","4":"","5":"","6":"","7":"","8":""}],"_links":{"self":[{"href":"https:\/\/www.ecinews.fr\/fr\/wp-json\/wp\/v2\/posts\/397878"}],"collection":[{"href":"https:\/\/www.ecinews.fr\/fr\/wp-json\/wp\/v2\/posts"}],"about":[{"href":"https:\/\/www.ecinews.fr\/fr\/wp-json\/wp\/v2\/types\/post"}],"author":[{"embeddable":true,"href":"https:\/\/www.ecinews.fr\/fr\/wp-json\/wp\/v2\/users\/36"}],"replies":[{"embeddable":true,"href":"https:\/\/www.ecinews.fr\/fr\/wp-json\/wp\/v2\/comments?post=397878"}],"version-history":[{"count":0,"href":"https:\/\/www.ecinews.fr\/fr\/wp-json\/wp\/v2\/posts\/397878\/revisions"}],"wp:featuredmedia":[{"embeddable":true,"href":"https:\/\/www.ecinews.fr\/fr\/wp-json\/wp\/v2\/media\/397879"}],"wp:attachment":[{"href":"https:\/\/www.ecinews.fr\/fr\/wp-json\/wp\/v2\/media?parent=397878"}],"wp:term":[{"taxonomy":"category","embeddable":true,"href":"https:\/\/www.ecinews.fr\/fr\/wp-json\/wp\/v2\/categories?post=397878"},{"taxonomy":"post_tag","embeddable":true,"href":"https:\/\/www.ecinews.fr\/fr\/wp-json\/wp\/v2\/tags?post=397878"},{"taxonomy":"domains","embeddable":true,"href":"https:\/\/www.ecinews.fr\/fr\/wp-json\/wp\/v2\/domains?post=397878"},{"taxonomy":"author","embeddable":true,"href":"https:\/\/www.ecinews.fr\/fr\/wp-json\/wp\/v2\/ppma_author?post=397878"}],"curies":[{"name":"wp","href":"https:\/\/api.w.org\/{rel}","templated":true}]}}