{"id":396669,"date":"2022-09-28T19:04:29","date_gmt":"2022-09-28T17:04:29","guid":{"rendered":"https:\/\/www.ecinews.fr\/?p=396669"},"modified":"2022-09-28T19:04:29","modified_gmt":"2022-09-28T17:04:29","slug":"cameras-usb3-disponibles-en-six-variantes-de-boitier","status":"publish","type":"post","link":"https:\/\/www.ecinews.fr\/fr\/cameras-usb3-disponibles-en-six-variantes-de-boitier\/","title":{"rendered":"Cam\u00e9ras USB3 disponibles en six variantes de bo\u00eetier"},"content":{"rendered":"<p>Les personnes qui ont besoin de cam\u00e9ras industrielles disponibles rapidement pour des projets de traitement d&rsquo;image sont face \u00e0 une t\u00e2che ardue en raison de la p\u00e9nurie mondiale de puces.\u00a0C&rsquo;est pourquoi IDS Imaging Development Systems GmbH a acc\u00e9l\u00e9r\u00e9 le d\u00e9veloppement de g\u00e9n\u00e9rations de mat\u00e9riel USB3 alternatives avec une technologie de semiconducteurs avanc\u00e9e disponible et a syst\u00e9matiquement s\u00e9curis\u00e9 des composants \u00e0 cet effet. La production en s\u00e9rie de nouvelles cam\u00e9ras industrielles avec interface USB3 est compatible avec la norme Vision qui a \u00e9t\u00e9 lanc\u00e9e r\u00e9cemment. Dans les s\u00e9ries de cam\u00e9ras CP et LE de la gamme de produits uEye+, les clients peuvent choisir le mod\u00e8le adapt\u00e9 \u00e0 leurs applications parmi un total de six variantes de construction et de nombreux capteurs CMOS.<\/p>\n<p>Les mod\u00e8les de la famille uEye CP sont particuli\u00e8rement adapt\u00e9s aux applications o\u00f9 l&rsquo;espace est compt\u00e9 gr\u00e2ce \u00e0 leur remarquable bo\u00eetier en magn\u00e9sium compact qui ne mesure que 29 x 29 x 29 millim\u00e8tres et ne p\u00e8se qu&rsquo;environ 50 grammes. Dans cette gamme de produits, les clients ont \u00e0 leur disposition des capteurs \u00e0 obturateur global et \u00e0 obturateur roulant de 0,5 \u00e0 20 MP. Pour ceux qui pr\u00e9f\u00e8rent une cam\u00e9ra sur carte, la s\u00e9rie uEye LE, tr\u00e8s polyvalente, vaut le coup d&rsquo;\u0153il. Ces cam\u00e9ras sont propos\u00e9es aussi bien avec un bo\u00eetier en plastique rev\u00eatu et une bague d&rsquo;objectif pour monture C\/CS qu&rsquo;en version carte avec ou sans monture d&rsquo;objectif C\/CS ou S-Mount. Elles conviennent donc particuli\u00e8rement aux projets de construction de petits appareils et \u00e0 l&rsquo;int\u00e9gration dans des syst\u00e8mes de vision embarqu\u00e9s. IDS propose les capteurs Sony \u00e0 obturateur global (Global Shutter) IMX273 (1,6 MP) et IMX265 (3,2 MP) ainsi que les capteurs \u00e0 obturateur roulant (Rolling Shutter) IMX290 (2,1 MP) et IMX178 (6,4 MP). D&rsquo;autres capteurs suivront.<br \/>\nLes cam\u00e9ras USB3 sont parfaitement adapt\u00e9es \u00e0 une utilisation avec IDS peak gr\u00e2ce au protocole de transport standard vision USB3 Vision\u00ae. Le kit de d\u00e9veloppement logiciel comprend des interfaces de programmation en C, C++, C# avec .NET et Python ainsi que des outils qui simplifient la programmation et le fonctionnement des cam\u00e9ras IDS tout en optimisant des facteurs tels que la compatibilit\u00e9, le comportement reproductible et la stabilit\u00e9 de la transmission des donn\u00e9es. Des fonctions sp\u00e9ciales de confort r\u00e9duisent le code applicatif et assurent une exp\u00e9rience de programmation intuitive, ce qui permet une mise en service rapide et simple des cam\u00e9ras.<\/p>\n<p><a href=\"https:\/\/fr.ids-imaging.com\/news-article\/usb3-cameras-series-production-launched.html\">www.fr.ids-imaging.com<\/a><br \/>\n\u00a0<\/p>\n","protected":false},"excerpt":{"rendered":"<p>Les personnes qui ont besoin de cam\u00e9ras industrielles disponibles rapidement pour des projets de traitement d&rsquo;image sont face \u00e0 une t\u00e2che ardue en raison de la p\u00e9nurie mondiale de puces.\u00a0C&rsquo;est pourquoi IDS Imaging Development Systems GmbH a acc\u00e9l\u00e9r\u00e9 le d\u00e9veloppement de g\u00e9n\u00e9rations de mat\u00e9riel USB3 alternatives avec une technologie de semiconducteurs avanc\u00e9e disponible et a [&hellip;]<\/p>\n","protected":false},"author":36,"featured_media":396670,"comment_status":"closed","ping_status":"closed","sticky":false,"template":"","format":"standard","meta":{"_acf_changed":false,"footnotes":""},"categories":[886],"tags":[1321],"domains":[47],"ppma_author":[1154],"class_list":["post-396669","post","type-post","status-publish","format-standard","has-post-thumbnail","hentry","category-news-fr","tag-cameras","domains-electronique-eci"],"acf":[],"yoast_head":"<title>Cam\u00e9ras USB3 disponibles en six variantes de bo\u00eetier ...<\/title>\n<meta name=\"description\" content=\"Les personnes qui ont besoin de cam\u00e9ras industrielles disponibles rapidement pour des projets de traitement d&rsquo;image sont face \u00e0 une t\u00e2che ardue en...\" \/>\n<meta name=\"robots\" content=\"index, follow, max-snippet:-1, max-image-preview:large, max-video-preview:-1\" \/>\n<link rel=\"canonical\" href=\"https:\/\/www.ecinews.fr\/fr\/wp-json\/wp\/v2\/posts\/396669\/\" \/>\n<meta property=\"og:locale\" content=\"fr_FR\" \/>\n<meta property=\"og:type\" content=\"article\" \/>\n<meta property=\"og:title\" content=\"Cam\u00e9ras USB3 disponibles en six variantes de bo\u00eetier\" \/>\n<meta property=\"og:description\" content=\"Les personnes qui ont besoin de cam\u00e9ras industrielles disponibles rapidement pour des projets de traitement d&rsquo;image sont face \u00e0 une t\u00e2che ardue en raison de la p\u00e9nurie mondiale de puces.\u00a0C&rsquo;est pourquoi IDS Imaging Development Systems GmbH a acc\u00e9l\u00e9r\u00e9 le d\u00e9veloppement de g\u00e9n\u00e9rations de mat\u00e9riel USB3 alternatives avec une technologie de semiconducteurs avanc\u00e9e disponible et a [&hellip;]\" \/>\n<meta property=\"og:url\" content=\"https:\/\/www.ecinews.fr\/fr\/wp-json\/wp\/v2\/posts\/396669\/\" \/>\n<meta property=\"og:site_name\" content=\"EENewsEurope\" \/>\n<meta property=\"article:published_time\" content=\"2022-09-28T17:04:29+00:00\" \/>\n<meta property=\"og:image\" content=\"https:\/\/www.ecinews.fr\/wp-content\/uploads\/2022\/09\/ECI1442_IDS-scaled.jpg\" \/>\n\t<meta property=\"og:image:width\" content=\"1080\" \/>\n\t<meta property=\"og:image:height\" content=\"810\" \/>\n\t<meta property=\"og:image:type\" content=\"image\/jpeg\" \/>\n<meta name=\"author\" content=\"Alain Dieul\" \/>\n<meta name=\"twitter:card\" content=\"summary_large_image\" \/>\n<meta name=\"twitter:label1\" content=\"Written by\" \/>\n\t<meta name=\"twitter:data1\" content=\"Alain Dieul\" \/>\n\t<meta name=\"twitter:label2\" content=\"Est. reading time\" \/>\n\t<meta name=\"twitter:data2\" content=\"2 minutes\" \/>\n<script type=\"application\/ld+json\" class=\"yoast-schema-graph\">{\"@context\":\"https:\/\/schema.org\",\"@graph\":[{\"@type\":\"Article\",\"@id\":\"https:\/\/www.ecinews.fr\/fr\/cameras-usb3-disponibles-en-six-variantes-de-boitier\/#article\",\"isPartOf\":{\"@id\":\"https:\/\/www.ecinews.fr\/fr\/cameras-usb3-disponibles-en-six-variantes-de-boitier\/\"},\"author\":{\"name\":\"Alain Dieul\",\"@id\":\"https:\/\/www.eenewseurope.com\/en\/#\/schema\/person\/e4387676ad67ce722325c7832f3c3762\"},\"headline\":\"Cam\u00e9ras USB3 disponibles en six variantes de bo\u00eetier\",\"datePublished\":\"2022-09-28T17:04:29+00:00\",\"dateModified\":\"2022-09-28T17:04:29+00:00\",\"mainEntityOfPage\":{\"@id\":\"https:\/\/www.ecinews.fr\/fr\/cameras-usb3-disponibles-en-six-variantes-de-boitier\/\"},\"wordCount\":446,\"publisher\":{\"@id\":\"https:\/\/www.eenewseurope.com\/en\/#organization\"},\"keywords\":[\"Cam\u00e9ras\"],\"articleSection\":[\"Actualit\u00e9 g\u00e9n\u00e9rale\"],\"inLanguage\":\"fr-FR\"},{\"@type\":\"WebPage\",\"@id\":\"https:\/\/www.ecinews.fr\/fr\/cameras-usb3-disponibles-en-six-variantes-de-boitier\/\",\"url\":\"https:\/\/www.ecinews.fr\/fr\/cameras-usb3-disponibles-en-six-variantes-de-boitier\/\",\"name\":\"Cam\u00e9ras USB3 disponibles en six variantes de bo\u00eetier -\",\"isPartOf\":{\"@id\":\"https:\/\/www.eenewseurope.com\/en\/#website\"},\"datePublished\":\"2022-09-28T17:04:29+00:00\",\"dateModified\":\"2022-09-28T17:04:29+00:00\",\"breadcrumb\":{\"@id\":\"https:\/\/www.ecinews.fr\/fr\/cameras-usb3-disponibles-en-six-variantes-de-boitier\/#breadcrumb\"},\"inLanguage\":\"fr-FR\",\"potentialAction\":[{\"@type\":\"ReadAction\",\"target\":[\"https:\/\/www.ecinews.fr\/fr\/cameras-usb3-disponibles-en-six-variantes-de-boitier\/\"]}]},{\"@type\":\"BreadcrumbList\",\"@id\":\"https:\/\/www.ecinews.fr\/fr\/cameras-usb3-disponibles-en-six-variantes-de-boitier\/#breadcrumb\",\"itemListElement\":[{\"@type\":\"ListItem\",\"position\":1,\"name\":\"Home\",\"item\":\"https:\/\/www.ecinews.fr\/fr\/\"},{\"@type\":\"ListItem\",\"position\":2,\"name\":\"Cam\u00e9ras USB3 disponibles en six variantes de bo\u00eetier\"}]},{\"@type\":\"WebSite\",\"@id\":\"https:\/\/www.eenewseurope.com\/en\/#website\",\"url\":\"https:\/\/www.eenewseurope.com\/en\/\",\"name\":\"EENewsEurope\",\"description\":\"Just another WordPress site\",\"publisher\":{\"@id\":\"https:\/\/www.eenewseurope.com\/en\/#organization\"},\"potentialAction\":[{\"@type\":\"SearchAction\",\"target\":{\"@type\":\"EntryPoint\",\"urlTemplate\":\"https:\/\/www.eenewseurope.com\/en\/?s={search_term_string}\"},\"query-input\":\"required name=search_term_string\"}],\"inLanguage\":\"fr-FR\"},{\"@type\":\"Organization\",\"@id\":\"https:\/\/www.eenewseurope.com\/en\/#organization\",\"name\":\"EENewsEurope\",\"url\":\"https:\/\/www.eenewseurope.com\/en\/\",\"logo\":{\"@type\":\"ImageObject\",\"inLanguage\":\"fr-FR\",\"@id\":\"https:\/\/www.eenewseurope.com\/en\/#\/schema\/logo\/image\/\",\"url\":\"https:\/\/www.ecinews.fr\/wp-content\/uploads\/2022\/02\/logo-1.jpg\",\"contentUrl\":\"https:\/\/www.ecinews.fr\/wp-content\/uploads\/2022\/02\/logo-1.jpg\",\"width\":283,\"height\":113,\"caption\":\"EENewsEurope\"},\"image\":{\"@id\":\"https:\/\/www.eenewseurope.com\/en\/#\/schema\/logo\/image\/\"}},{\"@type\":\"Person\",\"@id\":\"https:\/\/www.eenewseurope.com\/en\/#\/schema\/person\/e4387676ad67ce722325c7832f3c3762\",\"name\":\"Alain Dieul\",\"image\":{\"@type\":\"ImageObject\",\"inLanguage\":\"fr-FR\",\"@id\":\"https:\/\/www.eenewseurope.com\/en\/#\/schema\/person\/image\/736120675699dbbf0f0f282b9a9cfb75\",\"url\":\"https:\/\/secure.gravatar.com\/avatar\/bc93b056d07515be5b8eecd4acf49c5c?s=96&d=mm&r=g\",\"contentUrl\":\"https:\/\/secure.gravatar.com\/avatar\/bc93b056d07515be5b8eecd4acf49c5c?s=96&d=mm&r=g\",\"caption\":\"Alain Dieul\"},\"sameAs\":[\"http:\/\/ECINews\"]}]}<\/script>","yoast_head_json":{"title":"Cam\u00e9ras USB3 disponibles en six variantes de bo\u00eetier ...","description":"Les personnes qui ont besoin de cam\u00e9ras industrielles disponibles rapidement pour des projets de traitement d&rsquo;image sont face \u00e0 une t\u00e2che ardue en...","robots":{"index":"index","follow":"follow","max-snippet":"max-snippet:-1","max-image-preview":"max-image-preview:large","max-video-preview":"max-video-preview:-1"},"canonical":"https:\/\/www.ecinews.fr\/fr\/wp-json\/wp\/v2\/posts\/396669\/","og_locale":"fr_FR","og_type":"article","og_title":"Cam\u00e9ras USB3 disponibles en six variantes de bo\u00eetier","og_description":"Les personnes qui ont besoin de cam\u00e9ras industrielles disponibles rapidement pour des projets de traitement d&rsquo;image sont face \u00e0 une t\u00e2che ardue en raison de la p\u00e9nurie mondiale de puces.\u00a0C&rsquo;est pourquoi IDS Imaging Development Systems GmbH a acc\u00e9l\u00e9r\u00e9 le d\u00e9veloppement de g\u00e9n\u00e9rations de mat\u00e9riel USB3 alternatives avec une technologie de semiconducteurs avanc\u00e9e disponible et a [&hellip;]","og_url":"https:\/\/www.ecinews.fr\/fr\/wp-json\/wp\/v2\/posts\/396669\/","og_site_name":"EENewsEurope","article_published_time":"2022-09-28T17:04:29+00:00","og_image":[{"width":1080,"height":810,"url":"https:\/\/www.ecinews.fr\/wp-content\/uploads\/2022\/09\/ECI1442_IDS-scaled.jpg","type":"image\/jpeg"}],"author":"Alain Dieul","twitter_card":"summary_large_image","twitter_misc":{"Written by":"Alain Dieul","Est. reading time":"2 minutes"},"schema":{"@context":"https:\/\/schema.org","@graph":[{"@type":"Article","@id":"https:\/\/www.ecinews.fr\/fr\/cameras-usb3-disponibles-en-six-variantes-de-boitier\/#article","isPartOf":{"@id":"https:\/\/www.ecinews.fr\/fr\/cameras-usb3-disponibles-en-six-variantes-de-boitier\/"},"author":{"name":"Alain Dieul","@id":"https:\/\/www.eenewseurope.com\/en\/#\/schema\/person\/e4387676ad67ce722325c7832f3c3762"},"headline":"Cam\u00e9ras USB3 disponibles en six variantes de bo\u00eetier","datePublished":"2022-09-28T17:04:29+00:00","dateModified":"2022-09-28T17:04:29+00:00","mainEntityOfPage":{"@id":"https:\/\/www.ecinews.fr\/fr\/cameras-usb3-disponibles-en-six-variantes-de-boitier\/"},"wordCount":446,"publisher":{"@id":"https:\/\/www.eenewseurope.com\/en\/#organization"},"keywords":["Cam\u00e9ras"],"articleSection":["Actualit\u00e9 g\u00e9n\u00e9rale"],"inLanguage":"fr-FR"},{"@type":"WebPage","@id":"https:\/\/www.ecinews.fr\/fr\/cameras-usb3-disponibles-en-six-variantes-de-boitier\/","url":"https:\/\/www.ecinews.fr\/fr\/cameras-usb3-disponibles-en-six-variantes-de-boitier\/","name":"Cam\u00e9ras USB3 disponibles en six variantes de bo\u00eetier -","isPartOf":{"@id":"https:\/\/www.eenewseurope.com\/en\/#website"},"datePublished":"2022-09-28T17:04:29+00:00","dateModified":"2022-09-28T17:04:29+00:00","breadcrumb":{"@id":"https:\/\/www.ecinews.fr\/fr\/cameras-usb3-disponibles-en-six-variantes-de-boitier\/#breadcrumb"},"inLanguage":"fr-FR","potentialAction":[{"@type":"ReadAction","target":["https:\/\/www.ecinews.fr\/fr\/cameras-usb3-disponibles-en-six-variantes-de-boitier\/"]}]},{"@type":"BreadcrumbList","@id":"https:\/\/www.ecinews.fr\/fr\/cameras-usb3-disponibles-en-six-variantes-de-boitier\/#breadcrumb","itemListElement":[{"@type":"ListItem","position":1,"name":"Home","item":"https:\/\/www.ecinews.fr\/fr\/"},{"@type":"ListItem","position":2,"name":"Cam\u00e9ras USB3 disponibles en six variantes de bo\u00eetier"}]},{"@type":"WebSite","@id":"https:\/\/www.eenewseurope.com\/en\/#website","url":"https:\/\/www.eenewseurope.com\/en\/","name":"EENewsEurope","description":"Just another WordPress site","publisher":{"@id":"https:\/\/www.eenewseurope.com\/en\/#organization"},"potentialAction":[{"@type":"SearchAction","target":{"@type":"EntryPoint","urlTemplate":"https:\/\/www.eenewseurope.com\/en\/?s={search_term_string}"},"query-input":"required name=search_term_string"}],"inLanguage":"fr-FR"},{"@type":"Organization","@id":"https:\/\/www.eenewseurope.com\/en\/#organization","name":"EENewsEurope","url":"https:\/\/www.eenewseurope.com\/en\/","logo":{"@type":"ImageObject","inLanguage":"fr-FR","@id":"https:\/\/www.eenewseurope.com\/en\/#\/schema\/logo\/image\/","url":"https:\/\/www.ecinews.fr\/wp-content\/uploads\/2022\/02\/logo-1.jpg","contentUrl":"https:\/\/www.ecinews.fr\/wp-content\/uploads\/2022\/02\/logo-1.jpg","width":283,"height":113,"caption":"EENewsEurope"},"image":{"@id":"https:\/\/www.eenewseurope.com\/en\/#\/schema\/logo\/image\/"}},{"@type":"Person","@id":"https:\/\/www.eenewseurope.com\/en\/#\/schema\/person\/e4387676ad67ce722325c7832f3c3762","name":"Alain Dieul","image":{"@type":"ImageObject","inLanguage":"fr-FR","@id":"https:\/\/www.eenewseurope.com\/en\/#\/schema\/person\/image\/736120675699dbbf0f0f282b9a9cfb75","url":"https:\/\/secure.gravatar.com\/avatar\/bc93b056d07515be5b8eecd4acf49c5c?s=96&d=mm&r=g","contentUrl":"https:\/\/secure.gravatar.com\/avatar\/bc93b056d07515be5b8eecd4acf49c5c?s=96&d=mm&r=g","caption":"Alain Dieul"},"sameAs":["http:\/\/ECINews"]}]}},"authors":[{"term_id":1154,"user_id":36,"is_guest":0,"slug":"alain-dieul","display_name":"Alain Dieul","avatar_url":"https:\/\/secure.gravatar.com\/avatar\/bc93b056d07515be5b8eecd4acf49c5c?s=96&d=mm&r=g","0":null,"1":"","2":"","3":"","4":"","5":"","6":"","7":"","8":""}],"_links":{"self":[{"href":"https:\/\/www.ecinews.fr\/fr\/wp-json\/wp\/v2\/posts\/396669"}],"collection":[{"href":"https:\/\/www.ecinews.fr\/fr\/wp-json\/wp\/v2\/posts"}],"about":[{"href":"https:\/\/www.ecinews.fr\/fr\/wp-json\/wp\/v2\/types\/post"}],"author":[{"embeddable":true,"href":"https:\/\/www.ecinews.fr\/fr\/wp-json\/wp\/v2\/users\/36"}],"replies":[{"embeddable":true,"href":"https:\/\/www.ecinews.fr\/fr\/wp-json\/wp\/v2\/comments?post=396669"}],"version-history":[{"count":0,"href":"https:\/\/www.ecinews.fr\/fr\/wp-json\/wp\/v2\/posts\/396669\/revisions"}],"wp:featuredmedia":[{"embeddable":true,"href":"https:\/\/www.ecinews.fr\/fr\/wp-json\/wp\/v2\/media\/396670"}],"wp:attachment":[{"href":"https:\/\/www.ecinews.fr\/fr\/wp-json\/wp\/v2\/media?parent=396669"}],"wp:term":[{"taxonomy":"category","embeddable":true,"href":"https:\/\/www.ecinews.fr\/fr\/wp-json\/wp\/v2\/categories?post=396669"},{"taxonomy":"post_tag","embeddable":true,"href":"https:\/\/www.ecinews.fr\/fr\/wp-json\/wp\/v2\/tags?post=396669"},{"taxonomy":"domains","embeddable":true,"href":"https:\/\/www.ecinews.fr\/fr\/wp-json\/wp\/v2\/domains?post=396669"},{"taxonomy":"author","embeddable":true,"href":"https:\/\/www.ecinews.fr\/fr\/wp-json\/wp\/v2\/ppma_author?post=396669"}],"curies":[{"name":"wp","href":"https:\/\/api.w.org\/{rel}","templated":true}]}}