{"id":396538,"date":"2022-09-28T10:03:06","date_gmt":"2022-09-28T08:03:06","guid":{"rendered":"https:\/\/www.ecinews.fr\/?p=396538"},"modified":"2022-09-28T10:03:06","modified_gmt":"2022-09-28T08:03:06","slug":"feu-vert-pour-la-creation-de-la-coentreprise-semikron-danfoss","status":"publish","type":"post","link":"https:\/\/www.ecinews.fr\/fr\/feu-vert-pour-la-creation-de-la-coentreprise-semikron-danfoss\/","title":{"rendered":"Feu vert pour la cr\u00e9ation de la coentreprise Semikron Danfoss"},"content":{"rendered":"<p><em>Claus A. Petersen, CEO de Semikron Danfoss et Karl-Heniz Gaubatz. CTO de Semikron<\/em><\/p>\n<p>Semikron et Danfoss Silicon Power unissent leurs forces dans le cadre d&rsquo;un partenariat de premier plan en mati\u00e8re d&rsquo;\u00e9lectronique de puissance. Le 22 ao\u00fbt, moins de cinq mois apr\u00e8s l&rsquo;annonce de la cr\u00e9ation d&rsquo;un leader des modules semiconducteurs de puissance, la nouvelle entreprise a commenc\u00e9 ses activit\u00e9s sous le nom de Semikron Danfoss.<\/p>\n<p>Avec un effectif de plus de 3 500 sp\u00e9cialistes d\u00e9di\u00e9s \u00e0 l&rsquo;\u00e9lectronique de puissance, Semikron Danfoss compte fournir une expertise technologique de pointe \u00e0 sa client\u00e8le. La fusion s&rsquo;accompagne d&rsquo;un ambitieux plan de croissance et d&rsquo;investissement. Celui-ci doit ouvrir la voie \u00e0 une croissance verte et \u00e0 un avenir plus durable, moins consommateur d&rsquo;\u00e9nergie et d\u00e9carbon\u00e9.<\/p>\n<p>La nouvelle coentreprise Semikron Danfoss est d\u00e9tenue par les actuelles familles propri\u00e9taires de Semikron et du groupe Danfoss, Danfoss \u00e9tant l&rsquo;actionnaire majoritaire. Semikron Danfoss conserve ses deux principaux sites allemands de Nuremberg et Flensbourg. L&rsquo;ensemble des filiales mondiales, des sites de production et des canaux de distribution poursuivront leurs activit\u00e9s.<\/p>\n<p>Claus A. Petersen [lien vers le profil] est nomm\u00e9 PDG de Semikron Danfoss. \u00ab Semikron Danfoss inspirera l&rsquo;avenir. Le timing de cr\u00e9ation de cette soci\u00e9t\u00e9 est parfait. Avec une forte croissance sur nos march\u00e9s cl\u00e9s que sont l&rsquo;automobile, l&rsquo;industrie et les \u00e9nergies renouvelables, cette fusion est une formidable opportunit\u00e9 pour nos clients, nos partenaires et nos collaborateurs. De plus, avec la transition technologique \u00e9mergente du silicium au carbure de silicium, nous sommes en passe de devenir le partenaire le plus solide de nos clients \u00bb.<\/p>\n<p>Karl-Heinz Gaubatz a quitt\u00e9 son poste de PDG de SEMIKRON le 22 ao\u00fbt pour se concentrer sur son r\u00f4le de directeur technique (CTO) et soutenir le processus de fusion jusqu&rsquo;\u00e0 sa retraite pr\u00e9vue \u00e0 la fin de l&rsquo;ann\u00e9e. \u00ab Il s&rsquo;agit d&rsquo;un moment historique pour SEMIKRON et Danfoss Silicon Power. Cette fusion est la solution id\u00e9ale pour l&rsquo;ensemble des parties prenantes \u00bb, estime-t-il. \u00ab Nous avons r\u00e9ussi \u00e0 positionner Semikron comme un leader du march\u00e9 des applications de modules d&rsquo;\u00e9nergie renouvelable et industriels, l&rsquo;ann\u00e9e 2021 \u00e9tant l&rsquo;une des plus r\u00e9ussies de notre histoire. Notre alliance dans le cadre d&rsquo;une entreprise tout aussi inspir\u00e9e et innovante coulait de source. \u00bb<\/p>\n<p>PDG de Danfoss, Kim Fausing pr\u00e9sidera le Conseil d&rsquo;administration de Semikron Danfoss. \u00ab L&rsquo;\u00e9lectrification est l&rsquo;un des principaux moteurs de la transition \u00e9cologique, et les technologies Semikron Danfoss sont des composants cl\u00e9s dans l&rsquo;industrie, les \u00e9nergies renouvelables et la traction automobile. Cumulant plus de 90 ans de leadership technologique dans l&rsquo;assemblage de modules de puissance, nous avons la passion, les comp\u00e9tences, les technologies et l&rsquo;engagement pour devenir le partenaire de d\u00e9carbonation privil\u00e9gi\u00e9 de nos clients \u00bb, d\u00e9clare-t-il.<\/p>\n<p>Avec l&rsquo;essor du transport \u00e9lectrique, la demande en v\u00e9hicules \u00e9lectriques devrait augmenter de 30% par an au cours des prochaines ann\u00e9es. Pr\u00e8s de 10% des ventes mondiales de voitures \u00e9taient \u00e9lectriques en 2021, soit quatre fois la part de march\u00e9 en 2019, et 64% des ventes mondiales de voitures particuli\u00e8res doivent \u00eatre \u00e9lectriques en 2030 pour atteindre l&rsquo;objectif z\u00e9ro carbone du sc\u00e9nario 2050 de l&rsquo;AIE (Agence internationale de l&rsquo;\u00e9nergie). Ces chiffres t\u00e9moignent de l&rsquo;ampleur du potentiel de croissance des modules de puissance, un composant essentiel de l&rsquo;alimentation des moteurs \u00e9lectriques et des chargeurs de v\u00e9hicules :<\/p>\n<p><a href=\"https:\/\/www.iea.org\/reports\/global-ev-outlook-2022\">https:\/\/www.iea.org\/reports\/global-ev-outlook-2022\u00a0<\/a><\/p>\n<p>&nbsp;<\/p>\n<p><em>\u00a0<\/em><\/p>\n","protected":false},"excerpt":{"rendered":"<p>Claus A. Petersen, CEO de Semikron Danfoss et Karl-Heniz Gaubatz. CTO de Semikron Semikron et Danfoss Silicon Power unissent leurs forces dans le cadre d&rsquo;un partenariat de premier plan en mati\u00e8re d&rsquo;\u00e9lectronique de puissance. Le 22 ao\u00fbt, moins de cinq mois apr\u00e8s l&rsquo;annonce de la cr\u00e9ation d&rsquo;un leader des modules semiconducteurs de puissance, la nouvelle [&hellip;]<\/p>\n","protected":false},"author":36,"featured_media":396539,"comment_status":"closed","ping_status":"closed","sticky":false,"template":"","format":"standard","meta":{"_acf_changed":false,"footnotes":""},"categories":[886],"tags":[1164],"domains":[47],"ppma_author":[1154],"class_list":["post-396538","post","type-post","status-publish","format-standard","has-post-thumbnail","hentry","category-news-fr","tag-composants-de-puissance","domains-electronique-eci"],"acf":[],"yoast_head":"<title>Feu vert pour la cr\u00e9ation de la coentreprise Semikron Danfoss ...<\/title>\n<meta name=\"description\" content=\"Claus A. Petersen, CEO de Semikron Danfoss et Karl-Heniz Gaubatz. CTO de Semikron Semikron et Danfoss Silicon Power unissent leurs forces dans le cadre...\" \/>\n<meta name=\"robots\" content=\"index, follow, max-snippet:-1, max-image-preview:large, max-video-preview:-1\" \/>\n<link rel=\"canonical\" href=\"https:\/\/www.ecinews.fr\/fr\/wp-json\/wp\/v2\/posts\/396538\/\" \/>\n<meta property=\"og:locale\" content=\"fr_FR\" \/>\n<meta property=\"og:type\" content=\"article\" \/>\n<meta property=\"og:title\" content=\"Feu vert pour la cr\u00e9ation de la coentreprise Semikron Danfoss\" \/>\n<meta property=\"og:description\" content=\"Claus A. Petersen, CEO de Semikron Danfoss et Karl-Heniz Gaubatz. CTO de Semikron Semikron et Danfoss Silicon Power unissent leurs forces dans le cadre d&rsquo;un partenariat de premier plan en mati\u00e8re d&rsquo;\u00e9lectronique de puissance. Le 22 ao\u00fbt, moins de cinq mois apr\u00e8s l&rsquo;annonce de la cr\u00e9ation d&rsquo;un leader des modules semiconducteurs de puissance, la nouvelle [&hellip;]\" \/>\n<meta property=\"og:url\" content=\"https:\/\/www.ecinews.fr\/fr\/wp-json\/wp\/v2\/posts\/396538\/\" \/>\n<meta property=\"og:site_name\" content=\"EENewsEurope\" \/>\n<meta property=\"article:published_time\" content=\"2022-09-28T08:03:06+00:00\" \/>\n<meta property=\"og:image\" content=\"https:\/\/www.ecinews.fr\/wp-content\/uploads\/2022\/09\/ECI1451_Semikron_Daqnfoss_actu.jpg\" \/>\n\t<meta property=\"og:image:width\" content=\"1050\" \/>\n\t<meta property=\"og:image:height\" content=\"700\" \/>\n\t<meta property=\"og:image:type\" content=\"image\/jpeg\" \/>\n<meta name=\"author\" content=\"Alain Dieul\" \/>\n<meta name=\"twitter:card\" content=\"summary_large_image\" \/>\n<meta name=\"twitter:label1\" content=\"Written by\" \/>\n\t<meta name=\"twitter:data1\" content=\"Alain Dieul\" \/>\n\t<meta name=\"twitter:label2\" content=\"Est. reading time\" \/>\n\t<meta name=\"twitter:data2\" content=\"3 minutes\" \/>\n<script type=\"application\/ld+json\" class=\"yoast-schema-graph\">{\"@context\":\"https:\/\/schema.org\",\"@graph\":[{\"@type\":\"Article\",\"@id\":\"https:\/\/www.ecinews.fr\/fr\/feu-vert-pour-la-creation-de-la-coentreprise-semikron-danfoss\/#article\",\"isPartOf\":{\"@id\":\"https:\/\/www.ecinews.fr\/fr\/feu-vert-pour-la-creation-de-la-coentreprise-semikron-danfoss\/\"},\"author\":{\"name\":\"Alain Dieul\",\"@id\":\"https:\/\/www.eenewseurope.com\/en\/#\/schema\/person\/e4387676ad67ce722325c7832f3c3762\"},\"headline\":\"Feu vert pour la cr\u00e9ation de la coentreprise Semikron Danfoss\",\"datePublished\":\"2022-09-28T08:03:06+00:00\",\"dateModified\":\"2022-09-28T08:03:06+00:00\",\"mainEntityOfPage\":{\"@id\":\"https:\/\/www.ecinews.fr\/fr\/feu-vert-pour-la-creation-de-la-coentreprise-semikron-danfoss\/\"},\"wordCount\":603,\"publisher\":{\"@id\":\"https:\/\/www.eenewseurope.com\/en\/#organization\"},\"keywords\":[\"Composants de puissance\"],\"articleSection\":[\"Actualit\u00e9 g\u00e9n\u00e9rale\"],\"inLanguage\":\"fr-FR\"},{\"@type\":\"WebPage\",\"@id\":\"https:\/\/www.ecinews.fr\/fr\/feu-vert-pour-la-creation-de-la-coentreprise-semikron-danfoss\/\",\"url\":\"https:\/\/www.ecinews.fr\/fr\/feu-vert-pour-la-creation-de-la-coentreprise-semikron-danfoss\/\",\"name\":\"Feu vert pour la cr\u00e9ation de la coentreprise Semikron Danfoss -\",\"isPartOf\":{\"@id\":\"https:\/\/www.eenewseurope.com\/en\/#website\"},\"datePublished\":\"2022-09-28T08:03:06+00:00\",\"dateModified\":\"2022-09-28T08:03:06+00:00\",\"breadcrumb\":{\"@id\":\"https:\/\/www.ecinews.fr\/fr\/feu-vert-pour-la-creation-de-la-coentreprise-semikron-danfoss\/#breadcrumb\"},\"inLanguage\":\"fr-FR\",\"potentialAction\":[{\"@type\":\"ReadAction\",\"target\":[\"https:\/\/www.ecinews.fr\/fr\/feu-vert-pour-la-creation-de-la-coentreprise-semikron-danfoss\/\"]}]},{\"@type\":\"BreadcrumbList\",\"@id\":\"https:\/\/www.ecinews.fr\/fr\/feu-vert-pour-la-creation-de-la-coentreprise-semikron-danfoss\/#breadcrumb\",\"itemListElement\":[{\"@type\":\"ListItem\",\"position\":1,\"name\":\"Home\",\"item\":\"https:\/\/www.ecinews.fr\/fr\/\"},{\"@type\":\"ListItem\",\"position\":2,\"name\":\"Feu vert pour la cr\u00e9ation de la coentreprise Semikron Danfoss\"}]},{\"@type\":\"WebSite\",\"@id\":\"https:\/\/www.eenewseurope.com\/en\/#website\",\"url\":\"https:\/\/www.eenewseurope.com\/en\/\",\"name\":\"EENewsEurope\",\"description\":\"Just another WordPress site\",\"publisher\":{\"@id\":\"https:\/\/www.eenewseurope.com\/en\/#organization\"},\"potentialAction\":[{\"@type\":\"SearchAction\",\"target\":{\"@type\":\"EntryPoint\",\"urlTemplate\":\"https:\/\/www.eenewseurope.com\/en\/?s={search_term_string}\"},\"query-input\":\"required name=search_term_string\"}],\"inLanguage\":\"fr-FR\"},{\"@type\":\"Organization\",\"@id\":\"https:\/\/www.eenewseurope.com\/en\/#organization\",\"name\":\"EENewsEurope\",\"url\":\"https:\/\/www.eenewseurope.com\/en\/\",\"logo\":{\"@type\":\"ImageObject\",\"inLanguage\":\"fr-FR\",\"@id\":\"https:\/\/www.eenewseurope.com\/en\/#\/schema\/logo\/image\/\",\"url\":\"https:\/\/www.ecinews.fr\/wp-content\/uploads\/2022\/02\/logo-1.jpg\",\"contentUrl\":\"https:\/\/www.ecinews.fr\/wp-content\/uploads\/2022\/02\/logo-1.jpg\",\"width\":283,\"height\":113,\"caption\":\"EENewsEurope\"},\"image\":{\"@id\":\"https:\/\/www.eenewseurope.com\/en\/#\/schema\/logo\/image\/\"}},{\"@type\":\"Person\",\"@id\":\"https:\/\/www.eenewseurope.com\/en\/#\/schema\/person\/e4387676ad67ce722325c7832f3c3762\",\"name\":\"Alain Dieul\",\"image\":{\"@type\":\"ImageObject\",\"inLanguage\":\"fr-FR\",\"@id\":\"https:\/\/www.eenewseurope.com\/en\/#\/schema\/person\/image\/736120675699dbbf0f0f282b9a9cfb75\",\"url\":\"https:\/\/secure.gravatar.com\/avatar\/bc93b056d07515be5b8eecd4acf49c5c?s=96&d=mm&r=g\",\"contentUrl\":\"https:\/\/secure.gravatar.com\/avatar\/bc93b056d07515be5b8eecd4acf49c5c?s=96&d=mm&r=g\",\"caption\":\"Alain Dieul\"},\"sameAs\":[\"http:\/\/ECINews\"]}]}<\/script>","yoast_head_json":{"title":"Feu vert pour la cr\u00e9ation de la coentreprise Semikron Danfoss ...","description":"Claus A. Petersen, CEO de Semikron Danfoss et Karl-Heniz Gaubatz. CTO de Semikron Semikron et Danfoss Silicon Power unissent leurs forces dans le cadre...","robots":{"index":"index","follow":"follow","max-snippet":"max-snippet:-1","max-image-preview":"max-image-preview:large","max-video-preview":"max-video-preview:-1"},"canonical":"https:\/\/www.ecinews.fr\/fr\/wp-json\/wp\/v2\/posts\/396538\/","og_locale":"fr_FR","og_type":"article","og_title":"Feu vert pour la cr\u00e9ation de la coentreprise Semikron Danfoss","og_description":"Claus A. Petersen, CEO de Semikron Danfoss et Karl-Heniz Gaubatz. CTO de Semikron Semikron et Danfoss Silicon Power unissent leurs forces dans le cadre d&rsquo;un partenariat de premier plan en mati\u00e8re d&rsquo;\u00e9lectronique de puissance. Le 22 ao\u00fbt, moins de cinq mois apr\u00e8s l&rsquo;annonce de la cr\u00e9ation d&rsquo;un leader des modules semiconducteurs de puissance, la nouvelle [&hellip;]","og_url":"https:\/\/www.ecinews.fr\/fr\/wp-json\/wp\/v2\/posts\/396538\/","og_site_name":"EENewsEurope","article_published_time":"2022-09-28T08:03:06+00:00","og_image":[{"width":1050,"height":700,"url":"https:\/\/www.ecinews.fr\/wp-content\/uploads\/2022\/09\/ECI1451_Semikron_Daqnfoss_actu.jpg","type":"image\/jpeg"}],"author":"Alain Dieul","twitter_card":"summary_large_image","twitter_misc":{"Written by":"Alain Dieul","Est. reading time":"3 minutes"},"schema":{"@context":"https:\/\/schema.org","@graph":[{"@type":"Article","@id":"https:\/\/www.ecinews.fr\/fr\/feu-vert-pour-la-creation-de-la-coentreprise-semikron-danfoss\/#article","isPartOf":{"@id":"https:\/\/www.ecinews.fr\/fr\/feu-vert-pour-la-creation-de-la-coentreprise-semikron-danfoss\/"},"author":{"name":"Alain Dieul","@id":"https:\/\/www.eenewseurope.com\/en\/#\/schema\/person\/e4387676ad67ce722325c7832f3c3762"},"headline":"Feu vert pour la cr\u00e9ation de la coentreprise Semikron Danfoss","datePublished":"2022-09-28T08:03:06+00:00","dateModified":"2022-09-28T08:03:06+00:00","mainEntityOfPage":{"@id":"https:\/\/www.ecinews.fr\/fr\/feu-vert-pour-la-creation-de-la-coentreprise-semikron-danfoss\/"},"wordCount":603,"publisher":{"@id":"https:\/\/www.eenewseurope.com\/en\/#organization"},"keywords":["Composants de puissance"],"articleSection":["Actualit\u00e9 g\u00e9n\u00e9rale"],"inLanguage":"fr-FR"},{"@type":"WebPage","@id":"https:\/\/www.ecinews.fr\/fr\/feu-vert-pour-la-creation-de-la-coentreprise-semikron-danfoss\/","url":"https:\/\/www.ecinews.fr\/fr\/feu-vert-pour-la-creation-de-la-coentreprise-semikron-danfoss\/","name":"Feu vert pour la cr\u00e9ation de la coentreprise Semikron Danfoss -","isPartOf":{"@id":"https:\/\/www.eenewseurope.com\/en\/#website"},"datePublished":"2022-09-28T08:03:06+00:00","dateModified":"2022-09-28T08:03:06+00:00","breadcrumb":{"@id":"https:\/\/www.ecinews.fr\/fr\/feu-vert-pour-la-creation-de-la-coentreprise-semikron-danfoss\/#breadcrumb"},"inLanguage":"fr-FR","potentialAction":[{"@type":"ReadAction","target":["https:\/\/www.ecinews.fr\/fr\/feu-vert-pour-la-creation-de-la-coentreprise-semikron-danfoss\/"]}]},{"@type":"BreadcrumbList","@id":"https:\/\/www.ecinews.fr\/fr\/feu-vert-pour-la-creation-de-la-coentreprise-semikron-danfoss\/#breadcrumb","itemListElement":[{"@type":"ListItem","position":1,"name":"Home","item":"https:\/\/www.ecinews.fr\/fr\/"},{"@type":"ListItem","position":2,"name":"Feu vert pour la cr\u00e9ation de la coentreprise Semikron Danfoss"}]},{"@type":"WebSite","@id":"https:\/\/www.eenewseurope.com\/en\/#website","url":"https:\/\/www.eenewseurope.com\/en\/","name":"EENewsEurope","description":"Just another WordPress site","publisher":{"@id":"https:\/\/www.eenewseurope.com\/en\/#organization"},"potentialAction":[{"@type":"SearchAction","target":{"@type":"EntryPoint","urlTemplate":"https:\/\/www.eenewseurope.com\/en\/?s={search_term_string}"},"query-input":"required name=search_term_string"}],"inLanguage":"fr-FR"},{"@type":"Organization","@id":"https:\/\/www.eenewseurope.com\/en\/#organization","name":"EENewsEurope","url":"https:\/\/www.eenewseurope.com\/en\/","logo":{"@type":"ImageObject","inLanguage":"fr-FR","@id":"https:\/\/www.eenewseurope.com\/en\/#\/schema\/logo\/image\/","url":"https:\/\/www.ecinews.fr\/wp-content\/uploads\/2022\/02\/logo-1.jpg","contentUrl":"https:\/\/www.ecinews.fr\/wp-content\/uploads\/2022\/02\/logo-1.jpg","width":283,"height":113,"caption":"EENewsEurope"},"image":{"@id":"https:\/\/www.eenewseurope.com\/en\/#\/schema\/logo\/image\/"}},{"@type":"Person","@id":"https:\/\/www.eenewseurope.com\/en\/#\/schema\/person\/e4387676ad67ce722325c7832f3c3762","name":"Alain Dieul","image":{"@type":"ImageObject","inLanguage":"fr-FR","@id":"https:\/\/www.eenewseurope.com\/en\/#\/schema\/person\/image\/736120675699dbbf0f0f282b9a9cfb75","url":"https:\/\/secure.gravatar.com\/avatar\/bc93b056d07515be5b8eecd4acf49c5c?s=96&d=mm&r=g","contentUrl":"https:\/\/secure.gravatar.com\/avatar\/bc93b056d07515be5b8eecd4acf49c5c?s=96&d=mm&r=g","caption":"Alain Dieul"},"sameAs":["http:\/\/ECINews"]}]}},"authors":[{"term_id":1154,"user_id":36,"is_guest":0,"slug":"alain-dieul","display_name":"Alain Dieul","avatar_url":"https:\/\/secure.gravatar.com\/avatar\/bc93b056d07515be5b8eecd4acf49c5c?s=96&d=mm&r=g","0":null,"1":"","2":"","3":"","4":"","5":"","6":"","7":"","8":""}],"_links":{"self":[{"href":"https:\/\/www.ecinews.fr\/fr\/wp-json\/wp\/v2\/posts\/396538"}],"collection":[{"href":"https:\/\/www.ecinews.fr\/fr\/wp-json\/wp\/v2\/posts"}],"about":[{"href":"https:\/\/www.ecinews.fr\/fr\/wp-json\/wp\/v2\/types\/post"}],"author":[{"embeddable":true,"href":"https:\/\/www.ecinews.fr\/fr\/wp-json\/wp\/v2\/users\/36"}],"replies":[{"embeddable":true,"href":"https:\/\/www.ecinews.fr\/fr\/wp-json\/wp\/v2\/comments?post=396538"}],"version-history":[{"count":0,"href":"https:\/\/www.ecinews.fr\/fr\/wp-json\/wp\/v2\/posts\/396538\/revisions"}],"wp:featuredmedia":[{"embeddable":true,"href":"https:\/\/www.ecinews.fr\/fr\/wp-json\/wp\/v2\/media\/396539"}],"wp:attachment":[{"href":"https:\/\/www.ecinews.fr\/fr\/wp-json\/wp\/v2\/media?parent=396538"}],"wp:term":[{"taxonomy":"category","embeddable":true,"href":"https:\/\/www.ecinews.fr\/fr\/wp-json\/wp\/v2\/categories?post=396538"},{"taxonomy":"post_tag","embeddable":true,"href":"https:\/\/www.ecinews.fr\/fr\/wp-json\/wp\/v2\/tags?post=396538"},{"taxonomy":"domains","embeddable":true,"href":"https:\/\/www.ecinews.fr\/fr\/wp-json\/wp\/v2\/domains?post=396538"},{"taxonomy":"author","embeddable":true,"href":"https:\/\/www.ecinews.fr\/fr\/wp-json\/wp\/v2\/ppma_author?post=396538"}],"curies":[{"name":"wp","href":"https:\/\/api.w.org\/{rel}","templated":true}]}}