{"id":395404,"date":"2022-09-16T09:56:17","date_gmt":"2022-09-16T07:56:17","guid":{"rendered":"https:\/\/www.eenewseurope.com\/?p=395404"},"modified":"2022-09-16T16:35:35","modified_gmt":"2022-09-16T14:35:35","slug":"la-linux-foundation-europe-est-lancee","status":"publish","type":"post","link":"https:\/\/www.ecinews.fr\/fr\/la-linux-foundation-europe-est-lancee\/","title":{"rendered":"La Linux Foundation Europe est lanc\u00e9e"},"content":{"rendered":"<p><span class=\"VIiyi\" lang=\"fr\"><span class=\"JLqJ4b\"><span class=\"Q4iAWc\">La Fondation Linux a lanc\u00e9 une organisation d\u00e9di\u00e9e en Europe pour stimuler l&rsquo;utilisation des logiciels open source dans la r\u00e9gion;<\/span><\/span><\/span><\/p>\n<p><span class=\"VIiyi\" lang=\"fr\"><span class=\"JLqJ4b\"><span class=\"Q4iAWc\"> La Linux Foundation Europe compte une douzaine de membres initiaux avec des recherches originales offrant de nouvelles perspectives sur la dynamique europ\u00e9enne de l&rsquo;open source. <\/span><\/span><\/span><\/p>\n<p><span class=\"VIiyi\" lang=\"fr\"><span class=\"JLqJ4b\"><span class=\"Q4iAWc\">Bas\u00e9e \u00e0 Bruxelles, en Belgique, la Linux Foundation Europe est dirig\u00e9e par Gabriele Columbro en tant que directeur g\u00e9n\u00e9ral. Columbro continuera d&rsquo;occuper le poste de directeur ex\u00e9cutif de la Fintech Open Source Foundation (FINOS).<\/span><\/span><\/span><\/p>\n<p><span class=\"VIiyi\" lang=\"fr\"><span class=\"JLqJ4b\"><span class=\"Q4iAWc\">La mission de la Linux Foundation Europe est d&rsquo;acc\u00e9l\u00e9rer la croissance d&rsquo;efforts collaboratifs ouverts et en plein d\u00e9veloppement ax\u00e9s sur les d\u00e9fis et les opportunit\u00e9s de tous les groupes europ\u00e9ens, des particuliers aux secteurs publics et priv\u00e9, tout en offrant une rampe d&rsquo;acc\u00e8s aux projets et entreprises europ\u00e9ens pour r\u00e9ussir et collaborer sur un march\u00e9 \u00e0 l&rsquo;\u00e9chelle mondiale.<\/span><\/span><\/span><\/p>\n<ul>\n<li>\n<p class=\"title\"><a title=\"Analog Devices enrichit sa distribution Linux avec plus d\u2019un millier de pilotes de p\u00e9riph\u00e9riques\" href=\"https:\/\/www.ecinews.fr\/fr\/analog-devices-enrichit-sa-distribution-linux-avec-plus-dun-millier-de-pilotes-de-peripheriques\/\" target=\"_blank\" rel=\"noopener\">Analog Devices enrichit sa distribution Linux avec plus d\u2019un millier de pilotes de p\u00e9riph\u00e9riques<\/a><\/p>\n<\/li>\n<li><a href=\"https:\/\/www.eenewseurope.com\/en\/3d-printing-group-becomes-linux-foundation-standard\/\">3D printing group becomes Linux Foundation standard<\/a><\/li>\n<\/ul>\n<p><span class=\"VIiyi\" lang=\"fr\"><span class=\"JLqJ4b\"><span class=\"Q4iAWc\">Les premiers membres de la Linux Foundation Europe incluent Ericsson, Bosch, NXP Semiconductors et le RISE Research Institute de Su\u00e8de ainsi que les compagnies d&rsquo;\u00e9lectricit\u00e9 RTE et Alliander. <\/span><\/span><\/span><\/p>\n<p><span class=\"VIiyi\" lang=\"fr\"><span class=\"JLqJ4b\"><span class=\"Q4iAWc\">\u00ab Bosch a de nombreuses ann\u00e9es d&rsquo;exp\u00e9rience dans l&rsquo;Open Source et renforce continuellement sa pr\u00e9sence en tant qu&rsquo;adopteur, contributeur et partisan majeur de plusieurs fondations \u00bb, a d\u00e9clar\u00e9 Andree Zahir, Senior Vice President Cross-Domain Computing Solutions Business Unit Cockpit Technologies chez Bosch. \u00ab\u00a0Nous sommes ravis de voir la Linux Foundation intensifier ses activit\u00e9s europ\u00e9ennes, car Bosch voit clairement le potentiel de cette r\u00e9gion pour acc\u00e9l\u00e9rer le d\u00e9veloppement de logiciels collaboratifs \u00e0 l&rsquo;\u00e9chelle mondiale.\u00a0\u00bb<\/span><\/span><\/span><\/p>\n<p><span class=\"VIiyi\" lang=\"fr\"><span class=\"JLqJ4b\"><span class=\"Q4iAWc\">\u00ab NXP collabore depuis longtemps avec la Linux Foundation, et nombre de nos clients dans le monde comptent sur la Linux Foundation et ses projets connexes \u00bb, a d\u00e9clar\u00e9 Robert Oshana, vice-pr\u00e9sident du g\u00e9nie logiciel chez NXP Semiconductors. \u00ab\u00a0Avec un fort accent sur les besoins uniques des march\u00e9s europ\u00e9ens, la nouvelle Linux Foundation Europe fournira \u00e0 nos clients europ\u00e9ens de nouvelles ressources gr\u00e2ce \u00e0 une collaboration ouverte.\u00a0\u00bb<\/span><\/span><\/span><\/p>\n<p><span class=\"VIiyi\" lang=\"fr\"><span class=\"JLqJ4b\"><span class=\"Q4iAWc\">Le premier projet, l&rsquo;Open Wallet Foundation (OWF), est un effort collaboratif visant \u00e0 d\u00e9velopper un moteur de portefeuille num\u00e9rique prenant en charge l&rsquo;interop\u00e9rabilit\u00e9 pour un large \u00e9ventail de cas d&rsquo;utilisation. <\/span><\/span><\/span><\/p>\n<p><span class=\"VIiyi\" lang=\"fr\"><span class=\"JLqJ4b\"><span class=\"Q4iAWc\">\u00ab La Fondation Linux a fait un travail ph\u00e9nom\u00e9nal en r\u00e9unissant le secteur priv\u00e9 et les contributeurs individuels \u00e0 l&rsquo;\u00e9chelle mondiale au cours des deux derni\u00e8res d\u00e9cennies. En tant qu&rsquo;Italien de souche \u00e9lev\u00e9 dans la communaut\u00e9 open source europ\u00e9enne florissante du d\u00e9but des ann\u00e9es 2000, je suis ravi de concentrer notre attention sur les d\u00e9fis existants et les opportunit\u00e9s que nous pouvons aider \u00e0 d\u00e9bloquer en Europe gr\u00e2ce \u00e0 une collaboration ouverte \u00bb, a d\u00e9clar\u00e9 Columbro.<\/span><\/span><\/span><\/p>\n<p><span class=\"VIiyi\" lang=\"fr\"><span class=\"JLqJ4b\"><span class=\"Q4iAWc\">\u00ab En tant que gestionnaire du r\u00e9seau de transport d&rsquo;\u00e9lectricit\u00e9 en France, RTE s&rsquo;engage pour acc\u00e9l\u00e9rer la transition \u00e9nerg\u00e9tique. Les collaborations open source sont essentielles \u00e0 cette mission, pour d\u00e9cupler l&rsquo;innovation, la rapidit\u00e9 et la rentabilit\u00e9 des projets logiciels commerciaux. Nous avons commenc\u00e9 \u00e0 investir dans les communaut\u00e9s open source en 2018, notamment en tant que membre fondateur de LF Energy. Aujourd&rsquo;hui, nous sommes ravis de rejoindre LF Europe et de poursuivre cette aventure r\u00e9ussie \u00bb, a d\u00e9clar\u00e9 Lucian Balea, directeur du programme Open Source chez RTE.<\/span><\/span><\/span><\/p>\n<ul>\n<li>\n<p class=\"title\"><a title=\"Le projet GAIA-X va d\u00e9velopper une blockchain open source pour les voitures autonomes\" href=\"https:\/\/www.ecinews.fr\/fr\/le-projet-gaia-x-va-developper-une-blockchain-open-source-pour-les-voitures-autonomes\/\" target=\"_blank\" rel=\"noopener\">Le projet GAIA-X va d\u00e9velopper une blockchain open source pour les voitures autonomes<\/a><\/p>\n<\/li>\n<li><a href=\"https:\/\/www.eenewspower.com\/en\/open-source-project-combines-power-management-at-the-edge\/\">Open source project combines power management at the edge<\/a><\/li>\n<li><a href=\"https:\/\/www.eenewspower.com\/en\/european-companies-drive-open-source-virtualisation-and-consolidation-for-the-grid\/\">European companies drive open source virtualisation<\/a><\/li>\n<\/ul>\n<p><span class=\"VIiyi\" lang=\"fr\"><span class=\"JLqJ4b\"><span class=\"Q4iAWc\">\u00ab\u00a0Les logiciels open source permettent une num\u00e9risation plus ind\u00e9pendante et plus rapide de l&rsquo;industrie et de la soci\u00e9t\u00e9 europ\u00e9ennes. En tant que branche de l&rsquo;un des principaux \u00e9cosyst\u00e8mes open source, la Linux Foundation Europe jouera un r\u00f4le vital ici. En tant que plus grand institut de recherche de Su\u00e8de, nous sommes impatients d&rsquo;y travailler tout en mettant l&rsquo;accent sur le renforcement de la communaut\u00e9 et des initiatives open source en Europe, tant pour l&rsquo;industrie que pour la soci\u00e9t\u00e9\u00a0\u00bb\u00a0 d\u00e9clare Joakim Eriksson, responsable de l&rsquo;unit\u00e9 d&rsquo;intelligence connect\u00e9e aux instituts de recherche RISE de Su\u00e8de.<\/span><\/span><\/span><\/p>\n<p><span class=\"VIiyi\" lang=\"fr\"><span class=\"JLqJ4b\"><span class=\"Q4iAWc\">La participation \u00e0 la Linux Foundation Europe est ouverte \u00e0 toute organisation et gratuite pour les membres existants de la Linux Foundation. <\/span><\/span><\/span><\/p>\n<p><span class=\"VIiyi\" lang=\"fr\"><span class=\"JLqJ4b\"><span class=\"Q4iAWc\">\u00ab Je suis ravi que la Linux Foundation soutienne la collaboration open source sur le march\u00e9 europ\u00e9en. La collaboration r\u00e9gionale est importante et la Linux Foundation est bien plac\u00e9e pour aider \u00e0 \u00e9lever les efforts europ\u00e9ens de l&rsquo;open source vers des normes de facto \u00e0 l&rsquo;\u00e9chelle mondiale \u00bb, a d\u00e9clar\u00e9 Jim Zemlin, directeur ex\u00e9cutif de la Linux Foundation. <\/span><\/span><\/span><\/p>\n<p><span class=\"VIiyi\" lang=\"fr\"><span class=\"JLqJ4b\"><span class=\"Q4iAWc\">Les r\u00e9sultats de la recherche The World of Open Source: 2022 Europe Spotlight ont \u00e9galement \u00e9t\u00e9 publi\u00e9s parall\u00e8lement au lancement voir: <a href=\"https:\/\/andi-lustak-dot-yamm-track.appspot.com\/2dXlhrQfdtp64VP_KLtTyzSDyVjKJKMKqFjsnceeo2GQUszs7gwHd54gR5HF6Fi_Rv9VDQz5MEFeIzZPT0jKw-V33qNYZNxuXHk-wFJJLQn6ZnKbyLNFRTVV-SdOH8ZP53M8tmvxZZq1fU_lDuPyoyVdiL5TwbJI1UhaUIKWyAXn8bNd8tZHSqZ6Coysxyx9IzNOYbRdMC-W9S73IP5z06vHhUw\">The World of Open Source: 2022 Europe Spotlight<\/a>.<\/span><\/span><\/span><\/p>\n<p><a href=\"https:\/\/andi-lustak-dot-yamm-track.appspot.com\/2racbhOWZxou4UZjvKbkd0_BN_RntXlk2IY3KYXW5ybsWszs7gwH91AHGjqW_jf7NRMJ5XQ2MHMzLom9mRssWIJy4CRvmjVKNf8w0s_BtyrQjIgEJgCvD6Kq670BjR6fgNJajM95OVhKszFZpX1UL8yUuFxijxk1Y97x---18BA\">linuxfoundation.eu<\/a>.<\/p>\n<p>&nbsp;<\/p>\n","protected":false},"excerpt":{"rendered":"<p>La Fondation Linux a lanc\u00e9 une organisation d\u00e9di\u00e9e en Europe pour stimuler l&rsquo;utilisation des logiciels open source dans la r\u00e9gion;<\/p>\n","protected":false},"author":34,"featured_media":395339,"comment_status":"closed","ping_status":"closed","sticky":true,"template":"","format":"standard","meta":{"_acf_changed":false,"footnotes":""},"categories":[18,883],"tags":[1763,917],"domains":[47],"ppma_author":[1153],"class_list":["post-395404","post","type-post","status-publish","format-standard","has-post-thumbnail","hentry","category-business-news","category-technologies","tag-linux-2","tag-software-embedded-tools-fr","domains-electronique-eci"],"acf":[],"yoast_head":"<title>La Linux Foundation Europe est lanc\u00e9e ...<\/title>\n<meta name=\"description\" content=\"The Linux Foundation has launched a dedicated organisation in Europe to boost the use of open source software in the region\" \/>\n<meta name=\"robots\" content=\"index, follow, max-snippet:-1, max-image-preview:large, max-video-preview:-1\" \/>\n<link rel=\"canonical\" href=\"https:\/\/www.ecinews.fr\/fr\/wp-json\/wp\/v2\/posts\/395404\/\" \/>\n<meta property=\"og:locale\" content=\"fr_FR\" \/>\n<meta property=\"og:type\" content=\"article\" \/>\n<meta property=\"og:title\" content=\"La Linux Foundation Europe est lanc\u00e9e\" \/>\n<meta property=\"og:description\" content=\"The Linux Foundation has launched a dedicated organisation in Europe to boost the use of open source software in the region\" \/>\n<meta property=\"og:url\" content=\"https:\/\/www.ecinews.fr\/fr\/wp-json\/wp\/v2\/posts\/395404\/\" \/>\n<meta property=\"og:site_name\" content=\"EENewsEurope\" \/>\n<meta property=\"article:published_time\" content=\"2022-09-16T07:56:17+00:00\" \/>\n<meta property=\"article:modified_time\" content=\"2022-09-16T14:35:35+00:00\" \/>\n<meta property=\"og:image\" content=\"https:\/\/www.ecinews.fr\/wp-content\/uploads\/2022\/09\/lf_Europe.jpg\" \/>\n\t<meta property=\"og:image:width\" content=\"899\" \/>\n\t<meta property=\"og:image:height\" content=\"471\" \/>\n\t<meta property=\"og:image:type\" content=\"image\/jpeg\" \/>\n<meta name=\"author\" content=\"A Delapalisse\" \/>\n<meta name=\"twitter:card\" content=\"summary_large_image\" \/>\n<meta name=\"twitter:label1\" content=\"Written by\" \/>\n\t<meta name=\"twitter:data1\" content=\"A Delapalisse\" \/>\n\t<meta name=\"twitter:label2\" content=\"Est. reading time\" \/>\n\t<meta name=\"twitter:data2\" content=\"4 minutes\" \/>\n<script type=\"application\/ld+json\" class=\"yoast-schema-graph\">{\"@context\":\"https:\/\/schema.org\",\"@graph\":[{\"@type\":\"Article\",\"@id\":\"https:\/\/www.ecinews.fr\/fr\/la-linux-foundation-europe-est-lancee\/#article\",\"isPartOf\":{\"@id\":\"https:\/\/www.ecinews.fr\/fr\/la-linux-foundation-europe-est-lancee\/\"},\"author\":{\"name\":\"A Delapalisse\",\"@id\":\"https:\/\/www.eenewseurope.com\/en\/#\/schema\/person\/0aa2cfb0bd8949724a68cbac8d8321b4\"},\"headline\":\"La Linux Foundation Europe est lanc\u00e9e\",\"datePublished\":\"2022-09-16T07:56:17+00:00\",\"dateModified\":\"2022-09-16T14:35:35+00:00\",\"mainEntityOfPage\":{\"@id\":\"https:\/\/www.ecinews.fr\/fr\/la-linux-foundation-europe-est-lancee\/\"},\"wordCount\":845,\"publisher\":{\"@id\":\"https:\/\/www.eenewseurope.com\/en\/#organization\"},\"keywords\":[\"Linux\",\"Software &amp; Embedded tools\"],\"articleSection\":[\"Business news\",\"Technologies\"],\"inLanguage\":\"fr-FR\"},{\"@type\":\"WebPage\",\"@id\":\"https:\/\/www.ecinews.fr\/fr\/la-linux-foundation-europe-est-lancee\/\",\"url\":\"https:\/\/www.ecinews.fr\/fr\/la-linux-foundation-europe-est-lancee\/\",\"name\":\"La Linux Foundation Europe est lanc\u00e9e -\",\"isPartOf\":{\"@id\":\"https:\/\/www.eenewseurope.com\/en\/#website\"},\"datePublished\":\"2022-09-16T07:56:17+00:00\",\"dateModified\":\"2022-09-16T14:35:35+00:00\",\"description\":\"The Linux Foundation has launched a dedicated organisation in Europe to boost the use of open source software in the region\",\"breadcrumb\":{\"@id\":\"https:\/\/www.ecinews.fr\/fr\/la-linux-foundation-europe-est-lancee\/#breadcrumb\"},\"inLanguage\":\"fr-FR\",\"potentialAction\":[{\"@type\":\"ReadAction\",\"target\":[\"https:\/\/www.ecinews.fr\/fr\/la-linux-foundation-europe-est-lancee\/\"]}]},{\"@type\":\"BreadcrumbList\",\"@id\":\"https:\/\/www.ecinews.fr\/fr\/la-linux-foundation-europe-est-lancee\/#breadcrumb\",\"itemListElement\":[{\"@type\":\"ListItem\",\"position\":1,\"name\":\"Home\",\"item\":\"https:\/\/www.ecinews.fr\/fr\/\"},{\"@type\":\"ListItem\",\"position\":2,\"name\":\"La Linux Foundation Europe est lanc\u00e9e\"}]},{\"@type\":\"WebSite\",\"@id\":\"https:\/\/www.eenewseurope.com\/en\/#website\",\"url\":\"https:\/\/www.eenewseurope.com\/en\/\",\"name\":\"EENewsEurope\",\"description\":\"Just another WordPress site\",\"publisher\":{\"@id\":\"https:\/\/www.eenewseurope.com\/en\/#organization\"},\"potentialAction\":[{\"@type\":\"SearchAction\",\"target\":{\"@type\":\"EntryPoint\",\"urlTemplate\":\"https:\/\/www.eenewseurope.com\/en\/?s={search_term_string}\"},\"query-input\":\"required name=search_term_string\"}],\"inLanguage\":\"fr-FR\"},{\"@type\":\"Organization\",\"@id\":\"https:\/\/www.eenewseurope.com\/en\/#organization\",\"name\":\"EENewsEurope\",\"url\":\"https:\/\/www.eenewseurope.com\/en\/\",\"logo\":{\"@type\":\"ImageObject\",\"inLanguage\":\"fr-FR\",\"@id\":\"https:\/\/www.eenewseurope.com\/en\/#\/schema\/logo\/image\/\",\"url\":\"https:\/\/www.ecinews.fr\/wp-content\/uploads\/2022\/02\/logo-1.jpg\",\"contentUrl\":\"https:\/\/www.ecinews.fr\/wp-content\/uploads\/2022\/02\/logo-1.jpg\",\"width\":283,\"height\":113,\"caption\":\"EENewsEurope\"},\"image\":{\"@id\":\"https:\/\/www.eenewseurope.com\/en\/#\/schema\/logo\/image\/\"}},{\"@type\":\"Person\",\"@id\":\"https:\/\/www.eenewseurope.com\/en\/#\/schema\/person\/0aa2cfb0bd8949724a68cbac8d8321b4\",\"name\":\"A Delapalisse\",\"image\":{\"@type\":\"ImageObject\",\"inLanguage\":\"fr-FR\",\"@id\":\"https:\/\/www.eenewseurope.com\/en\/#\/schema\/person\/image\/211ac42237c2e9683c0964086c393cb4\",\"url\":\"https:\/\/secure.gravatar.com\/avatar\/ad45a8c5da24bc9c7c4940dd1c48a695?s=96&d=mm&r=g\",\"contentUrl\":\"https:\/\/secure.gravatar.com\/avatar\/ad45a8c5da24bc9c7c4940dd1c48a695?s=96&d=mm&r=g\",\"caption\":\"A Delapalisse\"},\"sameAs\":[\"http:\/\/ECI\"]}]}<\/script>","yoast_head_json":{"title":"La Linux Foundation Europe est lanc\u00e9e ...","description":"The Linux Foundation has launched a dedicated organisation in Europe to boost the use of open source software in the region","robots":{"index":"index","follow":"follow","max-snippet":"max-snippet:-1","max-image-preview":"max-image-preview:large","max-video-preview":"max-video-preview:-1"},"canonical":"https:\/\/www.ecinews.fr\/fr\/wp-json\/wp\/v2\/posts\/395404\/","og_locale":"fr_FR","og_type":"article","og_title":"La Linux Foundation Europe est lanc\u00e9e","og_description":"The Linux Foundation has launched a dedicated organisation in Europe to boost the use of open source software in the region","og_url":"https:\/\/www.ecinews.fr\/fr\/wp-json\/wp\/v2\/posts\/395404\/","og_site_name":"EENewsEurope","article_published_time":"2022-09-16T07:56:17+00:00","article_modified_time":"2022-09-16T14:35:35+00:00","og_image":[{"width":899,"height":471,"url":"https:\/\/www.ecinews.fr\/wp-content\/uploads\/2022\/09\/lf_Europe.jpg","type":"image\/jpeg"}],"author":"A Delapalisse","twitter_card":"summary_large_image","twitter_misc":{"Written by":"A Delapalisse","Est. reading time":"4 minutes"},"schema":{"@context":"https:\/\/schema.org","@graph":[{"@type":"Article","@id":"https:\/\/www.ecinews.fr\/fr\/la-linux-foundation-europe-est-lancee\/#article","isPartOf":{"@id":"https:\/\/www.ecinews.fr\/fr\/la-linux-foundation-europe-est-lancee\/"},"author":{"name":"A Delapalisse","@id":"https:\/\/www.eenewseurope.com\/en\/#\/schema\/person\/0aa2cfb0bd8949724a68cbac8d8321b4"},"headline":"La Linux Foundation Europe est lanc\u00e9e","datePublished":"2022-09-16T07:56:17+00:00","dateModified":"2022-09-16T14:35:35+00:00","mainEntityOfPage":{"@id":"https:\/\/www.ecinews.fr\/fr\/la-linux-foundation-europe-est-lancee\/"},"wordCount":845,"publisher":{"@id":"https:\/\/www.eenewseurope.com\/en\/#organization"},"keywords":["Linux","Software &amp; Embedded tools"],"articleSection":["Business news","Technologies"],"inLanguage":"fr-FR"},{"@type":"WebPage","@id":"https:\/\/www.ecinews.fr\/fr\/la-linux-foundation-europe-est-lancee\/","url":"https:\/\/www.ecinews.fr\/fr\/la-linux-foundation-europe-est-lancee\/","name":"La Linux Foundation Europe est lanc\u00e9e -","isPartOf":{"@id":"https:\/\/www.eenewseurope.com\/en\/#website"},"datePublished":"2022-09-16T07:56:17+00:00","dateModified":"2022-09-16T14:35:35+00:00","description":"The Linux Foundation has launched a dedicated organisation in Europe to boost the use of open source software in the region","breadcrumb":{"@id":"https:\/\/www.ecinews.fr\/fr\/la-linux-foundation-europe-est-lancee\/#breadcrumb"},"inLanguage":"fr-FR","potentialAction":[{"@type":"ReadAction","target":["https:\/\/www.ecinews.fr\/fr\/la-linux-foundation-europe-est-lancee\/"]}]},{"@type":"BreadcrumbList","@id":"https:\/\/www.ecinews.fr\/fr\/la-linux-foundation-europe-est-lancee\/#breadcrumb","itemListElement":[{"@type":"ListItem","position":1,"name":"Home","item":"https:\/\/www.ecinews.fr\/fr\/"},{"@type":"ListItem","position":2,"name":"La Linux Foundation Europe est lanc\u00e9e"}]},{"@type":"WebSite","@id":"https:\/\/www.eenewseurope.com\/en\/#website","url":"https:\/\/www.eenewseurope.com\/en\/","name":"EENewsEurope","description":"Just another WordPress site","publisher":{"@id":"https:\/\/www.eenewseurope.com\/en\/#organization"},"potentialAction":[{"@type":"SearchAction","target":{"@type":"EntryPoint","urlTemplate":"https:\/\/www.eenewseurope.com\/en\/?s={search_term_string}"},"query-input":"required name=search_term_string"}],"inLanguage":"fr-FR"},{"@type":"Organization","@id":"https:\/\/www.eenewseurope.com\/en\/#organization","name":"EENewsEurope","url":"https:\/\/www.eenewseurope.com\/en\/","logo":{"@type":"ImageObject","inLanguage":"fr-FR","@id":"https:\/\/www.eenewseurope.com\/en\/#\/schema\/logo\/image\/","url":"https:\/\/www.ecinews.fr\/wp-content\/uploads\/2022\/02\/logo-1.jpg","contentUrl":"https:\/\/www.ecinews.fr\/wp-content\/uploads\/2022\/02\/logo-1.jpg","width":283,"height":113,"caption":"EENewsEurope"},"image":{"@id":"https:\/\/www.eenewseurope.com\/en\/#\/schema\/logo\/image\/"}},{"@type":"Person","@id":"https:\/\/www.eenewseurope.com\/en\/#\/schema\/person\/0aa2cfb0bd8949724a68cbac8d8321b4","name":"A Delapalisse","image":{"@type":"ImageObject","inLanguage":"fr-FR","@id":"https:\/\/www.eenewseurope.com\/en\/#\/schema\/person\/image\/211ac42237c2e9683c0964086c393cb4","url":"https:\/\/secure.gravatar.com\/avatar\/ad45a8c5da24bc9c7c4940dd1c48a695?s=96&d=mm&r=g","contentUrl":"https:\/\/secure.gravatar.com\/avatar\/ad45a8c5da24bc9c7c4940dd1c48a695?s=96&d=mm&r=g","caption":"A Delapalisse"},"sameAs":["http:\/\/ECI"]}]}},"authors":[{"term_id":1153,"user_id":34,"is_guest":0,"slug":"adelapalisse","display_name":"A Delapalisse","avatar_url":"https:\/\/secure.gravatar.com\/avatar\/ad45a8c5da24bc9c7c4940dd1c48a695?s=96&d=mm&r=g","0":null,"1":"","2":"","3":"","4":"","5":"","6":"","7":"","8":""}],"_links":{"self":[{"href":"https:\/\/www.ecinews.fr\/fr\/wp-json\/wp\/v2\/posts\/395404"}],"collection":[{"href":"https:\/\/www.ecinews.fr\/fr\/wp-json\/wp\/v2\/posts"}],"about":[{"href":"https:\/\/www.ecinews.fr\/fr\/wp-json\/wp\/v2\/types\/post"}],"author":[{"embeddable":true,"href":"https:\/\/www.ecinews.fr\/fr\/wp-json\/wp\/v2\/users\/34"}],"replies":[{"embeddable":true,"href":"https:\/\/www.ecinews.fr\/fr\/wp-json\/wp\/v2\/comments?post=395404"}],"version-history":[{"count":0,"href":"https:\/\/www.ecinews.fr\/fr\/wp-json\/wp\/v2\/posts\/395404\/revisions"}],"wp:featuredmedia":[{"embeddable":true,"href":"https:\/\/www.ecinews.fr\/fr\/wp-json\/wp\/v2\/media\/395339"}],"wp:attachment":[{"href":"https:\/\/www.ecinews.fr\/fr\/wp-json\/wp\/v2\/media?parent=395404"}],"wp:term":[{"taxonomy":"category","embeddable":true,"href":"https:\/\/www.ecinews.fr\/fr\/wp-json\/wp\/v2\/categories?post=395404"},{"taxonomy":"post_tag","embeddable":true,"href":"https:\/\/www.ecinews.fr\/fr\/wp-json\/wp\/v2\/tags?post=395404"},{"taxonomy":"domains","embeddable":true,"href":"https:\/\/www.ecinews.fr\/fr\/wp-json\/wp\/v2\/domains?post=395404"},{"taxonomy":"author","embeddable":true,"href":"https:\/\/www.ecinews.fr\/fr\/wp-json\/wp\/v2\/ppma_author?post=395404"}],"curies":[{"name":"wp","href":"https:\/\/api.w.org\/{rel}","templated":true}]}}