{"id":395377,"date":"2022-09-15T12:47:42","date_gmt":"2022-09-15T10:47:42","guid":{"rendered":"https:\/\/www.eenewseurope.com\/?p=395377"},"modified":"2022-09-15T12:47:42","modified_gmt":"2022-09-15T10:47:42","slug":"thales-et-le-belge-bics-sassocient-pour-simplifier-lintegration-desim-pour-lido","status":"publish","type":"post","link":"https:\/\/www.ecinews.fr\/fr\/thales-et-le-belge-bics-sassocient-pour-simplifier-lintegration-desim-pour-lido\/","title":{"rendered":"Thales et le Belge BICS s&rsquo;associent pour simplifier l&rsquo;int\u00e9gration d&rsquo;eSIM pour l&rsquo;IdO"},"content":{"rendered":"<p>Fournisseur international de connectivit\u00e9 et d&rsquo;IdO, la soci\u00e9t\u00e9 Belge BICS s&rsquo;est associ\u00e9 \u00e0 Thales pour lib\u00e9rer le potentiel de l&rsquo;IdO pour les entreprises en \u00e9liminant les obstacles \u00e0 l&rsquo;adoption de l&rsquo;eSIM dans les appareils IdO. Thales a con\u00e7u une solution d&rsquo;activation eSIM pionni\u00e8re pour les appareils IdO et travaille avec BICS en tant que partenaire fournisseur de connectivit\u00e9.<\/p>\n<p>Les eSIM soient de plus en plus courantes dans les smartphones, mais les entreprises peinent \u00e0 les adopter pour des appareils IdO, du fait du niveau d&rsquo;int\u00e9gration requis avec les op\u00e9rateurs mobiles. Pour r\u00e9soudre ce probl\u00e8me, Thales et BICS suppriment le besoin d&rsquo;int\u00e9grations complexes avec les op\u00e9rateurs de r\u00e9seaux mobiles, en permettant \u00e0 l&rsquo;eSIM de se connecter directement \u00e0 distance \u00e0 la plateforme de d\u00e9ploiement de SIM d&rsquo;un op\u00e9rateur.<\/p>\n<p>Cette approche a fait ses preuves dans le domaine de l&rsquo;\u00e9lectronique grand public et apporte une facilit\u00e9 d&rsquo;utilisation \u00e0 la mise en \u0153uvre de l&rsquo;IdO. Ainsi, le service d&rsquo;activation de la connectivit\u00e9 eSIM permet de simplifier la logistique et la fabrication en raison de la pr\u00e9sence d&rsquo;une seule UGS. L&rsquo;installation, elle aussi, est plus rapide et moins complexe. En particulier, les zones \u00e0 couverture in\u00e9gale b\u00e9n\u00e9ficieront grandement de la flexibilit\u00e9 offerte par \u00ab\u00a0IoT Connectivity Activation\u00a0\u00bb. Les entreprises qui d\u00e9veloppent des appareils dot\u00e9s d&rsquo;une connectivit\u00e9 IdO peuvent int\u00e9grer des eSIM avec moins d&rsquo;investissements, d&rsquo;efforts et de temps de mise sur le march\u00e9.<\/p>\n<p>Pour\u00a0 Thierry Uguen, responsable de la gestion du portefeuille de produits IdO chez Thales : \u00a0\u00bb Cette nouvelle solution eSIM\u00a0 est un tournant majeur dans l&rsquo;industrie et nous sommes ravis que BICS nous rejoigne en tant que partenaire pour \u00ab\u00a0Connectivity Activation\u00a0\u00bb. Ensemble, nous voulons \u00eatre les pionniers d&rsquo;un \u00e9cosyst\u00e8me ouvert d&rsquo;eSIM pour l&rsquo;IdO, permettant aux entreprises d&rsquo;exploiter l&rsquo;\u00e9norme potentiel des eSIM. BICS est le partenaire de connectivit\u00e9 id\u00e9al pour soutenir nos clients dans leurs d\u00e9ploiements IdO \u00e0 l&rsquo;international.\u00a0\u00bb<\/p>\n<p>En tant que partenaire BICS soutiendra cet \u00e9cosyst\u00e8me en facilitant le placement d&rsquo;eSIM \u00e0 l&rsquo;int\u00e9rieur des modules Cinterion de Thales. Ces modules peuvent ensuite se connecter aux op\u00e9rateurs de r\u00e9seaux mobiles partout dans le monde gr\u00e2ce au service Thales \u00ab\u00a0IoT Connectivity Activation\u00a0\u00bb. Avec une couverture mondiale unique pour toutes les technologies IoT (2G\/3G\/4G\/5G\/LTE-M et NB-IoT) et son offre \u00ab\u00a0SIM for Things\u00a0\u00bb, BICS vise \u00e0 rendre les projets IoT mondiaux des entreprises encore plus simples et fiables.<\/p>\n<p>\u00ab\u00a0La suppression des obstacles \u00e0 la gestion des eSIM dans les appareils IdO entra\u00eenera une adoption beaucoup plus large des eSIM dans l&rsquo;industrie et leur permettra de tenir les promesse attendue d&rsquo;une plus grande flexibilit\u00e9 pour la connectivit\u00e9 IdO\u00a0\u00bb, d\u00e9clare Luc Vidal-Madjar, responsable de l&rsquo;activit\u00e9 M2M\/IoT chez BICS. \u00a0\u00bb Pour les consommateurs et les entreprises, cela permettra \u00e0 l&rsquo;IdO massif de devenir une r\u00e9alit\u00e9 et se traduira par un grand nombre de nouveaux produits intelligents pour les utilisateurs finaux et de nouvelles opportunit\u00e9s prometteuses pour l&rsquo;industrie 4.0, les compteurs intelligents, les villes intelligentes ou les syst\u00e8mes d&rsquo;alarme connect\u00e9s.\u00a0\u00bb<\/p>\n<p><a href=\"https:\/\/www.thalesgroup.com\/fr\">Thales\u00a0<\/a> &#8211;\u00a0 <a href=\"http:\/\/www.bics.com\">BICS<\/a><\/p>\n<p>&nbsp;<\/p>\n<p>&nbsp;<\/p>\n","protected":false},"excerpt":{"rendered":"<p>Fournisseur international de connectivit\u00e9 et d&rsquo;IdO, la soci\u00e9t\u00e9 Belge BICS s&rsquo;est associ\u00e9 \u00e0 Thales pour lib\u00e9rer le potentiel de l&rsquo;IdO pour les entreprises en \u00e9liminant les obstacles \u00e0 l&rsquo;adoption de l&rsquo;eSIM dans les appareils IdO. Thales a con\u00e7u une solution d&rsquo;activation eSIM pionni\u00e8re pour les appareils IdO et travaille avec BICS en tant que partenaire [&hellip;]<\/p>\n","protected":false},"author":11,"featured_media":395384,"comment_status":"closed","ping_status":"closed","sticky":true,"template":"","format":"standard","meta":{"_acf_changed":false,"footnotes":""},"categories":[18],"tags":[3647],"domains":[47],"ppma_author":[1143],"class_list":["post-395377","post","type-post","status-publish","format-standard","has-post-thumbnail","hentry","category-business-news","tag-interface-des-objets-ido-2-fr","domains-electronique-eci"],"acf":[],"yoast_head":"<title>Thales et le Belge BICS s&#039;associent pour simplifier l&#039;int\u00e9grat...<\/title>\n<meta name=\"description\" content=\"Fournisseur international de connectivit\u00e9 et d&rsquo;IdO, la soci\u00e9t\u00e9 Belge BICS s&rsquo;est associ\u00e9 \u00e0 Thales pour lib\u00e9rer le potentiel de l&rsquo;IdO...\" \/>\n<meta name=\"robots\" content=\"index, follow, max-snippet:-1, max-image-preview:large, max-video-preview:-1\" \/>\n<link rel=\"canonical\" href=\"https:\/\/www.ecinews.fr\/fr\/wp-json\/wp\/v2\/posts\/395377\/\" \/>\n<meta property=\"og:locale\" content=\"fr_FR\" \/>\n<meta property=\"og:type\" content=\"article\" \/>\n<meta property=\"og:title\" content=\"Thales et le Belge BICS s&#039;associent pour simplifier l&#039;int\u00e9gration d&#039;eSIM pour l&#039;IdO\" \/>\n<meta property=\"og:description\" content=\"Fournisseur international de connectivit\u00e9 et d&rsquo;IdO, la soci\u00e9t\u00e9 Belge BICS s&rsquo;est associ\u00e9 \u00e0 Thales pour lib\u00e9rer le potentiel de l&rsquo;IdO pour les entreprises en \u00e9liminant les obstacles \u00e0 l&rsquo;adoption de l&rsquo;eSIM dans les appareils IdO. Thales a con\u00e7u une solution d&rsquo;activation eSIM pionni\u00e8re pour les appareils IdO et travaille avec BICS en tant que partenaire [&hellip;]\" \/>\n<meta property=\"og:url\" content=\"https:\/\/www.ecinews.fr\/fr\/wp-json\/wp\/v2\/posts\/395377\/\" \/>\n<meta property=\"og:site_name\" content=\"EENewsEurope\" \/>\n<meta property=\"article:published_time\" content=\"2022-09-15T10:47:42+00:00\" \/>\n<meta property=\"og:image\" content=\"https:\/\/www.ecinews.fr\/wp-content\/uploads\/2022\/09\/Thales-BCIS.jpg\" \/>\n\t<meta property=\"og:image:width\" content=\"600\" \/>\n\t<meta property=\"og:image:height\" content=\"400\" \/>\n\t<meta property=\"og:image:type\" content=\"image\/jpeg\" \/>\n<meta name=\"author\" content=\"Daniel Cardon\" \/>\n<meta name=\"twitter:card\" content=\"summary_large_image\" \/>\n<meta name=\"twitter:label1\" content=\"Written by\" \/>\n\t<meta name=\"twitter:data1\" content=\"Daniel Cardon\" \/>\n\t<meta name=\"twitter:label2\" content=\"Est. reading time\" \/>\n\t<meta name=\"twitter:data2\" content=\"3 minutes\" \/>\n<script type=\"application\/ld+json\" class=\"yoast-schema-graph\">{\"@context\":\"https:\/\/schema.org\",\"@graph\":[{\"@type\":\"Article\",\"@id\":\"https:\/\/www.ecinews.fr\/fr\/thales-et-le-belge-bics-sassocient-pour-simplifier-lintegration-desim-pour-lido\/#article\",\"isPartOf\":{\"@id\":\"https:\/\/www.ecinews.fr\/fr\/thales-et-le-belge-bics-sassocient-pour-simplifier-lintegration-desim-pour-lido\/\"},\"author\":{\"name\":\"Daniel Cardon\",\"@id\":\"https:\/\/www.ecinews.fr\/fr\/#\/schema\/person\/93c44cde463762f40a8236eaa44c1c17\"},\"headline\":\"Thales et le Belge BICS s&rsquo;associent pour simplifier l&rsquo;int\u00e9gration d&rsquo;eSIM pour l&rsquo;IdO\",\"datePublished\":\"2022-09-15T10:47:42+00:00\",\"dateModified\":\"2022-09-15T10:47:42+00:00\",\"mainEntityOfPage\":{\"@id\":\"https:\/\/www.ecinews.fr\/fr\/thales-et-le-belge-bics-sassocient-pour-simplifier-lintegration-desim-pour-lido\/\"},\"wordCount\":559,\"publisher\":{\"@id\":\"https:\/\/www.ecinews.fr\/fr\/#organization\"},\"keywords\":[\"Interface des objets IdO\"],\"articleSection\":[\"Business news\"],\"inLanguage\":\"fr-FR\"},{\"@type\":\"WebPage\",\"@id\":\"https:\/\/www.ecinews.fr\/fr\/thales-et-le-belge-bics-sassocient-pour-simplifier-lintegration-desim-pour-lido\/\",\"url\":\"https:\/\/www.ecinews.fr\/fr\/thales-et-le-belge-bics-sassocient-pour-simplifier-lintegration-desim-pour-lido\/\",\"name\":\"Thales et le Belge BICS s'associent pour simplifier l'int\u00e9gration d'eSIM pour l'IdO -\",\"isPartOf\":{\"@id\":\"https:\/\/www.ecinews.fr\/fr\/#website\"},\"datePublished\":\"2022-09-15T10:47:42+00:00\",\"dateModified\":\"2022-09-15T10:47:42+00:00\",\"breadcrumb\":{\"@id\":\"https:\/\/www.ecinews.fr\/fr\/thales-et-le-belge-bics-sassocient-pour-simplifier-lintegration-desim-pour-lido\/#breadcrumb\"},\"inLanguage\":\"fr-FR\",\"potentialAction\":[{\"@type\":\"ReadAction\",\"target\":[\"https:\/\/www.ecinews.fr\/fr\/thales-et-le-belge-bics-sassocient-pour-simplifier-lintegration-desim-pour-lido\/\"]}]},{\"@type\":\"BreadcrumbList\",\"@id\":\"https:\/\/www.ecinews.fr\/fr\/thales-et-le-belge-bics-sassocient-pour-simplifier-lintegration-desim-pour-lido\/#breadcrumb\",\"itemListElement\":[{\"@type\":\"ListItem\",\"position\":1,\"name\":\"Home\",\"item\":\"https:\/\/www.ecinews.fr\/fr\/\"},{\"@type\":\"ListItem\",\"position\":2,\"name\":\"Thales et le Belge BICS s&rsquo;associent pour simplifier l&rsquo;int\u00e9gration d&rsquo;eSIM pour l&rsquo;IdO\"}]},{\"@type\":\"WebSite\",\"@id\":\"https:\/\/www.ecinews.fr\/fr\/#website\",\"url\":\"https:\/\/www.ecinews.fr\/fr\/\",\"name\":\"EENewsEurope\",\"description\":\"Just another WordPress site\",\"publisher\":{\"@id\":\"https:\/\/www.ecinews.fr\/fr\/#organization\"},\"potentialAction\":[{\"@type\":\"SearchAction\",\"target\":{\"@type\":\"EntryPoint\",\"urlTemplate\":\"https:\/\/www.ecinews.fr\/fr\/?s={search_term_string}\"},\"query-input\":\"required name=search_term_string\"}],\"inLanguage\":\"fr-FR\"},{\"@type\":\"Organization\",\"@id\":\"https:\/\/www.ecinews.fr\/fr\/#organization\",\"name\":\"EENewsEurope\",\"url\":\"https:\/\/www.ecinews.fr\/fr\/\",\"logo\":{\"@type\":\"ImageObject\",\"inLanguage\":\"fr-FR\",\"@id\":\"https:\/\/www.ecinews.fr\/fr\/#\/schema\/logo\/image\/\",\"url\":\"https:\/\/www.ecinews.fr\/wp-content\/uploads\/2022\/02\/logo-1.jpg\",\"contentUrl\":\"https:\/\/www.ecinews.fr\/wp-content\/uploads\/2022\/02\/logo-1.jpg\",\"width\":283,\"height\":113,\"caption\":\"EENewsEurope\"},\"image\":{\"@id\":\"https:\/\/www.ecinews.fr\/fr\/#\/schema\/logo\/image\/\"}},{\"@type\":\"Person\",\"@id\":\"https:\/\/www.ecinews.fr\/fr\/#\/schema\/person\/93c44cde463762f40a8236eaa44c1c17\",\"name\":\"Daniel Cardon\",\"image\":{\"@type\":\"ImageObject\",\"inLanguage\":\"fr-FR\",\"@id\":\"https:\/\/www.ecinews.fr\/fr\/#\/schema\/person\/image\/2b243f6bcc1cff7d86aadfb2cd0bd870\",\"url\":\"https:\/\/secure.gravatar.com\/avatar\/de9edc136dfc061ad4778e04635baefa?s=96&d=mm&r=g\",\"contentUrl\":\"https:\/\/secure.gravatar.com\/avatar\/de9edc136dfc061ad4778e04635baefa?s=96&d=mm&r=g\",\"caption\":\"Daniel Cardon\"}}]}<\/script>","yoast_head_json":{"title":"Thales et le Belge BICS s'associent pour simplifier l'int\u00e9grat...","description":"Fournisseur international de connectivit\u00e9 et d&rsquo;IdO, la soci\u00e9t\u00e9 Belge BICS s&rsquo;est associ\u00e9 \u00e0 Thales pour lib\u00e9rer le potentiel de l&rsquo;IdO...","robots":{"index":"index","follow":"follow","max-snippet":"max-snippet:-1","max-image-preview":"max-image-preview:large","max-video-preview":"max-video-preview:-1"},"canonical":"https:\/\/www.ecinews.fr\/fr\/wp-json\/wp\/v2\/posts\/395377\/","og_locale":"fr_FR","og_type":"article","og_title":"Thales et le Belge BICS s'associent pour simplifier l'int\u00e9gration d'eSIM pour l'IdO","og_description":"Fournisseur international de connectivit\u00e9 et d&rsquo;IdO, la soci\u00e9t\u00e9 Belge BICS s&rsquo;est associ\u00e9 \u00e0 Thales pour lib\u00e9rer le potentiel de l&rsquo;IdO pour les entreprises en \u00e9liminant les obstacles \u00e0 l&rsquo;adoption de l&rsquo;eSIM dans les appareils IdO. Thales a con\u00e7u une solution d&rsquo;activation eSIM pionni\u00e8re pour les appareils IdO et travaille avec BICS en tant que partenaire [&hellip;]","og_url":"https:\/\/www.ecinews.fr\/fr\/wp-json\/wp\/v2\/posts\/395377\/","og_site_name":"EENewsEurope","article_published_time":"2022-09-15T10:47:42+00:00","og_image":[{"width":600,"height":400,"url":"https:\/\/www.ecinews.fr\/wp-content\/uploads\/2022\/09\/Thales-BCIS.jpg","type":"image\/jpeg"}],"author":"Daniel Cardon","twitter_card":"summary_large_image","twitter_misc":{"Written by":"Daniel Cardon","Est. reading time":"3 minutes"},"schema":{"@context":"https:\/\/schema.org","@graph":[{"@type":"Article","@id":"https:\/\/www.ecinews.fr\/fr\/thales-et-le-belge-bics-sassocient-pour-simplifier-lintegration-desim-pour-lido\/#article","isPartOf":{"@id":"https:\/\/www.ecinews.fr\/fr\/thales-et-le-belge-bics-sassocient-pour-simplifier-lintegration-desim-pour-lido\/"},"author":{"name":"Daniel Cardon","@id":"https:\/\/www.ecinews.fr\/fr\/#\/schema\/person\/93c44cde463762f40a8236eaa44c1c17"},"headline":"Thales et le Belge BICS s&rsquo;associent pour simplifier l&rsquo;int\u00e9gration d&rsquo;eSIM pour l&rsquo;IdO","datePublished":"2022-09-15T10:47:42+00:00","dateModified":"2022-09-15T10:47:42+00:00","mainEntityOfPage":{"@id":"https:\/\/www.ecinews.fr\/fr\/thales-et-le-belge-bics-sassocient-pour-simplifier-lintegration-desim-pour-lido\/"},"wordCount":559,"publisher":{"@id":"https:\/\/www.ecinews.fr\/fr\/#organization"},"keywords":["Interface des objets IdO"],"articleSection":["Business news"],"inLanguage":"fr-FR"},{"@type":"WebPage","@id":"https:\/\/www.ecinews.fr\/fr\/thales-et-le-belge-bics-sassocient-pour-simplifier-lintegration-desim-pour-lido\/","url":"https:\/\/www.ecinews.fr\/fr\/thales-et-le-belge-bics-sassocient-pour-simplifier-lintegration-desim-pour-lido\/","name":"Thales et le Belge BICS s'associent pour simplifier l'int\u00e9gration d'eSIM pour l'IdO -","isPartOf":{"@id":"https:\/\/www.ecinews.fr\/fr\/#website"},"datePublished":"2022-09-15T10:47:42+00:00","dateModified":"2022-09-15T10:47:42+00:00","breadcrumb":{"@id":"https:\/\/www.ecinews.fr\/fr\/thales-et-le-belge-bics-sassocient-pour-simplifier-lintegration-desim-pour-lido\/#breadcrumb"},"inLanguage":"fr-FR","potentialAction":[{"@type":"ReadAction","target":["https:\/\/www.ecinews.fr\/fr\/thales-et-le-belge-bics-sassocient-pour-simplifier-lintegration-desim-pour-lido\/"]}]},{"@type":"BreadcrumbList","@id":"https:\/\/www.ecinews.fr\/fr\/thales-et-le-belge-bics-sassocient-pour-simplifier-lintegration-desim-pour-lido\/#breadcrumb","itemListElement":[{"@type":"ListItem","position":1,"name":"Home","item":"https:\/\/www.ecinews.fr\/fr\/"},{"@type":"ListItem","position":2,"name":"Thales et le Belge BICS s&rsquo;associent pour simplifier l&rsquo;int\u00e9gration d&rsquo;eSIM pour l&rsquo;IdO"}]},{"@type":"WebSite","@id":"https:\/\/www.ecinews.fr\/fr\/#website","url":"https:\/\/www.ecinews.fr\/fr\/","name":"EENewsEurope","description":"Just another WordPress site","publisher":{"@id":"https:\/\/www.ecinews.fr\/fr\/#organization"},"potentialAction":[{"@type":"SearchAction","target":{"@type":"EntryPoint","urlTemplate":"https:\/\/www.ecinews.fr\/fr\/?s={search_term_string}"},"query-input":"required name=search_term_string"}],"inLanguage":"fr-FR"},{"@type":"Organization","@id":"https:\/\/www.ecinews.fr\/fr\/#organization","name":"EENewsEurope","url":"https:\/\/www.ecinews.fr\/fr\/","logo":{"@type":"ImageObject","inLanguage":"fr-FR","@id":"https:\/\/www.ecinews.fr\/fr\/#\/schema\/logo\/image\/","url":"https:\/\/www.ecinews.fr\/wp-content\/uploads\/2022\/02\/logo-1.jpg","contentUrl":"https:\/\/www.ecinews.fr\/wp-content\/uploads\/2022\/02\/logo-1.jpg","width":283,"height":113,"caption":"EENewsEurope"},"image":{"@id":"https:\/\/www.ecinews.fr\/fr\/#\/schema\/logo\/image\/"}},{"@type":"Person","@id":"https:\/\/www.ecinews.fr\/fr\/#\/schema\/person\/93c44cde463762f40a8236eaa44c1c17","name":"Daniel Cardon","image":{"@type":"ImageObject","inLanguage":"fr-FR","@id":"https:\/\/www.ecinews.fr\/fr\/#\/schema\/person\/image\/2b243f6bcc1cff7d86aadfb2cd0bd870","url":"https:\/\/secure.gravatar.com\/avatar\/de9edc136dfc061ad4778e04635baefa?s=96&d=mm&r=g","contentUrl":"https:\/\/secure.gravatar.com\/avatar\/de9edc136dfc061ad4778e04635baefa?s=96&d=mm&r=g","caption":"Daniel Cardon"}}]}},"authors":[{"term_id":1143,"user_id":11,"is_guest":0,"slug":"danielcardon","display_name":"Daniel Cardon","avatar_url":"https:\/\/secure.gravatar.com\/avatar\/de9edc136dfc061ad4778e04635baefa?s=96&d=mm&r=g","0":null,"1":"","2":"","3":"","4":"","5":"","6":"","7":"","8":""}],"_links":{"self":[{"href":"https:\/\/www.ecinews.fr\/fr\/wp-json\/wp\/v2\/posts\/395377"}],"collection":[{"href":"https:\/\/www.ecinews.fr\/fr\/wp-json\/wp\/v2\/posts"}],"about":[{"href":"https:\/\/www.ecinews.fr\/fr\/wp-json\/wp\/v2\/types\/post"}],"author":[{"embeddable":true,"href":"https:\/\/www.ecinews.fr\/fr\/wp-json\/wp\/v2\/users\/11"}],"replies":[{"embeddable":true,"href":"https:\/\/www.ecinews.fr\/fr\/wp-json\/wp\/v2\/comments?post=395377"}],"version-history":[{"count":0,"href":"https:\/\/www.ecinews.fr\/fr\/wp-json\/wp\/v2\/posts\/395377\/revisions"}],"wp:featuredmedia":[{"embeddable":true,"href":"https:\/\/www.ecinews.fr\/fr\/wp-json\/wp\/v2\/media\/395384"}],"wp:attachment":[{"href":"https:\/\/www.ecinews.fr\/fr\/wp-json\/wp\/v2\/media?parent=395377"}],"wp:term":[{"taxonomy":"category","embeddable":true,"href":"https:\/\/www.ecinews.fr\/fr\/wp-json\/wp\/v2\/categories?post=395377"},{"taxonomy":"post_tag","embeddable":true,"href":"https:\/\/www.ecinews.fr\/fr\/wp-json\/wp\/v2\/tags?post=395377"},{"taxonomy":"domains","embeddable":true,"href":"https:\/\/www.ecinews.fr\/fr\/wp-json\/wp\/v2\/domains?post=395377"},{"taxonomy":"author","embeddable":true,"href":"https:\/\/www.ecinews.fr\/fr\/wp-json\/wp\/v2\/ppma_author?post=395377"}],"curies":[{"name":"wp","href":"https:\/\/api.w.org\/{rel}","templated":true}]}}