{"id":39518,"date":"2020-11-24T17:40:40","date_gmt":"2020-11-24T17:40:40","guid":{"rendered":"https:\/\/\/le-ceo-dintel-bob-swan-demande-des-investissements-au-president-elu\/"},"modified":"2020-11-24T17:40:40","modified_gmt":"2020-11-24T17:40:40","slug":"le-ceo-dintel-bob-swan-demande-des-investissements-au-president-elu","status":"publish","type":"post","link":"https:\/\/www.ecinews.fr\/fr\/le-ceo-dintel-bob-swan-demande-des-investissements-au-president-elu\/","title":{"rendered":"Le CEO d&rsquo;Intel Bob Swan demande des investissements au Pr\u00e9sident-\u00e9lu"},"content":{"rendered":"<p><span class=\"tlid-translation translation\" lang=\"fr\">Le CEO de Intel Bob Swan commence sa lettre en f\u00e9licitant Biden et la vice-pr\u00e9sidente \u00e9lue, Kamala Harris, pour leur victoire \u00e9lectorale. Mais plus bas dans sa lettre, un paragraphe tente de lier l&rsquo;administration entrante de Biden \u00e0 une politique de l&rsquo;administration sortante, en disant: \u00ab\u00a0Votre investissement pr\u00e9vu dans des produits fabriqu\u00e9s aux \u00c9tats-Unis est essentiel \u00e0 l&rsquo;innovation et au leadership technologique des \u00c9tats-Unis.\u00a0\u00bb<\/span><\/p>\n<p><span class=\"tlid-translation translation\" lang=\"fr\">La phrase cl\u00e9 est la suivante: \u00ab\u00a0Une strat\u00e9gie de fabrication nationale, comprenant des investissements du gouvernement am\u00e9ricain dans l&rsquo;industrie nationale des semiconducteurs, est essentielle pour garantir que les entreprises am\u00e9ricaines soient concurrentielles et travaillents sur un pied d&rsquo;\u00e9galit\u00e9 afin de rester leaders dans la prochaine g\u00e9n\u00e9ration de technologies innovantes.\u00a0\u00bb<\/span><\/p>\n<p><span class=\"tlid-translation translation\" lang=\"fr\">Swan conclue sa lettre ouvert en mettant en excergue les avantages qu&rsquo;un secteur am\u00e9ricain des semiconducteurs et une infrastructure num\u00e9rique dynamiques peuvent apporter; notamment en aidant \u00e0 relever les d\u00e9fis pos\u00e9s par la pand\u00e9mie de Covid-19. Il affirme \u00e9galement qu&rsquo;une main-d&rsquo;\u0153uvre nationale bien form\u00e9e avec une exp\u00e9rience et des capacit\u00e9s en technologie est le meilleur moyen pour que les \u00c9tats-Unis soient leader dans le monde en mati\u00e8re d&rsquo;innovation technologique et relie cela avec le maintient d&rsquo;un canal d&rsquo;immigration des visas H1B ouvert.<\/span><\/p>\n<p><span class=\"tlid-translation translation\" lang=\"fr\">Swan fait \u00e9galement valoir qu&rsquo;Intel a fait de l&rsquo;\u00e9galit\u00e9 des sexes et de la race une priorit\u00e9 absolue dans le but de doubler le nombre de femmes et de minorit\u00e9s sous-repr\u00e9sent\u00e9es dans les postes de direction.<\/span><\/p>\n<p><strong>Lire aussi:<\/strong><\/p>\n<p><a href=\"https:\/\/www.electronique-eci.com\/news\/altran-et-intel-ouvrent-une-plate-forme-de-telecommunications-ia-de-pointe\">Altran et Intel ouvrent une plate-forme de t\u00e9l\u00e9communications IA de pointe<\/a><\/p>\n<p><a href=\"https:\/\/www.electronique-eci.com\/news\/le-processeur-power10-7nm-dibm-fabrique-par-samsung\">Le processeur Power10 \u00e0 7nm d&rsquo;IBM fabriqu\u00e9 par Samsung<\/a><\/p>\n<p>&nbsp;<\/p>\n<p><strong>Related links and articles: <\/strong><\/p>\n<p><a href=\"http:\/\/www.intel.com\">www.intel.com<\/a><\/p>\n<p><strong>News articles:<\/strong><\/p>\n<p><a href=\"https:\/\/www.eenewsanalog.com\/news\/us-talks-intel-tsmc-about-building-local-foundry-fabs\">US talks to Intel, TSMC about building local foundry fabs<\/a><\/p>\n<p><a href=\"https:\/\/www.eenewsanalog.com\/news\/us-should-spend-34-billion-chip-rd-says-report\">US should spend $34 billion on chip R&amp;D, says report<\/a><\/p>\n<p><a href=\"https:\/\/www.eenewsanalog.com\/news\/sia-report-assesses-us-regional-semiconductor-industries\">SIA report assesses US, regional semiconductor industries<\/a><\/p>\n<p><a href=\"https:\/\/www.eenewsanalog.com\/news\/chips-america-act-promises-228-billion-aid\">CHIPS for America Act promises $22.8 billion in aid<\/a><\/p>\n<p><a href=\"https:\/\/www.eenewsanalog.com\/news\/globalfoundries-ready-us-government-co-investment\">Globalfoundries ready for US government co-investment<\/a><\/p>\n","protected":false},"excerpt":{"rendered":"<p>Bob Swan, PDG d&rsquo;Intel, a \u00e9crit une lettre ouverte au pr\u00e9sident \u00e9lu Joe Biden appelant le gouvernement f\u00e9d\u00e9ral \u00e0 investir dans la fabrication de semiconducteurs aux \u00c9tats-Unis.<\/p>\n","protected":false},"author":12,"featured_media":39519,"comment_status":"closed","ping_status":"closed","sticky":false,"template":"","format":"standard","meta":{"_acf_changed":false,"footnotes":""},"categories":[880],"tags":[889,920,893,891,909,894,912,896,897,898,899,900,901,902,903,919,913,904,905,906,907,908,890,916,910,917,911,914,915],"domains":[47],"ppma_author":[1144],"class_list":["post-39518","post","type-post","status-publish","format-standard","has-post-thumbnail","hentry","category-actualites-economiques","tag-analog-fr","tag-artificialintelligence-fr","tag-authentication-encryption-fr","tag-automotive-fr","tag-batteries-power-supplies-fr","tag-boards-embedded-cards-fr","tag-dataacquisition-fr","tag-digitalsignalprocessing-fr","tag-displays-interfaces-fr","tag-distributors-fr","tag-eda-cad-tools-fr","tag-electromechanical-fr","tag-energyharvesting-fr","tag-flexibleelectronics-fr","tag-interconnect-cables-fr","tag-iot-fr","tag-materials-processes-fr","tag-medicalelectronics-fr","tag-memory-data-storage-fr","tag-mpus-mcus-fr","tag-optoelectronics-fr","tag-plds-fpgas-asics-fr","tag-powermanagement-fr","tag-rf-transmission-fr","tag-sensing-conditioning-fr","tag-software-embedded-tools-fr","tag-testandmeasurement-fr","tag-wearables-fr","tag-wireless-communications-fr","domains-electronique-eci"],"acf":[],"yoast_head":"<title>Le CEO d&#039;Intel Bob Swan demande des investissements au Pr\u00e9side...<\/title>\n<meta name=\"description\" content=\"Bob Swan, PDG d&#039;Intel, a \u00e9crit une lettre ouverte au pr\u00e9sident \u00e9lu Joe Biden appelant le gouvernement f\u00e9d\u00e9ral \u00e0 investir dans la fabrication de...\" \/>\n<meta name=\"robots\" content=\"index, follow, max-snippet:-1, max-image-preview:large, max-video-preview:-1\" \/>\n<link rel=\"canonical\" href=\"https:\/\/www.ecinews.fr\/fr\/wp-json\/wp\/v2\/posts\/39518\/\" \/>\n<meta property=\"og:locale\" content=\"fr_FR\" \/>\n<meta property=\"og:type\" content=\"article\" \/>\n<meta property=\"og:title\" content=\"Le CEO d&#039;Intel Bob Swan demande des investissements au Pr\u00e9sident-\u00e9lu\" \/>\n<meta property=\"og:description\" content=\"Bob Swan, PDG d&#039;Intel, a \u00e9crit une lettre ouverte au pr\u00e9sident \u00e9lu Joe Biden appelant le gouvernement f\u00e9d\u00e9ral \u00e0 investir dans la fabrication de semiconducteurs aux \u00c9tats-Unis.\" \/>\n<meta property=\"og:url\" content=\"https:\/\/www.ecinews.fr\/fr\/wp-json\/wp\/v2\/posts\/39518\/\" \/>\n<meta property=\"og:site_name\" content=\"EENewsEurope\" \/>\n<meta property=\"article:published_time\" content=\"2020-11-24T17:40:40+00:00\" \/>\n<meta property=\"og:image\" content=\"https:\/\/www.eenewseurope.com\/wp-content\/uploads\/import\/default\/files\/sites\/default\/files\/images\/bobswan630_2.jpg\" \/>\n\t<meta property=\"og:image:width\" content=\"630\" \/>\n\t<meta property=\"og:image:height\" content=\"381\" \/>\n\t<meta property=\"og:image:type\" content=\"image\/jpeg\" \/>\n<meta name=\"author\" content=\"Andre Rousselot\" \/>\n<meta name=\"twitter:card\" content=\"summary_large_image\" \/>\n<meta name=\"twitter:label1\" content=\"Written by\" \/>\n\t<meta name=\"twitter:data1\" content=\"Andre Rousselot\" \/>\n\t<meta name=\"twitter:label2\" content=\"Est. reading time\" \/>\n\t<meta name=\"twitter:data2\" content=\"2 minutes\" \/>\n<script type=\"application\/ld+json\" class=\"yoast-schema-graph\">{\"@context\":\"https:\/\/schema.org\",\"@graph\":[{\"@type\":\"Article\",\"@id\":\"https:\/\/www.eenewseurope.com\/fr\/le-ceo-dintel-bob-swan-demande-des-investissements-au-president-elu\/#article\",\"isPartOf\":{\"@id\":\"https:\/\/www.eenewseurope.com\/fr\/le-ceo-dintel-bob-swan-demande-des-investissements-au-president-elu\/\"},\"author\":{\"name\":\"Andre Rousselot\",\"@id\":\"https:\/\/www.eenewseurope.com\/en\/#\/schema\/person\/9d52edb517ca8d9017312e8e246b9433\"},\"headline\":\"Le CEO d&rsquo;Intel Bob Swan demande des investissements au Pr\u00e9sident-\u00e9lu\",\"datePublished\":\"2020-11-24T17:40:40+00:00\",\"dateModified\":\"2020-11-24T17:40:40+00:00\",\"mainEntityOfPage\":{\"@id\":\"https:\/\/www.eenewseurope.com\/fr\/le-ceo-dintel-bob-swan-demande-des-investissements-au-president-elu\/\"},\"wordCount\":352,\"publisher\":{\"@id\":\"https:\/\/www.eenewseurope.com\/en\/#organization\"},\"keywords\":[\"Analog\",\"ArtificialIntelligence\",\"Authentication &amp; Encryption\",\"Automotive\",\"Batteries \/ Power Supplies\",\"Boards &amp; Embedded Cards\",\"DataAcquisition\",\"DigitalSignalProcessing\",\"Displays &amp; Interfaces\",\"Distributors\",\"EDA &amp; CAD tools\",\"Electromechanical\",\"EnergyHarvesting\",\"FlexibleElectronics\",\"Interconnect &amp; cables\",\"IoT\",\"Materials &amp; processes\",\"MedicalElectronics\",\"Memory &amp; Data Storage\",\"MPUs\/MCUs\",\"Optoelectronics\",\"PLDs\/FPGAs\/ASICs\",\"PowerManagement\",\"RF transmission\",\"Sensing \/ Conditioning\",\"Software &amp; Embedded tools\",\"TestandMeasurement\",\"Wearables\",\"Wireless Communications\"],\"articleSection\":[\"Actualit\u00e9s \u00e9conomiques\"],\"inLanguage\":\"fr-FR\"},{\"@type\":\"WebPage\",\"@id\":\"https:\/\/www.eenewseurope.com\/fr\/le-ceo-dintel-bob-swan-demande-des-investissements-au-president-elu\/\",\"url\":\"https:\/\/www.eenewseurope.com\/fr\/le-ceo-dintel-bob-swan-demande-des-investissements-au-president-elu\/\",\"name\":\"Le CEO d'Intel Bob Swan demande des investissements au Pr\u00e9sident-\u00e9lu -\",\"isPartOf\":{\"@id\":\"https:\/\/www.eenewseurope.com\/en\/#website\"},\"datePublished\":\"2020-11-24T17:40:40+00:00\",\"dateModified\":\"2020-11-24T17:40:40+00:00\",\"breadcrumb\":{\"@id\":\"https:\/\/www.eenewseurope.com\/fr\/le-ceo-dintel-bob-swan-demande-des-investissements-au-president-elu\/#breadcrumb\"},\"inLanguage\":\"fr-FR\",\"potentialAction\":[{\"@type\":\"ReadAction\",\"target\":[\"https:\/\/www.eenewseurope.com\/fr\/le-ceo-dintel-bob-swan-demande-des-investissements-au-president-elu\/\"]}]},{\"@type\":\"BreadcrumbList\",\"@id\":\"https:\/\/www.eenewseurope.com\/fr\/le-ceo-dintel-bob-swan-demande-des-investissements-au-president-elu\/#breadcrumb\",\"itemListElement\":[{\"@type\":\"ListItem\",\"position\":1,\"name\":\"Home\",\"item\":\"https:\/\/www.ecinews.fr\/fr\/\"},{\"@type\":\"ListItem\",\"position\":2,\"name\":\"Le CEO d&rsquo;Intel Bob Swan demande des investissements au Pr\u00e9sident-\u00e9lu\"}]},{\"@type\":\"WebSite\",\"@id\":\"https:\/\/www.eenewseurope.com\/en\/#website\",\"url\":\"https:\/\/www.eenewseurope.com\/en\/\",\"name\":\"EENewsEurope\",\"description\":\"Just another WordPress site\",\"publisher\":{\"@id\":\"https:\/\/www.eenewseurope.com\/en\/#organization\"},\"potentialAction\":[{\"@type\":\"SearchAction\",\"target\":{\"@type\":\"EntryPoint\",\"urlTemplate\":\"https:\/\/www.eenewseurope.com\/en\/?s={search_term_string}\"},\"query-input\":\"required name=search_term_string\"}],\"inLanguage\":\"fr-FR\"},{\"@type\":\"Organization\",\"@id\":\"https:\/\/www.eenewseurope.com\/en\/#organization\",\"name\":\"EENewsEurope\",\"url\":\"https:\/\/www.eenewseurope.com\/en\/\",\"logo\":{\"@type\":\"ImageObject\",\"inLanguage\":\"fr-FR\",\"@id\":\"https:\/\/www.eenewseurope.com\/en\/#\/schema\/logo\/image\/\",\"url\":\"https:\/\/www.ecinews.fr\/wp-content\/uploads\/2022\/02\/logo-1.jpg\",\"contentUrl\":\"https:\/\/www.ecinews.fr\/wp-content\/uploads\/2022\/02\/logo-1.jpg\",\"width\":283,\"height\":113,\"caption\":\"EENewsEurope\"},\"image\":{\"@id\":\"https:\/\/www.eenewseurope.com\/en\/#\/schema\/logo\/image\/\"}},{\"@type\":\"Person\",\"@id\":\"https:\/\/www.eenewseurope.com\/en\/#\/schema\/person\/9d52edb517ca8d9017312e8e246b9433\",\"name\":\"Andre Rousselot\",\"image\":{\"@type\":\"ImageObject\",\"inLanguage\":\"fr-FR\",\"@id\":\"https:\/\/www.eenewseurope.com\/en\/#\/schema\/person\/image\/8046680f16f52d2ae022297dc9e36ff3\",\"url\":\"https:\/\/secure.gravatar.com\/avatar\/428720feffa09baddfe5e7cd3f84b526?s=96&d=mm&r=g\",\"contentUrl\":\"https:\/\/secure.gravatar.com\/avatar\/428720feffa09baddfe5e7cd3f84b526?s=96&d=mm&r=g\",\"caption\":\"Andre Rousselot\"}}]}<\/script>","yoast_head_json":{"title":"Le CEO d'Intel Bob Swan demande des investissements au Pr\u00e9side...","description":"Bob Swan, PDG d'Intel, a \u00e9crit une lettre ouverte au pr\u00e9sident \u00e9lu Joe Biden appelant le gouvernement f\u00e9d\u00e9ral \u00e0 investir dans la fabrication de...","robots":{"index":"index","follow":"follow","max-snippet":"max-snippet:-1","max-image-preview":"max-image-preview:large","max-video-preview":"max-video-preview:-1"},"canonical":"https:\/\/www.ecinews.fr\/fr\/wp-json\/wp\/v2\/posts\/39518\/","og_locale":"fr_FR","og_type":"article","og_title":"Le CEO d'Intel Bob Swan demande des investissements au Pr\u00e9sident-\u00e9lu","og_description":"Bob Swan, PDG d'Intel, a \u00e9crit une lettre ouverte au pr\u00e9sident \u00e9lu Joe Biden appelant le gouvernement f\u00e9d\u00e9ral \u00e0 investir dans la fabrication de semiconducteurs aux \u00c9tats-Unis.","og_url":"https:\/\/www.ecinews.fr\/fr\/wp-json\/wp\/v2\/posts\/39518\/","og_site_name":"EENewsEurope","article_published_time":"2020-11-24T17:40:40+00:00","og_image":[{"width":630,"height":381,"url":"https:\/\/www.eenewseurope.com\/wp-content\/uploads\/import\/default\/files\/sites\/default\/files\/images\/bobswan630_2.jpg","type":"image\/jpeg"}],"author":"Andre Rousselot","twitter_card":"summary_large_image","twitter_misc":{"Written by":"Andre Rousselot","Est. reading time":"2 minutes"},"schema":{"@context":"https:\/\/schema.org","@graph":[{"@type":"Article","@id":"https:\/\/www.eenewseurope.com\/fr\/le-ceo-dintel-bob-swan-demande-des-investissements-au-president-elu\/#article","isPartOf":{"@id":"https:\/\/www.eenewseurope.com\/fr\/le-ceo-dintel-bob-swan-demande-des-investissements-au-president-elu\/"},"author":{"name":"Andre Rousselot","@id":"https:\/\/www.eenewseurope.com\/en\/#\/schema\/person\/9d52edb517ca8d9017312e8e246b9433"},"headline":"Le CEO d&rsquo;Intel Bob Swan demande des investissements au Pr\u00e9sident-\u00e9lu","datePublished":"2020-11-24T17:40:40+00:00","dateModified":"2020-11-24T17:40:40+00:00","mainEntityOfPage":{"@id":"https:\/\/www.eenewseurope.com\/fr\/le-ceo-dintel-bob-swan-demande-des-investissements-au-president-elu\/"},"wordCount":352,"publisher":{"@id":"https:\/\/www.eenewseurope.com\/en\/#organization"},"keywords":["Analog","ArtificialIntelligence","Authentication &amp; Encryption","Automotive","Batteries \/ Power Supplies","Boards &amp; Embedded Cards","DataAcquisition","DigitalSignalProcessing","Displays &amp; Interfaces","Distributors","EDA &amp; CAD tools","Electromechanical","EnergyHarvesting","FlexibleElectronics","Interconnect &amp; cables","IoT","Materials &amp; processes","MedicalElectronics","Memory &amp; Data Storage","MPUs\/MCUs","Optoelectronics","PLDs\/FPGAs\/ASICs","PowerManagement","RF transmission","Sensing \/ Conditioning","Software &amp; Embedded tools","TestandMeasurement","Wearables","Wireless Communications"],"articleSection":["Actualit\u00e9s \u00e9conomiques"],"inLanguage":"fr-FR"},{"@type":"WebPage","@id":"https:\/\/www.eenewseurope.com\/fr\/le-ceo-dintel-bob-swan-demande-des-investissements-au-president-elu\/","url":"https:\/\/www.eenewseurope.com\/fr\/le-ceo-dintel-bob-swan-demande-des-investissements-au-president-elu\/","name":"Le CEO d'Intel Bob Swan demande des investissements au Pr\u00e9sident-\u00e9lu -","isPartOf":{"@id":"https:\/\/www.eenewseurope.com\/en\/#website"},"datePublished":"2020-11-24T17:40:40+00:00","dateModified":"2020-11-24T17:40:40+00:00","breadcrumb":{"@id":"https:\/\/www.eenewseurope.com\/fr\/le-ceo-dintel-bob-swan-demande-des-investissements-au-president-elu\/#breadcrumb"},"inLanguage":"fr-FR","potentialAction":[{"@type":"ReadAction","target":["https:\/\/www.eenewseurope.com\/fr\/le-ceo-dintel-bob-swan-demande-des-investissements-au-president-elu\/"]}]},{"@type":"BreadcrumbList","@id":"https:\/\/www.eenewseurope.com\/fr\/le-ceo-dintel-bob-swan-demande-des-investissements-au-president-elu\/#breadcrumb","itemListElement":[{"@type":"ListItem","position":1,"name":"Home","item":"https:\/\/www.ecinews.fr\/fr\/"},{"@type":"ListItem","position":2,"name":"Le CEO d&rsquo;Intel Bob Swan demande des investissements au Pr\u00e9sident-\u00e9lu"}]},{"@type":"WebSite","@id":"https:\/\/www.eenewseurope.com\/en\/#website","url":"https:\/\/www.eenewseurope.com\/en\/","name":"EENewsEurope","description":"Just another WordPress site","publisher":{"@id":"https:\/\/www.eenewseurope.com\/en\/#organization"},"potentialAction":[{"@type":"SearchAction","target":{"@type":"EntryPoint","urlTemplate":"https:\/\/www.eenewseurope.com\/en\/?s={search_term_string}"},"query-input":"required name=search_term_string"}],"inLanguage":"fr-FR"},{"@type":"Organization","@id":"https:\/\/www.eenewseurope.com\/en\/#organization","name":"EENewsEurope","url":"https:\/\/www.eenewseurope.com\/en\/","logo":{"@type":"ImageObject","inLanguage":"fr-FR","@id":"https:\/\/www.eenewseurope.com\/en\/#\/schema\/logo\/image\/","url":"https:\/\/www.ecinews.fr\/wp-content\/uploads\/2022\/02\/logo-1.jpg","contentUrl":"https:\/\/www.ecinews.fr\/wp-content\/uploads\/2022\/02\/logo-1.jpg","width":283,"height":113,"caption":"EENewsEurope"},"image":{"@id":"https:\/\/www.eenewseurope.com\/en\/#\/schema\/logo\/image\/"}},{"@type":"Person","@id":"https:\/\/www.eenewseurope.com\/en\/#\/schema\/person\/9d52edb517ca8d9017312e8e246b9433","name":"Andre Rousselot","image":{"@type":"ImageObject","inLanguage":"fr-FR","@id":"https:\/\/www.eenewseurope.com\/en\/#\/schema\/person\/image\/8046680f16f52d2ae022297dc9e36ff3","url":"https:\/\/secure.gravatar.com\/avatar\/428720feffa09baddfe5e7cd3f84b526?s=96&d=mm&r=g","contentUrl":"https:\/\/secure.gravatar.com\/avatar\/428720feffa09baddfe5e7cd3f84b526?s=96&d=mm&r=g","caption":"Andre Rousselot"}}]}},"authors":[{"term_id":1144,"user_id":12,"is_guest":0,"slug":"rousselot","display_name":"Andre Rousselot","avatar_url":"https:\/\/secure.gravatar.com\/avatar\/428720feffa09baddfe5e7cd3f84b526?s=96&d=mm&r=g","0":null,"1":"","2":"","3":"","4":"","5":"","6":"","7":"","8":""}],"_links":{"self":[{"href":"https:\/\/www.ecinews.fr\/fr\/wp-json\/wp\/v2\/posts\/39518"}],"collection":[{"href":"https:\/\/www.ecinews.fr\/fr\/wp-json\/wp\/v2\/posts"}],"about":[{"href":"https:\/\/www.ecinews.fr\/fr\/wp-json\/wp\/v2\/types\/post"}],"author":[{"embeddable":true,"href":"https:\/\/www.ecinews.fr\/fr\/wp-json\/wp\/v2\/users\/12"}],"replies":[{"embeddable":true,"href":"https:\/\/www.ecinews.fr\/fr\/wp-json\/wp\/v2\/comments?post=39518"}],"version-history":[{"count":0,"href":"https:\/\/www.ecinews.fr\/fr\/wp-json\/wp\/v2\/posts\/39518\/revisions"}],"wp:featuredmedia":[{"embeddable":true,"href":"https:\/\/www.ecinews.fr\/fr\/wp-json\/wp\/v2\/media\/39519"}],"wp:attachment":[{"href":"https:\/\/www.ecinews.fr\/fr\/wp-json\/wp\/v2\/media?parent=39518"}],"wp:term":[{"taxonomy":"category","embeddable":true,"href":"https:\/\/www.ecinews.fr\/fr\/wp-json\/wp\/v2\/categories?post=39518"},{"taxonomy":"post_tag","embeddable":true,"href":"https:\/\/www.ecinews.fr\/fr\/wp-json\/wp\/v2\/tags?post=39518"},{"taxonomy":"domains","embeddable":true,"href":"https:\/\/www.ecinews.fr\/fr\/wp-json\/wp\/v2\/domains?post=39518"},{"taxonomy":"author","embeddable":true,"href":"https:\/\/www.ecinews.fr\/fr\/wp-json\/wp\/v2\/ppma_author?post=39518"}],"curies":[{"name":"wp","href":"https:\/\/api.w.org\/{rel}","templated":true}]}}