{"id":395172,"date":"2022-09-13T21:05:30","date_gmt":"2022-09-13T19:05:30","guid":{"rendered":"https:\/\/www.eenewseurope.com\/?p=395172"},"modified":"2022-10-03T08:34:02","modified_gmt":"2022-10-03T06:34:02","slug":"le-marche-des-semiconducteurs-fonce-vers-sa-plus-grande-recession-depuis-2000","status":"publish","type":"post","link":"https:\/\/www.ecinews.fr\/fr\/le-marche-des-semiconducteurs-fonce-vers-sa-plus-grande-recession-depuis-2000\/","title":{"rendered":"Le march\u00e9 des semiconducteurs fonce vers sa plus grande r\u00e9cession depuis 2000"},"content":{"rendered":"<p><span class=\"VIiyi\" lang=\"fr\"><span class=\"JLqJ4b\" data-language-for-alternatives=\"fr\" data-language-to-translate-into=\"en\" data-phrase-index=\"0\" data-number-of-phrases=\"1\"><span class=\"Q4iAWc\">L&rsquo;industrie des semiconducteurs se dirige vers son plus grand ralentissement depuis la bulle Internet en 2000, et l&rsquo;un des plus importants de l&rsquo;histoire de la fabrication de puces selon les derniers chiffres de Future Horizons. <\/span><\/span><\/span><\/p>\n<p><span class=\"VIiyi\" lang=\"fr\"><span class=\"JLqJ4b\" data-language-for-alternatives=\"fr\" data-language-to-translate-into=\"en\" data-phrase-index=\"0\" data-number-of-phrases=\"1\"><span class=\"Q4iAWc\">Le march\u00e9 en 2023 devrait chuter de pr\u00e8s d&rsquo;un quart pour revenir \u00e0 450 milliards de dollars, apr\u00e8s une croissance de 4 % en 2022,\u00a0 d\u00e9clare Malcolm Penn de Future Horizons, qui a pr\u00e9dit avec pr\u00e9cision la situation actuelle du march\u00e9. Cela se compare \u00e0 d&rsquo;autres pr\u00e9visions de croissance de 11% en 2022, qui ont \u00e9t\u00e9 revues \u00e0 la baisse par rapport aux pr\u00e9visions ant\u00e9rieures plus optimistes, et est \u00ab\u00a0due \u00e0 la d\u00e9t\u00e9rioration des perspectives \u00e9conomiques\u00a0\u00bb, d\u00e9clare Penn.<\/span><\/span><\/span><\/p>\n<ul>\n<li>\n<p class=\"title\"><a title=\"Une r\u00e9cession dans les semiconducteurs fin 2022?\" href=\"https:\/\/www.ecinews.fr\/fr\/une-recession-dans-les-semiconducteurs-fin-2022\/\" target=\"_blank\" rel=\"noopener\">Une r\u00e9cession dans les semiconducteurs fin 2022?<\/a><\/p>\n<\/li>\n<li>\n<p class=\"title\"><a title=\"Le retournement du march\u00e9 des semiconducteurs a-t-il commenc\u00e9 ?\" href=\"https:\/\/www.ecinews.fr\/fr\/le-retournement-du-marche-des-semiconducteurs-a-commence-selon-penn\/\" target=\"_blank\" rel=\"noopener\">Le retournement du march\u00e9 des semiconducteurs a-t-il commenc\u00e9 ?<\/a><\/p>\n<\/li>\n<\/ul>\n<p><span class=\"VIiyi\" lang=\"fr\"><span class=\"JLqJ4b\" data-language-for-alternatives=\"fr\" data-language-to-translate-into=\"en\" data-phrase-index=\"0\" data-number-of-phrases=\"1\"><span class=\"Q4iAWc\">Le ralentissement, le 17e de l&rsquo;industrie, est motiv\u00e9 par une s\u00e9rie de facteurs, allant d&rsquo;une inflation plus \u00e9lev\u00e9e, d&rsquo;une r\u00e9cession mondiale, de taux d&rsquo;int\u00e9r\u00eat plus \u00e9lev\u00e9s et de la strat\u00e9gie agressive de la Chine contre le Covid qui perturbe la cha\u00eene d&rsquo;approvisionnement, a-t-il d\u00e9clar\u00e9 dans sa mise \u00e0 jour de septembre. <\/span><\/span><\/span><\/p>\n<p><span class=\"VIiyi\" lang=\"fr\"><span class=\"JLqJ4b\" data-language-for-alternatives=\"fr\" data-language-to-translate-into=\"en\" data-phrase-index=\"0\" data-number-of-phrases=\"1\"><span class=\"Q4iAWc\">\u00ab\u00a0Il y a un \u00e9norme probl\u00e8me d&rsquo;inventaire, donc \u00e7a va prendre un coup, mais finalement toutes les gammes de produits seront touch\u00e9es, donc au troisi\u00e8me trimestre [cette ann\u00e9e], vous verrez un ton plus mod\u00e9r\u00e9 dans l&rsquo;industrie et une r\u00e9ponse moins &lsquo;gung ho&rsquo; .\u201d<\/span><\/span><\/span><\/p>\n<ul>\n<li><a href=\"https:\/\/www.eenewsanalog.com\/en\/chip-market-growth-in-2023-will-be-deeply-negative-says-analyst\/\">More details on the forecast<\/a><\/li>\n<\/ul>\n<p><span class=\"VIiyi\" lang=\"fr\"><span class=\"JLqJ4b\" data-language-for-alternatives=\"fr\" data-language-to-translate-into=\"en\" data-phrase-index=\"0\" data-number-of-phrases=\"1\"><span class=\"Q4iAWc\">Mais les cycles se poursuivront, ramenant l&rsquo;industrie \u00e0 la croissance en 2024 et \u00e0 1 milliard de dollars d&rsquo;ici 2032, dit-il, soit quelques ann\u00e9es plus tard que des pr\u00e9visions plus optimistes. <\/span><\/span><\/span><\/p>\n<p><span class=\"VIiyi\" lang=\"fr\"><span class=\"JLqJ4b\" data-language-for-alternatives=\"fr\" data-language-to-translate-into=\"en\" data-phrase-index=\"0\" data-number-of-phrases=\"1\"><span class=\"Q4iAWc\">\u00ab\u00a0Vous voyez une gamme de rebonds sur le march\u00e9\u00a0\u00bb, a-t-il d\u00e9clar\u00e9. \u00abNous croyons en la croissance moyenne de 8% par an en termes unitaires, mais avec une (d\u00e9)croissance de -22% l&rsquo;ann\u00e9e prochaine, et ce sera une croissance \u00e0 seulement un chiffre en 2024, donc c&rsquo;est oui pour un march\u00e9 de 1000 milliards de dollars mais c&rsquo;est plus vraissemblable vers 2032, l&rsquo;industrie ne va pas s&rsquo;essouffler. \u00bb<\/span><\/span><\/span><\/p>\n<p><span class=\"VIiyi\" lang=\"fr\"><span class=\"JLqJ4b\" data-language-for-alternatives=\"fr\" data-language-to-translate-into=\"en\" data-phrase-index=\"0\" data-number-of-phrases=\"1\"><span class=\"Q4iAWc\">\u00ab Les vrais gagnants sont le design qui se d\u00e9veloppe en p\u00e9riode de ralentissement, et l&rsquo;industrie de l&rsquo;EDA, car il faut toujours de nouveaux designs pour sortir d&rsquo;un ralentissement. Vous devez inventer votre sortie de la r\u00e9cession, mais les ralentissements sont le moment o\u00f9 de r\u00e9els gains de parts de march\u00e9 sont r\u00e9alis\u00e9s par les entreprises\u00bb, a-t-il d\u00e9clar\u00e9.<\/span><\/span><\/span><\/p>\n<p><span class=\"VIiyi\" lang=\"fr\"><span class=\"JLqJ4b\" data-language-for-alternatives=\"fr\" data-language-to-translate-into=\"en\" data-phrase-index=\"0\" data-number-of-phrases=\"1\"><span class=\"Q4iAWc\">\u00ab\u00a0Ce qui devrait se passer, c&rsquo;est que nous devrions investir comme des fous, mais cela n&rsquo;arrivera pas, les plans d&rsquo;investissement seront retard\u00e9s et cela alimentera la prochaine reprise\u00a0\u00bb, a-t-il d\u00e9clar\u00e9. \u00ab\u00a0Vous avez ce dilemme &#8211; les structures de l&rsquo;industrie alimentent le cycle de l&rsquo;industrie et nous verrons une r\u00e9duction spectaculaire des d\u00e9penses d&rsquo;investissement, puis ils se r\u00e9veilleront avec au moins un an de retard, comme ils l&rsquo;\u00e9taient en 2021 et \u00e0 chaque autre reprise.<\/span><\/span><\/span><\/p>\n<p>\n<a href=\"http:\/\/www.futurehorizons.com\">www.futurehorizons.com<\/a><\/p>\n<h4>Related articles<\/h4>\n<ul>\n<li><a href=\"https:\/\/www.eenewseurope.com\/en\/chip-growth-slows-as-chinese-market-contracts\/\">Chip growth slows as Chinese market contracts<\/a><\/li>\n<li><a href=\"https:\/\/www.eenewseurope.com\/en\/semiconductor-market-sees-first-ever-june-fall\/\">Semiconductor market sees first ever June fall<\/a><\/li>\n<li><a href=\"https:\/\/www.eenewseurope.com\/en\/semiconductor-market-to-grow-11-percent-in-2022-despite-headwinds\/\">Semiconductor market to grow 11 percent in 2022 despite headwinds<\/a><\/li>\n<li><a href=\"https:\/\/www.eenewseurope.com\/en\/record-growth-in-european-semiconductor-market-but-warnings-of-slowdown\/\">Record growth in European semiconductor market<\/a><\/li>\n<\/ul>\n","protected":false},"excerpt":{"rendered":"<p>L&rsquo;industrie des semiconducteurs se dirige vers son plus grand ralentissement depuis la bulle Internet en 2000, et l&rsquo;un des plus importants de l&rsquo;histoire de la fabrication de puces selon les derniers chiffres de Future Horizons. Le march\u00e9 en 2023 devrait chuter de pr\u00e8s d&rsquo;un quart pour revenir \u00e0 450 milliards de dollars, apr\u00e8s une croissance [&hellip;]<\/p>\n","protected":false},"author":34,"featured_media":395156,"comment_status":"closed","ping_status":"closed","sticky":false,"template":"","format":"standard","meta":{"_acf_changed":false,"footnotes":""},"categories":[886,21],"tags":[905,906],"domains":[47],"ppma_author":[1153],"class_list":["post-395172","post","type-post","status-publish","format-standard","has-post-thumbnail","hentry","category-news-fr","category-market-news","tag-memory-data-storage-fr","tag-mpus-mcus-fr","domains-electronique-eci"],"acf":[],"yoast_head":"<title>Le march\u00e9 des semiconducteurs fonce vers sa plus grande r\u00e9ces...<\/title>\n<meta name=\"description\" content=\"The semiconductor industry is heading for its biggest downturn since the Internet bubble in 2000 at -22% says Future Horizons.\" \/>\n<meta name=\"robots\" content=\"index, follow, max-snippet:-1, max-image-preview:large, max-video-preview:-1\" \/>\n<link rel=\"canonical\" href=\"https:\/\/www.ecinews.fr\/fr\/wp-json\/wp\/v2\/posts\/395172\/\" \/>\n<meta property=\"og:locale\" content=\"fr_FR\" \/>\n<meta property=\"og:type\" content=\"article\" \/>\n<meta property=\"og:title\" content=\"Le march\u00e9 des semiconducteurs fonce vers sa plus grande r\u00e9cession depuis 2000\" \/>\n<meta property=\"og:description\" content=\"The semiconductor industry is heading for its biggest downturn since the Internet bubble in 2000 at -22% says Future Horizons.\" \/>\n<meta property=\"og:url\" content=\"https:\/\/www.ecinews.fr\/fr\/wp-json\/wp\/v2\/posts\/395172\/\" \/>\n<meta property=\"og:site_name\" content=\"EENewsEurope\" \/>\n<meta property=\"article:published_time\" content=\"2022-09-13T19:05:30+00:00\" \/>\n<meta property=\"article:modified_time\" content=\"2022-10-03T06:34:02+00:00\" \/>\n<meta property=\"og:image\" content=\"https:\/\/www.eenewseurope.com\/wp-content\/uploads\/2022\/09\/Downturn.png\" \/>\n\t<meta property=\"og:image:width\" content=\"1130\" \/>\n\t<meta property=\"og:image:height\" content=\"572\" \/>\n\t<meta property=\"og:image:type\" content=\"image\/png\" \/>\n<meta name=\"author\" content=\"A Delapalisse\" \/>\n<meta name=\"twitter:card\" content=\"summary_large_image\" \/>\n<meta name=\"twitter:label1\" content=\"Written by\" \/>\n\t<meta name=\"twitter:data1\" content=\"A Delapalisse\" \/>\n\t<meta name=\"twitter:label2\" content=\"Est. reading time\" \/>\n\t<meta name=\"twitter:data2\" content=\"3 minutes\" \/>\n<script type=\"application\/ld+json\" class=\"yoast-schema-graph\">{\"@context\":\"https:\/\/schema.org\",\"@graph\":[{\"@type\":\"Article\",\"@id\":\"https:\/\/www.eenewseurope.com\/fr\/le-marche-des-semiconducteurs-fonce-vers-sa-plus-grande-recession-depuis-2000\/#article\",\"isPartOf\":{\"@id\":\"https:\/\/www.eenewseurope.com\/fr\/le-marche-des-semiconducteurs-fonce-vers-sa-plus-grande-recession-depuis-2000\/\"},\"author\":{\"name\":\"A Delapalisse\",\"@id\":\"https:\/\/www.eenewseurope.com\/en\/#\/schema\/person\/0aa2cfb0bd8949724a68cbac8d8321b4\"},\"headline\":\"Le march\u00e9 des semiconducteurs fonce vers sa plus grande r\u00e9cession depuis 2000\",\"datePublished\":\"2022-09-13T19:05:30+00:00\",\"dateModified\":\"2022-10-03T06:34:02+00:00\",\"mainEntityOfPage\":{\"@id\":\"https:\/\/www.eenewseurope.com\/fr\/le-marche-des-semiconducteurs-fonce-vers-sa-plus-grande-recession-depuis-2000\/\"},\"wordCount\":545,\"publisher\":{\"@id\":\"https:\/\/www.eenewseurope.com\/en\/#organization\"},\"keywords\":[\"Memory &amp; Data Storage\",\"MPUs\/MCUs\"],\"articleSection\":[\"Actualit\u00e9 g\u00e9n\u00e9rale\",\"Market news\"],\"inLanguage\":\"fr-FR\"},{\"@type\":\"WebPage\",\"@id\":\"https:\/\/www.eenewseurope.com\/fr\/le-marche-des-semiconducteurs-fonce-vers-sa-plus-grande-recession-depuis-2000\/\",\"url\":\"https:\/\/www.eenewseurope.com\/fr\/le-marche-des-semiconducteurs-fonce-vers-sa-plus-grande-recession-depuis-2000\/\",\"name\":\"Le march\u00e9 des semiconducteurs fonce vers sa plus grande r\u00e9cession depuis 2000 -\",\"isPartOf\":{\"@id\":\"https:\/\/www.eenewseurope.com\/en\/#website\"},\"datePublished\":\"2022-09-13T19:05:30+00:00\",\"dateModified\":\"2022-10-03T06:34:02+00:00\",\"description\":\"The semiconductor industry is heading for its biggest downturn since the Internet bubble in 2000 at -22% says Future Horizons.\",\"breadcrumb\":{\"@id\":\"https:\/\/www.eenewseurope.com\/fr\/le-marche-des-semiconducteurs-fonce-vers-sa-plus-grande-recession-depuis-2000\/#breadcrumb\"},\"inLanguage\":\"fr-FR\",\"potentialAction\":[{\"@type\":\"ReadAction\",\"target\":[\"https:\/\/www.eenewseurope.com\/fr\/le-marche-des-semiconducteurs-fonce-vers-sa-plus-grande-recession-depuis-2000\/\"]}]},{\"@type\":\"BreadcrumbList\",\"@id\":\"https:\/\/www.eenewseurope.com\/fr\/le-marche-des-semiconducteurs-fonce-vers-sa-plus-grande-recession-depuis-2000\/#breadcrumb\",\"itemListElement\":[{\"@type\":\"ListItem\",\"position\":1,\"name\":\"Home\",\"item\":\"https:\/\/www.ecinews.fr\/fr\/\"},{\"@type\":\"ListItem\",\"position\":2,\"name\":\"Le march\u00e9 des semiconducteurs fonce vers sa plus grande r\u00e9cession depuis 2000\"}]},{\"@type\":\"WebSite\",\"@id\":\"https:\/\/www.eenewseurope.com\/en\/#website\",\"url\":\"https:\/\/www.eenewseurope.com\/en\/\",\"name\":\"EENewsEurope\",\"description\":\"Just another WordPress site\",\"publisher\":{\"@id\":\"https:\/\/www.eenewseurope.com\/en\/#organization\"},\"potentialAction\":[{\"@type\":\"SearchAction\",\"target\":{\"@type\":\"EntryPoint\",\"urlTemplate\":\"https:\/\/www.eenewseurope.com\/en\/?s={search_term_string}\"},\"query-input\":\"required name=search_term_string\"}],\"inLanguage\":\"fr-FR\"},{\"@type\":\"Organization\",\"@id\":\"https:\/\/www.eenewseurope.com\/en\/#organization\",\"name\":\"EENewsEurope\",\"url\":\"https:\/\/www.eenewseurope.com\/en\/\",\"logo\":{\"@type\":\"ImageObject\",\"inLanguage\":\"fr-FR\",\"@id\":\"https:\/\/www.eenewseurope.com\/en\/#\/schema\/logo\/image\/\",\"url\":\"https:\/\/www.ecinews.fr\/wp-content\/uploads\/2022\/02\/logo-1.jpg\",\"contentUrl\":\"https:\/\/www.ecinews.fr\/wp-content\/uploads\/2022\/02\/logo-1.jpg\",\"width\":283,\"height\":113,\"caption\":\"EENewsEurope\"},\"image\":{\"@id\":\"https:\/\/www.eenewseurope.com\/en\/#\/schema\/logo\/image\/\"}},{\"@type\":\"Person\",\"@id\":\"https:\/\/www.eenewseurope.com\/en\/#\/schema\/person\/0aa2cfb0bd8949724a68cbac8d8321b4\",\"name\":\"A Delapalisse\",\"image\":{\"@type\":\"ImageObject\",\"inLanguage\":\"fr-FR\",\"@id\":\"https:\/\/www.eenewseurope.com\/en\/#\/schema\/person\/image\/211ac42237c2e9683c0964086c393cb4\",\"url\":\"https:\/\/secure.gravatar.com\/avatar\/ad45a8c5da24bc9c7c4940dd1c48a695?s=96&d=mm&r=g\",\"contentUrl\":\"https:\/\/secure.gravatar.com\/avatar\/ad45a8c5da24bc9c7c4940dd1c48a695?s=96&d=mm&r=g\",\"caption\":\"A Delapalisse\"},\"sameAs\":[\"http:\/\/ECI\"]}]}<\/script>","yoast_head_json":{"title":"Le march\u00e9 des semiconducteurs fonce vers sa plus grande r\u00e9ces...","description":"The semiconductor industry is heading for its biggest downturn since the Internet bubble in 2000 at -22% says Future Horizons.","robots":{"index":"index","follow":"follow","max-snippet":"max-snippet:-1","max-image-preview":"max-image-preview:large","max-video-preview":"max-video-preview:-1"},"canonical":"https:\/\/www.ecinews.fr\/fr\/wp-json\/wp\/v2\/posts\/395172\/","og_locale":"fr_FR","og_type":"article","og_title":"Le march\u00e9 des semiconducteurs fonce vers sa plus grande r\u00e9cession depuis 2000","og_description":"The semiconductor industry is heading for its biggest downturn since the Internet bubble in 2000 at -22% says Future Horizons.","og_url":"https:\/\/www.ecinews.fr\/fr\/wp-json\/wp\/v2\/posts\/395172\/","og_site_name":"EENewsEurope","article_published_time":"2022-09-13T19:05:30+00:00","article_modified_time":"2022-10-03T06:34:02+00:00","og_image":[{"width":1130,"height":572,"url":"https:\/\/www.eenewseurope.com\/wp-content\/uploads\/2022\/09\/Downturn.png","type":"image\/png"}],"author":"A Delapalisse","twitter_card":"summary_large_image","twitter_misc":{"Written by":"A Delapalisse","Est. reading time":"3 minutes"},"schema":{"@context":"https:\/\/schema.org","@graph":[{"@type":"Article","@id":"https:\/\/www.eenewseurope.com\/fr\/le-marche-des-semiconducteurs-fonce-vers-sa-plus-grande-recession-depuis-2000\/#article","isPartOf":{"@id":"https:\/\/www.eenewseurope.com\/fr\/le-marche-des-semiconducteurs-fonce-vers-sa-plus-grande-recession-depuis-2000\/"},"author":{"name":"A Delapalisse","@id":"https:\/\/www.eenewseurope.com\/en\/#\/schema\/person\/0aa2cfb0bd8949724a68cbac8d8321b4"},"headline":"Le march\u00e9 des semiconducteurs fonce vers sa plus grande r\u00e9cession depuis 2000","datePublished":"2022-09-13T19:05:30+00:00","dateModified":"2022-10-03T06:34:02+00:00","mainEntityOfPage":{"@id":"https:\/\/www.eenewseurope.com\/fr\/le-marche-des-semiconducteurs-fonce-vers-sa-plus-grande-recession-depuis-2000\/"},"wordCount":545,"publisher":{"@id":"https:\/\/www.eenewseurope.com\/en\/#organization"},"keywords":["Memory &amp; Data Storage","MPUs\/MCUs"],"articleSection":["Actualit\u00e9 g\u00e9n\u00e9rale","Market news"],"inLanguage":"fr-FR"},{"@type":"WebPage","@id":"https:\/\/www.eenewseurope.com\/fr\/le-marche-des-semiconducteurs-fonce-vers-sa-plus-grande-recession-depuis-2000\/","url":"https:\/\/www.eenewseurope.com\/fr\/le-marche-des-semiconducteurs-fonce-vers-sa-plus-grande-recession-depuis-2000\/","name":"Le march\u00e9 des semiconducteurs fonce vers sa plus grande r\u00e9cession depuis 2000 -","isPartOf":{"@id":"https:\/\/www.eenewseurope.com\/en\/#website"},"datePublished":"2022-09-13T19:05:30+00:00","dateModified":"2022-10-03T06:34:02+00:00","description":"The semiconductor industry is heading for its biggest downturn since the Internet bubble in 2000 at -22% says Future Horizons.","breadcrumb":{"@id":"https:\/\/www.eenewseurope.com\/fr\/le-marche-des-semiconducteurs-fonce-vers-sa-plus-grande-recession-depuis-2000\/#breadcrumb"},"inLanguage":"fr-FR","potentialAction":[{"@type":"ReadAction","target":["https:\/\/www.eenewseurope.com\/fr\/le-marche-des-semiconducteurs-fonce-vers-sa-plus-grande-recession-depuis-2000\/"]}]},{"@type":"BreadcrumbList","@id":"https:\/\/www.eenewseurope.com\/fr\/le-marche-des-semiconducteurs-fonce-vers-sa-plus-grande-recession-depuis-2000\/#breadcrumb","itemListElement":[{"@type":"ListItem","position":1,"name":"Home","item":"https:\/\/www.ecinews.fr\/fr\/"},{"@type":"ListItem","position":2,"name":"Le march\u00e9 des semiconducteurs fonce vers sa plus grande r\u00e9cession depuis 2000"}]},{"@type":"WebSite","@id":"https:\/\/www.eenewseurope.com\/en\/#website","url":"https:\/\/www.eenewseurope.com\/en\/","name":"EENewsEurope","description":"Just another WordPress site","publisher":{"@id":"https:\/\/www.eenewseurope.com\/en\/#organization"},"potentialAction":[{"@type":"SearchAction","target":{"@type":"EntryPoint","urlTemplate":"https:\/\/www.eenewseurope.com\/en\/?s={search_term_string}"},"query-input":"required name=search_term_string"}],"inLanguage":"fr-FR"},{"@type":"Organization","@id":"https:\/\/www.eenewseurope.com\/en\/#organization","name":"EENewsEurope","url":"https:\/\/www.eenewseurope.com\/en\/","logo":{"@type":"ImageObject","inLanguage":"fr-FR","@id":"https:\/\/www.eenewseurope.com\/en\/#\/schema\/logo\/image\/","url":"https:\/\/www.ecinews.fr\/wp-content\/uploads\/2022\/02\/logo-1.jpg","contentUrl":"https:\/\/www.ecinews.fr\/wp-content\/uploads\/2022\/02\/logo-1.jpg","width":283,"height":113,"caption":"EENewsEurope"},"image":{"@id":"https:\/\/www.eenewseurope.com\/en\/#\/schema\/logo\/image\/"}},{"@type":"Person","@id":"https:\/\/www.eenewseurope.com\/en\/#\/schema\/person\/0aa2cfb0bd8949724a68cbac8d8321b4","name":"A Delapalisse","image":{"@type":"ImageObject","inLanguage":"fr-FR","@id":"https:\/\/www.eenewseurope.com\/en\/#\/schema\/person\/image\/211ac42237c2e9683c0964086c393cb4","url":"https:\/\/secure.gravatar.com\/avatar\/ad45a8c5da24bc9c7c4940dd1c48a695?s=96&d=mm&r=g","contentUrl":"https:\/\/secure.gravatar.com\/avatar\/ad45a8c5da24bc9c7c4940dd1c48a695?s=96&d=mm&r=g","caption":"A Delapalisse"},"sameAs":["http:\/\/ECI"]}]}},"authors":[{"term_id":1153,"user_id":34,"is_guest":0,"slug":"adelapalisse","display_name":"A Delapalisse","avatar_url":"https:\/\/secure.gravatar.com\/avatar\/ad45a8c5da24bc9c7c4940dd1c48a695?s=96&d=mm&r=g","0":null,"1":"","2":"","3":"","4":"","5":"","6":"","7":"","8":""}],"_links":{"self":[{"href":"https:\/\/www.ecinews.fr\/fr\/wp-json\/wp\/v2\/posts\/395172"}],"collection":[{"href":"https:\/\/www.ecinews.fr\/fr\/wp-json\/wp\/v2\/posts"}],"about":[{"href":"https:\/\/www.ecinews.fr\/fr\/wp-json\/wp\/v2\/types\/post"}],"author":[{"embeddable":true,"href":"https:\/\/www.ecinews.fr\/fr\/wp-json\/wp\/v2\/users\/34"}],"replies":[{"embeddable":true,"href":"https:\/\/www.ecinews.fr\/fr\/wp-json\/wp\/v2\/comments?post=395172"}],"version-history":[{"count":0,"href":"https:\/\/www.ecinews.fr\/fr\/wp-json\/wp\/v2\/posts\/395172\/revisions"}],"wp:featuredmedia":[{"embeddable":true,"href":"https:\/\/www.ecinews.fr\/fr\/wp-json\/wp\/v2\/media\/395156"}],"wp:attachment":[{"href":"https:\/\/www.ecinews.fr\/fr\/wp-json\/wp\/v2\/media?parent=395172"}],"wp:term":[{"taxonomy":"category","embeddable":true,"href":"https:\/\/www.ecinews.fr\/fr\/wp-json\/wp\/v2\/categories?post=395172"},{"taxonomy":"post_tag","embeddable":true,"href":"https:\/\/www.ecinews.fr\/fr\/wp-json\/wp\/v2\/tags?post=395172"},{"taxonomy":"domains","embeddable":true,"href":"https:\/\/www.ecinews.fr\/fr\/wp-json\/wp\/v2\/domains?post=395172"},{"taxonomy":"author","embeddable":true,"href":"https:\/\/www.ecinews.fr\/fr\/wp-json\/wp\/v2\/ppma_author?post=395172"}],"curies":[{"name":"wp","href":"https:\/\/api.w.org\/{rel}","templated":true}]}}