{"id":394988,"date":"2022-09-12T21:31:46","date_gmt":"2022-09-12T19:31:46","guid":{"rendered":"https:\/\/www.eenewseurope.com\/?p=394988"},"modified":"2022-09-13T09:22:34","modified_gmt":"2022-09-13T07:22:34","slug":"la-croissance-du-marche-des-puces-se-ralentit-et-la-chine-regresse","status":"publish","type":"post","link":"https:\/\/www.ecinews.fr\/fr\/la-croissance-du-marche-des-puces-se-ralentit-et-la-chine-regresse\/","title":{"rendered":"La croissance du march\u00e9 des puces se ralentit et la Chine r\u00e9gresse."},"content":{"rendered":"<p><span class=\"VIiyi\" lang=\"fr\"><span class=\"JLqJ4b\" data-language-for-alternatives=\"fr\" data-language-to-translate-into=\"en\" data-phrase-index=\"0\" data-number-of-phrases=\"1\"><span class=\"Q4iAWc\">La croissance annuelle du march\u00e9 mondial des puces est tomb\u00e9e \u00e0 7,3% en juillet, contre 13,3% en juin et 18,0% en mai, selon la Semiconductor Industry Association, rapportant des chiffres compil\u00e9s par l&rsquo;organisation World Semiconductor Trade Statistics. <\/span><\/span><\/span><\/p>\n<p><span class=\"VIiyi\" lang=\"fr\"><span class=\"JLqJ4b\" data-language-for-alternatives=\"fr\" data-language-to-translate-into=\"en\" data-phrase-index=\"0\" data-number-of-phrases=\"1\"><span class=\"Q4iAWc\">La forte r\u00e9duction de la croissance annuelle est d&rsquo;autant plus inhabituelle que ces pourcentages sont bas\u00e9s sur des moyennes mobiles sur trois mois. Le chiffre des ventes mondiales de juillet 3MMA de 49,01 milliards de dollars comprend la correction \u00e0 la baisse des chiffres du mois pr\u00e9c\u00e9dent avec environ 600 millions de dollars am\u00e9ricains de ventes mensuelles moyennes en moins dans la r\u00e9gion Asie-Pacifique, y compris la Chine. <\/span><\/span><\/span><\/p>\n<ul>\n<li class=\"title\"><a title=\"Le retournement du march\u00e9 des semiconducteurs a-t-il commenc\u00e9 ?\" href=\"https:\/\/www.ecinews.fr\/fr\/le-retournement-du-marche-des-semiconducteurs-a-commence-selon-penn\/\" target=\"_blank\" rel=\"noopener\">Le retournement du march\u00e9 des semiconducteurs a-t-il commenc\u00e9 ?<\/a><\/li>\n<li><a href=\"https:\/\/www.eenewsanalog.com\/en\/fall-in-global-chip-market-growth-accelerates\/\">Fall in global chip market growth accelerates<\/a><\/li>\n<li>\u00a0<\/li>\n<li class=\"mceTemp\">\n<div id=\"attachment_394693\" style=\"width: 640px\" class=\"wp-caption aligncenter\"><img decoding=\"async\" aria-describedby=\"caption-attachment-394693\" class=\"size-full wp-image-394693 lazyload\" data-src=\"https:\/\/www.eenewsanalog.com\/wp-content\/uploads\/2022\/09\/SIAtable630.jpg\" alt=\"\" width=\"630\" height=\"700\" data-srcset=\"https:\/\/www.ecinews.fr\/wp-content\/uploads\/2022\/09\/SIAtable630.jpg 630w, https:\/\/www.ecinews.fr\/wp-content\/uploads\/2022\/09\/SIAtable630-270x300.jpg 270w\" data-sizes=\"(max-width: 630px) 100vw, 630px\" src=\"data:image\/svg+xml;base64,PHN2ZyB3aWR0aD0iMSIgaGVpZ2h0PSIxIiB4bWxucz0iaHR0cDovL3d3dy53My5vcmcvMjAwMC9zdmciPjwvc3ZnPg==\" style=\"--smush-placeholder-width: 630px; --smush-placeholder-aspect-ratio: 630\/700;\" \/><p id=\"caption-attachment-394693\" class=\"wp-caption-text\"><span class=\"VIiyi\" lang=\"fr\"><span class=\"JLqJ4b\" data-language-for-alternatives=\"fr\" data-language-to-translate-into=\"en\" data-phrase-index=\"0\" data-number-of-phrases=\"1\"><span class=\"Q4iAWc\">Moyenne sur 3 mois des ventes de puces par zone g\u00e9ographique pour juillet et juin 2022. SIA\/WSTS.<\/span><\/span><\/span><\/p><\/div>\n<\/li>\n<\/ul>\n<p>&nbsp;<\/p>\n<p><span class=\"VIiyi\" lang=\"fr\"><span class=\"JLqJ4b\" data-language-for-alternatives=\"fr\" data-language-to-translate-into=\"en\" data-phrase-index=\"0\" data-number-of-phrases=\"1\"><span class=\"Q4iAWc\">\u00a0Le march\u00e9 chinois des puces est d\u00e9sormais inf\u00e9rieur de 1,8 % \u00e0 ce qu&rsquo;il \u00e9tait il y a un an et la r\u00e9gion Asie-Pacifique hors Chine n&rsquo;est sup\u00e9rieure que de 4,1 %. Cependant, comme la Chine et la r\u00e9gion Asie-Pacifique repr\u00e9sentent d\u00e9sormais 60 % du march\u00e9 mondial des puces, elles constituent la principale contribution \u00e0 la moyenne mondiale. La croissance du march\u00e9 am\u00e9ricain des puces, qui avait \u00e9t\u00e9 ph\u00e9nom\u00e9nalement forte avec une croissance annuelle de 40 % encore r\u00e9cemment, est pass\u00e9e de 29 % en juin \u00e0 20,9 % en juillet. Le Japon est pass\u00e9 de 16,1% de croissance annuelle en juin \u00e0 13,1% de croissance en juillet. <\/span><\/span><\/span><\/p>\n<p><span class=\"VIiyi\" lang=\"fr\"><span class=\"JLqJ4b\" data-language-for-alternatives=\"fr\" data-language-to-translate-into=\"en\" data-phrase-index=\"0\" data-number-of-phrases=\"1\"><span class=\"Q4iAWc\">L&rsquo;Europe s&rsquo;est oppos\u00e9e \u00e0 cette tendance mondiale et bien que les ventes de puces 3MMA aient baiss\u00e9 de 1,1 % en s\u00e9quentiel, sa croissance annuelle est pass\u00e9e de 12,4 % en juin \u00e0 15,2 % en juillet. <\/span><\/span><\/span><\/p>\n<p><span class=\"VIiyi\" lang=\"fr\"><span class=\"JLqJ4b\" data-language-for-alternatives=\"fr\" data-language-to-translate-into=\"en\" data-phrase-index=\"0\" data-number-of-phrases=\"1\"><span class=\"Q4iAWc\">John Neuffer, PDG de la SIA, a d\u00e9clar\u00e9 que la croissance du march\u00e9 avait consid\u00e9rablement ralenti ces derniers mois, les augmentations des ventes d&rsquo;une ann\u00e9e sur l&rsquo;autre tombant \u00e0 un chiffre pour la premi\u00e8re fois depuis d\u00e9cembre 2020.<\/span><\/span><\/span><\/p>\n<p><span class=\"VIiyi\" lang=\"fr\"><span class=\"JLqJ4b\" data-language-for-alternatives=\"fr\" data-language-to-translate-into=\"en\" data-phrase-index=\"0\" data-number-of-phrases=\"1\"><span class=\"Q4iAWc\">Les donn\u00e9es mensuelles sont fournies par la SIA sous la forme d&rsquo;une moyenne sur trois mois, bien que la source des donn\u00e9es, World Semiconductor Trade Statistics, suive les donn\u00e9es mensuelles. La SIA et d&rsquo;autres organismes r\u00e9gionaux de l&rsquo;industrie des semiconducteurs choisissent d&rsquo;utiliser des donn\u00e9es moyennes car elles \u00e9galisent les donn\u00e9es r\u00e9elles qui montrent g\u00e9n\u00e9ralement des creux au d\u00e9but des trimestres et des pics \u00e0 la fin des trimestres.<\/span><\/span><\/span><\/p>\n<p><a href=\"https:\/\/www.semiconductors.org\">www.semiconductors.org;\u00a0<\/a><a href=\"https:\/\/www.eusemiconductors.eu\">www.eusemiconductors.eu<\/a><\/p>\n<p><strong>Lire aussi:<\/strong><\/p>\n<ul>\n<li>\n<p class=\"title\"><a href=\"https:\/\/www.ecinews.fr\/fr\/une-recession-dans-les-semiconducteurs-fin-2022\/\" target=\"_blank\" rel=\"noopener\">Une r\u00e9cession dans les semiconducteurs fin 2022?<\/a><\/p>\n<\/li>\n<li>\n<p class=\"title\"><a href=\"https:\/\/www.ecinews.fr\/fr\/le-marche-des-semiconducteurs-en-croissance-de-11-en-2022\/\" target=\"_blank\" rel=\"noopener\">Le march\u00e9 des semiconducteurs en croissance de 11% en 2022<\/a><\/p>\n<\/li>\n<\/ul>\n","protected":false},"excerpt":{"rendered":"<p>La croissance annuelle du march\u00e9 mondial des puces est tomb\u00e9e \u00e0 7,3% en juillet, contre 13,3% en juin et 18,0% en mai, selon la Semiconductor Industry Association, rapportant des chiffres compil\u00e9s par l&rsquo;organisation World Semiconductor Trade Statistics. La forte r\u00e9duction de la croissance annuelle est d&rsquo;autant plus inhabituelle que ces pourcentages sont bas\u00e9s sur des [&hellip;]<\/p>\n","protected":false},"author":34,"featured_media":379769,"comment_status":"closed","ping_status":"closed","sticky":false,"template":"","format":"standard","meta":{"_acf_changed":false,"footnotes":""},"categories":[880,21],"tags":[889,920,893,891,909,894,912,895,896,897,898,899,900,918,1098,901,902,903,919,892,913,904,905,906,907,908,890,916,910,917,915],"domains":[47],"ppma_author":[1153],"class_list":["post-394988","post","type-post","status-publish","format-standard","has-post-thumbnail","hentry","category-actualites-economiques","category-market-news","tag-analog-fr","tag-artificialintelligence-fr","tag-authentication-encryption-fr","tag-automotive-fr","tag-batteries-power-supplies-fr","tag-boards-embedded-cards-fr","tag-dataacquisition-fr","tag-developmentkits-fr","tag-digitalsignalprocessing-fr","tag-displays-interfaces-fr","tag-distributors-fr","tag-eda-cad-tools-fr","tag-electromechanical-fr","tag-embedded-fr","tag-energy-harvesting","tag-energyharvesting-fr","tag-flexibleelectronics-fr","tag-interconnect-cables-fr","tag-iot-fr","tag-ledlighting-fr","tag-materials-processes-fr","tag-medicalelectronics-fr","tag-memory-data-storage-fr","tag-mpus-mcus-fr","tag-optoelectronics-fr","tag-plds-fpgas-asics-fr","tag-powermanagement-fr","tag-rf-transmission-fr","tag-sensing-conditioning-fr","tag-software-embedded-tools-fr","tag-wireless-communications-fr","domains-electronique-eci"],"acf":[],"yoast_head":"<title>La croissance du march\u00e9 des puces se ralentit et la Chine r\u00e9g...<\/title>\n<meta name=\"description\" content=\"La croissance annuelle du march\u00e9 mondial des puces a chut\u00e9 \u00e0 7,3% en juillet, selon la Semiconductor Industry Association.\" \/>\n<meta name=\"robots\" content=\"index, follow, max-snippet:-1, max-image-preview:large, max-video-preview:-1\" \/>\n<link rel=\"canonical\" href=\"https:\/\/www.ecinews.fr\/fr\/wp-json\/wp\/v2\/posts\/394988\/\" \/>\n<meta property=\"og:locale\" content=\"fr_FR\" \/>\n<meta property=\"og:type\" content=\"article\" \/>\n<meta property=\"og:title\" content=\"La croissance du march\u00e9 des puces se ralentit et la Chine r\u00e9gresse.\" \/>\n<meta property=\"og:description\" content=\"La croissance annuelle du march\u00e9 mondial des puces a chut\u00e9 \u00e0 7,3% en juillet, selon la Semiconductor Industry Association.\" \/>\n<meta property=\"og:url\" content=\"https:\/\/www.ecinews.fr\/fr\/wp-json\/wp\/v2\/posts\/394988\/\" \/>\n<meta property=\"og:site_name\" content=\"EENewsEurope\" \/>\n<meta property=\"article:published_time\" content=\"2022-09-12T19:31:46+00:00\" \/>\n<meta property=\"article:modified_time\" content=\"2022-09-13T07:22:34+00:00\" \/>\n<meta property=\"og:image\" content=\"https:\/\/www.eenewseurope.com\/wp-content\/uploads\/2022\/04\/ChinaDown630.jpg\" \/>\n\t<meta property=\"og:image:width\" content=\"630\" \/>\n\t<meta property=\"og:image:height\" content=\"354\" \/>\n\t<meta property=\"og:image:type\" content=\"image\/jpeg\" \/>\n<meta name=\"author\" content=\"A Delapalisse\" \/>\n<meta name=\"twitter:card\" content=\"summary_large_image\" \/>\n<meta name=\"twitter:label1\" content=\"Written by\" \/>\n\t<meta name=\"twitter:data1\" content=\"A Delapalisse\" \/>\n\t<meta name=\"twitter:label2\" content=\"Est. reading time\" \/>\n\t<meta name=\"twitter:data2\" content=\"3 minutes\" \/>\n<script type=\"application\/ld+json\" class=\"yoast-schema-graph\">{\"@context\":\"https:\/\/schema.org\",\"@graph\":[{\"@type\":\"Article\",\"@id\":\"https:\/\/www.eenewseurope.com\/fr\/la-croissance-du-marche-des-puces-se-ralentit-et-la-chine-regresse\/#article\",\"isPartOf\":{\"@id\":\"https:\/\/www.eenewseurope.com\/fr\/la-croissance-du-marche-des-puces-se-ralentit-et-la-chine-regresse\/\"},\"author\":{\"name\":\"A Delapalisse\",\"@id\":\"https:\/\/www.eenewseurope.com\/en\/#\/schema\/person\/0aa2cfb0bd8949724a68cbac8d8321b4\"},\"headline\":\"La croissance du march\u00e9 des puces se ralentit et la Chine r\u00e9gresse.\",\"datePublished\":\"2022-09-12T19:31:46+00:00\",\"dateModified\":\"2022-09-13T07:22:34+00:00\",\"mainEntityOfPage\":{\"@id\":\"https:\/\/www.eenewseurope.com\/fr\/la-croissance-du-marche-des-puces-se-ralentit-et-la-chine-regresse\/\"},\"wordCount\":446,\"publisher\":{\"@id\":\"https:\/\/www.eenewseurope.com\/en\/#organization\"},\"keywords\":[\"Analog\",\"ArtificialIntelligence\",\"Authentication &amp; Encryption\",\"Automotive\",\"Batteries \/ Power Supplies\",\"Boards &amp; Embedded Cards\",\"DataAcquisition\",\"DevelopmentKits\",\"DigitalSignalProcessing\",\"Displays &amp; Interfaces\",\"Distributors\",\"EDA &amp; CAD tools\",\"Electromechanical\",\"Embedded\",\"Energy Harvesting\",\"EnergyHarvesting\",\"FlexibleElectronics\",\"Interconnect &amp; cables\",\"IoT\",\"LEDlighting\",\"Materials &amp; processes\",\"MedicalElectronics\",\"Memory &amp; Data Storage\",\"MPUs\/MCUs\",\"Optoelectronics\",\"PLDs\/FPGAs\/ASICs\",\"PowerManagement\",\"RF transmission\",\"Sensing \/ Conditioning\",\"Software &amp; Embedded tools\",\"Wireless Communications\"],\"articleSection\":[\"Actualit\u00e9s \u00e9conomiques\",\"Market news\"],\"inLanguage\":\"fr-FR\"},{\"@type\":\"WebPage\",\"@id\":\"https:\/\/www.eenewseurope.com\/fr\/la-croissance-du-marche-des-puces-se-ralentit-et-la-chine-regresse\/\",\"url\":\"https:\/\/www.eenewseurope.com\/fr\/la-croissance-du-marche-des-puces-se-ralentit-et-la-chine-regresse\/\",\"name\":\"La croissance du march\u00e9 des puces se ralentit et la Chine r\u00e9gresse.\",\"isPartOf\":{\"@id\":\"https:\/\/www.eenewseurope.com\/en\/#website\"},\"datePublished\":\"2022-09-12T19:31:46+00:00\",\"dateModified\":\"2022-09-13T07:22:34+00:00\",\"description\":\"La croissance annuelle du march\u00e9 mondial des puces a chut\u00e9 \u00e0 7,3% en juillet, selon la Semiconductor Industry Association.\",\"breadcrumb\":{\"@id\":\"https:\/\/www.eenewseurope.com\/fr\/la-croissance-du-marche-des-puces-se-ralentit-et-la-chine-regresse\/#breadcrumb\"},\"inLanguage\":\"fr-FR\",\"potentialAction\":[{\"@type\":\"ReadAction\",\"target\":[\"https:\/\/www.eenewseurope.com\/fr\/la-croissance-du-marche-des-puces-se-ralentit-et-la-chine-regresse\/\"]}]},{\"@type\":\"BreadcrumbList\",\"@id\":\"https:\/\/www.eenewseurope.com\/fr\/la-croissance-du-marche-des-puces-se-ralentit-et-la-chine-regresse\/#breadcrumb\",\"itemListElement\":[{\"@type\":\"ListItem\",\"position\":1,\"name\":\"Home\",\"item\":\"https:\/\/www.ecinews.fr\/fr\/\"},{\"@type\":\"ListItem\",\"position\":2,\"name\":\"La croissance du march\u00e9 des puces se ralentit et la Chine r\u00e9gresse.\"}]},{\"@type\":\"WebSite\",\"@id\":\"https:\/\/www.eenewseurope.com\/en\/#website\",\"url\":\"https:\/\/www.eenewseurope.com\/en\/\",\"name\":\"EENewsEurope\",\"description\":\"Just another WordPress site\",\"publisher\":{\"@id\":\"https:\/\/www.eenewseurope.com\/en\/#organization\"},\"potentialAction\":[{\"@type\":\"SearchAction\",\"target\":{\"@type\":\"EntryPoint\",\"urlTemplate\":\"https:\/\/www.eenewseurope.com\/en\/?s={search_term_string}\"},\"query-input\":\"required name=search_term_string\"}],\"inLanguage\":\"fr-FR\"},{\"@type\":\"Organization\",\"@id\":\"https:\/\/www.eenewseurope.com\/en\/#organization\",\"name\":\"EENewsEurope\",\"url\":\"https:\/\/www.eenewseurope.com\/en\/\",\"logo\":{\"@type\":\"ImageObject\",\"inLanguage\":\"fr-FR\",\"@id\":\"https:\/\/www.eenewseurope.com\/en\/#\/schema\/logo\/image\/\",\"url\":\"https:\/\/www.ecinews.fr\/wp-content\/uploads\/2022\/02\/logo-1.jpg\",\"contentUrl\":\"https:\/\/www.ecinews.fr\/wp-content\/uploads\/2022\/02\/logo-1.jpg\",\"width\":283,\"height\":113,\"caption\":\"EENewsEurope\"},\"image\":{\"@id\":\"https:\/\/www.eenewseurope.com\/en\/#\/schema\/logo\/image\/\"}},{\"@type\":\"Person\",\"@id\":\"https:\/\/www.eenewseurope.com\/en\/#\/schema\/person\/0aa2cfb0bd8949724a68cbac8d8321b4\",\"name\":\"A Delapalisse\",\"image\":{\"@type\":\"ImageObject\",\"inLanguage\":\"fr-FR\",\"@id\":\"https:\/\/www.eenewseurope.com\/en\/#\/schema\/person\/image\/211ac42237c2e9683c0964086c393cb4\",\"url\":\"https:\/\/secure.gravatar.com\/avatar\/ad45a8c5da24bc9c7c4940dd1c48a695?s=96&d=mm&r=g\",\"contentUrl\":\"https:\/\/secure.gravatar.com\/avatar\/ad45a8c5da24bc9c7c4940dd1c48a695?s=96&d=mm&r=g\",\"caption\":\"A Delapalisse\"},\"sameAs\":[\"http:\/\/ECI\"]}]}<\/script>","yoast_head_json":{"title":"La croissance du march\u00e9 des puces se ralentit et la Chine r\u00e9g...","description":"La croissance annuelle du march\u00e9 mondial des puces a chut\u00e9 \u00e0 7,3% en juillet, selon la Semiconductor Industry Association.","robots":{"index":"index","follow":"follow","max-snippet":"max-snippet:-1","max-image-preview":"max-image-preview:large","max-video-preview":"max-video-preview:-1"},"canonical":"https:\/\/www.ecinews.fr\/fr\/wp-json\/wp\/v2\/posts\/394988\/","og_locale":"fr_FR","og_type":"article","og_title":"La croissance du march\u00e9 des puces se ralentit et la Chine r\u00e9gresse.","og_description":"La croissance annuelle du march\u00e9 mondial des puces a chut\u00e9 \u00e0 7,3% en juillet, selon la Semiconductor Industry Association.","og_url":"https:\/\/www.ecinews.fr\/fr\/wp-json\/wp\/v2\/posts\/394988\/","og_site_name":"EENewsEurope","article_published_time":"2022-09-12T19:31:46+00:00","article_modified_time":"2022-09-13T07:22:34+00:00","og_image":[{"width":630,"height":354,"url":"https:\/\/www.eenewseurope.com\/wp-content\/uploads\/2022\/04\/ChinaDown630.jpg","type":"image\/jpeg"}],"author":"A Delapalisse","twitter_card":"summary_large_image","twitter_misc":{"Written by":"A Delapalisse","Est. reading time":"3 minutes"},"schema":{"@context":"https:\/\/schema.org","@graph":[{"@type":"Article","@id":"https:\/\/www.eenewseurope.com\/fr\/la-croissance-du-marche-des-puces-se-ralentit-et-la-chine-regresse\/#article","isPartOf":{"@id":"https:\/\/www.eenewseurope.com\/fr\/la-croissance-du-marche-des-puces-se-ralentit-et-la-chine-regresse\/"},"author":{"name":"A Delapalisse","@id":"https:\/\/www.eenewseurope.com\/en\/#\/schema\/person\/0aa2cfb0bd8949724a68cbac8d8321b4"},"headline":"La croissance du march\u00e9 des puces se ralentit et la Chine r\u00e9gresse.","datePublished":"2022-09-12T19:31:46+00:00","dateModified":"2022-09-13T07:22:34+00:00","mainEntityOfPage":{"@id":"https:\/\/www.eenewseurope.com\/fr\/la-croissance-du-marche-des-puces-se-ralentit-et-la-chine-regresse\/"},"wordCount":446,"publisher":{"@id":"https:\/\/www.eenewseurope.com\/en\/#organization"},"keywords":["Analog","ArtificialIntelligence","Authentication &amp; Encryption","Automotive","Batteries \/ Power Supplies","Boards &amp; Embedded Cards","DataAcquisition","DevelopmentKits","DigitalSignalProcessing","Displays &amp; Interfaces","Distributors","EDA &amp; CAD tools","Electromechanical","Embedded","Energy Harvesting","EnergyHarvesting","FlexibleElectronics","Interconnect &amp; cables","IoT","LEDlighting","Materials &amp; processes","MedicalElectronics","Memory &amp; Data Storage","MPUs\/MCUs","Optoelectronics","PLDs\/FPGAs\/ASICs","PowerManagement","RF transmission","Sensing \/ Conditioning","Software &amp; Embedded tools","Wireless Communications"],"articleSection":["Actualit\u00e9s \u00e9conomiques","Market news"],"inLanguage":"fr-FR"},{"@type":"WebPage","@id":"https:\/\/www.eenewseurope.com\/fr\/la-croissance-du-marche-des-puces-se-ralentit-et-la-chine-regresse\/","url":"https:\/\/www.eenewseurope.com\/fr\/la-croissance-du-marche-des-puces-se-ralentit-et-la-chine-regresse\/","name":"La croissance du march\u00e9 des puces se ralentit et la Chine r\u00e9gresse.","isPartOf":{"@id":"https:\/\/www.eenewseurope.com\/en\/#website"},"datePublished":"2022-09-12T19:31:46+00:00","dateModified":"2022-09-13T07:22:34+00:00","description":"La croissance annuelle du march\u00e9 mondial des puces a chut\u00e9 \u00e0 7,3% en juillet, selon la Semiconductor Industry Association.","breadcrumb":{"@id":"https:\/\/www.eenewseurope.com\/fr\/la-croissance-du-marche-des-puces-se-ralentit-et-la-chine-regresse\/#breadcrumb"},"inLanguage":"fr-FR","potentialAction":[{"@type":"ReadAction","target":["https:\/\/www.eenewseurope.com\/fr\/la-croissance-du-marche-des-puces-se-ralentit-et-la-chine-regresse\/"]}]},{"@type":"BreadcrumbList","@id":"https:\/\/www.eenewseurope.com\/fr\/la-croissance-du-marche-des-puces-se-ralentit-et-la-chine-regresse\/#breadcrumb","itemListElement":[{"@type":"ListItem","position":1,"name":"Home","item":"https:\/\/www.ecinews.fr\/fr\/"},{"@type":"ListItem","position":2,"name":"La croissance du march\u00e9 des puces se ralentit et la Chine r\u00e9gresse."}]},{"@type":"WebSite","@id":"https:\/\/www.eenewseurope.com\/en\/#website","url":"https:\/\/www.eenewseurope.com\/en\/","name":"EENewsEurope","description":"Just another WordPress site","publisher":{"@id":"https:\/\/www.eenewseurope.com\/en\/#organization"},"potentialAction":[{"@type":"SearchAction","target":{"@type":"EntryPoint","urlTemplate":"https:\/\/www.eenewseurope.com\/en\/?s={search_term_string}"},"query-input":"required name=search_term_string"}],"inLanguage":"fr-FR"},{"@type":"Organization","@id":"https:\/\/www.eenewseurope.com\/en\/#organization","name":"EENewsEurope","url":"https:\/\/www.eenewseurope.com\/en\/","logo":{"@type":"ImageObject","inLanguage":"fr-FR","@id":"https:\/\/www.eenewseurope.com\/en\/#\/schema\/logo\/image\/","url":"https:\/\/www.ecinews.fr\/wp-content\/uploads\/2022\/02\/logo-1.jpg","contentUrl":"https:\/\/www.ecinews.fr\/wp-content\/uploads\/2022\/02\/logo-1.jpg","width":283,"height":113,"caption":"EENewsEurope"},"image":{"@id":"https:\/\/www.eenewseurope.com\/en\/#\/schema\/logo\/image\/"}},{"@type":"Person","@id":"https:\/\/www.eenewseurope.com\/en\/#\/schema\/person\/0aa2cfb0bd8949724a68cbac8d8321b4","name":"A Delapalisse","image":{"@type":"ImageObject","inLanguage":"fr-FR","@id":"https:\/\/www.eenewseurope.com\/en\/#\/schema\/person\/image\/211ac42237c2e9683c0964086c393cb4","url":"https:\/\/secure.gravatar.com\/avatar\/ad45a8c5da24bc9c7c4940dd1c48a695?s=96&d=mm&r=g","contentUrl":"https:\/\/secure.gravatar.com\/avatar\/ad45a8c5da24bc9c7c4940dd1c48a695?s=96&d=mm&r=g","caption":"A Delapalisse"},"sameAs":["http:\/\/ECI"]}]}},"authors":[{"term_id":1153,"user_id":34,"is_guest":0,"slug":"adelapalisse","display_name":"A Delapalisse","avatar_url":"https:\/\/secure.gravatar.com\/avatar\/ad45a8c5da24bc9c7c4940dd1c48a695?s=96&d=mm&r=g","0":null,"1":"","2":"","3":"","4":"","5":"","6":"","7":"","8":""}],"_links":{"self":[{"href":"https:\/\/www.ecinews.fr\/fr\/wp-json\/wp\/v2\/posts\/394988"}],"collection":[{"href":"https:\/\/www.ecinews.fr\/fr\/wp-json\/wp\/v2\/posts"}],"about":[{"href":"https:\/\/www.ecinews.fr\/fr\/wp-json\/wp\/v2\/types\/post"}],"author":[{"embeddable":true,"href":"https:\/\/www.ecinews.fr\/fr\/wp-json\/wp\/v2\/users\/34"}],"replies":[{"embeddable":true,"href":"https:\/\/www.ecinews.fr\/fr\/wp-json\/wp\/v2\/comments?post=394988"}],"version-history":[{"count":0,"href":"https:\/\/www.ecinews.fr\/fr\/wp-json\/wp\/v2\/posts\/394988\/revisions"}],"wp:featuredmedia":[{"embeddable":true,"href":"https:\/\/www.ecinews.fr\/fr\/wp-json\/wp\/v2\/media\/379769"}],"wp:attachment":[{"href":"https:\/\/www.ecinews.fr\/fr\/wp-json\/wp\/v2\/media?parent=394988"}],"wp:term":[{"taxonomy":"category","embeddable":true,"href":"https:\/\/www.ecinews.fr\/fr\/wp-json\/wp\/v2\/categories?post=394988"},{"taxonomy":"post_tag","embeddable":true,"href":"https:\/\/www.ecinews.fr\/fr\/wp-json\/wp\/v2\/tags?post=394988"},{"taxonomy":"domains","embeddable":true,"href":"https:\/\/www.ecinews.fr\/fr\/wp-json\/wp\/v2\/domains?post=394988"},{"taxonomy":"author","embeddable":true,"href":"https:\/\/www.ecinews.fr\/fr\/wp-json\/wp\/v2\/ppma_author?post=394988"}],"curies":[{"name":"wp","href":"https:\/\/api.w.org\/{rel}","templated":true}]}}