{"id":394229,"date":"2022-09-04T16:41:42","date_gmt":"2022-09-04T14:41:42","guid":{"rendered":"https:\/\/www.eenewseurope.com\/?p=394229"},"modified":"2022-09-04T17:23:05","modified_gmt":"2022-09-04T15:23:05","slug":"qualcomm-se-defend-contre-laction-en-justice-darm","status":"publish","type":"post","link":"https:\/\/www.ecinews.fr\/fr\/qualcomm-se-defend-contre-laction-en-justice-darm\/","title":{"rendered":"Qualcomm se d\u00e9fend contre l&rsquo;action en justice d&rsquo;ARM"},"content":{"rendered":"<p><span class=\"VIiyi\" lang=\"fr\"><span class=\"JLqJ4b\" data-language-for-alternatives=\"fr\" data-language-to-translate-into=\"en\" data-phrase-index=\"0\" data-number-of-phrases=\"1\"><span class=\"Q4iAWc\">Qualcomm accuse son fournisseur d&rsquo;IP de processeurs ARM de tenter d&rsquo;interf\u00e9rer avec son op\u00e9ration de conception interne apr\u00e8s le rachat de la startup Nuvia. <\/span><\/span><\/span><\/p>\n<p><span class=\"VIiyi\" lang=\"fr\"><span class=\"JLqJ4b\" data-language-for-alternatives=\"fr\" data-language-to-translate-into=\"en\" data-phrase-index=\"0\" data-number-of-phrases=\"1\"><span class=\"Q4iAWc\">Cela marque une approche tr\u00e8s diff\u00e9rente sous le nouveau PDG Cristiano Amon (ci-dessus), qui a succ\u00e9d\u00e9 au PDG sortant Steve Mollenkopf en juin 2021. Les deux soci\u00e9t\u00e9s entretiennent un partenariat de longue date utilisant des licences architecturales pour d\u00e9velopper de nouvelles versions de c\u0153urs ARM pour la gamme de jeux de puces SnapDragon . Le proc\u00e8s aux \u00c9tats-Unis intervient alors que Qualcomm est sur le point d&rsquo;exp\u00e9dier des puces de test de conceptions Nuvia \u00e0 des partenaires pour des ordinateurs portables hautes performances ex\u00e9cutant Windows sur l&rsquo;architecture ARM. <\/span><\/span><\/span><\/p>\n<ul>\n<li class=\"title\" style=\"text-align: left;\"><a title=\"ARM poursuit Qualcomm en justice sur des designs de Nuvia\" href=\"https:\/\/www.ecinews.fr\/fr\/arm-poursuit-qualcomm-en-justice-sur-des-designs-de-nuvia\/\">ARM poursuit Qualcomm en justice sur des designs de Nuvia<\/a><\/li>\n<li class=\"title\"><a title=\"VW choisit Qualcomm pour la voiture autonome\" href=\"https:\/\/www.ecinews.fr\/fr\/vw-choisi-qualcomm-pour-la-voiture-autonome\/\" target=\"_blank\" rel=\"noopener\">VW choisit Qualcomm pour la voiture autonome<\/a><\/li>\n<li class=\"title\"><a href=\"https:\/\/www.ecinews.fr\/fr\/qualcomm-ameliore-lecosysteme-automobile-a-cloud\/\" target=\"_blank\" rel=\"noopener\">Qualcomm am\u00e9liore l\u2019\u00e9cosyst\u00e8me v\u00e9hicule \u00e0 cloud<\/a><\/li>\n<li class=\"title\"><a href=\"https:\/\/www.ecinews.fr\/fr\/ferrari-choisi-qualcomm-pour-sa-plateforme-numerique\/\" target=\"_blank\" rel=\"noopener\">Ferrari choisi Qualcomm pour sa plateforme num\u00e9rique<\/a><\/li>\n<li class=\"title\" style=\"text-align: left;\"><a title=\"Des anciens de chez Apple et Google fondent une startup de processeurs\" href=\"https:\/\/www.ecinews.fr\/fr\/des-anciens-de-chez-apple-et-google-fondent-une-startup-de-processeurs\/\" target=\"_blank\" rel=\"noopener\">Des anciens de chez Apple et Google fondent une startup de processeurs<\/a><\/li>\n<\/ul>\n<p><span class=\"VIiyi\" lang=\"fr\"><span class=\"JLqJ4b\" data-language-for-alternatives=\"fr\" data-language-to-translate-into=\"en\" data-phrase-index=\"0\" data-number-of-phrases=\"1\"><span class=\"Q4iAWc\">ARM poursuit Qualcomm pour l&rsquo;utilisation de licences architecturales d\u00e9tenues par Nuvia en tant que startup ( ces licences ont \u00e9t\u00e9 r\u00e9sili\u00e9es par ARM) et que Qualcomm a continu\u00e9 \u00e0 utiliser apr\u00e8s l&rsquo;acquisition r\u00e9alis\u00e9e en mars. Qualcomm pense que ses licences architecturales existantes couvrent les travaux en cours. Le proc\u00e8s, en cas de succ\u00e8s, emp\u00eacherait Qualcomm et ses clients d&rsquo;utiliser la marque ARM sur les produits finaux et exigerait la destruction de certaines conceptions.<\/span><\/span><\/span><\/p>\n<p><span class=\"VIiyi\" lang=\"fr\"><span class=\"JLqJ4b\" data-language-for-alternatives=\"fr\" data-language-to-translate-into=\"en\" data-phrase-index=\"0\" data-number-of-phrases=\"1\"><span class=\"Q4iAWc\">\u00ab\u00a0Le proc\u00e8s intent\u00e9 par ARM marque un d\u00e9part malheureux de sa relation fructueuse de longue date avec Qualcomm\u00a0\u00bb, a d\u00e9clar\u00e9 un porte-parole de Qualcomm. \u00ab\u00a0ARM n&rsquo;a aucun droit, contractuel ou autre, de tenter d&rsquo;interf\u00e9rer avec les innovations de Qualcomm ou de Nuvia. La plainte d&rsquo;ARM ignore le fait que Qualcomm dispose de droits de licence \u00e9tendus et bien \u00e9tablis couvrant ses processeurs con\u00e7us sur mesure, et nous sommes convaincus que ces droits seront confirm\u00e9s. \u00bb<\/span><\/span><\/span><\/p>\n<p><span class=\"VIiyi\" lang=\"fr\"><span class=\"JLqJ4b\" data-language-for-alternatives=\"fr\" data-language-to-translate-into=\"en\" data-phrase-index=\"0\" data-number-of-phrases=\"1\"><span class=\"Q4iAWc\">Cela met cependant en \u00e9vidence les d\u00e9fis d&rsquo;une \u00ab\u00a0due diligence\u00a0\u00bb raisonnable et efficace lors d&rsquo;une acquisition. Le PDG de Nuvia a \u00e9galement \u00e0 faire face \u00e0 une action en justice concernant de la Propri\u00e9t\u00e9 Intellectuelle (IP) de son ancien employeur Apple, o\u00f9 il \u00e9tait le principal concepteur de CPU derri\u00e8re le processeur M1. Cela pourrait \u00e9galement refl\u00e9ter l&rsquo;impact croissant de l&rsquo;architecture de jeu d&rsquo;instructions standard ouverte RISC-V qui offre une alternative \u00e0 ARM.<\/span><\/span><\/span><\/p>\n<p><a href=\"http:\/\/www.qualcomm.com\">www.qualcomm.com<\/a>; <a href=\"http:\/\/www.arm.com\">www.arm.com<\/a><\/p>\n<h4>Related articles on eeNewsEurope<\/h4>\n<ul>\n<li><a href=\"https:\/\/www.eenewseurope.com\/en\/sifive-takes-on-arm-with-ceo-from-qualcomm\/\">RISC-V core designer SiFive takes on ARM with CEO from Qualcomm<\/a><\/li>\n<li><a href=\"https:\/\/www.eenewseurope.com\/en\/arm-tweaks-its-x1-core-for-the-desktop\/\">ARM tweaks its X1 core for the desktop<\/a><\/li>\n<li><a href=\"https:\/\/www.eenewseurope.com\/news\/arm-aims-ip-suite-better-laptop-cpu\">ARM aims IP suite at better laptop CPU<\/a><\/li>\n<li><a href=\"https:\/\/www.eenewseurope.com\/en\/european-tech-in-intels-risc-v-pathfinder-dev-kit\/\">European tech in Intel&rsquo;s RISC-V Pathfinder dev kit<\/a><\/li>\n<li><a href=\"https:\/\/www.eenewseurope.com\/en\/1400-risc-v-cores-for-on-chip-machine-learning\/\">1400 RISC-V cores for on-chip machine learning<\/a><\/li>\n<li><a href=\"https:\/\/www.eenewseurope.com\/en\/closer-ties-for-intel-and-qualcomm\/\">Closer ties for Intel and Qualcomm<\/a><\/li>\n<\/ul>\n<p>&nbsp;<\/p>\n","protected":false},"excerpt":{"rendered":"<p>Qualcomm accuse son fournisseur d&rsquo;IP de processeurs ARM de tenter d&rsquo;interf\u00e9rer avec son op\u00e9ration de conception interne apr\u00e8s le rachat de la startup Nuvia.<\/p>\n","protected":false},"author":34,"featured_media":394173,"comment_status":"closed","ping_status":"closed","sticky":true,"template":"","format":"standard","meta":{"_acf_changed":false,"footnotes":""},"categories":[886,18],"tags":[906],"domains":[47],"ppma_author":[1153],"class_list":["post-394229","post","type-post","status-publish","format-standard","has-post-thumbnail","hentry","category-news-fr","category-business-news","tag-mpus-mcus-fr","domains-electronique-eci"],"acf":[],"yoast_head":"<title>Qualcomm se d\u00e9fend contre l&#039;action en justice d&#039;ARM ...<\/title>\n<meta name=\"description\" content=\"Qualcomm accuse son fournisseur d&#039;IP ARM de tenter d&#039;interf\u00e9rer avec son op\u00e9ration de conception interne apr\u00e8s le rachat de la startup Nuvia.\" \/>\n<meta name=\"robots\" content=\"index, follow, max-snippet:-1, max-image-preview:large, max-video-preview:-1\" \/>\n<link rel=\"canonical\" href=\"https:\/\/www.ecinews.fr\/fr\/wp-json\/wp\/v2\/posts\/394229\/\" \/>\n<meta property=\"og:locale\" content=\"fr_FR\" \/>\n<meta property=\"og:type\" content=\"article\" \/>\n<meta property=\"og:title\" content=\"Qualcomm se d\u00e9fend contre l&#039;action en justice d&#039;ARM\" \/>\n<meta property=\"og:description\" content=\"Qualcomm accuse son fournisseur d&#039;IP ARM de tenter d&#039;interf\u00e9rer avec son op\u00e9ration de conception interne apr\u00e8s le rachat de la startup Nuvia.\" \/>\n<meta property=\"og:url\" content=\"https:\/\/www.ecinews.fr\/fr\/wp-json\/wp\/v2\/posts\/394229\/\" \/>\n<meta property=\"og:site_name\" content=\"EENewsEurope\" \/>\n<meta property=\"article:published_time\" content=\"2022-09-04T14:41:42+00:00\" \/>\n<meta property=\"article:modified_time\" content=\"2022-09-04T15:23:05+00:00\" \/>\n<meta property=\"og:image\" content=\"https:\/\/www.ecinews.fr\/wp-content\/uploads\/2022\/09\/cristiano_amon_qualcomm.png\" \/>\n\t<meta property=\"og:image:width\" content=\"585\" \/>\n\t<meta property=\"og:image:height\" content=\"408\" \/>\n\t<meta property=\"og:image:type\" content=\"image\/png\" \/>\n<meta name=\"author\" content=\"A Delapalisse\" \/>\n<meta name=\"twitter:card\" content=\"summary_large_image\" \/>\n<meta name=\"twitter:label1\" content=\"Written by\" \/>\n\t<meta name=\"twitter:data1\" content=\"A Delapalisse\" \/>\n\t<meta name=\"twitter:label2\" content=\"Est. reading time\" \/>\n\t<meta name=\"twitter:data2\" content=\"2 minutes\" \/>\n<script type=\"application\/ld+json\" class=\"yoast-schema-graph\">{\"@context\":\"https:\/\/schema.org\",\"@graph\":[{\"@type\":\"Article\",\"@id\":\"https:\/\/www.ecinews.fr\/fr\/qualcomm-se-defend-contre-laction-en-justice-darm\/#article\",\"isPartOf\":{\"@id\":\"https:\/\/www.ecinews.fr\/fr\/qualcomm-se-defend-contre-laction-en-justice-darm\/\"},\"author\":{\"name\":\"A Delapalisse\",\"@id\":\"https:\/\/www.ecinews.fr\/fr\/#\/schema\/person\/0aa2cfb0bd8949724a68cbac8d8321b4\"},\"headline\":\"Qualcomm se d\u00e9fend contre l&rsquo;action en justice d&rsquo;ARM\",\"datePublished\":\"2022-09-04T14:41:42+00:00\",\"dateModified\":\"2022-09-04T15:23:05+00:00\",\"mainEntityOfPage\":{\"@id\":\"https:\/\/www.ecinews.fr\/fr\/qualcomm-se-defend-contre-laction-en-justice-darm\/\"},\"wordCount\":487,\"publisher\":{\"@id\":\"https:\/\/www.ecinews.fr\/fr\/#organization\"},\"keywords\":[\"MPUs\/MCUs\"],\"articleSection\":[\"Actualit\u00e9 g\u00e9n\u00e9rale\",\"Business news\"],\"inLanguage\":\"fr-FR\"},{\"@type\":\"WebPage\",\"@id\":\"https:\/\/www.ecinews.fr\/fr\/qualcomm-se-defend-contre-laction-en-justice-darm\/\",\"url\":\"https:\/\/www.ecinews.fr\/fr\/qualcomm-se-defend-contre-laction-en-justice-darm\/\",\"name\":\"Qualcomm se d\u00e9fend contre l'action en justice d'ARM -\",\"isPartOf\":{\"@id\":\"https:\/\/www.ecinews.fr\/fr\/#website\"},\"datePublished\":\"2022-09-04T14:41:42+00:00\",\"dateModified\":\"2022-09-04T15:23:05+00:00\",\"description\":\"Qualcomm accuse son fournisseur d'IP ARM de tenter d'interf\u00e9rer avec son op\u00e9ration de conception interne apr\u00e8s le rachat de la startup Nuvia.\",\"breadcrumb\":{\"@id\":\"https:\/\/www.ecinews.fr\/fr\/qualcomm-se-defend-contre-laction-en-justice-darm\/#breadcrumb\"},\"inLanguage\":\"fr-FR\",\"potentialAction\":[{\"@type\":\"ReadAction\",\"target\":[\"https:\/\/www.ecinews.fr\/fr\/qualcomm-se-defend-contre-laction-en-justice-darm\/\"]}]},{\"@type\":\"BreadcrumbList\",\"@id\":\"https:\/\/www.ecinews.fr\/fr\/qualcomm-se-defend-contre-laction-en-justice-darm\/#breadcrumb\",\"itemListElement\":[{\"@type\":\"ListItem\",\"position\":1,\"name\":\"Home\",\"item\":\"https:\/\/www.ecinews.fr\/fr\/\"},{\"@type\":\"ListItem\",\"position\":2,\"name\":\"Qualcomm se d\u00e9fend contre l&rsquo;action en justice d&rsquo;ARM\"}]},{\"@type\":\"WebSite\",\"@id\":\"https:\/\/www.ecinews.fr\/fr\/#website\",\"url\":\"https:\/\/www.ecinews.fr\/fr\/\",\"name\":\"EENewsEurope\",\"description\":\"Just another WordPress site\",\"publisher\":{\"@id\":\"https:\/\/www.ecinews.fr\/fr\/#organization\"},\"potentialAction\":[{\"@type\":\"SearchAction\",\"target\":{\"@type\":\"EntryPoint\",\"urlTemplate\":\"https:\/\/www.ecinews.fr\/fr\/?s={search_term_string}\"},\"query-input\":\"required name=search_term_string\"}],\"inLanguage\":\"fr-FR\"},{\"@type\":\"Organization\",\"@id\":\"https:\/\/www.ecinews.fr\/fr\/#organization\",\"name\":\"EENewsEurope\",\"url\":\"https:\/\/www.ecinews.fr\/fr\/\",\"logo\":{\"@type\":\"ImageObject\",\"inLanguage\":\"fr-FR\",\"@id\":\"https:\/\/www.ecinews.fr\/fr\/#\/schema\/logo\/image\/\",\"url\":\"https:\/\/www.ecinews.fr\/wp-content\/uploads\/2022\/02\/logo-1.jpg\",\"contentUrl\":\"https:\/\/www.ecinews.fr\/wp-content\/uploads\/2022\/02\/logo-1.jpg\",\"width\":283,\"height\":113,\"caption\":\"EENewsEurope\"},\"image\":{\"@id\":\"https:\/\/www.ecinews.fr\/fr\/#\/schema\/logo\/image\/\"}},{\"@type\":\"Person\",\"@id\":\"https:\/\/www.ecinews.fr\/fr\/#\/schema\/person\/0aa2cfb0bd8949724a68cbac8d8321b4\",\"name\":\"A Delapalisse\",\"image\":{\"@type\":\"ImageObject\",\"inLanguage\":\"fr-FR\",\"@id\":\"https:\/\/www.ecinews.fr\/fr\/#\/schema\/person\/image\/211ac42237c2e9683c0964086c393cb4\",\"url\":\"https:\/\/secure.gravatar.com\/avatar\/ad45a8c5da24bc9c7c4940dd1c48a695?s=96&d=mm&r=g\",\"contentUrl\":\"https:\/\/secure.gravatar.com\/avatar\/ad45a8c5da24bc9c7c4940dd1c48a695?s=96&d=mm&r=g\",\"caption\":\"A Delapalisse\"},\"sameAs\":[\"http:\/\/ECI\"]}]}<\/script>","yoast_head_json":{"title":"Qualcomm se d\u00e9fend contre l'action en justice d'ARM ...","description":"Qualcomm accuse son fournisseur d'IP ARM de tenter d'interf\u00e9rer avec son op\u00e9ration de conception interne apr\u00e8s le rachat de la startup Nuvia.","robots":{"index":"index","follow":"follow","max-snippet":"max-snippet:-1","max-image-preview":"max-image-preview:large","max-video-preview":"max-video-preview:-1"},"canonical":"https:\/\/www.ecinews.fr\/fr\/wp-json\/wp\/v2\/posts\/394229\/","og_locale":"fr_FR","og_type":"article","og_title":"Qualcomm se d\u00e9fend contre l'action en justice d'ARM","og_description":"Qualcomm accuse son fournisseur d'IP ARM de tenter d'interf\u00e9rer avec son op\u00e9ration de conception interne apr\u00e8s le rachat de la startup Nuvia.","og_url":"https:\/\/www.ecinews.fr\/fr\/wp-json\/wp\/v2\/posts\/394229\/","og_site_name":"EENewsEurope","article_published_time":"2022-09-04T14:41:42+00:00","article_modified_time":"2022-09-04T15:23:05+00:00","og_image":[{"width":585,"height":408,"url":"https:\/\/www.ecinews.fr\/wp-content\/uploads\/2022\/09\/cristiano_amon_qualcomm.png","type":"image\/png"}],"author":"A Delapalisse","twitter_card":"summary_large_image","twitter_misc":{"Written by":"A Delapalisse","Est. reading time":"2 minutes"},"schema":{"@context":"https:\/\/schema.org","@graph":[{"@type":"Article","@id":"https:\/\/www.ecinews.fr\/fr\/qualcomm-se-defend-contre-laction-en-justice-darm\/#article","isPartOf":{"@id":"https:\/\/www.ecinews.fr\/fr\/qualcomm-se-defend-contre-laction-en-justice-darm\/"},"author":{"name":"A Delapalisse","@id":"https:\/\/www.ecinews.fr\/fr\/#\/schema\/person\/0aa2cfb0bd8949724a68cbac8d8321b4"},"headline":"Qualcomm se d\u00e9fend contre l&rsquo;action en justice d&rsquo;ARM","datePublished":"2022-09-04T14:41:42+00:00","dateModified":"2022-09-04T15:23:05+00:00","mainEntityOfPage":{"@id":"https:\/\/www.ecinews.fr\/fr\/qualcomm-se-defend-contre-laction-en-justice-darm\/"},"wordCount":487,"publisher":{"@id":"https:\/\/www.ecinews.fr\/fr\/#organization"},"keywords":["MPUs\/MCUs"],"articleSection":["Actualit\u00e9 g\u00e9n\u00e9rale","Business news"],"inLanguage":"fr-FR"},{"@type":"WebPage","@id":"https:\/\/www.ecinews.fr\/fr\/qualcomm-se-defend-contre-laction-en-justice-darm\/","url":"https:\/\/www.ecinews.fr\/fr\/qualcomm-se-defend-contre-laction-en-justice-darm\/","name":"Qualcomm se d\u00e9fend contre l'action en justice d'ARM -","isPartOf":{"@id":"https:\/\/www.ecinews.fr\/fr\/#website"},"datePublished":"2022-09-04T14:41:42+00:00","dateModified":"2022-09-04T15:23:05+00:00","description":"Qualcomm accuse son fournisseur d'IP ARM de tenter d'interf\u00e9rer avec son op\u00e9ration de conception interne apr\u00e8s le rachat de la startup Nuvia.","breadcrumb":{"@id":"https:\/\/www.ecinews.fr\/fr\/qualcomm-se-defend-contre-laction-en-justice-darm\/#breadcrumb"},"inLanguage":"fr-FR","potentialAction":[{"@type":"ReadAction","target":["https:\/\/www.ecinews.fr\/fr\/qualcomm-se-defend-contre-laction-en-justice-darm\/"]}]},{"@type":"BreadcrumbList","@id":"https:\/\/www.ecinews.fr\/fr\/qualcomm-se-defend-contre-laction-en-justice-darm\/#breadcrumb","itemListElement":[{"@type":"ListItem","position":1,"name":"Home","item":"https:\/\/www.ecinews.fr\/fr\/"},{"@type":"ListItem","position":2,"name":"Qualcomm se d\u00e9fend contre l&rsquo;action en justice d&rsquo;ARM"}]},{"@type":"WebSite","@id":"https:\/\/www.ecinews.fr\/fr\/#website","url":"https:\/\/www.ecinews.fr\/fr\/","name":"EENewsEurope","description":"Just another WordPress site","publisher":{"@id":"https:\/\/www.ecinews.fr\/fr\/#organization"},"potentialAction":[{"@type":"SearchAction","target":{"@type":"EntryPoint","urlTemplate":"https:\/\/www.ecinews.fr\/fr\/?s={search_term_string}"},"query-input":"required name=search_term_string"}],"inLanguage":"fr-FR"},{"@type":"Organization","@id":"https:\/\/www.ecinews.fr\/fr\/#organization","name":"EENewsEurope","url":"https:\/\/www.ecinews.fr\/fr\/","logo":{"@type":"ImageObject","inLanguage":"fr-FR","@id":"https:\/\/www.ecinews.fr\/fr\/#\/schema\/logo\/image\/","url":"https:\/\/www.ecinews.fr\/wp-content\/uploads\/2022\/02\/logo-1.jpg","contentUrl":"https:\/\/www.ecinews.fr\/wp-content\/uploads\/2022\/02\/logo-1.jpg","width":283,"height":113,"caption":"EENewsEurope"},"image":{"@id":"https:\/\/www.ecinews.fr\/fr\/#\/schema\/logo\/image\/"}},{"@type":"Person","@id":"https:\/\/www.ecinews.fr\/fr\/#\/schema\/person\/0aa2cfb0bd8949724a68cbac8d8321b4","name":"A Delapalisse","image":{"@type":"ImageObject","inLanguage":"fr-FR","@id":"https:\/\/www.ecinews.fr\/fr\/#\/schema\/person\/image\/211ac42237c2e9683c0964086c393cb4","url":"https:\/\/secure.gravatar.com\/avatar\/ad45a8c5da24bc9c7c4940dd1c48a695?s=96&d=mm&r=g","contentUrl":"https:\/\/secure.gravatar.com\/avatar\/ad45a8c5da24bc9c7c4940dd1c48a695?s=96&d=mm&r=g","caption":"A Delapalisse"},"sameAs":["http:\/\/ECI"]}]}},"authors":[{"term_id":1153,"user_id":34,"is_guest":0,"slug":"adelapalisse","display_name":"A Delapalisse","avatar_url":"https:\/\/secure.gravatar.com\/avatar\/ad45a8c5da24bc9c7c4940dd1c48a695?s=96&d=mm&r=g","0":null,"1":"","2":"","3":"","4":"","5":"","6":"","7":"","8":""}],"_links":{"self":[{"href":"https:\/\/www.ecinews.fr\/fr\/wp-json\/wp\/v2\/posts\/394229"}],"collection":[{"href":"https:\/\/www.ecinews.fr\/fr\/wp-json\/wp\/v2\/posts"}],"about":[{"href":"https:\/\/www.ecinews.fr\/fr\/wp-json\/wp\/v2\/types\/post"}],"author":[{"embeddable":true,"href":"https:\/\/www.ecinews.fr\/fr\/wp-json\/wp\/v2\/users\/34"}],"replies":[{"embeddable":true,"href":"https:\/\/www.ecinews.fr\/fr\/wp-json\/wp\/v2\/comments?post=394229"}],"version-history":[{"count":0,"href":"https:\/\/www.ecinews.fr\/fr\/wp-json\/wp\/v2\/posts\/394229\/revisions"}],"wp:featuredmedia":[{"embeddable":true,"href":"https:\/\/www.ecinews.fr\/fr\/wp-json\/wp\/v2\/media\/394173"}],"wp:attachment":[{"href":"https:\/\/www.ecinews.fr\/fr\/wp-json\/wp\/v2\/media?parent=394229"}],"wp:term":[{"taxonomy":"category","embeddable":true,"href":"https:\/\/www.ecinews.fr\/fr\/wp-json\/wp\/v2\/categories?post=394229"},{"taxonomy":"post_tag","embeddable":true,"href":"https:\/\/www.ecinews.fr\/fr\/wp-json\/wp\/v2\/tags?post=394229"},{"taxonomy":"domains","embeddable":true,"href":"https:\/\/www.ecinews.fr\/fr\/wp-json\/wp\/v2\/domains?post=394229"},{"taxonomy":"author","embeddable":true,"href":"https:\/\/www.ecinews.fr\/fr\/wp-json\/wp\/v2\/ppma_author?post=394229"}],"curies":[{"name":"wp","href":"https:\/\/api.w.org\/{rel}","templated":true}]}}