{"id":39418,"date":"2020-11-25T16:29:57","date_gmt":"2020-11-25T16:29:57","guid":{"rendered":"https:\/\/\/le-leti-et-weebit-etendent-leur-partenariat-dans-les-reram\/"},"modified":"2020-11-25T16:29:57","modified_gmt":"2020-11-25T16:29:57","slug":"le-leti-et-weebit-etendent-leur-partenariat-dans-les-reram","status":"publish","type":"post","link":"https:\/\/www.ecinews.fr\/fr\/le-leti-et-weebit-etendent-leur-partenariat-dans-les-reram\/","title":{"rendered":"Le Leti et Weebit \u00e9tendent leur partenariat dans les ReRAM"},"content":{"rendered":"<p><span class=\"tlid-translation translation\" lang=\"fr\">Le partenariat comprendra d\u00e9sormais de nouvelles am\u00e9liorations de la technologie ReRAM \u00e0 base d&rsquo;oxyde de silicium de Weebit, le d\u00e9veloppement du module de m\u00e9moire emberqu\u00e9e et le d\u00e9veloppement du s\u00e9lecteur pour le march\u00e9 de la m\u00e9moire autonome (voir&nbsp;<\/span> <a href=\"https:\/\/www.eenewsanalog.com\/news\/weebit-nano-seeks-selector-discrete-memory-market-entry\">Weebit Nano seeks &lsquo;selector&rsquo; for discrete memory market entry<\/a>).<\/p>\n<p><span class=\"tlid-translation translation\" lang=\"fr\">Weebit et Leti am\u00e9liorent la capacit\u00e9 du module de m\u00e9moire int\u00e9gr\u00e9, en ajoutant des fonctionnalit\u00e9s \u00e0 la suite de discussions et de contributions d&rsquo;experts et de partenaires de l&rsquo;industrie. Alors que la fonctionnalit\u00e9 ajout\u00e9e augmente consid\u00e9rablement son attractivit\u00e9 pour les clients potentiels, elle devrait l\u00e9g\u00e8rement repousser l&rsquo;ach\u00e8vement de la phase de conception du module de m\u00e9moire jusqu&rsquo;en juin 2021.<\/span><\/p>\n<p><span class=\"tlid-translation translation\" lang=\"fr\">Cela pourrait retarder la capacit\u00e9 de finaliser un accord commercial du m\u00eame laps de temps, bien que des mesures soient prises pour minimiser cette probabilit\u00e9, a d\u00e9clar\u00e9 Weebit Nano.<\/span><br \/>\n<span class=\"tlid-translation translation\" lang=\"fr\">Le travail de d\u00e9veloppement pour l&rsquo;int\u00e9gration du s\u00e9lecteur propri\u00e9taire du Leti \u00e0 la m\u00e9moire ReRAM de Weebit se poursuit comme pr\u00e9vu, dans le but de d\u00e9montrer une cellule combin\u00e9e fonctionnelle d&rsquo;ici septembre 2021.<\/span><\/p>\n<p><span class=\"tlid-translation translation\" lang=\"fr\">\u00ab\u00a0Nous pensons que la fonctionnalit\u00e9 am\u00e9lior\u00e9e du module attirera davantage de clients potentiels alors que nous cherchons \u00e0 conclure les premiers accords commerciaux\u00a0\u00bb, a d\u00e9clar\u00e9 Coby Hanoch, PDG de Weebit Nano, dans un communiqu\u00e9.<\/span><\/p>\n<p><span class=\"tlid-translation translation\" lang=\"fr\">\u00ab\u00a0Alors que Covid-19 a eu un impact sur notre calendrier de d\u00e9veloppement et caus\u00e9 des retards in\u00e9vitables, notre \u00e9quipe de d\u00e9veloppement commune travaille en \u00e9troite collaboration et est maintenant presque \u00e0 pleine capacit\u00e9. Les limitations de voyage ont emp\u00each\u00e9 des sessions de conception et d&rsquo;examen en face \u00e0 face, qui auraient normalement un impact significatif sur nos calendriers de d\u00e9veloppement. Cependant, nous avons r\u00e9ussi \u00e0 minimiser cet impact gr\u00e2ce \u00e0 la confiance mutuelle et \u00e0 la coop\u00e9ration. \u00ab\u00a0<\/span><\/p>\n<p><span class=\"tlid-translation translation\" lang=\"fr\">Pendant ce temps, Weebit Nano a nomm\u00e9 Ilan Sver au poste de vice-pr\u00e9sident de la R&amp;D pour stimuler les progr\u00e8s sur les march\u00e9s embarqu\u00e9s, autonomes et neuromorphiques.<\/span><\/p>\n<p><span class=\"tlid-translation translation\" lang=\"fr\">Sever supervisera la conception du module de m\u00e9moire int\u00e9gr\u00e9 et son adaptation aux exigences sp\u00e9cifiques du client. Il dirigera le d\u00e9veloppement de produits autonomes et de puces de m\u00e9moire et les am\u00e8nera \u00e0 la production de masse.<\/span><\/p>\n<p><span class=\"tlid-translation translation\" lang=\"fr\">Avant de rejoindre Weebit Nano, Sever a occup\u00e9 le poste de CTO chez Dolphin Integration, de directeur de la biblioth\u00e8que IP et des services de conception chez Tower Semiconductor et de directeur du centre de conception chez STMicroelectronics.<\/span><\/p>\n<p><strong>Lire aussi:<\/strong><\/p>\n<p><a href=\"https:\/\/www.electronique-eci.com\/news\/brevet-du-leti-et-weebit-pour-la-programmation-multi-niveaux-des-reram\">Brevet du Leti et Weebit pour la programmation multi-niveaux des ReRAM<\/a><\/p>\n<p><a href=\"https:\/\/www.electronique-eci.com\/news\/stmicro-aide-chan-lancer-une-fonderie-2-milliards-en-chine\">STMicro aide Chan \u00e0 lancer une fonderie \u00e0 2 milliards $ en Chine <\/a><\/p>\n<p><a href=\"https:\/\/www.electronique-eci.com\/news\/le-cea-leti-integre-un-reseau-de-neurones-impulsions-snn-sur-une-puce\">Le CEA-Leti int\u00e8gre un r\u00e9seau de neurones \u00e0 impulsions SNN sur une puce <\/a><\/p>\n<p><strong>Related links and articles: <\/strong><\/p>\n<p><a href=\"http:\/\/www.weebit-nano.com\">www.weebit-nano.com<\/a><\/p>\n<p><a href=\"http:\/\/www.leti.fr\">www.leti.fr<\/a><\/p>\n<p><strong>News articles:<\/strong><\/p>\n<p><a href=\"https:\/\/www.eenewsanalog.com\/news\/weebit-nano-seeks-selector-discrete-memory-market-entry\">Weebit Nano seeks &lsquo;selector&rsquo; for discrete memory market entry<\/a><\/p>\n<p><a href=\"https:\/\/www.eenewsanalog.com\/news\/arm-forms-spin-pursue-ceram-memory\">ARM forms spin-off to pursue CeRAM memory <\/a><\/p>\n<p><a href=\"https:\/\/www.eenewsanalog.com\/news\/second-chinese-chipmaker-signs-weebits-reram\">Second Chinese chipmaker signs up for Weebit&rsquo;s ReRAM<\/a><\/p>\n<p><a href=\"https:\/\/www.eenewsanalog.com\/news\/weebit-leti-file-multi-level-reram-programming-patent\">Weebit, Leti file multi-level ReRAM programming patent<\/a><\/p>\n<p><a href=\"https:\/\/www.eenewsanalog.com\/news\/weebit-leti-demo-siox-reram-neuromorphic-application\">Weebit, Leti to demo SiOx ReRAM in neuromorphic application<\/a><\/p>\n<hr \/>\n","protected":false},"excerpt":{"rendered":"<p>Le d\u00e9veloppeur de ReRAM Weebit Nano Ltd. (Hod Hasharon, Isra\u00ebl) a \u00e9tendu son partenariat de recherche avec le CEA-Leti (Grenoble, France) et a annonc\u00e9 un retard dans l&rsquo;ach\u00e8vement du d\u00e9veloppement des modules de m\u00e9moire embarqu\u00e9s.<\/p>\n","protected":false},"author":12,"featured_media":39419,"comment_status":"closed","ping_status":"closed","sticky":false,"template":"","format":"standard","meta":{"_acf_changed":false,"footnotes":""},"categories":[883],"tags":[],"domains":[47],"ppma_author":[1144],"class_list":["post-39418","post","type-post","status-publish","format-standard","has-post-thumbnail","hentry","category-technologies","domains-electronique-eci"],"acf":[],"yoast_head":"<title>Le Leti et Weebit \u00e9tendent leur partenariat dans les ReRAM ...<\/title>\n<meta name=\"description\" content=\"Le d\u00e9veloppeur de ReRAM Weebit Nano Ltd. (Hod Hasharon, Isra\u00ebl) a \u00e9tendu son partenariat de recherche avec le CEA-Leti (Grenoble, France) et a annonc\u00e9 un...\" \/>\n<meta name=\"robots\" content=\"index, follow, max-snippet:-1, max-image-preview:large, max-video-preview:-1\" \/>\n<link rel=\"canonical\" href=\"https:\/\/www.ecinews.fr\/fr\/wp-json\/wp\/v2\/posts\/39418\/\" \/>\n<meta property=\"og:locale\" content=\"fr_FR\" \/>\n<meta property=\"og:type\" content=\"article\" \/>\n<meta property=\"og:title\" content=\"Le Leti et Weebit \u00e9tendent leur partenariat dans les ReRAM\" \/>\n<meta property=\"og:description\" content=\"Le d\u00e9veloppeur de ReRAM Weebit Nano Ltd. (Hod Hasharon, Isra\u00ebl) a \u00e9tendu son partenariat de recherche avec le CEA-Leti (Grenoble, France) et a annonc\u00e9 un retard dans l&#039;ach\u00e8vement du d\u00e9veloppement des modules de m\u00e9moire embarqu\u00e9s.\" \/>\n<meta property=\"og:url\" content=\"https:\/\/www.ecinews.fr\/fr\/wp-json\/wp\/v2\/posts\/39418\/\" \/>\n<meta property=\"og:site_name\" content=\"EENewsEurope\" \/>\n<meta property=\"article:published_time\" content=\"2020-11-25T16:29:57+00:00\" \/>\n<meta property=\"og:image\" content=\"https:\/\/www.ecinews.fr\/wp-content\/uploads\/import\/default\/files\/images\/01-picture-library\/PeterClarke\/Business\/handshake525.jpg\" \/>\n\t<meta property=\"og:image:width\" content=\"525\" \/>\n\t<meta property=\"og:image:height\" content=\"333\" \/>\n\t<meta property=\"og:image:type\" content=\"image\/jpeg\" \/>\n<meta name=\"author\" content=\"Andre Rousselot\" \/>\n<meta name=\"twitter:card\" content=\"summary_large_image\" \/>\n<meta name=\"twitter:label1\" content=\"Written by\" \/>\n\t<meta name=\"twitter:data1\" content=\"Andre Rousselot\" \/>\n\t<meta name=\"twitter:label2\" content=\"Est. reading time\" \/>\n\t<meta name=\"twitter:data2\" content=\"3 minutes\" \/>\n<script type=\"application\/ld+json\" class=\"yoast-schema-graph\">{\"@context\":\"https:\/\/schema.org\",\"@graph\":[{\"@type\":\"Article\",\"@id\":\"https:\/\/www.ecinews.fr\/fr\/le-leti-et-weebit-etendent-leur-partenariat-dans-les-reram\/#article\",\"isPartOf\":{\"@id\":\"https:\/\/www.ecinews.fr\/fr\/le-leti-et-weebit-etendent-leur-partenariat-dans-les-reram\/\"},\"author\":{\"name\":\"Andre Rousselot\",\"@id\":\"https:\/\/www.eenewseurope.com\/en\/#\/schema\/person\/9d52edb517ca8d9017312e8e246b9433\"},\"headline\":\"Le Leti et Weebit \u00e9tendent leur partenariat dans les ReRAM\",\"datePublished\":\"2020-11-25T16:29:57+00:00\",\"dateModified\":\"2020-11-25T16:29:57+00:00\",\"mainEntityOfPage\":{\"@id\":\"https:\/\/www.ecinews.fr\/fr\/le-leti-et-weebit-etendent-leur-partenariat-dans-les-reram\/\"},\"wordCount\":529,\"publisher\":{\"@id\":\"https:\/\/www.eenewseurope.com\/en\/#organization\"},\"articleSection\":[\"Technologies\"],\"inLanguage\":\"fr-FR\"},{\"@type\":\"WebPage\",\"@id\":\"https:\/\/www.ecinews.fr\/fr\/le-leti-et-weebit-etendent-leur-partenariat-dans-les-reram\/\",\"url\":\"https:\/\/www.ecinews.fr\/fr\/le-leti-et-weebit-etendent-leur-partenariat-dans-les-reram\/\",\"name\":\"Le Leti et Weebit \u00e9tendent leur partenariat dans les ReRAM -\",\"isPartOf\":{\"@id\":\"https:\/\/www.eenewseurope.com\/en\/#website\"},\"datePublished\":\"2020-11-25T16:29:57+00:00\",\"dateModified\":\"2020-11-25T16:29:57+00:00\",\"breadcrumb\":{\"@id\":\"https:\/\/www.ecinews.fr\/fr\/le-leti-et-weebit-etendent-leur-partenariat-dans-les-reram\/#breadcrumb\"},\"inLanguage\":\"fr-FR\",\"potentialAction\":[{\"@type\":\"ReadAction\",\"target\":[\"https:\/\/www.ecinews.fr\/fr\/le-leti-et-weebit-etendent-leur-partenariat-dans-les-reram\/\"]}]},{\"@type\":\"BreadcrumbList\",\"@id\":\"https:\/\/www.ecinews.fr\/fr\/le-leti-et-weebit-etendent-leur-partenariat-dans-les-reram\/#breadcrumb\",\"itemListElement\":[{\"@type\":\"ListItem\",\"position\":1,\"name\":\"Home\",\"item\":\"https:\/\/www.ecinews.fr\/fr\/\"},{\"@type\":\"ListItem\",\"position\":2,\"name\":\"Le Leti et Weebit \u00e9tendent leur partenariat dans les ReRAM\"}]},{\"@type\":\"WebSite\",\"@id\":\"https:\/\/www.eenewseurope.com\/en\/#website\",\"url\":\"https:\/\/www.eenewseurope.com\/en\/\",\"name\":\"EENewsEurope\",\"description\":\"Just another WordPress site\",\"publisher\":{\"@id\":\"https:\/\/www.eenewseurope.com\/en\/#organization\"},\"potentialAction\":[{\"@type\":\"SearchAction\",\"target\":{\"@type\":\"EntryPoint\",\"urlTemplate\":\"https:\/\/www.eenewseurope.com\/en\/?s={search_term_string}\"},\"query-input\":\"required name=search_term_string\"}],\"inLanguage\":\"fr-FR\"},{\"@type\":\"Organization\",\"@id\":\"https:\/\/www.eenewseurope.com\/en\/#organization\",\"name\":\"EENewsEurope\",\"url\":\"https:\/\/www.eenewseurope.com\/en\/\",\"logo\":{\"@type\":\"ImageObject\",\"inLanguage\":\"fr-FR\",\"@id\":\"https:\/\/www.eenewseurope.com\/en\/#\/schema\/logo\/image\/\",\"url\":\"https:\/\/www.ecinews.fr\/wp-content\/uploads\/2022\/02\/logo-1.jpg\",\"contentUrl\":\"https:\/\/www.ecinews.fr\/wp-content\/uploads\/2022\/02\/logo-1.jpg\",\"width\":283,\"height\":113,\"caption\":\"EENewsEurope\"},\"image\":{\"@id\":\"https:\/\/www.eenewseurope.com\/en\/#\/schema\/logo\/image\/\"}},{\"@type\":\"Person\",\"@id\":\"https:\/\/www.eenewseurope.com\/en\/#\/schema\/person\/9d52edb517ca8d9017312e8e246b9433\",\"name\":\"Andre Rousselot\",\"image\":{\"@type\":\"ImageObject\",\"inLanguage\":\"fr-FR\",\"@id\":\"https:\/\/www.eenewseurope.com\/en\/#\/schema\/person\/image\/8046680f16f52d2ae022297dc9e36ff3\",\"url\":\"https:\/\/secure.gravatar.com\/avatar\/428720feffa09baddfe5e7cd3f84b526?s=96&d=mm&r=g\",\"contentUrl\":\"https:\/\/secure.gravatar.com\/avatar\/428720feffa09baddfe5e7cd3f84b526?s=96&d=mm&r=g\",\"caption\":\"Andre Rousselot\"}}]}<\/script>","yoast_head_json":{"title":"Le Leti et Weebit \u00e9tendent leur partenariat dans les ReRAM ...","description":"Le d\u00e9veloppeur de ReRAM Weebit Nano Ltd. (Hod Hasharon, Isra\u00ebl) a \u00e9tendu son partenariat de recherche avec le CEA-Leti (Grenoble, France) et a annonc\u00e9 un...","robots":{"index":"index","follow":"follow","max-snippet":"max-snippet:-1","max-image-preview":"max-image-preview:large","max-video-preview":"max-video-preview:-1"},"canonical":"https:\/\/www.ecinews.fr\/fr\/wp-json\/wp\/v2\/posts\/39418\/","og_locale":"fr_FR","og_type":"article","og_title":"Le Leti et Weebit \u00e9tendent leur partenariat dans les ReRAM","og_description":"Le d\u00e9veloppeur de ReRAM Weebit Nano Ltd. (Hod Hasharon, Isra\u00ebl) a \u00e9tendu son partenariat de recherche avec le CEA-Leti (Grenoble, France) et a annonc\u00e9 un retard dans l'ach\u00e8vement du d\u00e9veloppement des modules de m\u00e9moire embarqu\u00e9s.","og_url":"https:\/\/www.ecinews.fr\/fr\/wp-json\/wp\/v2\/posts\/39418\/","og_site_name":"EENewsEurope","article_published_time":"2020-11-25T16:29:57+00:00","og_image":[{"width":525,"height":333,"url":"https:\/\/www.ecinews.fr\/wp-content\/uploads\/import\/default\/files\/images\/01-picture-library\/PeterClarke\/Business\/handshake525.jpg","type":"image\/jpeg"}],"author":"Andre Rousselot","twitter_card":"summary_large_image","twitter_misc":{"Written by":"Andre Rousselot","Est. reading time":"3 minutes"},"schema":{"@context":"https:\/\/schema.org","@graph":[{"@type":"Article","@id":"https:\/\/www.ecinews.fr\/fr\/le-leti-et-weebit-etendent-leur-partenariat-dans-les-reram\/#article","isPartOf":{"@id":"https:\/\/www.ecinews.fr\/fr\/le-leti-et-weebit-etendent-leur-partenariat-dans-les-reram\/"},"author":{"name":"Andre Rousselot","@id":"https:\/\/www.eenewseurope.com\/en\/#\/schema\/person\/9d52edb517ca8d9017312e8e246b9433"},"headline":"Le Leti et Weebit \u00e9tendent leur partenariat dans les ReRAM","datePublished":"2020-11-25T16:29:57+00:00","dateModified":"2020-11-25T16:29:57+00:00","mainEntityOfPage":{"@id":"https:\/\/www.ecinews.fr\/fr\/le-leti-et-weebit-etendent-leur-partenariat-dans-les-reram\/"},"wordCount":529,"publisher":{"@id":"https:\/\/www.eenewseurope.com\/en\/#organization"},"articleSection":["Technologies"],"inLanguage":"fr-FR"},{"@type":"WebPage","@id":"https:\/\/www.ecinews.fr\/fr\/le-leti-et-weebit-etendent-leur-partenariat-dans-les-reram\/","url":"https:\/\/www.ecinews.fr\/fr\/le-leti-et-weebit-etendent-leur-partenariat-dans-les-reram\/","name":"Le Leti et Weebit \u00e9tendent leur partenariat dans les ReRAM -","isPartOf":{"@id":"https:\/\/www.eenewseurope.com\/en\/#website"},"datePublished":"2020-11-25T16:29:57+00:00","dateModified":"2020-11-25T16:29:57+00:00","breadcrumb":{"@id":"https:\/\/www.ecinews.fr\/fr\/le-leti-et-weebit-etendent-leur-partenariat-dans-les-reram\/#breadcrumb"},"inLanguage":"fr-FR","potentialAction":[{"@type":"ReadAction","target":["https:\/\/www.ecinews.fr\/fr\/le-leti-et-weebit-etendent-leur-partenariat-dans-les-reram\/"]}]},{"@type":"BreadcrumbList","@id":"https:\/\/www.ecinews.fr\/fr\/le-leti-et-weebit-etendent-leur-partenariat-dans-les-reram\/#breadcrumb","itemListElement":[{"@type":"ListItem","position":1,"name":"Home","item":"https:\/\/www.ecinews.fr\/fr\/"},{"@type":"ListItem","position":2,"name":"Le Leti et Weebit \u00e9tendent leur partenariat dans les ReRAM"}]},{"@type":"WebSite","@id":"https:\/\/www.eenewseurope.com\/en\/#website","url":"https:\/\/www.eenewseurope.com\/en\/","name":"EENewsEurope","description":"Just another WordPress site","publisher":{"@id":"https:\/\/www.eenewseurope.com\/en\/#organization"},"potentialAction":[{"@type":"SearchAction","target":{"@type":"EntryPoint","urlTemplate":"https:\/\/www.eenewseurope.com\/en\/?s={search_term_string}"},"query-input":"required name=search_term_string"}],"inLanguage":"fr-FR"},{"@type":"Organization","@id":"https:\/\/www.eenewseurope.com\/en\/#organization","name":"EENewsEurope","url":"https:\/\/www.eenewseurope.com\/en\/","logo":{"@type":"ImageObject","inLanguage":"fr-FR","@id":"https:\/\/www.eenewseurope.com\/en\/#\/schema\/logo\/image\/","url":"https:\/\/www.ecinews.fr\/wp-content\/uploads\/2022\/02\/logo-1.jpg","contentUrl":"https:\/\/www.ecinews.fr\/wp-content\/uploads\/2022\/02\/logo-1.jpg","width":283,"height":113,"caption":"EENewsEurope"},"image":{"@id":"https:\/\/www.eenewseurope.com\/en\/#\/schema\/logo\/image\/"}},{"@type":"Person","@id":"https:\/\/www.eenewseurope.com\/en\/#\/schema\/person\/9d52edb517ca8d9017312e8e246b9433","name":"Andre Rousselot","image":{"@type":"ImageObject","inLanguage":"fr-FR","@id":"https:\/\/www.eenewseurope.com\/en\/#\/schema\/person\/image\/8046680f16f52d2ae022297dc9e36ff3","url":"https:\/\/secure.gravatar.com\/avatar\/428720feffa09baddfe5e7cd3f84b526?s=96&d=mm&r=g","contentUrl":"https:\/\/secure.gravatar.com\/avatar\/428720feffa09baddfe5e7cd3f84b526?s=96&d=mm&r=g","caption":"Andre Rousselot"}}]}},"authors":[{"term_id":1144,"user_id":12,"is_guest":0,"slug":"rousselot","display_name":"Andre Rousselot","avatar_url":"https:\/\/secure.gravatar.com\/avatar\/428720feffa09baddfe5e7cd3f84b526?s=96&d=mm&r=g","0":null,"1":"","2":"","3":"","4":"","5":"","6":"","7":"","8":""}],"_links":{"self":[{"href":"https:\/\/www.ecinews.fr\/fr\/wp-json\/wp\/v2\/posts\/39418"}],"collection":[{"href":"https:\/\/www.ecinews.fr\/fr\/wp-json\/wp\/v2\/posts"}],"about":[{"href":"https:\/\/www.ecinews.fr\/fr\/wp-json\/wp\/v2\/types\/post"}],"author":[{"embeddable":true,"href":"https:\/\/www.ecinews.fr\/fr\/wp-json\/wp\/v2\/users\/12"}],"replies":[{"embeddable":true,"href":"https:\/\/www.ecinews.fr\/fr\/wp-json\/wp\/v2\/comments?post=39418"}],"version-history":[{"count":0,"href":"https:\/\/www.ecinews.fr\/fr\/wp-json\/wp\/v2\/posts\/39418\/revisions"}],"wp:featuredmedia":[{"embeddable":true,"href":"https:\/\/www.ecinews.fr\/fr\/wp-json\/wp\/v2\/media\/39419"}],"wp:attachment":[{"href":"https:\/\/www.ecinews.fr\/fr\/wp-json\/wp\/v2\/media?parent=39418"}],"wp:term":[{"taxonomy":"category","embeddable":true,"href":"https:\/\/www.ecinews.fr\/fr\/wp-json\/wp\/v2\/categories?post=39418"},{"taxonomy":"post_tag","embeddable":true,"href":"https:\/\/www.ecinews.fr\/fr\/wp-json\/wp\/v2\/tags?post=39418"},{"taxonomy":"domains","embeddable":true,"href":"https:\/\/www.ecinews.fr\/fr\/wp-json\/wp\/v2\/domains?post=39418"},{"taxonomy":"author","embeddable":true,"href":"https:\/\/www.ecinews.fr\/fr\/wp-json\/wp\/v2\/ppma_author?post=39418"}],"curies":[{"name":"wp","href":"https:\/\/api.w.org\/{rel}","templated":true}]}}