{"id":393648,"date":"2022-08-28T11:41:31","date_gmt":"2022-08-28T09:41:31","guid":{"rendered":"https:\/\/www.ecinews.fr\/?p=393648"},"modified":"2022-08-28T11:41:31","modified_gmt":"2022-08-28T09:41:31","slug":"isit-devient-partenaire-de-semios-ai","status":"publish","type":"post","link":"https:\/\/www.ecinews.fr\/fr\/isit-devient-partenaire-de-semios-ai\/","title":{"rendered":"ISIT devient partenaire de Semios.ai"},"content":{"rendered":"<p>ISIT, sp\u00e9cialiste des solutions destin\u00e9es au d\u00e9veloppement et au d\u00e9ploiement de syst\u00e8mes embarqu\u00e9s, sp\u00e9cialis\u00e9es dans les domaines de la s\u00fbret\u00e9 de fonctionnement et cybers\u00e9curit\u00e9, annonce un nouveau partenariat avec Semios.ai.<\/p>\n<p>Dans le domaine des syst\u00e8mes embarqu\u00e9s critiques, le logiciel a pris une part majeure, et donc la fiabilit\u00e9, la s\u00fbret\u00e9 et la s\u00e9curit\u00e9 de l\u2019\u00e9quipement reposent souvent sur la qualit\u00e9 globale du logiciel embarqu\u00e9. Or la premi\u00e8re \u00e9tape dans une d\u00e9marche de qualit\u00e9 est de s\u2019assurer que l\u2019on d\u00e9veloppe les fonctionnalit\u00e9s attendues, en r\u00e9pondant \u00e0 l\u2019ensemble des exigences du projet que ce soit en termes de fonctionnalit\u00e9s, de performance, de conformit\u00e9 vis-\u00e0-vis de divers standards, de d\u00e9lais, de co\u00fbt et bien d\u2019autres, le tout sans compromettre la s\u00fbret\u00e9 et la s\u00e9curit\u00e9. C\u2019est l\u00e0 qu\u2019interviennent les solutions de gestion des exigences telle que Polarion de Siemens Software Digital. Mais si mettre en place un process de gestion des exigences est primordial voire obligatoire pour la r\u00e9ussite d\u2019un projet, il est de plus en plus crucial de s\u2019assurer de la qualit\u00e9 des exigences et des proc\u00e9dures elles-m\u00eames et c\u2019est justement le r\u00f4le de la solution Semios.ai.<\/p>\n<p>&nbsp;<\/p>\n<p>Les b\u00e9n\u00e9fices de Semios for Requirements :<\/p>\n<ul>\n<li>Semios est une solution d\u2019IA appliqu\u00e9e au traitement du langage naturel, qui effectue une analyse s\u00e9mantique contr\u00f4l\u00e9e par des normes (ISO, INCOSE, IEEE\u2026) sur les sp\u00e9cifications et les proc\u00e9dures.<\/li>\n<li>En d\u00e9tectant ainsi tr\u00e8s t\u00f4t dans le cycle de vie des nouveaux produits des anomalies, ambigu\u00eft\u00e9s, probl\u00e8mes s\u00e9mantiques, Semios permet d\u2019\u00e9viter des d\u00e9rapages projet, des d\u00e9rives financi\u00e8res ou des \u00e9checs techniques.<\/li>\n<li>Il contribue aussi \u00e0 faciliter le travail des r\u00e9dacteurs et relecteurs et \u00e0 lib\u00e9rer leur temps, en analysant automatiquement plus de 80 points de contr\u00f4le sur des milliers d\u2019exigences.<\/li>\n<li>Semios s&rsquo;int\u00e8gre avec les logiciels ALM \/ PLM leaders du march\u00e9.<\/li>\n<li>Semios s&rsquo;int\u00e8gre dans l&rsquo;\u00e9cosyst\u00e8me IT du client, y compris dans le Cloud souverain SecNumCloud d\u2019Outscale.<\/li>\n<li>Semios analyse des documents en anglais, fran\u00e7ais et allemand.<\/li>\n<\/ul>\n<p>&nbsp;<\/p>\n<p>Pour Marc Canitrot, CTO Semios.ai : \u00ab ISIT, en tant que soci\u00e9t\u00e9 experte de l\u2019accompagnement Technologies, M\u00e9thodes et Normes Suret\u00e9 et S\u00e9curit\u00e9, Formations, Audit et Conseil, est au c\u0153ur des projets complexes cibles de Semios.ai.<br \/>\nDe plus ISIT est un acteur phare dans le d\u00e9ploiement de la Solution d\u2019ALM Polarion Siemens.<br \/>\nNotre accord permettra d&rsquo;apporter aux acteurs de l&rsquo;industrie l&rsquo;alliance de l\u2019expertise et du d\u00e9ploiement, au service de notre solution innovante.\u00a0\u00bb<\/p>\n<p>\u00ab\u00a0Avec la complexit\u00e9 sans cesse croissantes des syst\u00e8mes embarqu\u00e9s et notamment des logiciels, le nombre d\u2019exigences explosent. Si l\u2019ing\u00e9nierie des exigences et les approches ALM deviennent des standards dans l\u2019industrie, v\u00e9rifier la qualit\u00e9 des exigences et des proc\u00e9dures que l\u2019on produit reste encore bien souvent une activit\u00e9 manuelle ou peu automatis\u00e9e. Cela peut entrainer des erreurs de conception ou rallonger la mise sur le march\u00e9 des \u00e9quipements et au global accroitre les co\u00fbts de d\u00e9veloppement. La solution Semios.ai permet de r\u00e9pondre \u00e0 cette probl\u00e9matique. S\u2019int\u00e9grant parfaitement dans l\u2019ALM Polarion que nous distribuons, ce nouveau partenariat permet \u00e0 ISIT de r\u00e9pondre de mani\u00e8re encore plus pouss\u00e9e aux besoins de nos clients pour assurer la r\u00e9ussite de leurs projets.\u00a0\u00bb a comment\u00e9 Fr\u00e9d\u00e9ric MARAVAL, Responsable produits ISIT.<\/p>\n<p><strong>\u00a0<\/strong><\/p>\n<p><u><a href=\"https:\/\/www.isit.fr\/fr\/\">www.isit.fr\/fr\/<\/a><\/u>\u00a0<\/p>\n<p>&nbsp;<\/p>\n<p>&nbsp;<\/p>\n","protected":false},"excerpt":{"rendered":"<p>ISIT, sp\u00e9cialiste des solutions destin\u00e9es au d\u00e9veloppement et au d\u00e9ploiement de syst\u00e8mes embarqu\u00e9s, sp\u00e9cialis\u00e9es dans les domaines de la s\u00fbret\u00e9 de fonctionnement et cybers\u00e9curit\u00e9, annonce un nouveau partenariat avec Semios.ai. Dans le domaine des syst\u00e8mes embarqu\u00e9s critiques, le logiciel a pris une part majeure, et donc la fiabilit\u00e9, la s\u00fbret\u00e9 et la s\u00e9curit\u00e9 de l\u2019\u00e9quipement [&hellip;]<\/p>\n","protected":false},"author":36,"featured_media":393649,"comment_status":"closed","ping_status":"closed","sticky":false,"template":"","format":"standard","meta":{"_acf_changed":false,"footnotes":""},"categories":[886],"tags":[],"domains":[47],"ppma_author":[1154],"class_list":["post-393648","post","type-post","status-publish","format-standard","has-post-thumbnail","hentry","category-news-fr","domains-electronique-eci"],"acf":[],"yoast_head":"<title>ISIT devient partenaire de Semios.ai ...<\/title>\n<meta name=\"description\" content=\"ISIT, sp\u00e9cialiste des solutions destin\u00e9es au d\u00e9veloppement et au d\u00e9ploiement de syst\u00e8mes embarqu\u00e9s, sp\u00e9cialis\u00e9es dans les domaines de la s\u00fbret\u00e9 de...\" \/>\n<meta name=\"robots\" content=\"index, follow, max-snippet:-1, max-image-preview:large, max-video-preview:-1\" \/>\n<link rel=\"canonical\" href=\"https:\/\/www.ecinews.fr\/fr\/wp-json\/wp\/v2\/posts\/393648\/\" \/>\n<meta property=\"og:locale\" content=\"fr_FR\" \/>\n<meta property=\"og:type\" content=\"article\" \/>\n<meta property=\"og:title\" content=\"ISIT devient partenaire de Semios.ai\" \/>\n<meta property=\"og:description\" content=\"ISIT, sp\u00e9cialiste des solutions destin\u00e9es au d\u00e9veloppement et au d\u00e9ploiement de syst\u00e8mes embarqu\u00e9s, sp\u00e9cialis\u00e9es dans les domaines de la s\u00fbret\u00e9 de fonctionnement et cybers\u00e9curit\u00e9, annonce un nouveau partenariat avec Semios.ai. Dans le domaine des syst\u00e8mes embarqu\u00e9s critiques, le logiciel a pris une part majeure, et donc la fiabilit\u00e9, la s\u00fbret\u00e9 et la s\u00e9curit\u00e9 de l\u2019\u00e9quipement [&hellip;]\" \/>\n<meta property=\"og:url\" content=\"https:\/\/www.ecinews.fr\/fr\/wp-json\/wp\/v2\/posts\/393648\/\" \/>\n<meta property=\"og:site_name\" content=\"EENewsEurope\" \/>\n<meta property=\"article:published_time\" content=\"2022-08-28T09:41:31+00:00\" \/>\n<meta property=\"og:image\" content=\"https:\/\/www.ecinews.fr\/wp-content\/uploads\/2022\/08\/ECI1381_ISIT_actu.jpg\" \/>\n\t<meta property=\"og:image:width\" content=\"355\" \/>\n\t<meta property=\"og:image:height\" content=\"237\" \/>\n\t<meta property=\"og:image:type\" content=\"image\/jpeg\" \/>\n<meta name=\"author\" content=\"Alain Dieul\" \/>\n<meta name=\"twitter:card\" content=\"summary_large_image\" \/>\n<meta name=\"twitter:label1\" content=\"Written by\" \/>\n\t<meta name=\"twitter:data1\" content=\"Alain Dieul\" \/>\n\t<meta name=\"twitter:label2\" content=\"Est. reading time\" \/>\n\t<meta name=\"twitter:data2\" content=\"3 minutes\" \/>\n<script type=\"application\/ld+json\" class=\"yoast-schema-graph\">{\"@context\":\"https:\/\/schema.org\",\"@graph\":[{\"@type\":\"Article\",\"@id\":\"https:\/\/www.ecinews.fr\/fr\/isit-devient-partenaire-de-semios-ai\/#article\",\"isPartOf\":{\"@id\":\"https:\/\/www.ecinews.fr\/fr\/isit-devient-partenaire-de-semios-ai\/\"},\"author\":{\"name\":\"Alain Dieul\",\"@id\":\"https:\/\/www.eenewseurope.com\/en\/#\/schema\/person\/e4387676ad67ce722325c7832f3c3762\"},\"headline\":\"ISIT devient partenaire de Semios.ai\",\"datePublished\":\"2022-08-28T09:41:31+00:00\",\"dateModified\":\"2022-08-28T09:41:31+00:00\",\"mainEntityOfPage\":{\"@id\":\"https:\/\/www.ecinews.fr\/fr\/isit-devient-partenaire-de-semios-ai\/\"},\"wordCount\":625,\"publisher\":{\"@id\":\"https:\/\/www.eenewseurope.com\/en\/#organization\"},\"articleSection\":[\"Actualit\u00e9 g\u00e9n\u00e9rale\"],\"inLanguage\":\"fr-FR\"},{\"@type\":\"WebPage\",\"@id\":\"https:\/\/www.ecinews.fr\/fr\/isit-devient-partenaire-de-semios-ai\/\",\"url\":\"https:\/\/www.ecinews.fr\/fr\/isit-devient-partenaire-de-semios-ai\/\",\"name\":\"ISIT devient partenaire de Semios.ai -\",\"isPartOf\":{\"@id\":\"https:\/\/www.eenewseurope.com\/en\/#website\"},\"datePublished\":\"2022-08-28T09:41:31+00:00\",\"dateModified\":\"2022-08-28T09:41:31+00:00\",\"breadcrumb\":{\"@id\":\"https:\/\/www.ecinews.fr\/fr\/isit-devient-partenaire-de-semios-ai\/#breadcrumb\"},\"inLanguage\":\"fr-FR\",\"potentialAction\":[{\"@type\":\"ReadAction\",\"target\":[\"https:\/\/www.ecinews.fr\/fr\/isit-devient-partenaire-de-semios-ai\/\"]}]},{\"@type\":\"BreadcrumbList\",\"@id\":\"https:\/\/www.ecinews.fr\/fr\/isit-devient-partenaire-de-semios-ai\/#breadcrumb\",\"itemListElement\":[{\"@type\":\"ListItem\",\"position\":1,\"name\":\"Home\",\"item\":\"https:\/\/www.ecinews.fr\/fr\/\"},{\"@type\":\"ListItem\",\"position\":2,\"name\":\"ISIT devient partenaire de Semios.ai\"}]},{\"@type\":\"WebSite\",\"@id\":\"https:\/\/www.eenewseurope.com\/en\/#website\",\"url\":\"https:\/\/www.eenewseurope.com\/en\/\",\"name\":\"EENewsEurope\",\"description\":\"Just another WordPress site\",\"publisher\":{\"@id\":\"https:\/\/www.eenewseurope.com\/en\/#organization\"},\"potentialAction\":[{\"@type\":\"SearchAction\",\"target\":{\"@type\":\"EntryPoint\",\"urlTemplate\":\"https:\/\/www.eenewseurope.com\/en\/?s={search_term_string}\"},\"query-input\":\"required name=search_term_string\"}],\"inLanguage\":\"fr-FR\"},{\"@type\":\"Organization\",\"@id\":\"https:\/\/www.eenewseurope.com\/en\/#organization\",\"name\":\"EENewsEurope\",\"url\":\"https:\/\/www.eenewseurope.com\/en\/\",\"logo\":{\"@type\":\"ImageObject\",\"inLanguage\":\"fr-FR\",\"@id\":\"https:\/\/www.eenewseurope.com\/en\/#\/schema\/logo\/image\/\",\"url\":\"https:\/\/www.ecinews.fr\/wp-content\/uploads\/2022\/02\/logo-1.jpg\",\"contentUrl\":\"https:\/\/www.ecinews.fr\/wp-content\/uploads\/2022\/02\/logo-1.jpg\",\"width\":283,\"height\":113,\"caption\":\"EENewsEurope\"},\"image\":{\"@id\":\"https:\/\/www.eenewseurope.com\/en\/#\/schema\/logo\/image\/\"}},{\"@type\":\"Person\",\"@id\":\"https:\/\/www.eenewseurope.com\/en\/#\/schema\/person\/e4387676ad67ce722325c7832f3c3762\",\"name\":\"Alain Dieul\",\"image\":{\"@type\":\"ImageObject\",\"inLanguage\":\"fr-FR\",\"@id\":\"https:\/\/www.eenewseurope.com\/en\/#\/schema\/person\/image\/736120675699dbbf0f0f282b9a9cfb75\",\"url\":\"https:\/\/secure.gravatar.com\/avatar\/bc93b056d07515be5b8eecd4acf49c5c?s=96&d=mm&r=g\",\"contentUrl\":\"https:\/\/secure.gravatar.com\/avatar\/bc93b056d07515be5b8eecd4acf49c5c?s=96&d=mm&r=g\",\"caption\":\"Alain Dieul\"},\"sameAs\":[\"http:\/\/ECINews\"]}]}<\/script>","yoast_head_json":{"title":"ISIT devient partenaire de Semios.ai ...","description":"ISIT, sp\u00e9cialiste des solutions destin\u00e9es au d\u00e9veloppement et au d\u00e9ploiement de syst\u00e8mes embarqu\u00e9s, sp\u00e9cialis\u00e9es dans les domaines de la s\u00fbret\u00e9 de...","robots":{"index":"index","follow":"follow","max-snippet":"max-snippet:-1","max-image-preview":"max-image-preview:large","max-video-preview":"max-video-preview:-1"},"canonical":"https:\/\/www.ecinews.fr\/fr\/wp-json\/wp\/v2\/posts\/393648\/","og_locale":"fr_FR","og_type":"article","og_title":"ISIT devient partenaire de Semios.ai","og_description":"ISIT, sp\u00e9cialiste des solutions destin\u00e9es au d\u00e9veloppement et au d\u00e9ploiement de syst\u00e8mes embarqu\u00e9s, sp\u00e9cialis\u00e9es dans les domaines de la s\u00fbret\u00e9 de fonctionnement et cybers\u00e9curit\u00e9, annonce un nouveau partenariat avec Semios.ai. Dans le domaine des syst\u00e8mes embarqu\u00e9s critiques, le logiciel a pris une part majeure, et donc la fiabilit\u00e9, la s\u00fbret\u00e9 et la s\u00e9curit\u00e9 de l\u2019\u00e9quipement [&hellip;]","og_url":"https:\/\/www.ecinews.fr\/fr\/wp-json\/wp\/v2\/posts\/393648\/","og_site_name":"EENewsEurope","article_published_time":"2022-08-28T09:41:31+00:00","og_image":[{"width":355,"height":237,"url":"https:\/\/www.ecinews.fr\/wp-content\/uploads\/2022\/08\/ECI1381_ISIT_actu.jpg","type":"image\/jpeg"}],"author":"Alain Dieul","twitter_card":"summary_large_image","twitter_misc":{"Written by":"Alain Dieul","Est. reading time":"3 minutes"},"schema":{"@context":"https:\/\/schema.org","@graph":[{"@type":"Article","@id":"https:\/\/www.ecinews.fr\/fr\/isit-devient-partenaire-de-semios-ai\/#article","isPartOf":{"@id":"https:\/\/www.ecinews.fr\/fr\/isit-devient-partenaire-de-semios-ai\/"},"author":{"name":"Alain Dieul","@id":"https:\/\/www.eenewseurope.com\/en\/#\/schema\/person\/e4387676ad67ce722325c7832f3c3762"},"headline":"ISIT devient partenaire de Semios.ai","datePublished":"2022-08-28T09:41:31+00:00","dateModified":"2022-08-28T09:41:31+00:00","mainEntityOfPage":{"@id":"https:\/\/www.ecinews.fr\/fr\/isit-devient-partenaire-de-semios-ai\/"},"wordCount":625,"publisher":{"@id":"https:\/\/www.eenewseurope.com\/en\/#organization"},"articleSection":["Actualit\u00e9 g\u00e9n\u00e9rale"],"inLanguage":"fr-FR"},{"@type":"WebPage","@id":"https:\/\/www.ecinews.fr\/fr\/isit-devient-partenaire-de-semios-ai\/","url":"https:\/\/www.ecinews.fr\/fr\/isit-devient-partenaire-de-semios-ai\/","name":"ISIT devient partenaire de Semios.ai -","isPartOf":{"@id":"https:\/\/www.eenewseurope.com\/en\/#website"},"datePublished":"2022-08-28T09:41:31+00:00","dateModified":"2022-08-28T09:41:31+00:00","breadcrumb":{"@id":"https:\/\/www.ecinews.fr\/fr\/isit-devient-partenaire-de-semios-ai\/#breadcrumb"},"inLanguage":"fr-FR","potentialAction":[{"@type":"ReadAction","target":["https:\/\/www.ecinews.fr\/fr\/isit-devient-partenaire-de-semios-ai\/"]}]},{"@type":"BreadcrumbList","@id":"https:\/\/www.ecinews.fr\/fr\/isit-devient-partenaire-de-semios-ai\/#breadcrumb","itemListElement":[{"@type":"ListItem","position":1,"name":"Home","item":"https:\/\/www.ecinews.fr\/fr\/"},{"@type":"ListItem","position":2,"name":"ISIT devient partenaire de Semios.ai"}]},{"@type":"WebSite","@id":"https:\/\/www.eenewseurope.com\/en\/#website","url":"https:\/\/www.eenewseurope.com\/en\/","name":"EENewsEurope","description":"Just another WordPress site","publisher":{"@id":"https:\/\/www.eenewseurope.com\/en\/#organization"},"potentialAction":[{"@type":"SearchAction","target":{"@type":"EntryPoint","urlTemplate":"https:\/\/www.eenewseurope.com\/en\/?s={search_term_string}"},"query-input":"required name=search_term_string"}],"inLanguage":"fr-FR"},{"@type":"Organization","@id":"https:\/\/www.eenewseurope.com\/en\/#organization","name":"EENewsEurope","url":"https:\/\/www.eenewseurope.com\/en\/","logo":{"@type":"ImageObject","inLanguage":"fr-FR","@id":"https:\/\/www.eenewseurope.com\/en\/#\/schema\/logo\/image\/","url":"https:\/\/www.ecinews.fr\/wp-content\/uploads\/2022\/02\/logo-1.jpg","contentUrl":"https:\/\/www.ecinews.fr\/wp-content\/uploads\/2022\/02\/logo-1.jpg","width":283,"height":113,"caption":"EENewsEurope"},"image":{"@id":"https:\/\/www.eenewseurope.com\/en\/#\/schema\/logo\/image\/"}},{"@type":"Person","@id":"https:\/\/www.eenewseurope.com\/en\/#\/schema\/person\/e4387676ad67ce722325c7832f3c3762","name":"Alain Dieul","image":{"@type":"ImageObject","inLanguage":"fr-FR","@id":"https:\/\/www.eenewseurope.com\/en\/#\/schema\/person\/image\/736120675699dbbf0f0f282b9a9cfb75","url":"https:\/\/secure.gravatar.com\/avatar\/bc93b056d07515be5b8eecd4acf49c5c?s=96&d=mm&r=g","contentUrl":"https:\/\/secure.gravatar.com\/avatar\/bc93b056d07515be5b8eecd4acf49c5c?s=96&d=mm&r=g","caption":"Alain Dieul"},"sameAs":["http:\/\/ECINews"]}]}},"authors":[{"term_id":1154,"user_id":36,"is_guest":0,"slug":"alain-dieul","display_name":"Alain Dieul","avatar_url":"https:\/\/secure.gravatar.com\/avatar\/bc93b056d07515be5b8eecd4acf49c5c?s=96&d=mm&r=g","0":null,"1":"","2":"","3":"","4":"","5":"","6":"","7":"","8":""}],"_links":{"self":[{"href":"https:\/\/www.ecinews.fr\/fr\/wp-json\/wp\/v2\/posts\/393648"}],"collection":[{"href":"https:\/\/www.ecinews.fr\/fr\/wp-json\/wp\/v2\/posts"}],"about":[{"href":"https:\/\/www.ecinews.fr\/fr\/wp-json\/wp\/v2\/types\/post"}],"author":[{"embeddable":true,"href":"https:\/\/www.ecinews.fr\/fr\/wp-json\/wp\/v2\/users\/36"}],"replies":[{"embeddable":true,"href":"https:\/\/www.ecinews.fr\/fr\/wp-json\/wp\/v2\/comments?post=393648"}],"version-history":[{"count":0,"href":"https:\/\/www.ecinews.fr\/fr\/wp-json\/wp\/v2\/posts\/393648\/revisions"}],"wp:featuredmedia":[{"embeddable":true,"href":"https:\/\/www.ecinews.fr\/fr\/wp-json\/wp\/v2\/media\/393649"}],"wp:attachment":[{"href":"https:\/\/www.ecinews.fr\/fr\/wp-json\/wp\/v2\/media?parent=393648"}],"wp:term":[{"taxonomy":"category","embeddable":true,"href":"https:\/\/www.ecinews.fr\/fr\/wp-json\/wp\/v2\/categories?post=393648"},{"taxonomy":"post_tag","embeddable":true,"href":"https:\/\/www.ecinews.fr\/fr\/wp-json\/wp\/v2\/tags?post=393648"},{"taxonomy":"domains","embeddable":true,"href":"https:\/\/www.ecinews.fr\/fr\/wp-json\/wp\/v2\/domains?post=393648"},{"taxonomy":"author","embeddable":true,"href":"https:\/\/www.ecinews.fr\/fr\/wp-json\/wp\/v2\/ppma_author?post=393648"}],"curies":[{"name":"wp","href":"https:\/\/api.w.org\/{rel}","templated":true}]}}