{"id":392759,"date":"2022-08-18T10:32:42","date_gmt":"2022-08-18T08:32:42","guid":{"rendered":"https:\/\/www.ecinews.fr\/?p=392759"},"modified":"2022-08-18T10:32:42","modified_gmt":"2022-08-18T08:32:42","slug":"la-norme-nis-devient-nis2","status":"publish","type":"post","link":"https:\/\/www.ecinews.fr\/fr\/la-norme-nis-devient-nis2\/","title":{"rendered":"La norme NIS devient NIS2"},"content":{"rendered":"<p>La directive NIS (Network and Information Security), entr\u00e9e en vigueur en 2016, \u00e9tait la premi\u00e8re loi sur la cybers\u00e9curit\u00e9 \u00e0 l&rsquo;\u00e9chelle de l&rsquo;UE. Son objectif \u00e9tait d&rsquo;atteindre un niveau de s\u00e9curit\u00e9 plus \u00e9lev\u00e9 et plus uniforme des syst\u00e8mes de r\u00e9seau et d&rsquo;information dans l&rsquo;ensemble de l&rsquo;UE (Union europ\u00e9enne). \u00c0 ne pas confondre avec le NIST (Institut national des normes et de la technologie, entit\u00e9 am\u00e9ricaine). Compte tenu de la croissance consid\u00e9rable de la num\u00e9risation depuis lors, il a \u00e9t\u00e9 d\u00e9cid\u00e9 que la norme devait \u00eatre rafra\u00eechie. D&rsquo;o\u00f9 le NIS2\u00a0dont l\u2019adoption formelle est pr\u00e9vue au 2e semestre 2022. \u00ab Un accord provisoire sur la r\u00e9vision de la directive NIS a \u00e9t\u00e9 obtenu sur l\u2019ensemble des dispositions normatives lors d\u2019un trilogue politique le 12 mai dernier \u00bb confirmait il y a peu le service communication de l\u2019Anssi.<\/p>\n<p>La croissance de la num\u00e9risation s\u2019accompagne en effet de cyber-menaces toujours plus importantes. En 2017, Cybersecurity Ventures pr\u00e9voyait que les co\u00fbts mondiaux des dommages caus\u00e9s par les ransomwares atteindraient 20 milliards de dollars d&rsquo;ici 2021, soit 57 fois plus que le montant de 2015. Le march\u00e9 mondial de la s\u00e9curit\u00e9 vaut actuellement environ 150 milliards de dollars, un chiffre qui, selon de nombreuses pr\u00e9visions, passera \u00e0 208 milliards de dollars en 2023 et \u00e0 400 milliards de dollars en 2026. Les donn\u00e9es montrent que les organisations de l&rsquo;UE consacrent en moyenne 41 % de moins \u00e0 la cybers\u00e9curit\u00e9 que leurs homologues am\u00e9ricains.<\/p>\n<p>&nbsp;<\/p>\n<p><strong>Les changements apport\u00e9s \u00e0 NIS pour devenir NIS2 :<\/strong><\/p>\n<p>Il s&rsquo;agit d&rsquo;une bonne avanc\u00e9e dans la d\u00e9finition des exigences que les organisations de l&rsquo;UE devront respecter pour \u00eatre plus cyber-r\u00e9silientes dans les ann\u00e9es \u00e0 venir. Elle d\u00e9taille \u00e9galement clairement les r\u00e8gles de notification et les cons\u00e9quences d&rsquo;une mauvaise application de ces r\u00e8gles. Comme l&rsquo;\u00e9cosyst\u00e8me de l&rsquo;industrie de la cybers\u00e9curit\u00e9, NIS2 s&rsquo;efforce de renforcer la coop\u00e9ration dans l&rsquo;UE. La mise en place du r\u00e9seau europ\u00e9en d&rsquo;organisations de liaison en cas de cyber-crises (EU-CyCLONe) pour soutenir la gestion coordonn\u00e9e des incidents de cybers\u00e9curit\u00e9 \u00e0 grande \u00e9chelle au niveau de l&rsquo;UE est la bienvenue.<\/p>\n<p>Des exigences de s\u00e9curit\u00e9 renforc\u00e9es et des mesures cibl\u00e9es sont \u00e0 pr\u00e9voir, notamment la r\u00e9ponse aux incidents et gestion de crise, le traitement et divulgation des vuln\u00e9rabilit\u00e9s, les politiques et proc\u00e9dures visant \u00e0 \u00e9valuer l&rsquo;efficacit\u00e9 des mesures de gestion du risque de cybers\u00e9curit\u00e9 ou encore de bonnes pratiques d&rsquo;hygi\u00e8ne informatique de base et des formations \u00e0 la cybers\u00e9curit\u00e9. Par exemple, les entreprises de services num\u00e9riques (ESN) devront d\u00e9sormais pr\u00e9venir l\u2019ANSSI sous 24h si elles subissent une cyberattaque. Les extensions des obligations de cybers\u00e9curit\u00e9 du NIS2 incluent \u00e9galement une utilisation efficace de la cryptographie, une s\u00e9curit\u00e9 renforc\u00e9e des ressources humaines et des politiques de contr\u00f4le d&rsquo;acc\u00e8s et de la gestion des actifs. Le nombre de secteurs couverts dans NIS2 s&rsquo;est \u00e9largi pour inclure 8 secteurs suppl\u00e9mentaires, ce qui porte le total \u00e0 15.<\/p>\n<p>En vue du NIS2, nombre d\u2019ESN devront certainement reprioriser leurs budget 2022 pour adresser en urgence cette directive. Le non-respect des nouvelles mesures sera puni par une amende pouvant repr\u00e9senter jusqu\u2019\u00e0 2 % du chiffre d\u2019affaires mondial de l\u2019entreprise.\u00a0Seules les soci\u00e9t\u00e9s de plus de 50 employ\u00e9s sont concern\u00e9es.<\/p>\n<p>La norme NIS2 permet de rendre le niveau s\u00e9curis\u00e9 plus \u00e9lev\u00e9 et adapt\u00e9e \u00e0 l&rsquo;\u00e9volution du paysage des menaces de cybers\u00e9curit\u00e9 et de la num\u00e9risation accrue. Avec des exigences de s\u00e9curit\u00e9 renforc\u00e9es, la norme NIS2 cherche \u00e0 renforcer les r\u00e9ponses aux incidents et gestions de crise, le traitement et la divulgation des vuln\u00e9rabilit\u00e9s, la mise en place des politiques et proc\u00e9dures pour \u00e9valuer l\u2019efficacit\u00e9 de mesures de gestion du risque de cybers\u00e9curit\u00e9, la s\u00e9curisation des ressources humaines, etc. NIS2 est une norme compl\u00e8te qui fait \u00e9voluer l&rsquo;efficacit\u00e9 de la cybers\u00e9curit\u00e9.<\/p>\n<p>&nbsp;<\/p>\n<p>&nbsp;<\/p>\n<p>&nbsp;<\/p>\n","protected":false},"excerpt":{"rendered":"<p>Claire Loffler Security Engineer chez Vectra AI fait le point sur une norme qui devait \u00eatre rafra\u00eechie compte tenu de la croissance consid\u00e9rable de la num\u00e9risation.<\/p>\n","protected":false},"author":36,"featured_media":392760,"comment_status":"closed","ping_status":"closed","sticky":false,"template":"","format":"standard","meta":{"_acf_changed":false,"footnotes":""},"categories":[886],"tags":[],"domains":[47],"ppma_author":[1154],"class_list":["post-392759","post","type-post","status-publish","format-standard","has-post-thumbnail","hentry","category-news-fr","domains-electronique-eci"],"acf":[],"yoast_head":"<title>La norme NIS devient NIS2 ...<\/title>\n<meta name=\"description\" content=\"Claire Loffler Security Engineer chez Vectra AI fait le point sur une norme qui devait \u00eatre rafra\u00eechie compte tenu de la croissance consid\u00e9rable de la...\" \/>\n<meta name=\"robots\" content=\"index, follow, max-snippet:-1, max-image-preview:large, max-video-preview:-1\" \/>\n<link rel=\"canonical\" href=\"https:\/\/www.ecinews.fr\/fr\/wp-json\/wp\/v2\/posts\/392759\/\" \/>\n<meta property=\"og:locale\" content=\"fr_FR\" \/>\n<meta property=\"og:type\" content=\"article\" \/>\n<meta property=\"og:title\" content=\"La norme NIS devient NIS2\" \/>\n<meta property=\"og:description\" content=\"Claire Loffler Security Engineer chez Vectra AI fait le point sur une norme qui devait \u00eatre rafra\u00eechie compte tenu de la croissance consid\u00e9rable de la num\u00e9risation.\" \/>\n<meta property=\"og:url\" content=\"https:\/\/www.ecinews.fr\/fr\/wp-json\/wp\/v2\/posts\/392759\/\" \/>\n<meta property=\"og:site_name\" content=\"EENewsEurope\" \/>\n<meta property=\"article:published_time\" content=\"2022-08-18T08:32:42+00:00\" \/>\n<meta property=\"og:image\" content=\"https:\/\/www.ecinews.fr\/wp-content\/uploads\/2022\/08\/ECI1370_Vectra-AI-actu.jpg\" \/>\n\t<meta property=\"og:image:width\" content=\"364\" \/>\n\t<meta property=\"og:image:height\" content=\"330\" \/>\n\t<meta property=\"og:image:type\" content=\"image\/jpeg\" \/>\n<meta name=\"author\" content=\"Alain Dieul\" \/>\n<meta name=\"twitter:card\" content=\"summary_large_image\" \/>\n<meta name=\"twitter:label1\" content=\"Written by\" \/>\n\t<meta name=\"twitter:data1\" content=\"Alain Dieul\" \/>\n\t<meta name=\"twitter:label2\" content=\"Est. reading time\" \/>\n\t<meta name=\"twitter:data2\" content=\"3 minutes\" \/>\n<script type=\"application\/ld+json\" class=\"yoast-schema-graph\">{\"@context\":\"https:\/\/schema.org\",\"@graph\":[{\"@type\":\"Article\",\"@id\":\"https:\/\/www.ecinews.fr\/fr\/la-norme-nis-devient-nis2\/#article\",\"isPartOf\":{\"@id\":\"https:\/\/www.ecinews.fr\/fr\/la-norme-nis-devient-nis2\/\"},\"author\":{\"name\":\"Alain Dieul\",\"@id\":\"https:\/\/www.eenewseurope.com\/en\/#\/schema\/person\/e4387676ad67ce722325c7832f3c3762\"},\"headline\":\"La norme NIS devient NIS2\",\"datePublished\":\"2022-08-18T08:32:42+00:00\",\"dateModified\":\"2022-08-18T08:32:42+00:00\",\"mainEntityOfPage\":{\"@id\":\"https:\/\/www.ecinews.fr\/fr\/la-norme-nis-devient-nis2\/\"},\"wordCount\":694,\"publisher\":{\"@id\":\"https:\/\/www.eenewseurope.com\/en\/#organization\"},\"articleSection\":[\"Actualit\u00e9 g\u00e9n\u00e9rale\"],\"inLanguage\":\"fr-FR\"},{\"@type\":\"WebPage\",\"@id\":\"https:\/\/www.ecinews.fr\/fr\/la-norme-nis-devient-nis2\/\",\"url\":\"https:\/\/www.ecinews.fr\/fr\/la-norme-nis-devient-nis2\/\",\"name\":\"La norme NIS devient NIS2 -\",\"isPartOf\":{\"@id\":\"https:\/\/www.eenewseurope.com\/en\/#website\"},\"datePublished\":\"2022-08-18T08:32:42+00:00\",\"dateModified\":\"2022-08-18T08:32:42+00:00\",\"breadcrumb\":{\"@id\":\"https:\/\/www.ecinews.fr\/fr\/la-norme-nis-devient-nis2\/#breadcrumb\"},\"inLanguage\":\"fr-FR\",\"potentialAction\":[{\"@type\":\"ReadAction\",\"target\":[\"https:\/\/www.ecinews.fr\/fr\/la-norme-nis-devient-nis2\/\"]}]},{\"@type\":\"BreadcrumbList\",\"@id\":\"https:\/\/www.ecinews.fr\/fr\/la-norme-nis-devient-nis2\/#breadcrumb\",\"itemListElement\":[{\"@type\":\"ListItem\",\"position\":1,\"name\":\"Home\",\"item\":\"https:\/\/www.ecinews.fr\/fr\/\"},{\"@type\":\"ListItem\",\"position\":2,\"name\":\"La norme NIS devient NIS2\"}]},{\"@type\":\"WebSite\",\"@id\":\"https:\/\/www.eenewseurope.com\/en\/#website\",\"url\":\"https:\/\/www.eenewseurope.com\/en\/\",\"name\":\"EENewsEurope\",\"description\":\"Just another WordPress site\",\"publisher\":{\"@id\":\"https:\/\/www.eenewseurope.com\/en\/#organization\"},\"potentialAction\":[{\"@type\":\"SearchAction\",\"target\":{\"@type\":\"EntryPoint\",\"urlTemplate\":\"https:\/\/www.eenewseurope.com\/en\/?s={search_term_string}\"},\"query-input\":\"required name=search_term_string\"}],\"inLanguage\":\"fr-FR\"},{\"@type\":\"Organization\",\"@id\":\"https:\/\/www.eenewseurope.com\/en\/#organization\",\"name\":\"EENewsEurope\",\"url\":\"https:\/\/www.eenewseurope.com\/en\/\",\"logo\":{\"@type\":\"ImageObject\",\"inLanguage\":\"fr-FR\",\"@id\":\"https:\/\/www.eenewseurope.com\/en\/#\/schema\/logo\/image\/\",\"url\":\"https:\/\/www.ecinews.fr\/wp-content\/uploads\/2022\/02\/logo-1.jpg\",\"contentUrl\":\"https:\/\/www.ecinews.fr\/wp-content\/uploads\/2022\/02\/logo-1.jpg\",\"width\":283,\"height\":113,\"caption\":\"EENewsEurope\"},\"image\":{\"@id\":\"https:\/\/www.eenewseurope.com\/en\/#\/schema\/logo\/image\/\"}},{\"@type\":\"Person\",\"@id\":\"https:\/\/www.eenewseurope.com\/en\/#\/schema\/person\/e4387676ad67ce722325c7832f3c3762\",\"name\":\"Alain Dieul\",\"image\":{\"@type\":\"ImageObject\",\"inLanguage\":\"fr-FR\",\"@id\":\"https:\/\/www.eenewseurope.com\/en\/#\/schema\/person\/image\/736120675699dbbf0f0f282b9a9cfb75\",\"url\":\"https:\/\/secure.gravatar.com\/avatar\/bc93b056d07515be5b8eecd4acf49c5c?s=96&d=mm&r=g\",\"contentUrl\":\"https:\/\/secure.gravatar.com\/avatar\/bc93b056d07515be5b8eecd4acf49c5c?s=96&d=mm&r=g\",\"caption\":\"Alain Dieul\"},\"sameAs\":[\"http:\/\/ECINews\"]}]}<\/script>","yoast_head_json":{"title":"La norme NIS devient NIS2 ...","description":"Claire Loffler Security Engineer chez Vectra AI fait le point sur une norme qui devait \u00eatre rafra\u00eechie compte tenu de la croissance consid\u00e9rable de la...","robots":{"index":"index","follow":"follow","max-snippet":"max-snippet:-1","max-image-preview":"max-image-preview:large","max-video-preview":"max-video-preview:-1"},"canonical":"https:\/\/www.ecinews.fr\/fr\/wp-json\/wp\/v2\/posts\/392759\/","og_locale":"fr_FR","og_type":"article","og_title":"La norme NIS devient NIS2","og_description":"Claire Loffler Security Engineer chez Vectra AI fait le point sur une norme qui devait \u00eatre rafra\u00eechie compte tenu de la croissance consid\u00e9rable de la num\u00e9risation.","og_url":"https:\/\/www.ecinews.fr\/fr\/wp-json\/wp\/v2\/posts\/392759\/","og_site_name":"EENewsEurope","article_published_time":"2022-08-18T08:32:42+00:00","og_image":[{"width":364,"height":330,"url":"https:\/\/www.ecinews.fr\/wp-content\/uploads\/2022\/08\/ECI1370_Vectra-AI-actu.jpg","type":"image\/jpeg"}],"author":"Alain Dieul","twitter_card":"summary_large_image","twitter_misc":{"Written by":"Alain Dieul","Est. reading time":"3 minutes"},"schema":{"@context":"https:\/\/schema.org","@graph":[{"@type":"Article","@id":"https:\/\/www.ecinews.fr\/fr\/la-norme-nis-devient-nis2\/#article","isPartOf":{"@id":"https:\/\/www.ecinews.fr\/fr\/la-norme-nis-devient-nis2\/"},"author":{"name":"Alain Dieul","@id":"https:\/\/www.eenewseurope.com\/en\/#\/schema\/person\/e4387676ad67ce722325c7832f3c3762"},"headline":"La norme NIS devient NIS2","datePublished":"2022-08-18T08:32:42+00:00","dateModified":"2022-08-18T08:32:42+00:00","mainEntityOfPage":{"@id":"https:\/\/www.ecinews.fr\/fr\/la-norme-nis-devient-nis2\/"},"wordCount":694,"publisher":{"@id":"https:\/\/www.eenewseurope.com\/en\/#organization"},"articleSection":["Actualit\u00e9 g\u00e9n\u00e9rale"],"inLanguage":"fr-FR"},{"@type":"WebPage","@id":"https:\/\/www.ecinews.fr\/fr\/la-norme-nis-devient-nis2\/","url":"https:\/\/www.ecinews.fr\/fr\/la-norme-nis-devient-nis2\/","name":"La norme NIS devient NIS2 -","isPartOf":{"@id":"https:\/\/www.eenewseurope.com\/en\/#website"},"datePublished":"2022-08-18T08:32:42+00:00","dateModified":"2022-08-18T08:32:42+00:00","breadcrumb":{"@id":"https:\/\/www.ecinews.fr\/fr\/la-norme-nis-devient-nis2\/#breadcrumb"},"inLanguage":"fr-FR","potentialAction":[{"@type":"ReadAction","target":["https:\/\/www.ecinews.fr\/fr\/la-norme-nis-devient-nis2\/"]}]},{"@type":"BreadcrumbList","@id":"https:\/\/www.ecinews.fr\/fr\/la-norme-nis-devient-nis2\/#breadcrumb","itemListElement":[{"@type":"ListItem","position":1,"name":"Home","item":"https:\/\/www.ecinews.fr\/fr\/"},{"@type":"ListItem","position":2,"name":"La norme NIS devient NIS2"}]},{"@type":"WebSite","@id":"https:\/\/www.eenewseurope.com\/en\/#website","url":"https:\/\/www.eenewseurope.com\/en\/","name":"EENewsEurope","description":"Just another WordPress site","publisher":{"@id":"https:\/\/www.eenewseurope.com\/en\/#organization"},"potentialAction":[{"@type":"SearchAction","target":{"@type":"EntryPoint","urlTemplate":"https:\/\/www.eenewseurope.com\/en\/?s={search_term_string}"},"query-input":"required name=search_term_string"}],"inLanguage":"fr-FR"},{"@type":"Organization","@id":"https:\/\/www.eenewseurope.com\/en\/#organization","name":"EENewsEurope","url":"https:\/\/www.eenewseurope.com\/en\/","logo":{"@type":"ImageObject","inLanguage":"fr-FR","@id":"https:\/\/www.eenewseurope.com\/en\/#\/schema\/logo\/image\/","url":"https:\/\/www.ecinews.fr\/wp-content\/uploads\/2022\/02\/logo-1.jpg","contentUrl":"https:\/\/www.ecinews.fr\/wp-content\/uploads\/2022\/02\/logo-1.jpg","width":283,"height":113,"caption":"EENewsEurope"},"image":{"@id":"https:\/\/www.eenewseurope.com\/en\/#\/schema\/logo\/image\/"}},{"@type":"Person","@id":"https:\/\/www.eenewseurope.com\/en\/#\/schema\/person\/e4387676ad67ce722325c7832f3c3762","name":"Alain Dieul","image":{"@type":"ImageObject","inLanguage":"fr-FR","@id":"https:\/\/www.eenewseurope.com\/en\/#\/schema\/person\/image\/736120675699dbbf0f0f282b9a9cfb75","url":"https:\/\/secure.gravatar.com\/avatar\/bc93b056d07515be5b8eecd4acf49c5c?s=96&d=mm&r=g","contentUrl":"https:\/\/secure.gravatar.com\/avatar\/bc93b056d07515be5b8eecd4acf49c5c?s=96&d=mm&r=g","caption":"Alain Dieul"},"sameAs":["http:\/\/ECINews"]}]}},"authors":[{"term_id":1154,"user_id":36,"is_guest":0,"slug":"alain-dieul","display_name":"Alain Dieul","avatar_url":"https:\/\/secure.gravatar.com\/avatar\/bc93b056d07515be5b8eecd4acf49c5c?s=96&d=mm&r=g","0":null,"1":"","2":"","3":"","4":"","5":"","6":"","7":"","8":""}],"_links":{"self":[{"href":"https:\/\/www.ecinews.fr\/fr\/wp-json\/wp\/v2\/posts\/392759"}],"collection":[{"href":"https:\/\/www.ecinews.fr\/fr\/wp-json\/wp\/v2\/posts"}],"about":[{"href":"https:\/\/www.ecinews.fr\/fr\/wp-json\/wp\/v2\/types\/post"}],"author":[{"embeddable":true,"href":"https:\/\/www.ecinews.fr\/fr\/wp-json\/wp\/v2\/users\/36"}],"replies":[{"embeddable":true,"href":"https:\/\/www.ecinews.fr\/fr\/wp-json\/wp\/v2\/comments?post=392759"}],"version-history":[{"count":0,"href":"https:\/\/www.ecinews.fr\/fr\/wp-json\/wp\/v2\/posts\/392759\/revisions"}],"wp:featuredmedia":[{"embeddable":true,"href":"https:\/\/www.ecinews.fr\/fr\/wp-json\/wp\/v2\/media\/392760"}],"wp:attachment":[{"href":"https:\/\/www.ecinews.fr\/fr\/wp-json\/wp\/v2\/media?parent=392759"}],"wp:term":[{"taxonomy":"category","embeddable":true,"href":"https:\/\/www.ecinews.fr\/fr\/wp-json\/wp\/v2\/categories?post=392759"},{"taxonomy":"post_tag","embeddable":true,"href":"https:\/\/www.ecinews.fr\/fr\/wp-json\/wp\/v2\/tags?post=392759"},{"taxonomy":"domains","embeddable":true,"href":"https:\/\/www.ecinews.fr\/fr\/wp-json\/wp\/v2\/domains?post=392759"},{"taxonomy":"author","embeddable":true,"href":"https:\/\/www.ecinews.fr\/fr\/wp-json\/wp\/v2\/ppma_author?post=392759"}],"curies":[{"name":"wp","href":"https:\/\/api.w.org\/{rel}","templated":true}]}}