{"id":392427,"date":"2022-08-15T21:16:47","date_gmt":"2022-08-15T19:16:47","guid":{"rendered":"https:\/\/www.eenewseurope.com\/?p=392427"},"modified":"2022-08-16T07:55:11","modified_gmt":"2022-08-16T05:55:11","slug":"premier-microled-avec-integration-de-micro-lentilles","status":"publish","type":"post","link":"https:\/\/www.ecinews.fr\/fr\/premier-microled-avec-integration-de-micro-lentilles\/","title":{"rendered":"Premier microLED avec int\u00e9gration de micro-lentilles"},"content":{"rendered":"<p><span class=\"VIiyi\" lang=\"fr\"><span class=\"JLqJ4b\" data-language-for-alternatives=\"fr\" data-language-to-translate-into=\"en\" data-phrase-index=\"0\" data-number-of-phrases=\"1\"><span class=\"Q4iAWc\">MICLEDI Microdisplays en Belgique a lanc\u00e9 les premiers composants microLED de l&rsquo;industrie avec des micro-lentilles int\u00e9gr\u00e9es pour la mise en forme du faisceau au niveau des pixels. <\/span><\/span><\/span><\/p>\n<p><span class=\"VIiyi\" lang=\"fr\"><span class=\"JLqJ4b\" data-language-for-alternatives=\"fr\" data-language-to-translate-into=\"en\" data-phrase-index=\"0\" data-number-of-phrases=\"1\"><span class=\"Q4iAWc\">La famille comprend des dispositifs microLED de 0,5 micron sur un pas inf\u00e9rieur \u00e0 3,0 microns, produits en utilisant le flux de fabrication exclusif sur wafers de 300 mm de la soci\u00e9t\u00e9. Cela permet \u00e0 l&rsquo;\u00e9cran d&rsquo;\u00eatre coupl\u00e9 \u00e0 des microlentilles pour am\u00e9liorer la qualit\u00e9 d&rsquo;image des lunettes AR (R\u00e9alit\u00e9 Augment\u00e9e) \u00e0 guide d&rsquo;ondes. <\/span><\/span><\/span><\/p>\n<p><span class=\"VIiyi\" lang=\"fr\"><span class=\"JLqJ4b\" data-language-for-alternatives=\"fr\" data-language-to-translate-into=\"en\" data-phrase-index=\"0\" data-number-of-phrases=\"1\"><span class=\"Q4iAWc\">Cela am\u00e9liore aussi l&rsquo;efficacit\u00e9 \u00e9nerg\u00e9tique en concentrant la lumi\u00e8re dans le c\u00f4ne de guide d&rsquo;ondes cibl\u00e9 ainsi qu&rsquo;un couplage optimal du guide d&rsquo;ondes pour une compensation contr\u00f4lable de la dispersion des couleurs. Cela offre plus de flexibilit\u00e9 pour l&rsquo;int\u00e9gration du syst\u00e8me AR et am\u00e9liore la qualit\u00e9 de l&rsquo;image.<\/span><\/span><\/span><\/p>\n<p><span class=\"VIiyi\" lang=\"fr\"><span class=\"JLqJ4b\" data-language-for-alternatives=\"fr\" data-language-to-translate-into=\"en\" data-phrase-index=\"0\" data-number-of-phrases=\"1\"><span class=\"Q4iAWc\">MICLEDI a \u00e9galement d\u00e9velopp\u00e9 une plateforme de mod\u00e9lisation pour la personnalisation de micro-lentilles. La plate-forme sera disponible pour les clients AR afin d&rsquo;\u00e9valuer la nouvelle technologie dans les simulations et de concevoir leurs propres micro-lentilles pour des configurations de guides d&rsquo;ondes sp\u00e9cifiques. Ceux-ci peuvent ensuite \u00eatre prototyp\u00e9s en utilisant les capacit\u00e9s de fabrication de MICLEDI. La soci\u00e9t\u00e9 a conclu un accord avec GlobalFoundries afin de disposer de centres de fabrication mondiaux \u00e0 Dresde, New York et Singapour sur des wafers de 300 mm \u00e0 volume \u00e9lev\u00e9. <\/span><\/span><\/span><\/p>\n<p><span class=\"VIiyi\" lang=\"fr\"><span class=\"JLqJ4b\" data-language-for-alternatives=\"fr\" data-language-to-translate-into=\"en\" data-phrase-index=\"0\" data-number-of-phrases=\"1\"><span class=\"Q4iAWc\">Des \u00e9chantillons et des kits de test de matrices de microLED bleues et vertes, ainsi que des matrices bleues avec des micro-lentilles ont \u00e9t\u00e9 livr\u00e9s aux clients cet \u00e9t\u00e9 avec des microLED rouges arrivant d&rsquo;ici la fin de 2022. Les dispositifs sont disponibles \u00e0 la fois pour l&rsquo;\u00e9valuation des appareils microLED et pour l&rsquo;int\u00e9gration d&rsquo;affichage avec guides d&rsquo;ondes. <\/span><\/span><\/span><\/p>\n<ul>\n<li>\n<p class=\"title\"><a title=\"Une startup microLED l\u00e8ve 4,5 M\u20ac pour dev\u00e9lopper des microdisplays\" href=\"https:\/\/www.ecinews.fr\/fr\/une-startup-microled-leve-45-me-pour-developper-des-microdisplays\/\" target=\"_blank\" rel=\"noopener\">Une startup microLED l\u00e8ve 4,5 M\u20ac pour dev\u00e9lopper des microdisplays<\/a><\/p>\n<\/li>\n<li>\n<p class=\"title\"><a title=\"Infineon se lance dans les lunettes connect\u00e9es et HUD\" href=\"https:\/\/www.ecinews.fr\/fr\/infineon-se-lance-dans-les-lunettes-connectees-et-hud\/\" target=\"_blank\" rel=\"noopener\">Infineon se lance dans les lunettes connect\u00e9es et HUD<\/a><\/p>\n<\/li>\n<\/ul>\n<p><span class=\"VIiyi\" lang=\"fr\"><span class=\"JLqJ4b\" data-language-for-alternatives=\"fr\" data-language-to-translate-into=\"en\" data-phrase-index=\"0\" data-number-of-phrases=\"1\"><span class=\"Q4iAWc\">\u00ab\u00a0Avec les micro-lentilles, nous sommes heureux de souligner que l&rsquo;une des demandes les plus importantes dans le domaine,\u00a0 microLED au pas &lsquo;AR&rsquo;, sera au meilleur niveau de sa cat\u00e9gorie. En parall\u00e8le, nous travaillons sur nos premiers modules RGB et explorons des approches pour l&rsquo;int\u00e9gration RGB polychromatique \u00bb, a d\u00e9clar\u00e9 Sean Lord, PDG de MICLEDI Microdisplays.<\/span><\/span><\/span><\/p>\n<p><span class=\"VIiyi\" lang=\"fr\"><span class=\"JLqJ4b\" data-language-for-alternatives=\"fr\" data-language-to-translate-into=\"en\" data-phrase-index=\"0\" data-number-of-phrases=\"1\"><span class=\"Q4iAWc\">\u00abL&rsquo;int\u00e9gration des micro-lentilles dans un dispositif microLED \u00e0 pas serr\u00e9 est un des avantages des capacit\u00e9s de fabrication uniques de MICLEDI utilisant un \u00e9quipement de fabrication de wafers de 300 mm. Une mise en forme de faisceau de haute qualit\u00e9 n\u00e9cessite une pr\u00e9cision extr\u00eame et une pr\u00e9cision de superposition \u00e0 l&rsquo;\u00e9chelle nanom\u00e9trique qui ne peuvent \u00eatre atteintes que dans une usine de fabrication de wafers de 300 mm \u00bb, a d\u00e9clar\u00e9 le Dr Soeren Steudel, co-fondateur et CTO de MICLEDI Microdisplays.<\/span><\/span><\/span><\/p>\n<p><span class=\"VIiyi\" lang=\"fr\"><span class=\"JLqJ4b\" data-language-for-alternatives=\"fr\" data-language-to-translate-into=\"en\" data-phrase-index=\"0\" data-number-of-phrases=\"1\"><span class=\"Q4iAWc\">La soci\u00e9t\u00e9 est une spin-out du laboratoire de recherche imec en 2019 pour commercialiser la combinaison du traitement des mat\u00e9riaux III\/V, de l&rsquo;int\u00e9gration 3D et du traitement \u00e0 base de silicium de 300 mm avec un ASIC propri\u00e9taire pour fournir un \u00e9cran AR monolithique compact et autonome avec une qualit\u00e9 d&rsquo;image \u00e9lev\u00e9e et une meilleure efficacit\u00e9 \u00e9nerg\u00e9tique.<\/span><\/span><\/span><\/p>\n<p><a href=\"https:\/\/www.globenewswire.com\/Tracker?data=eORO86FbUPu4EO8SHhnsOQsGWVyZdaUu8hgrQ4usFaefGqO-PR_1J3CYURkPMQxz9M4JrbGwtY6GfideSW0iog==\">www.micledi.com<\/a><\/p>\n<h4>Autres articles microLED<\/h4>\n<ul>\n<li><a href=\"https:\/\/www.ecinews.fr\/news\/leurope-se-projette-au-dela-du-telephone-mobile-avec-la-ar\">L\u2019Europe se projette au del\u00e0 du t\u00e9l\u00e9phone mobile avec la AR<\/a><\/li>\n<li>\n<p><a href=\"https:\/\/www.ecinews.fr\/news\/eye-lights-startup-toulousaine-revolutionne-les-hud\">Eye Lights, startup toulousaine r\u00e9volutionne les HUD<\/a><\/p>\n<p><a href=\"https:\/\/www.electronique-eci.com\/news\/microled-sur-backplane-silicium-de-1920x1080-pixels\" target=\"www.electronique-eci.com\" rel=\"noopener\">MicroLED sur backplane Silicium de 1920\u00d71080 pixels <\/a><\/p>\n<p><a href=\"https:\/\/www.electronique-eci.com\/news\/les-mled-transforment-les-vitres-de-voiture-en-affichages-ar\" target=\"www.electronique-eci.com\" rel=\"noopener\">Les \u03bcLED transforment les vitres de voiture en affichages AR <\/a><\/p>\n<\/li>\n<\/ul>\n","protected":false},"excerpt":{"rendered":"<p>MICLEDI Microdisplays en Belgique a lanc\u00e9 les premiers composants microLED de l&rsquo;industrie avec des micro-lentilles int\u00e9gr\u00e9es pour la mise en forme du faisceau au niveau des pixels. La famille comprend des dispositifs microLED de 0,5 micron sur un pas inf\u00e9rieur \u00e0 3,0 microns, produits en utilisant le flux de fabrication exclusif sur wafers de 300 [&hellip;]<\/p>\n","protected":false},"author":34,"featured_media":392424,"comment_status":"closed","ping_status":"closed","sticky":false,"template":"","format":"standard","meta":{"_acf_changed":false,"footnotes":""},"categories":[886,26],"tags":[897,913],"domains":[47],"ppma_author":[1153],"class_list":["post-392427","post","type-post","status-publish","format-standard","has-post-thumbnail","hentry","category-news-fr","category-technology-news","tag-displays-interfaces-fr","tag-materials-processes-fr","domains-electronique-eci"],"acf":[],"yoast_head":"<title>Premier microLED avec int\u00e9gration de micro-lentilles ...<\/title>\n<meta name=\"description\" content=\"MICLEDI Microdisplays in Belgium has launched the industry\u2019s first microLED devices with integrated micro-lenses for pixel level beam shaping.\" \/>\n<meta name=\"robots\" content=\"index, follow, max-snippet:-1, max-image-preview:large, max-video-preview:-1\" \/>\n<link rel=\"canonical\" href=\"https:\/\/www.ecinews.fr\/fr\/wp-json\/wp\/v2\/posts\/392427\/\" \/>\n<meta property=\"og:locale\" content=\"fr_FR\" \/>\n<meta property=\"og:type\" content=\"article\" \/>\n<meta property=\"og:title\" content=\"Premier microLED avec int\u00e9gration de micro-lentilles\" \/>\n<meta property=\"og:description\" content=\"MICLEDI Microdisplays in Belgium has launched the industry\u2019s first microLED devices with integrated micro-lenses for pixel level beam shaping.\" \/>\n<meta property=\"og:url\" content=\"https:\/\/www.ecinews.fr\/fr\/wp-json\/wp\/v2\/posts\/392427\/\" \/>\n<meta property=\"og:site_name\" content=\"EENewsEurope\" \/>\n<meta property=\"article:published_time\" content=\"2022-08-15T19:16:47+00:00\" \/>\n<meta property=\"article:modified_time\" content=\"2022-08-16T05:55:11+00:00\" \/>\n<meta property=\"og:image\" content=\"https:\/\/www.ecinews.fr\/wp-content\/uploads\/2022\/08\/Microledi.png\" \/>\n\t<meta property=\"og:image:width\" content=\"830\" \/>\n\t<meta property=\"og:image:height\" content=\"487\" \/>\n\t<meta property=\"og:image:type\" content=\"image\/png\" \/>\n<meta name=\"author\" content=\"A Delapalisse\" \/>\n<meta name=\"twitter:card\" content=\"summary_large_image\" \/>\n<meta name=\"twitter:label1\" content=\"Written by\" \/>\n\t<meta name=\"twitter:data1\" content=\"A Delapalisse\" \/>\n\t<meta name=\"twitter:label2\" content=\"Est. reading time\" \/>\n\t<meta name=\"twitter:data2\" content=\"3 minutes\" \/>\n<script type=\"application\/ld+json\" class=\"yoast-schema-graph\">{\"@context\":\"https:\/\/schema.org\",\"@graph\":[{\"@type\":\"Article\",\"@id\":\"https:\/\/www.ecinews.fr\/fr\/premier-microled-avec-integration-de-micro-lentilles\/#article\",\"isPartOf\":{\"@id\":\"https:\/\/www.ecinews.fr\/fr\/premier-microled-avec-integration-de-micro-lentilles\/\"},\"author\":{\"name\":\"A Delapalisse\",\"@id\":\"https:\/\/www.ecinews.fr\/fr\/#\/schema\/person\/0aa2cfb0bd8949724a68cbac8d8321b4\"},\"headline\":\"Premier microLED avec int\u00e9gration de micro-lentilles\",\"datePublished\":\"2022-08-15T19:16:47+00:00\",\"dateModified\":\"2022-08-16T05:55:11+00:00\",\"mainEntityOfPage\":{\"@id\":\"https:\/\/www.ecinews.fr\/fr\/premier-microled-avec-integration-de-micro-lentilles\/\"},\"wordCount\":583,\"publisher\":{\"@id\":\"https:\/\/www.ecinews.fr\/fr\/#organization\"},\"keywords\":[\"Displays &amp; Interfaces\",\"Materials &amp; processes\"],\"articleSection\":[\"Actualit\u00e9 g\u00e9n\u00e9rale\",\"Technology News\"],\"inLanguage\":\"fr-FR\"},{\"@type\":\"WebPage\",\"@id\":\"https:\/\/www.ecinews.fr\/fr\/premier-microled-avec-integration-de-micro-lentilles\/\",\"url\":\"https:\/\/www.ecinews.fr\/fr\/premier-microled-avec-integration-de-micro-lentilles\/\",\"name\":\"Premier microLED avec int\u00e9gration de micro-lentilles -\",\"isPartOf\":{\"@id\":\"https:\/\/www.ecinews.fr\/fr\/#website\"},\"datePublished\":\"2022-08-15T19:16:47+00:00\",\"dateModified\":\"2022-08-16T05:55:11+00:00\",\"description\":\"MICLEDI Microdisplays in Belgium has launched the industry\u2019s first microLED devices with integrated micro-lenses for pixel level beam shaping.\",\"breadcrumb\":{\"@id\":\"https:\/\/www.ecinews.fr\/fr\/premier-microled-avec-integration-de-micro-lentilles\/#breadcrumb\"},\"inLanguage\":\"fr-FR\",\"potentialAction\":[{\"@type\":\"ReadAction\",\"target\":[\"https:\/\/www.ecinews.fr\/fr\/premier-microled-avec-integration-de-micro-lentilles\/\"]}]},{\"@type\":\"BreadcrumbList\",\"@id\":\"https:\/\/www.ecinews.fr\/fr\/premier-microled-avec-integration-de-micro-lentilles\/#breadcrumb\",\"itemListElement\":[{\"@type\":\"ListItem\",\"position\":1,\"name\":\"Home\",\"item\":\"https:\/\/www.ecinews.fr\/fr\/\"},{\"@type\":\"ListItem\",\"position\":2,\"name\":\"Premier microLED avec int\u00e9gration de micro-lentilles\"}]},{\"@type\":\"WebSite\",\"@id\":\"https:\/\/www.ecinews.fr\/fr\/#website\",\"url\":\"https:\/\/www.ecinews.fr\/fr\/\",\"name\":\"EENewsEurope\",\"description\":\"Just another WordPress site\",\"publisher\":{\"@id\":\"https:\/\/www.ecinews.fr\/fr\/#organization\"},\"potentialAction\":[{\"@type\":\"SearchAction\",\"target\":{\"@type\":\"EntryPoint\",\"urlTemplate\":\"https:\/\/www.ecinews.fr\/fr\/?s={search_term_string}\"},\"query-input\":\"required name=search_term_string\"}],\"inLanguage\":\"fr-FR\"},{\"@type\":\"Organization\",\"@id\":\"https:\/\/www.ecinews.fr\/fr\/#organization\",\"name\":\"EENewsEurope\",\"url\":\"https:\/\/www.ecinews.fr\/fr\/\",\"logo\":{\"@type\":\"ImageObject\",\"inLanguage\":\"fr-FR\",\"@id\":\"https:\/\/www.ecinews.fr\/fr\/#\/schema\/logo\/image\/\",\"url\":\"https:\/\/www.ecinews.fr\/wp-content\/uploads\/2022\/02\/logo-1.jpg\",\"contentUrl\":\"https:\/\/www.ecinews.fr\/wp-content\/uploads\/2022\/02\/logo-1.jpg\",\"width\":283,\"height\":113,\"caption\":\"EENewsEurope\"},\"image\":{\"@id\":\"https:\/\/www.ecinews.fr\/fr\/#\/schema\/logo\/image\/\"}},{\"@type\":\"Person\",\"@id\":\"https:\/\/www.ecinews.fr\/fr\/#\/schema\/person\/0aa2cfb0bd8949724a68cbac8d8321b4\",\"name\":\"A Delapalisse\",\"image\":{\"@type\":\"ImageObject\",\"inLanguage\":\"fr-FR\",\"@id\":\"https:\/\/www.ecinews.fr\/fr\/#\/schema\/person\/image\/211ac42237c2e9683c0964086c393cb4\",\"url\":\"https:\/\/secure.gravatar.com\/avatar\/ad45a8c5da24bc9c7c4940dd1c48a695?s=96&d=mm&r=g\",\"contentUrl\":\"https:\/\/secure.gravatar.com\/avatar\/ad45a8c5da24bc9c7c4940dd1c48a695?s=96&d=mm&r=g\",\"caption\":\"A Delapalisse\"},\"sameAs\":[\"http:\/\/ECI\"]}]}<\/script>","yoast_head_json":{"title":"Premier microLED avec int\u00e9gration de micro-lentilles ...","description":"MICLEDI Microdisplays in Belgium has launched the industry\u2019s first microLED devices with integrated micro-lenses for pixel level beam shaping.","robots":{"index":"index","follow":"follow","max-snippet":"max-snippet:-1","max-image-preview":"max-image-preview:large","max-video-preview":"max-video-preview:-1"},"canonical":"https:\/\/www.ecinews.fr\/fr\/wp-json\/wp\/v2\/posts\/392427\/","og_locale":"fr_FR","og_type":"article","og_title":"Premier microLED avec int\u00e9gration de micro-lentilles","og_description":"MICLEDI Microdisplays in Belgium has launched the industry\u2019s first microLED devices with integrated micro-lenses for pixel level beam shaping.","og_url":"https:\/\/www.ecinews.fr\/fr\/wp-json\/wp\/v2\/posts\/392427\/","og_site_name":"EENewsEurope","article_published_time":"2022-08-15T19:16:47+00:00","article_modified_time":"2022-08-16T05:55:11+00:00","og_image":[{"width":830,"height":487,"url":"https:\/\/www.ecinews.fr\/wp-content\/uploads\/2022\/08\/Microledi.png","type":"image\/png"}],"author":"A Delapalisse","twitter_card":"summary_large_image","twitter_misc":{"Written by":"A Delapalisse","Est. reading time":"3 minutes"},"schema":{"@context":"https:\/\/schema.org","@graph":[{"@type":"Article","@id":"https:\/\/www.ecinews.fr\/fr\/premier-microled-avec-integration-de-micro-lentilles\/#article","isPartOf":{"@id":"https:\/\/www.ecinews.fr\/fr\/premier-microled-avec-integration-de-micro-lentilles\/"},"author":{"name":"A Delapalisse","@id":"https:\/\/www.ecinews.fr\/fr\/#\/schema\/person\/0aa2cfb0bd8949724a68cbac8d8321b4"},"headline":"Premier microLED avec int\u00e9gration de micro-lentilles","datePublished":"2022-08-15T19:16:47+00:00","dateModified":"2022-08-16T05:55:11+00:00","mainEntityOfPage":{"@id":"https:\/\/www.ecinews.fr\/fr\/premier-microled-avec-integration-de-micro-lentilles\/"},"wordCount":583,"publisher":{"@id":"https:\/\/www.ecinews.fr\/fr\/#organization"},"keywords":["Displays &amp; Interfaces","Materials &amp; processes"],"articleSection":["Actualit\u00e9 g\u00e9n\u00e9rale","Technology News"],"inLanguage":"fr-FR"},{"@type":"WebPage","@id":"https:\/\/www.ecinews.fr\/fr\/premier-microled-avec-integration-de-micro-lentilles\/","url":"https:\/\/www.ecinews.fr\/fr\/premier-microled-avec-integration-de-micro-lentilles\/","name":"Premier microLED avec int\u00e9gration de micro-lentilles -","isPartOf":{"@id":"https:\/\/www.ecinews.fr\/fr\/#website"},"datePublished":"2022-08-15T19:16:47+00:00","dateModified":"2022-08-16T05:55:11+00:00","description":"MICLEDI Microdisplays in Belgium has launched the industry\u2019s first microLED devices with integrated micro-lenses for pixel level beam shaping.","breadcrumb":{"@id":"https:\/\/www.ecinews.fr\/fr\/premier-microled-avec-integration-de-micro-lentilles\/#breadcrumb"},"inLanguage":"fr-FR","potentialAction":[{"@type":"ReadAction","target":["https:\/\/www.ecinews.fr\/fr\/premier-microled-avec-integration-de-micro-lentilles\/"]}]},{"@type":"BreadcrumbList","@id":"https:\/\/www.ecinews.fr\/fr\/premier-microled-avec-integration-de-micro-lentilles\/#breadcrumb","itemListElement":[{"@type":"ListItem","position":1,"name":"Home","item":"https:\/\/www.ecinews.fr\/fr\/"},{"@type":"ListItem","position":2,"name":"Premier microLED avec int\u00e9gration de micro-lentilles"}]},{"@type":"WebSite","@id":"https:\/\/www.ecinews.fr\/fr\/#website","url":"https:\/\/www.ecinews.fr\/fr\/","name":"EENewsEurope","description":"Just another WordPress site","publisher":{"@id":"https:\/\/www.ecinews.fr\/fr\/#organization"},"potentialAction":[{"@type":"SearchAction","target":{"@type":"EntryPoint","urlTemplate":"https:\/\/www.ecinews.fr\/fr\/?s={search_term_string}"},"query-input":"required name=search_term_string"}],"inLanguage":"fr-FR"},{"@type":"Organization","@id":"https:\/\/www.ecinews.fr\/fr\/#organization","name":"EENewsEurope","url":"https:\/\/www.ecinews.fr\/fr\/","logo":{"@type":"ImageObject","inLanguage":"fr-FR","@id":"https:\/\/www.ecinews.fr\/fr\/#\/schema\/logo\/image\/","url":"https:\/\/www.ecinews.fr\/wp-content\/uploads\/2022\/02\/logo-1.jpg","contentUrl":"https:\/\/www.ecinews.fr\/wp-content\/uploads\/2022\/02\/logo-1.jpg","width":283,"height":113,"caption":"EENewsEurope"},"image":{"@id":"https:\/\/www.ecinews.fr\/fr\/#\/schema\/logo\/image\/"}},{"@type":"Person","@id":"https:\/\/www.ecinews.fr\/fr\/#\/schema\/person\/0aa2cfb0bd8949724a68cbac8d8321b4","name":"A Delapalisse","image":{"@type":"ImageObject","inLanguage":"fr-FR","@id":"https:\/\/www.ecinews.fr\/fr\/#\/schema\/person\/image\/211ac42237c2e9683c0964086c393cb4","url":"https:\/\/secure.gravatar.com\/avatar\/ad45a8c5da24bc9c7c4940dd1c48a695?s=96&d=mm&r=g","contentUrl":"https:\/\/secure.gravatar.com\/avatar\/ad45a8c5da24bc9c7c4940dd1c48a695?s=96&d=mm&r=g","caption":"A Delapalisse"},"sameAs":["http:\/\/ECI"]}]}},"authors":[{"term_id":1153,"user_id":34,"is_guest":0,"slug":"adelapalisse","display_name":"A Delapalisse","avatar_url":"https:\/\/secure.gravatar.com\/avatar\/ad45a8c5da24bc9c7c4940dd1c48a695?s=96&d=mm&r=g","0":null,"1":"","2":"","3":"","4":"","5":"","6":"","7":"","8":""}],"_links":{"self":[{"href":"https:\/\/www.ecinews.fr\/fr\/wp-json\/wp\/v2\/posts\/392427"}],"collection":[{"href":"https:\/\/www.ecinews.fr\/fr\/wp-json\/wp\/v2\/posts"}],"about":[{"href":"https:\/\/www.ecinews.fr\/fr\/wp-json\/wp\/v2\/types\/post"}],"author":[{"embeddable":true,"href":"https:\/\/www.ecinews.fr\/fr\/wp-json\/wp\/v2\/users\/34"}],"replies":[{"embeddable":true,"href":"https:\/\/www.ecinews.fr\/fr\/wp-json\/wp\/v2\/comments?post=392427"}],"version-history":[{"count":0,"href":"https:\/\/www.ecinews.fr\/fr\/wp-json\/wp\/v2\/posts\/392427\/revisions"}],"wp:featuredmedia":[{"embeddable":true,"href":"https:\/\/www.ecinews.fr\/fr\/wp-json\/wp\/v2\/media\/392424"}],"wp:attachment":[{"href":"https:\/\/www.ecinews.fr\/fr\/wp-json\/wp\/v2\/media?parent=392427"}],"wp:term":[{"taxonomy":"category","embeddable":true,"href":"https:\/\/www.ecinews.fr\/fr\/wp-json\/wp\/v2\/categories?post=392427"},{"taxonomy":"post_tag","embeddable":true,"href":"https:\/\/www.ecinews.fr\/fr\/wp-json\/wp\/v2\/tags?post=392427"},{"taxonomy":"domains","embeddable":true,"href":"https:\/\/www.ecinews.fr\/fr\/wp-json\/wp\/v2\/domains?post=392427"},{"taxonomy":"author","embeddable":true,"href":"https:\/\/www.ecinews.fr\/fr\/wp-json\/wp\/v2\/ppma_author?post=392427"}],"curies":[{"name":"wp","href":"https:\/\/api.w.org\/{rel}","templated":true}]}}