{"id":392292,"date":"2022-08-11T22:59:35","date_gmt":"2022-08-11T20:59:35","guid":{"rendered":"https:\/\/www.ecinews.fr\/?p=392292"},"modified":"2022-08-11T22:59:35","modified_gmt":"2022-08-11T20:59:35","slug":"modules-de-camera-infrarouge-faciles-a-integrer","status":"publish","type":"post","link":"https:\/\/www.ecinews.fr\/fr\/modules-de-camera-infrarouge-faciles-a-integrer\/","title":{"rendered":"Modules de cam\u00e9ra infrarouge fa\u00e7iles \u00e0 int\u00e9grer"},"content":{"rendered":"<p>Teledyne FLIR, filiale de Teledyne Technologies Incorporated, a annonc\u00e9 la sortie du Neutrino LC CZ 15-300, dernier mod\u00e8le de la s\u00e9rie Neutrino IS de modules de cam\u00e9ra infrarouge \u00e0 longueur d&rsquo;onde moyenne (MWIR) avec des objectifs int\u00e9gr\u00e9s \u00e0 zoom continu (CZ). Con\u00e7ue pour les solutions int\u00e9gr\u00e9es n\u00e9cessitant une imagerie MWIR nette, longue port\u00e9e, SD ou HD, la s\u00e9rie Neutrino IS sans ITAR offre des avantages en termes de dimension, de poids, de puissance et de co\u00fbt (SWaP+C) aux fabricants d&rsquo;\u00e9quipements d&rsquo;origine (OEM) et aux int\u00e9grateurs de syst\u00e8mes pour les applications a\u00e9roport\u00e9es, sans pilote, C-UAS, de s\u00e9curit\u00e9, ISR et de ciblage.<br \/>\n\u00ab Le portefeuille de la s\u00e9rie Neutrino IS et notre capacit\u00e9 \u00e0 combiner nos cam\u00e9ras et objectifs MWIR pr\u00eats \u00e0 l&#8217;emploi assurent aux int\u00e9grateurs des d\u00e9lais de commercialisation plus courts, des performances sup\u00e9rieures et un co\u00fbt r\u00e9duit \u00bb, explique Dan Walker, Vice-pr\u00e9sident de Teledyne FLIR charg\u00e9 de la gestion des produits. \u00ab Le lancement de ce mod\u00e8le d\u00e9montre notre capacit\u00e9 d&rsquo;int\u00e9gration rapide \u00e0 partir d&rsquo;un seul fournisseur, alors qu\u2019il en fallait auparavant plusieurs et plus de deux ans pour y parvenir \u00bb.<br \/>\nReposant sur la technologie FPA \u00e0 temp\u00e9rature de fonctionnement \u00e9lev\u00e9e (HOT) de Teledyne FLIR, le Neutrino LC CZ 15-300 se distingue par des performances \u00e9lev\u00e9es, une imagerie MWIR HD de 640&#215;512 et une capacit\u00e9 CZ de 15 mm \u00e0 300 mm pour des produits renforc\u00e9s n\u00e9cessitant une grande long\u00e9vit\u00e9, une faible consommation d\u2019\u00e9nergie et un fonctionnement silencieux et \u00e0 faible vibration. Le cryor\u00e9frig\u00e9rant lin\u00e9aire FL-100 \u00e0 longue dur\u00e9e procure un fonctionnement fiable et b\u00e9n\u00e9ficie d\u2019une garantie de deux ans, la meilleure du secteur, ce qui r\u00e9duit davantage le risque d&rsquo;int\u00e9gration et le co\u00fbt de possession.<br \/>\nTous les produits Neutrino IS comprennent un objectif Teledyne FLIR CZ int\u00e9gr\u00e9 \u00e0 un module de cam\u00e9ra Neutrino SWaP (VGA ou SXGA). Chaque module de cam\u00e9ra et chaque objectif sont con\u00e7us pour \u00eatre adapt\u00e9s l&rsquo;un \u00e0 l&rsquo;autre, offrant ainsi des performances optimales qui ne sont pas r\u00e9alisables lors de l\u2019achat et de l\u2019int\u00e9gration de cam\u00e9ras et d\u2019objectifs provenant de sources multiples. Teledyne FLIR fournit \u00e9galement des \u00e9quipes de services techniques hautement qualifi\u00e9es pour le soutien \u00e0 l&rsquo;int\u00e9gration et l&rsquo;expertise tout au long du cycle de d\u00e9veloppement et de conception.<\/p>\n<p><a href=\"http:\/\/www.teledyneflir.com\/neutrino\">www.teledyneflir.com\/neutrino<\/a>.<\/p>\n<p>&nbsp;<\/p>\n","protected":false},"excerpt":{"rendered":"<p>Le dernier module de la s\u00e9rie Neutrino IS sans ITAR raccourcit les d\u00e9lais de mise sur le march\u00e9 pour les applications commerciales, industrielles et de d\u00e9fense.<\/p>\n","protected":false},"author":36,"featured_media":392293,"comment_status":"closed","ping_status":"closed","sticky":false,"template":"","format":"standard","meta":{"_acf_changed":false,"footnotes":""},"categories":[881],"tags":[1321],"domains":[47],"ppma_author":[1154],"class_list":["post-392292","post","type-post","status-publish","format-standard","has-post-thumbnail","hentry","category-nouveaux-produits","tag-cameras","domains-electronique-eci"],"acf":[],"yoast_head":"<title>Modules de cam\u00e9ra infrarouge fa\u00e7iles \u00e0 int\u00e9grer ...<\/title>\n<meta name=\"description\" content=\"Le dernier module de la s\u00e9rie Neutrino IS sans ITAR raccourcit les d\u00e9lais de mise sur le march\u00e9 pour les applications commerciales, industrielles et de...\" \/>\n<meta name=\"robots\" content=\"index, follow, max-snippet:-1, max-image-preview:large, max-video-preview:-1\" \/>\n<link rel=\"canonical\" href=\"https:\/\/www.ecinews.fr\/fr\/wp-json\/wp\/v2\/posts\/392292\/\" \/>\n<meta property=\"og:locale\" content=\"fr_FR\" \/>\n<meta property=\"og:type\" content=\"article\" \/>\n<meta property=\"og:title\" content=\"Modules de cam\u00e9ra infrarouge fa\u00e7iles \u00e0 int\u00e9grer\" \/>\n<meta property=\"og:description\" content=\"Le dernier module de la s\u00e9rie Neutrino IS sans ITAR raccourcit les d\u00e9lais de mise sur le march\u00e9 pour les applications commerciales, industrielles et de d\u00e9fense.\" \/>\n<meta property=\"og:url\" content=\"https:\/\/www.ecinews.fr\/fr\/wp-json\/wp\/v2\/posts\/392292\/\" \/>\n<meta property=\"og:site_name\" content=\"EENewsEurope\" \/>\n<meta property=\"article:published_time\" content=\"2022-08-11T20:59:35+00:00\" \/>\n<meta property=\"og:image\" content=\"https:\/\/www.ecinews.fr\/wp-content\/uploads\/2022\/08\/ECI1362_Flir_Teledyne-scaled.jpg\" \/>\n\t<meta property=\"og:image:width\" content=\"1080\" \/>\n\t<meta property=\"og:image:height\" content=\"677\" \/>\n\t<meta property=\"og:image:type\" content=\"image\/jpeg\" \/>\n<meta name=\"author\" content=\"Alain Dieul\" \/>\n<meta name=\"twitter:card\" content=\"summary_large_image\" \/>\n<meta name=\"twitter:label1\" content=\"Written by\" \/>\n\t<meta name=\"twitter:data1\" content=\"Alain Dieul\" \/>\n\t<meta name=\"twitter:label2\" content=\"Est. reading time\" \/>\n\t<meta name=\"twitter:data2\" content=\"2 minutes\" \/>\n<script type=\"application\/ld+json\" class=\"yoast-schema-graph\">{\"@context\":\"https:\/\/schema.org\",\"@graph\":[{\"@type\":\"Article\",\"@id\":\"https:\/\/www.ecinews.fr\/fr\/modules-de-camera-infrarouge-faciles-a-integrer\/#article\",\"isPartOf\":{\"@id\":\"https:\/\/www.ecinews.fr\/fr\/modules-de-camera-infrarouge-faciles-a-integrer\/\"},\"author\":{\"name\":\"Alain Dieul\",\"@id\":\"https:\/\/www.eenewseurope.com\/en\/#\/schema\/person\/e4387676ad67ce722325c7832f3c3762\"},\"headline\":\"Modules de cam\u00e9ra infrarouge fa\u00e7iles \u00e0 int\u00e9grer\",\"datePublished\":\"2022-08-11T20:59:35+00:00\",\"dateModified\":\"2022-08-11T20:59:35+00:00\",\"mainEntityOfPage\":{\"@id\":\"https:\/\/www.ecinews.fr\/fr\/modules-de-camera-infrarouge-faciles-a-integrer\/\"},\"wordCount\":435,\"publisher\":{\"@id\":\"https:\/\/www.eenewseurope.com\/en\/#organization\"},\"keywords\":[\"Cam\u00e9ras\"],\"articleSection\":[\"Nouveaux produits\"],\"inLanguage\":\"fr-FR\"},{\"@type\":\"WebPage\",\"@id\":\"https:\/\/www.ecinews.fr\/fr\/modules-de-camera-infrarouge-faciles-a-integrer\/\",\"url\":\"https:\/\/www.ecinews.fr\/fr\/modules-de-camera-infrarouge-faciles-a-integrer\/\",\"name\":\"Modules de cam\u00e9ra infrarouge fa\u00e7iles \u00e0 int\u00e9grer -\",\"isPartOf\":{\"@id\":\"https:\/\/www.eenewseurope.com\/en\/#website\"},\"datePublished\":\"2022-08-11T20:59:35+00:00\",\"dateModified\":\"2022-08-11T20:59:35+00:00\",\"breadcrumb\":{\"@id\":\"https:\/\/www.ecinews.fr\/fr\/modules-de-camera-infrarouge-faciles-a-integrer\/#breadcrumb\"},\"inLanguage\":\"fr-FR\",\"potentialAction\":[{\"@type\":\"ReadAction\",\"target\":[\"https:\/\/www.ecinews.fr\/fr\/modules-de-camera-infrarouge-faciles-a-integrer\/\"]}]},{\"@type\":\"BreadcrumbList\",\"@id\":\"https:\/\/www.ecinews.fr\/fr\/modules-de-camera-infrarouge-faciles-a-integrer\/#breadcrumb\",\"itemListElement\":[{\"@type\":\"ListItem\",\"position\":1,\"name\":\"Home\",\"item\":\"https:\/\/www.ecinews.fr\/fr\/\"},{\"@type\":\"ListItem\",\"position\":2,\"name\":\"Modules de cam\u00e9ra infrarouge fa\u00e7iles \u00e0 int\u00e9grer\"}]},{\"@type\":\"WebSite\",\"@id\":\"https:\/\/www.eenewseurope.com\/en\/#website\",\"url\":\"https:\/\/www.eenewseurope.com\/en\/\",\"name\":\"EENewsEurope\",\"description\":\"Just another WordPress site\",\"publisher\":{\"@id\":\"https:\/\/www.eenewseurope.com\/en\/#organization\"},\"potentialAction\":[{\"@type\":\"SearchAction\",\"target\":{\"@type\":\"EntryPoint\",\"urlTemplate\":\"https:\/\/www.eenewseurope.com\/en\/?s={search_term_string}\"},\"query-input\":\"required name=search_term_string\"}],\"inLanguage\":\"fr-FR\"},{\"@type\":\"Organization\",\"@id\":\"https:\/\/www.eenewseurope.com\/en\/#organization\",\"name\":\"EENewsEurope\",\"url\":\"https:\/\/www.eenewseurope.com\/en\/\",\"logo\":{\"@type\":\"ImageObject\",\"inLanguage\":\"fr-FR\",\"@id\":\"https:\/\/www.eenewseurope.com\/en\/#\/schema\/logo\/image\/\",\"url\":\"https:\/\/www.ecinews.fr\/wp-content\/uploads\/2022\/02\/logo-1.jpg\",\"contentUrl\":\"https:\/\/www.ecinews.fr\/wp-content\/uploads\/2022\/02\/logo-1.jpg\",\"width\":283,\"height\":113,\"caption\":\"EENewsEurope\"},\"image\":{\"@id\":\"https:\/\/www.eenewseurope.com\/en\/#\/schema\/logo\/image\/\"}},{\"@type\":\"Person\",\"@id\":\"https:\/\/www.eenewseurope.com\/en\/#\/schema\/person\/e4387676ad67ce722325c7832f3c3762\",\"name\":\"Alain Dieul\",\"image\":{\"@type\":\"ImageObject\",\"inLanguage\":\"fr-FR\",\"@id\":\"https:\/\/www.eenewseurope.com\/en\/#\/schema\/person\/image\/736120675699dbbf0f0f282b9a9cfb75\",\"url\":\"https:\/\/secure.gravatar.com\/avatar\/bc93b056d07515be5b8eecd4acf49c5c?s=96&d=mm&r=g\",\"contentUrl\":\"https:\/\/secure.gravatar.com\/avatar\/bc93b056d07515be5b8eecd4acf49c5c?s=96&d=mm&r=g\",\"caption\":\"Alain Dieul\"},\"sameAs\":[\"http:\/\/ECINews\"]}]}<\/script>","yoast_head_json":{"title":"Modules de cam\u00e9ra infrarouge fa\u00e7iles \u00e0 int\u00e9grer ...","description":"Le dernier module de la s\u00e9rie Neutrino IS sans ITAR raccourcit les d\u00e9lais de mise sur le march\u00e9 pour les applications commerciales, industrielles et de...","robots":{"index":"index","follow":"follow","max-snippet":"max-snippet:-1","max-image-preview":"max-image-preview:large","max-video-preview":"max-video-preview:-1"},"canonical":"https:\/\/www.ecinews.fr\/fr\/wp-json\/wp\/v2\/posts\/392292\/","og_locale":"fr_FR","og_type":"article","og_title":"Modules de cam\u00e9ra infrarouge fa\u00e7iles \u00e0 int\u00e9grer","og_description":"Le dernier module de la s\u00e9rie Neutrino IS sans ITAR raccourcit les d\u00e9lais de mise sur le march\u00e9 pour les applications commerciales, industrielles et de d\u00e9fense.","og_url":"https:\/\/www.ecinews.fr\/fr\/wp-json\/wp\/v2\/posts\/392292\/","og_site_name":"EENewsEurope","article_published_time":"2022-08-11T20:59:35+00:00","og_image":[{"width":1080,"height":677,"url":"https:\/\/www.ecinews.fr\/wp-content\/uploads\/2022\/08\/ECI1362_Flir_Teledyne-scaled.jpg","type":"image\/jpeg"}],"author":"Alain Dieul","twitter_card":"summary_large_image","twitter_misc":{"Written by":"Alain Dieul","Est. reading time":"2 minutes"},"schema":{"@context":"https:\/\/schema.org","@graph":[{"@type":"Article","@id":"https:\/\/www.ecinews.fr\/fr\/modules-de-camera-infrarouge-faciles-a-integrer\/#article","isPartOf":{"@id":"https:\/\/www.ecinews.fr\/fr\/modules-de-camera-infrarouge-faciles-a-integrer\/"},"author":{"name":"Alain Dieul","@id":"https:\/\/www.eenewseurope.com\/en\/#\/schema\/person\/e4387676ad67ce722325c7832f3c3762"},"headline":"Modules de cam\u00e9ra infrarouge fa\u00e7iles \u00e0 int\u00e9grer","datePublished":"2022-08-11T20:59:35+00:00","dateModified":"2022-08-11T20:59:35+00:00","mainEntityOfPage":{"@id":"https:\/\/www.ecinews.fr\/fr\/modules-de-camera-infrarouge-faciles-a-integrer\/"},"wordCount":435,"publisher":{"@id":"https:\/\/www.eenewseurope.com\/en\/#organization"},"keywords":["Cam\u00e9ras"],"articleSection":["Nouveaux produits"],"inLanguage":"fr-FR"},{"@type":"WebPage","@id":"https:\/\/www.ecinews.fr\/fr\/modules-de-camera-infrarouge-faciles-a-integrer\/","url":"https:\/\/www.ecinews.fr\/fr\/modules-de-camera-infrarouge-faciles-a-integrer\/","name":"Modules de cam\u00e9ra infrarouge fa\u00e7iles \u00e0 int\u00e9grer -","isPartOf":{"@id":"https:\/\/www.eenewseurope.com\/en\/#website"},"datePublished":"2022-08-11T20:59:35+00:00","dateModified":"2022-08-11T20:59:35+00:00","breadcrumb":{"@id":"https:\/\/www.ecinews.fr\/fr\/modules-de-camera-infrarouge-faciles-a-integrer\/#breadcrumb"},"inLanguage":"fr-FR","potentialAction":[{"@type":"ReadAction","target":["https:\/\/www.ecinews.fr\/fr\/modules-de-camera-infrarouge-faciles-a-integrer\/"]}]},{"@type":"BreadcrumbList","@id":"https:\/\/www.ecinews.fr\/fr\/modules-de-camera-infrarouge-faciles-a-integrer\/#breadcrumb","itemListElement":[{"@type":"ListItem","position":1,"name":"Home","item":"https:\/\/www.ecinews.fr\/fr\/"},{"@type":"ListItem","position":2,"name":"Modules de cam\u00e9ra infrarouge fa\u00e7iles \u00e0 int\u00e9grer"}]},{"@type":"WebSite","@id":"https:\/\/www.eenewseurope.com\/en\/#website","url":"https:\/\/www.eenewseurope.com\/en\/","name":"EENewsEurope","description":"Just another WordPress site","publisher":{"@id":"https:\/\/www.eenewseurope.com\/en\/#organization"},"potentialAction":[{"@type":"SearchAction","target":{"@type":"EntryPoint","urlTemplate":"https:\/\/www.eenewseurope.com\/en\/?s={search_term_string}"},"query-input":"required name=search_term_string"}],"inLanguage":"fr-FR"},{"@type":"Organization","@id":"https:\/\/www.eenewseurope.com\/en\/#organization","name":"EENewsEurope","url":"https:\/\/www.eenewseurope.com\/en\/","logo":{"@type":"ImageObject","inLanguage":"fr-FR","@id":"https:\/\/www.eenewseurope.com\/en\/#\/schema\/logo\/image\/","url":"https:\/\/www.ecinews.fr\/wp-content\/uploads\/2022\/02\/logo-1.jpg","contentUrl":"https:\/\/www.ecinews.fr\/wp-content\/uploads\/2022\/02\/logo-1.jpg","width":283,"height":113,"caption":"EENewsEurope"},"image":{"@id":"https:\/\/www.eenewseurope.com\/en\/#\/schema\/logo\/image\/"}},{"@type":"Person","@id":"https:\/\/www.eenewseurope.com\/en\/#\/schema\/person\/e4387676ad67ce722325c7832f3c3762","name":"Alain Dieul","image":{"@type":"ImageObject","inLanguage":"fr-FR","@id":"https:\/\/www.eenewseurope.com\/en\/#\/schema\/person\/image\/736120675699dbbf0f0f282b9a9cfb75","url":"https:\/\/secure.gravatar.com\/avatar\/bc93b056d07515be5b8eecd4acf49c5c?s=96&d=mm&r=g","contentUrl":"https:\/\/secure.gravatar.com\/avatar\/bc93b056d07515be5b8eecd4acf49c5c?s=96&d=mm&r=g","caption":"Alain Dieul"},"sameAs":["http:\/\/ECINews"]}]}},"authors":[{"term_id":1154,"user_id":36,"is_guest":0,"slug":"alain-dieul","display_name":"Alain Dieul","avatar_url":"https:\/\/secure.gravatar.com\/avatar\/bc93b056d07515be5b8eecd4acf49c5c?s=96&d=mm&r=g","0":null,"1":"","2":"","3":"","4":"","5":"","6":"","7":"","8":""}],"_links":{"self":[{"href":"https:\/\/www.ecinews.fr\/fr\/wp-json\/wp\/v2\/posts\/392292"}],"collection":[{"href":"https:\/\/www.ecinews.fr\/fr\/wp-json\/wp\/v2\/posts"}],"about":[{"href":"https:\/\/www.ecinews.fr\/fr\/wp-json\/wp\/v2\/types\/post"}],"author":[{"embeddable":true,"href":"https:\/\/www.ecinews.fr\/fr\/wp-json\/wp\/v2\/users\/36"}],"replies":[{"embeddable":true,"href":"https:\/\/www.ecinews.fr\/fr\/wp-json\/wp\/v2\/comments?post=392292"}],"version-history":[{"count":0,"href":"https:\/\/www.ecinews.fr\/fr\/wp-json\/wp\/v2\/posts\/392292\/revisions"}],"wp:featuredmedia":[{"embeddable":true,"href":"https:\/\/www.ecinews.fr\/fr\/wp-json\/wp\/v2\/media\/392293"}],"wp:attachment":[{"href":"https:\/\/www.ecinews.fr\/fr\/wp-json\/wp\/v2\/media?parent=392292"}],"wp:term":[{"taxonomy":"category","embeddable":true,"href":"https:\/\/www.ecinews.fr\/fr\/wp-json\/wp\/v2\/categories?post=392292"},{"taxonomy":"post_tag","embeddable":true,"href":"https:\/\/www.ecinews.fr\/fr\/wp-json\/wp\/v2\/tags?post=392292"},{"taxonomy":"domains","embeddable":true,"href":"https:\/\/www.ecinews.fr\/fr\/wp-json\/wp\/v2\/domains?post=392292"},{"taxonomy":"author","embeddable":true,"href":"https:\/\/www.ecinews.fr\/fr\/wp-json\/wp\/v2\/ppma_author?post=392292"}],"curies":[{"name":"wp","href":"https:\/\/api.w.org\/{rel}","templated":true}]}}