{"id":392021,"date":"2022-08-09T09:36:26","date_gmt":"2022-08-09T07:36:26","guid":{"rendered":"https:\/\/www.ecinews.fr\/?p=392021"},"modified":"2022-08-09T09:36:26","modified_gmt":"2022-08-09T07:36:26","slug":"des-ssd-destines-au-marche-de-ledge-ai","status":"publish","type":"post","link":"https:\/\/www.ecinews.fr\/fr\/des-ssd-destines-au-marche-de-ledge-ai\/","title":{"rendered":"Des SSD destin\u00e9s au march\u00e9 de l\u2019Edge AI"},"content":{"rendered":"<p>Leader mondial dans le domaine des solutions de stockage de qualit\u00e9 industrielle et de p\u00e9riph\u00e9riques embarqu\u00e9s, Innodisk a officiellement lanc\u00e9 la nouvelle gamme suivante de produits SSD destin\u00e9s \u00e0 l\u2019Edge computing : 2.5\u201d\u00a0<a href=\"https:\/\/www.innodisk.com\/en\/products\/flash-storage\/ssd\/25-sata-ssd-3ts6-p\">SATA 3TS6-P<\/a>, 3TS9-P et\u00a0<a href=\"https:\/\/www.innodisk.com\/en\/products\/flash-storage\/m2-sata\/m2-p80-4ts2-p\">M.2 (P80) 4TS2-P.<\/a>\u00a0Ces nouveaux SSD destin\u00e9s au march\u00e9 de l\u2019Edge AI pr\u00e9sentent une latence faible, un DWPD (drive writes per day) \u00e9lev\u00e9 et de grandes capacit\u00e9s. Par ailleurs, ils incluent les technologies\u00a0<a href=\"https:\/\/www.innodisk.com\/en\/technology\/stability\/icell-technology\">iCell<\/a>\u00a0et\u00a0<a href=\"https:\/\/www.innodisk.com\/en\/technology\/security\">AES<\/a>\u00a0qui offrent une protection contre la perte et la violation des donn\u00e9es. Avec ces nouveaux produits, Innodisk cible les commerces connect\u00e9s, les villes connect\u00e9es, la gestion connect\u00e9e de flottes de v\u00e9hicules ou encore les applications utilisant des serveurs de stockage NAS. En effet, cette nouvelle gamme offre une vitesse \u00e9lev\u00e9e, une fiabilit\u00e9 et une qualit\u00e9 industrielle de haut niveau ; ce qui correspond aux besoins croissants du march\u00e9.<\/p>\n<p>D&rsquo;apr\u00e8s des \u00e9tudes, le march\u00e9 de l\u2019Edge data devrait atteindre un taux de croissance annuel de 24.58% entre 2020 et 2028. Avec le d\u00e9veloppement rapide de l\u2019intelligence artificielle (AI), des objets connect\u00e9s (IoT) et de la 5G, l\u2019utilisation des donn\u00e9es est pass\u00e9e du Cloud aux applications Edge, accroissant ainsi la demande de serveurs Edge et de centre de donn\u00e9es Edge. Innodisk est pr\u00eat \u00e0 d\u00e9ployer ses solutions pour le march\u00e9 des serveurs Edge et ainsi, \u00e0 ouvrir la voie \u00e0 de nouvelles opportunit\u00e9s commerciales.<\/p>\n<p>Les SSD destin\u00e9s \u00e0 l\u2019Edge AI et \u00e9quipant des serveurs Edge doivent pouvoir traiter les donn\u00e9es tr\u00e8s rapidement \u00e0 la source au lieu de renvoyer toutes les donn\u00e9es vers un centre de donn\u00e9es principal distant; permettant ainsi de r\u00e9duire la latence et de diminuer les co\u00fbts. A titre d\u2019exemples, les feux tricolores connect\u00e9s et les unit\u00e9s de surveillance du r\u00e9seau routier reposent sur un SSD pour leur permettre une lecture\/\u00e9criture rapide des donn\u00e9es, mais aussi leur fournir une grande capacit\u00e9 et une faible latence afin de pouvoir traiter les donn\u00e9es en temps r\u00e9el ; et il en va de m\u00eame pour les centres de donn\u00e9es Edge. Avec cette s\u00e9rie atteignant 6.4TB, ces nouveaux SSD vont certainement r\u00e9volutionner le march\u00e9 du stockage \u00e0 l\u2019heure du Edge et am\u00e9liorer les exp\u00e9riences pour les utilisateurs finaux.<\/p>\n<p>D\u2019apr\u00e8s CC Wu, directeur g\u00e9n\u00e9ral du d\u00e9partement Flash chez Innodisk, le groupe a d\u00e9j\u00e0 commenc\u00e9 \u00e0 concentrer ses efforts sur des applications r\u00e9pondant au d\u00e9veloppement rapide de la 5G et de l\u2019Intelligence Artificielle. Cette nouvelle gamme de produits int\u00e8gre les capacit\u00e9s d\u2019Innodisk en recherche et d\u00e9veloppement concernant les logiciels, mat\u00e9riels et firmware. En introduisant ces nouveaux SSD sp\u00e9cifiques qui combinent les avantages des SSD de qualit\u00e9 industrielle aux caract\u00e9ristiques des SSD pour les centres de donn\u00e9es, Innodisk esp\u00e8re saisir de nouvelles opportunit\u00e9s commerciales dans le domaine de l\u2019Edge Computing et r\u00e9pondre ainsi aux besoins de ce secteur en constante croissance.<\/p>\n<p>\u00a0<br \/>\n<a title=\"www.innodisk.com\" href=\"http:\/\/www.innodisk.com\">www.innodisk.com<\/a><\/p>\n","protected":false},"excerpt":{"rendered":"<p>Innodisk passe \u00e0 la vitesse sup\u00e9rieure en ce qui concerne le d\u00e9veloppement de la technologie Edge AI<\/p>\n","protected":false},"author":36,"featured_media":392022,"comment_status":"closed","ping_status":"closed","sticky":false,"template":"","format":"standard","meta":{"_acf_changed":false,"footnotes":""},"categories":[886],"tags":[905],"domains":[47],"ppma_author":[1154],"class_list":["post-392021","post","type-post","status-publish","format-standard","has-post-thumbnail","hentry","category-news-fr","tag-memory-data-storage-fr","domains-electronique-eci"],"acf":[],"yoast_head":"<title>Des SSD destin\u00e9s au march\u00e9 de l\u2019Edge AI ...<\/title>\n<meta name=\"description\" content=\"Innodisk passe \u00e0 la vitesse sup\u00e9rieure en ce qui concerne le d\u00e9veloppement de la technologie Edge AI\" \/>\n<meta name=\"robots\" content=\"index, follow, max-snippet:-1, max-image-preview:large, max-video-preview:-1\" \/>\n<link rel=\"canonical\" href=\"https:\/\/www.ecinews.fr\/fr\/wp-json\/wp\/v2\/posts\/392021\/\" \/>\n<meta property=\"og:locale\" content=\"fr_FR\" \/>\n<meta property=\"og:type\" content=\"article\" \/>\n<meta property=\"og:title\" content=\"Des SSD destin\u00e9s au march\u00e9 de l\u2019Edge AI\" \/>\n<meta property=\"og:description\" content=\"Innodisk passe \u00e0 la vitesse sup\u00e9rieure en ce qui concerne le d\u00e9veloppement de la technologie Edge AI\" \/>\n<meta property=\"og:url\" content=\"https:\/\/www.ecinews.fr\/fr\/wp-json\/wp\/v2\/posts\/392021\/\" \/>\n<meta property=\"og:site_name\" content=\"EENewsEurope\" \/>\n<meta property=\"article:published_time\" content=\"2022-08-09T07:36:26+00:00\" \/>\n<meta property=\"og:image\" content=\"https:\/\/www.eenewseurope.com\/wp-content\/uploads\/2022\/08\/ECI1358_Innodisk_web.jpg\" \/>\n\t<meta property=\"og:image:width\" content=\"830\" \/>\n\t<meta property=\"og:image:height\" content=\"560\" \/>\n\t<meta property=\"og:image:type\" content=\"image\/jpeg\" \/>\n<meta name=\"author\" content=\"Alain Dieul\" \/>\n<meta name=\"twitter:card\" content=\"summary_large_image\" \/>\n<meta name=\"twitter:label1\" content=\"Written by\" \/>\n\t<meta name=\"twitter:data1\" content=\"Alain Dieul\" \/>\n\t<meta name=\"twitter:label2\" content=\"Est. reading time\" \/>\n\t<meta name=\"twitter:data2\" content=\"2 minutes\" \/>\n<script type=\"application\/ld+json\" class=\"yoast-schema-graph\">{\"@context\":\"https:\/\/schema.org\",\"@graph\":[{\"@type\":\"Article\",\"@id\":\"https:\/\/www.eenewseurope.com\/fr\/des-ssd-destines-au-marche-de-ledge-ai\/#article\",\"isPartOf\":{\"@id\":\"https:\/\/www.eenewseurope.com\/fr\/des-ssd-destines-au-marche-de-ledge-ai\/\"},\"author\":{\"name\":\"Alain Dieul\",\"@id\":\"https:\/\/www.eenewseurope.com\/en\/#\/schema\/person\/e4387676ad67ce722325c7832f3c3762\"},\"headline\":\"Des SSD destin\u00e9s au march\u00e9 de l\u2019Edge AI\",\"datePublished\":\"2022-08-09T07:36:26+00:00\",\"dateModified\":\"2022-08-09T07:36:26+00:00\",\"mainEntityOfPage\":{\"@id\":\"https:\/\/www.eenewseurope.com\/fr\/des-ssd-destines-au-marche-de-ledge-ai\/\"},\"wordCount\":531,\"publisher\":{\"@id\":\"https:\/\/www.eenewseurope.com\/en\/#organization\"},\"keywords\":[\"Memory &amp; Data Storage\"],\"articleSection\":[\"Actualit\u00e9 g\u00e9n\u00e9rale\"],\"inLanguage\":\"fr-FR\"},{\"@type\":\"WebPage\",\"@id\":\"https:\/\/www.eenewseurope.com\/fr\/des-ssd-destines-au-marche-de-ledge-ai\/\",\"url\":\"https:\/\/www.eenewseurope.com\/fr\/des-ssd-destines-au-marche-de-ledge-ai\/\",\"name\":\"Des SSD destin\u00e9s au march\u00e9 de l\u2019Edge AI -\",\"isPartOf\":{\"@id\":\"https:\/\/www.eenewseurope.com\/en\/#website\"},\"datePublished\":\"2022-08-09T07:36:26+00:00\",\"dateModified\":\"2022-08-09T07:36:26+00:00\",\"breadcrumb\":{\"@id\":\"https:\/\/www.eenewseurope.com\/fr\/des-ssd-destines-au-marche-de-ledge-ai\/#breadcrumb\"},\"inLanguage\":\"fr-FR\",\"potentialAction\":[{\"@type\":\"ReadAction\",\"target\":[\"https:\/\/www.eenewseurope.com\/fr\/des-ssd-destines-au-marche-de-ledge-ai\/\"]}]},{\"@type\":\"BreadcrumbList\",\"@id\":\"https:\/\/www.eenewseurope.com\/fr\/des-ssd-destines-au-marche-de-ledge-ai\/#breadcrumb\",\"itemListElement\":[{\"@type\":\"ListItem\",\"position\":1,\"name\":\"Home\",\"item\":\"https:\/\/www.ecinews.fr\/fr\/\"},{\"@type\":\"ListItem\",\"position\":2,\"name\":\"Des SSD destin\u00e9s au march\u00e9 de l\u2019Edge AI\"}]},{\"@type\":\"WebSite\",\"@id\":\"https:\/\/www.eenewseurope.com\/en\/#website\",\"url\":\"https:\/\/www.eenewseurope.com\/en\/\",\"name\":\"EENewsEurope\",\"description\":\"Just another WordPress site\",\"publisher\":{\"@id\":\"https:\/\/www.eenewseurope.com\/en\/#organization\"},\"potentialAction\":[{\"@type\":\"SearchAction\",\"target\":{\"@type\":\"EntryPoint\",\"urlTemplate\":\"https:\/\/www.eenewseurope.com\/en\/?s={search_term_string}\"},\"query-input\":\"required name=search_term_string\"}],\"inLanguage\":\"fr-FR\"},{\"@type\":\"Organization\",\"@id\":\"https:\/\/www.eenewseurope.com\/en\/#organization\",\"name\":\"EENewsEurope\",\"url\":\"https:\/\/www.eenewseurope.com\/en\/\",\"logo\":{\"@type\":\"ImageObject\",\"inLanguage\":\"fr-FR\",\"@id\":\"https:\/\/www.eenewseurope.com\/en\/#\/schema\/logo\/image\/\",\"url\":\"https:\/\/www.ecinews.fr\/wp-content\/uploads\/2022\/02\/logo-1.jpg\",\"contentUrl\":\"https:\/\/www.ecinews.fr\/wp-content\/uploads\/2022\/02\/logo-1.jpg\",\"width\":283,\"height\":113,\"caption\":\"EENewsEurope\"},\"image\":{\"@id\":\"https:\/\/www.eenewseurope.com\/en\/#\/schema\/logo\/image\/\"}},{\"@type\":\"Person\",\"@id\":\"https:\/\/www.eenewseurope.com\/en\/#\/schema\/person\/e4387676ad67ce722325c7832f3c3762\",\"name\":\"Alain Dieul\",\"image\":{\"@type\":\"ImageObject\",\"inLanguage\":\"fr-FR\",\"@id\":\"https:\/\/www.eenewseurope.com\/en\/#\/schema\/person\/image\/736120675699dbbf0f0f282b9a9cfb75\",\"url\":\"https:\/\/secure.gravatar.com\/avatar\/bc93b056d07515be5b8eecd4acf49c5c?s=96&d=mm&r=g\",\"contentUrl\":\"https:\/\/secure.gravatar.com\/avatar\/bc93b056d07515be5b8eecd4acf49c5c?s=96&d=mm&r=g\",\"caption\":\"Alain Dieul\"},\"sameAs\":[\"http:\/\/ECINews\"]}]}<\/script>","yoast_head_json":{"title":"Des SSD destin\u00e9s au march\u00e9 de l\u2019Edge AI ...","description":"Innodisk passe \u00e0 la vitesse sup\u00e9rieure en ce qui concerne le d\u00e9veloppement de la technologie Edge AI","robots":{"index":"index","follow":"follow","max-snippet":"max-snippet:-1","max-image-preview":"max-image-preview:large","max-video-preview":"max-video-preview:-1"},"canonical":"https:\/\/www.ecinews.fr\/fr\/wp-json\/wp\/v2\/posts\/392021\/","og_locale":"fr_FR","og_type":"article","og_title":"Des SSD destin\u00e9s au march\u00e9 de l\u2019Edge AI","og_description":"Innodisk passe \u00e0 la vitesse sup\u00e9rieure en ce qui concerne le d\u00e9veloppement de la technologie Edge AI","og_url":"https:\/\/www.ecinews.fr\/fr\/wp-json\/wp\/v2\/posts\/392021\/","og_site_name":"EENewsEurope","article_published_time":"2022-08-09T07:36:26+00:00","og_image":[{"width":830,"height":560,"url":"https:\/\/www.eenewseurope.com\/wp-content\/uploads\/2022\/08\/ECI1358_Innodisk_web.jpg","type":"image\/jpeg"}],"author":"Alain Dieul","twitter_card":"summary_large_image","twitter_misc":{"Written by":"Alain Dieul","Est. reading time":"2 minutes"},"schema":{"@context":"https:\/\/schema.org","@graph":[{"@type":"Article","@id":"https:\/\/www.eenewseurope.com\/fr\/des-ssd-destines-au-marche-de-ledge-ai\/#article","isPartOf":{"@id":"https:\/\/www.eenewseurope.com\/fr\/des-ssd-destines-au-marche-de-ledge-ai\/"},"author":{"name":"Alain Dieul","@id":"https:\/\/www.eenewseurope.com\/en\/#\/schema\/person\/e4387676ad67ce722325c7832f3c3762"},"headline":"Des SSD destin\u00e9s au march\u00e9 de l\u2019Edge AI","datePublished":"2022-08-09T07:36:26+00:00","dateModified":"2022-08-09T07:36:26+00:00","mainEntityOfPage":{"@id":"https:\/\/www.eenewseurope.com\/fr\/des-ssd-destines-au-marche-de-ledge-ai\/"},"wordCount":531,"publisher":{"@id":"https:\/\/www.eenewseurope.com\/en\/#organization"},"keywords":["Memory &amp; Data Storage"],"articleSection":["Actualit\u00e9 g\u00e9n\u00e9rale"],"inLanguage":"fr-FR"},{"@type":"WebPage","@id":"https:\/\/www.eenewseurope.com\/fr\/des-ssd-destines-au-marche-de-ledge-ai\/","url":"https:\/\/www.eenewseurope.com\/fr\/des-ssd-destines-au-marche-de-ledge-ai\/","name":"Des SSD destin\u00e9s au march\u00e9 de l\u2019Edge AI -","isPartOf":{"@id":"https:\/\/www.eenewseurope.com\/en\/#website"},"datePublished":"2022-08-09T07:36:26+00:00","dateModified":"2022-08-09T07:36:26+00:00","breadcrumb":{"@id":"https:\/\/www.eenewseurope.com\/fr\/des-ssd-destines-au-marche-de-ledge-ai\/#breadcrumb"},"inLanguage":"fr-FR","potentialAction":[{"@type":"ReadAction","target":["https:\/\/www.eenewseurope.com\/fr\/des-ssd-destines-au-marche-de-ledge-ai\/"]}]},{"@type":"BreadcrumbList","@id":"https:\/\/www.eenewseurope.com\/fr\/des-ssd-destines-au-marche-de-ledge-ai\/#breadcrumb","itemListElement":[{"@type":"ListItem","position":1,"name":"Home","item":"https:\/\/www.ecinews.fr\/fr\/"},{"@type":"ListItem","position":2,"name":"Des SSD destin\u00e9s au march\u00e9 de l\u2019Edge AI"}]},{"@type":"WebSite","@id":"https:\/\/www.eenewseurope.com\/en\/#website","url":"https:\/\/www.eenewseurope.com\/en\/","name":"EENewsEurope","description":"Just another WordPress site","publisher":{"@id":"https:\/\/www.eenewseurope.com\/en\/#organization"},"potentialAction":[{"@type":"SearchAction","target":{"@type":"EntryPoint","urlTemplate":"https:\/\/www.eenewseurope.com\/en\/?s={search_term_string}"},"query-input":"required name=search_term_string"}],"inLanguage":"fr-FR"},{"@type":"Organization","@id":"https:\/\/www.eenewseurope.com\/en\/#organization","name":"EENewsEurope","url":"https:\/\/www.eenewseurope.com\/en\/","logo":{"@type":"ImageObject","inLanguage":"fr-FR","@id":"https:\/\/www.eenewseurope.com\/en\/#\/schema\/logo\/image\/","url":"https:\/\/www.ecinews.fr\/wp-content\/uploads\/2022\/02\/logo-1.jpg","contentUrl":"https:\/\/www.ecinews.fr\/wp-content\/uploads\/2022\/02\/logo-1.jpg","width":283,"height":113,"caption":"EENewsEurope"},"image":{"@id":"https:\/\/www.eenewseurope.com\/en\/#\/schema\/logo\/image\/"}},{"@type":"Person","@id":"https:\/\/www.eenewseurope.com\/en\/#\/schema\/person\/e4387676ad67ce722325c7832f3c3762","name":"Alain Dieul","image":{"@type":"ImageObject","inLanguage":"fr-FR","@id":"https:\/\/www.eenewseurope.com\/en\/#\/schema\/person\/image\/736120675699dbbf0f0f282b9a9cfb75","url":"https:\/\/secure.gravatar.com\/avatar\/bc93b056d07515be5b8eecd4acf49c5c?s=96&d=mm&r=g","contentUrl":"https:\/\/secure.gravatar.com\/avatar\/bc93b056d07515be5b8eecd4acf49c5c?s=96&d=mm&r=g","caption":"Alain Dieul"},"sameAs":["http:\/\/ECINews"]}]}},"authors":[{"term_id":1154,"user_id":36,"is_guest":0,"slug":"alain-dieul","display_name":"Alain Dieul","avatar_url":"https:\/\/secure.gravatar.com\/avatar\/bc93b056d07515be5b8eecd4acf49c5c?s=96&d=mm&r=g","0":null,"1":"","2":"","3":"","4":"","5":"","6":"","7":"","8":""}],"_links":{"self":[{"href":"https:\/\/www.ecinews.fr\/fr\/wp-json\/wp\/v2\/posts\/392021"}],"collection":[{"href":"https:\/\/www.ecinews.fr\/fr\/wp-json\/wp\/v2\/posts"}],"about":[{"href":"https:\/\/www.ecinews.fr\/fr\/wp-json\/wp\/v2\/types\/post"}],"author":[{"embeddable":true,"href":"https:\/\/www.ecinews.fr\/fr\/wp-json\/wp\/v2\/users\/36"}],"replies":[{"embeddable":true,"href":"https:\/\/www.ecinews.fr\/fr\/wp-json\/wp\/v2\/comments?post=392021"}],"version-history":[{"count":0,"href":"https:\/\/www.ecinews.fr\/fr\/wp-json\/wp\/v2\/posts\/392021\/revisions"}],"wp:featuredmedia":[{"embeddable":true,"href":"https:\/\/www.ecinews.fr\/fr\/wp-json\/wp\/v2\/media\/392022"}],"wp:attachment":[{"href":"https:\/\/www.ecinews.fr\/fr\/wp-json\/wp\/v2\/media?parent=392021"}],"wp:term":[{"taxonomy":"category","embeddable":true,"href":"https:\/\/www.ecinews.fr\/fr\/wp-json\/wp\/v2\/categories?post=392021"},{"taxonomy":"post_tag","embeddable":true,"href":"https:\/\/www.ecinews.fr\/fr\/wp-json\/wp\/v2\/tags?post=392021"},{"taxonomy":"domains","embeddable":true,"href":"https:\/\/www.ecinews.fr\/fr\/wp-json\/wp\/v2\/domains?post=392021"},{"taxonomy":"author","embeddable":true,"href":"https:\/\/www.ecinews.fr\/fr\/wp-json\/wp\/v2\/ppma_author?post=392021"}],"curies":[{"name":"wp","href":"https:\/\/api.w.org\/{rel}","templated":true}]}}