{"id":391907,"date":"2022-08-07T18:24:35","date_gmt":"2022-08-07T16:24:35","guid":{"rendered":"https:\/\/www.ecinews.fr\/?p=391907"},"modified":"2022-08-07T18:24:35","modified_gmt":"2022-08-07T16:24:35","slug":"congatec-fait-son-entree-sur-le-marche-de-la-securite-fonctionnelle","status":"publish","type":"post","link":"https:\/\/www.ecinews.fr\/fr\/congatec-fait-son-entree-sur-le-marche-de-la-securite-fonctionnelle\/","title":{"rendered":"Congatec fait son entr\u00e9e sur le march\u00e9 de la s\u00e9curit\u00e9 fonctionnelle"},"content":{"rendered":"<p>Des plates-formes informatiques embarqu\u00e9es fonctionnellement s\u00fbres sont n\u00e9cessaires dans de nombreuses nouvelles applications, allant des machines industrielles et de la robotique collaborative aux v\u00e9hicules autonomes sur les sites de production, les voies ferr\u00e9es et les routes. Pour toutes ces applications, il existe \u00e9galement une tendance \u00e0 la consolidation du Hardware qui conduit \u00e0 la g\u00e9rersur des syst\u00e8mes embarqu\u00e9s multic\u0153urs fonctionnellement s\u00fbrs en parall\u00e8le de multiples t\u00e2ches de s\u00e9curit\u00e9 critiques et non critiques. Les plates-formes multic\u0153urs x86 embarqu\u00e9es offrent une base solide pour de telles applications, c&rsquo;est pourquoi congatec les qualifie d\u00e9sormais pour la certification avec les normes FuSa, notamment IEC 61508 et ISO 13849.<\/p>\n<p>\u00ab\u00a0Le Hardware fonctionnellement s\u00fbr et le Hardware proche du logiciel sont des concepts fondamentaux pour toute application de s\u00e9curit\u00e9 fonctionnelle et exigent un examen d\u00e9taill\u00e9 de tous les composants. Les OEM qui utilisent un Computer-on-Module comme \u00e9l\u00e9ment constitutif &#8211; comprenant les composants logiciels pertinents tels que le bootloader, l&rsquo;hyperviseur et le BSP &#8211; qui est d\u00e9j\u00e0 certifi\u00e9 pour la s\u00e9curit\u00e9 fonctionnelle, peuvent \u00e9conomiser beaucoup de temps et d&rsquo;argent. Ils n&rsquo;auront plus qu&rsquo;\u00e0 qualifier la carte porteuse personnalis\u00e9e et les adaptations connexes pour la certification\u00a0\u00bb, explique Konrad Garhammer, CTO de congatec, pour r\u00e9sumer la valeur ajout\u00e9e des investissements de l&rsquo;entreprise dans la s\u00e9curit\u00e9 fonctionnelle.<\/p>\n<p>Le module COM Express Mini conga-MA7, pr\u00eat pour la s\u00e9curit\u00e9 fonctionnelle, ex\u00e9cute une d\u00e9mo de l\u2019application FuSa sur la base de l&rsquo;hyperviseur RTS et de Linux temps r\u00e9el int\u00e9gr\u00e9 avec le CPU Intel x6427FE qualifi\u00e9 FuSa, avec le support Safety Island. Cette d\u00e9mo FuSa est une preuve impressionnante que congatec a d\u00e9j\u00e0 grandement contribu\u00e9 \u00e0 la qualification de ses premiers Computer-on-Modules bas\u00e9s sur la technologie de processeur Intel Atom x6000 E (anciennement nom de code Elkhart Lake), avec d&rsquo;autres modules \u00e0 suivre. Les OEM peuvent imm\u00e9diatement commencer \u00e0 mettre en \u0153uvre les modules pr\u00eats pour la s\u00e9curit\u00e9 fonctionnelle, les BSP et les composants logiciels de congatec dans leurs plates-formes d&rsquo;application, et congatec est pr\u00eat \u00e0 les soutenir dans tous les besoins de personnalisation conformes \u00e0 leurs demandes de certification sp\u00e9cifiques &#8211; qu&rsquo;il s&rsquo;agisse de la s\u00e9lection et de la mise en \u0153uvre des composants sur les cartes porteuses, du support du syst\u00e8me d&rsquo;exploitation et de l&rsquo;hyperviseur, ou du support de la mise en \u0153uvre des pilotes d&rsquo;E\/S conform\u00e9ment aux besoins de certification.<\/p>\n<p>Pour qualifier les Computer-on-Modules pour un fonctionnement s\u00fbr, tous les composants ainsi que l&rsquo;ensemble du BSP doivent \u00eatre pr\u00e9par\u00e9s pour la certification FuSa, y compris les manuels de s\u00e9curit\u00e9 et autres documents requis. De m\u00eame, tous les processus et documents organisationnels cr\u00e9\u00e9s pendant le d\u00e9veloppement et les tests &#8211; tels que FMEDA (Failure Modes, Effects and Diagnostic Analysis) ainsi que le processus de v\u00e9rification et de validation (V&amp;V) &#8211; doivent \u00eatre mis en conformit\u00e9 avec les exigences de certification et audit\u00e9s par des \u00e9valuateurs externes. Tout cela est disponible d\u00e8s maintenant aupr\u00e8s de congatec afin que les clients puissent commencer leurs projets FuSa imm\u00e9diatement, avec des d\u00e9lais de mise sur le march\u00e9 plus courts, des co\u00fbts r\u00e9duits et moins de risques de mise en \u0153uvre.<\/p>\n<p><a href=\"https:\/\/www.congatec.com\/en\/technologies\/functional-safety\">https:\/\/www.congatec.com\/en\/technologies\/functional-safety<\/a><\/p>\n<p>&nbsp;<\/p>\n<p>&nbsp;<\/p>\n<p>&nbsp;<\/p>\n","protected":false},"excerpt":{"rendered":"<p>Congatec a annonc\u00e9 un investissement massif dans la s\u00e9curit\u00e9 fonctionnelle (FuSa). <\/p>\n","protected":false},"author":36,"featured_media":391908,"comment_status":"closed","ping_status":"closed","sticky":false,"template":"","format":"standard","meta":{"_acf_changed":false,"footnotes":""},"categories":[886],"tags":[1694],"domains":[47],"ppma_author":[1154],"class_list":["post-391907","post","type-post","status-publish","format-standard","has-post-thumbnail","hentry","category-news-fr","tag-securite","domains-electronique-eci"],"acf":[],"yoast_head":"<title>Congatec fait son entr\u00e9e sur le march\u00e9 de la s\u00e9curit\u00e9 fonct...<\/title>\n<meta name=\"description\" content=\"Congatec a annonc\u00e9 un investissement massif dans la s\u00e9curit\u00e9 fonctionnelle (FuSa).\" \/>\n<meta name=\"robots\" content=\"index, follow, max-snippet:-1, max-image-preview:large, max-video-preview:-1\" \/>\n<link rel=\"canonical\" href=\"https:\/\/www.ecinews.fr\/fr\/wp-json\/wp\/v2\/posts\/391907\/\" \/>\n<meta property=\"og:locale\" content=\"fr_FR\" \/>\n<meta property=\"og:type\" content=\"article\" \/>\n<meta property=\"og:title\" content=\"Congatec fait son entr\u00e9e sur le march\u00e9 de la s\u00e9curit\u00e9 fonctionnelle\" \/>\n<meta property=\"og:description\" content=\"Congatec a annonc\u00e9 un investissement massif dans la s\u00e9curit\u00e9 fonctionnelle (FuSa).\" \/>\n<meta property=\"og:url\" content=\"https:\/\/www.ecinews.fr\/fr\/wp-json\/wp\/v2\/posts\/391907\/\" \/>\n<meta property=\"og:site_name\" content=\"EENewsEurope\" \/>\n<meta property=\"article:published_time\" content=\"2022-08-07T16:24:35+00:00\" \/>\n<meta property=\"og:image\" content=\"https:\/\/www.ecinews.fr\/wp-content\/uploads\/2022\/08\/ECI1343_congatec-scaled.jpg\" \/>\n\t<meta property=\"og:image:width\" content=\"1080\" \/>\n\t<meta property=\"og:image:height\" content=\"644\" \/>\n\t<meta property=\"og:image:type\" content=\"image\/jpeg\" \/>\n<meta name=\"author\" content=\"Alain Dieul\" \/>\n<meta name=\"twitter:card\" content=\"summary_large_image\" \/>\n<meta name=\"twitter:label1\" content=\"Written by\" \/>\n\t<meta name=\"twitter:data1\" content=\"Alain Dieul\" \/>\n\t<meta name=\"twitter:label2\" content=\"Est. reading time\" \/>\n\t<meta name=\"twitter:data2\" content=\"3 minutes\" \/>\n<script type=\"application\/ld+json\" class=\"yoast-schema-graph\">{\"@context\":\"https:\/\/schema.org\",\"@graph\":[{\"@type\":\"Article\",\"@id\":\"https:\/\/www.ecinews.fr\/fr\/congatec-fait-son-entree-sur-le-marche-de-la-securite-fonctionnelle\/#article\",\"isPartOf\":{\"@id\":\"https:\/\/www.ecinews.fr\/fr\/congatec-fait-son-entree-sur-le-marche-de-la-securite-fonctionnelle\/\"},\"author\":{\"name\":\"Alain Dieul\",\"@id\":\"https:\/\/www.eenewseurope.com\/en\/#\/schema\/person\/e4387676ad67ce722325c7832f3c3762\"},\"headline\":\"Congatec fait son entr\u00e9e sur le march\u00e9 de la s\u00e9curit\u00e9 fonctionnelle\",\"datePublished\":\"2022-08-07T16:24:35+00:00\",\"dateModified\":\"2022-08-07T16:24:35+00:00\",\"mainEntityOfPage\":{\"@id\":\"https:\/\/www.ecinews.fr\/fr\/congatec-fait-son-entree-sur-le-marche-de-la-securite-fonctionnelle\/\"},\"wordCount\":595,\"publisher\":{\"@id\":\"https:\/\/www.eenewseurope.com\/en\/#organization\"},\"keywords\":[\"s\u00e9curit\u00e9\"],\"articleSection\":[\"Actualit\u00e9 g\u00e9n\u00e9rale\"],\"inLanguage\":\"fr-FR\"},{\"@type\":\"WebPage\",\"@id\":\"https:\/\/www.ecinews.fr\/fr\/congatec-fait-son-entree-sur-le-marche-de-la-securite-fonctionnelle\/\",\"url\":\"https:\/\/www.ecinews.fr\/fr\/congatec-fait-son-entree-sur-le-marche-de-la-securite-fonctionnelle\/\",\"name\":\"Congatec fait son entr\u00e9e sur le march\u00e9 de la s\u00e9curit\u00e9 fonctionnelle -\",\"isPartOf\":{\"@id\":\"https:\/\/www.eenewseurope.com\/en\/#website\"},\"datePublished\":\"2022-08-07T16:24:35+00:00\",\"dateModified\":\"2022-08-07T16:24:35+00:00\",\"breadcrumb\":{\"@id\":\"https:\/\/www.ecinews.fr\/fr\/congatec-fait-son-entree-sur-le-marche-de-la-securite-fonctionnelle\/#breadcrumb\"},\"inLanguage\":\"fr-FR\",\"potentialAction\":[{\"@type\":\"ReadAction\",\"target\":[\"https:\/\/www.ecinews.fr\/fr\/congatec-fait-son-entree-sur-le-marche-de-la-securite-fonctionnelle\/\"]}]},{\"@type\":\"BreadcrumbList\",\"@id\":\"https:\/\/www.ecinews.fr\/fr\/congatec-fait-son-entree-sur-le-marche-de-la-securite-fonctionnelle\/#breadcrumb\",\"itemListElement\":[{\"@type\":\"ListItem\",\"position\":1,\"name\":\"Home\",\"item\":\"https:\/\/www.ecinews.fr\/fr\/\"},{\"@type\":\"ListItem\",\"position\":2,\"name\":\"Congatec fait son entr\u00e9e sur le march\u00e9 de la s\u00e9curit\u00e9 fonctionnelle\"}]},{\"@type\":\"WebSite\",\"@id\":\"https:\/\/www.eenewseurope.com\/en\/#website\",\"url\":\"https:\/\/www.eenewseurope.com\/en\/\",\"name\":\"EENewsEurope\",\"description\":\"Just another WordPress site\",\"publisher\":{\"@id\":\"https:\/\/www.eenewseurope.com\/en\/#organization\"},\"potentialAction\":[{\"@type\":\"SearchAction\",\"target\":{\"@type\":\"EntryPoint\",\"urlTemplate\":\"https:\/\/www.eenewseurope.com\/en\/?s={search_term_string}\"},\"query-input\":\"required name=search_term_string\"}],\"inLanguage\":\"fr-FR\"},{\"@type\":\"Organization\",\"@id\":\"https:\/\/www.eenewseurope.com\/en\/#organization\",\"name\":\"EENewsEurope\",\"url\":\"https:\/\/www.eenewseurope.com\/en\/\",\"logo\":{\"@type\":\"ImageObject\",\"inLanguage\":\"fr-FR\",\"@id\":\"https:\/\/www.eenewseurope.com\/en\/#\/schema\/logo\/image\/\",\"url\":\"https:\/\/www.ecinews.fr\/wp-content\/uploads\/2022\/02\/logo-1.jpg\",\"contentUrl\":\"https:\/\/www.ecinews.fr\/wp-content\/uploads\/2022\/02\/logo-1.jpg\",\"width\":283,\"height\":113,\"caption\":\"EENewsEurope\"},\"image\":{\"@id\":\"https:\/\/www.eenewseurope.com\/en\/#\/schema\/logo\/image\/\"}},{\"@type\":\"Person\",\"@id\":\"https:\/\/www.eenewseurope.com\/en\/#\/schema\/person\/e4387676ad67ce722325c7832f3c3762\",\"name\":\"Alain Dieul\",\"image\":{\"@type\":\"ImageObject\",\"inLanguage\":\"fr-FR\",\"@id\":\"https:\/\/www.eenewseurope.com\/en\/#\/schema\/person\/image\/736120675699dbbf0f0f282b9a9cfb75\",\"url\":\"https:\/\/secure.gravatar.com\/avatar\/bc93b056d07515be5b8eecd4acf49c5c?s=96&d=mm&r=g\",\"contentUrl\":\"https:\/\/secure.gravatar.com\/avatar\/bc93b056d07515be5b8eecd4acf49c5c?s=96&d=mm&r=g\",\"caption\":\"Alain Dieul\"},\"sameAs\":[\"http:\/\/ECINews\"]}]}<\/script>","yoast_head_json":{"title":"Congatec fait son entr\u00e9e sur le march\u00e9 de la s\u00e9curit\u00e9 fonct...","description":"Congatec a annonc\u00e9 un investissement massif dans la s\u00e9curit\u00e9 fonctionnelle (FuSa).","robots":{"index":"index","follow":"follow","max-snippet":"max-snippet:-1","max-image-preview":"max-image-preview:large","max-video-preview":"max-video-preview:-1"},"canonical":"https:\/\/www.ecinews.fr\/fr\/wp-json\/wp\/v2\/posts\/391907\/","og_locale":"fr_FR","og_type":"article","og_title":"Congatec fait son entr\u00e9e sur le march\u00e9 de la s\u00e9curit\u00e9 fonctionnelle","og_description":"Congatec a annonc\u00e9 un investissement massif dans la s\u00e9curit\u00e9 fonctionnelle (FuSa).","og_url":"https:\/\/www.ecinews.fr\/fr\/wp-json\/wp\/v2\/posts\/391907\/","og_site_name":"EENewsEurope","article_published_time":"2022-08-07T16:24:35+00:00","og_image":[{"width":1080,"height":644,"url":"https:\/\/www.ecinews.fr\/wp-content\/uploads\/2022\/08\/ECI1343_congatec-scaled.jpg","type":"image\/jpeg"}],"author":"Alain Dieul","twitter_card":"summary_large_image","twitter_misc":{"Written by":"Alain Dieul","Est. reading time":"3 minutes"},"schema":{"@context":"https:\/\/schema.org","@graph":[{"@type":"Article","@id":"https:\/\/www.ecinews.fr\/fr\/congatec-fait-son-entree-sur-le-marche-de-la-securite-fonctionnelle\/#article","isPartOf":{"@id":"https:\/\/www.ecinews.fr\/fr\/congatec-fait-son-entree-sur-le-marche-de-la-securite-fonctionnelle\/"},"author":{"name":"Alain Dieul","@id":"https:\/\/www.eenewseurope.com\/en\/#\/schema\/person\/e4387676ad67ce722325c7832f3c3762"},"headline":"Congatec fait son entr\u00e9e sur le march\u00e9 de la s\u00e9curit\u00e9 fonctionnelle","datePublished":"2022-08-07T16:24:35+00:00","dateModified":"2022-08-07T16:24:35+00:00","mainEntityOfPage":{"@id":"https:\/\/www.ecinews.fr\/fr\/congatec-fait-son-entree-sur-le-marche-de-la-securite-fonctionnelle\/"},"wordCount":595,"publisher":{"@id":"https:\/\/www.eenewseurope.com\/en\/#organization"},"keywords":["s\u00e9curit\u00e9"],"articleSection":["Actualit\u00e9 g\u00e9n\u00e9rale"],"inLanguage":"fr-FR"},{"@type":"WebPage","@id":"https:\/\/www.ecinews.fr\/fr\/congatec-fait-son-entree-sur-le-marche-de-la-securite-fonctionnelle\/","url":"https:\/\/www.ecinews.fr\/fr\/congatec-fait-son-entree-sur-le-marche-de-la-securite-fonctionnelle\/","name":"Congatec fait son entr\u00e9e sur le march\u00e9 de la s\u00e9curit\u00e9 fonctionnelle -","isPartOf":{"@id":"https:\/\/www.eenewseurope.com\/en\/#website"},"datePublished":"2022-08-07T16:24:35+00:00","dateModified":"2022-08-07T16:24:35+00:00","breadcrumb":{"@id":"https:\/\/www.ecinews.fr\/fr\/congatec-fait-son-entree-sur-le-marche-de-la-securite-fonctionnelle\/#breadcrumb"},"inLanguage":"fr-FR","potentialAction":[{"@type":"ReadAction","target":["https:\/\/www.ecinews.fr\/fr\/congatec-fait-son-entree-sur-le-marche-de-la-securite-fonctionnelle\/"]}]},{"@type":"BreadcrumbList","@id":"https:\/\/www.ecinews.fr\/fr\/congatec-fait-son-entree-sur-le-marche-de-la-securite-fonctionnelle\/#breadcrumb","itemListElement":[{"@type":"ListItem","position":1,"name":"Home","item":"https:\/\/www.ecinews.fr\/fr\/"},{"@type":"ListItem","position":2,"name":"Congatec fait son entr\u00e9e sur le march\u00e9 de la s\u00e9curit\u00e9 fonctionnelle"}]},{"@type":"WebSite","@id":"https:\/\/www.eenewseurope.com\/en\/#website","url":"https:\/\/www.eenewseurope.com\/en\/","name":"EENewsEurope","description":"Just another WordPress site","publisher":{"@id":"https:\/\/www.eenewseurope.com\/en\/#organization"},"potentialAction":[{"@type":"SearchAction","target":{"@type":"EntryPoint","urlTemplate":"https:\/\/www.eenewseurope.com\/en\/?s={search_term_string}"},"query-input":"required name=search_term_string"}],"inLanguage":"fr-FR"},{"@type":"Organization","@id":"https:\/\/www.eenewseurope.com\/en\/#organization","name":"EENewsEurope","url":"https:\/\/www.eenewseurope.com\/en\/","logo":{"@type":"ImageObject","inLanguage":"fr-FR","@id":"https:\/\/www.eenewseurope.com\/en\/#\/schema\/logo\/image\/","url":"https:\/\/www.ecinews.fr\/wp-content\/uploads\/2022\/02\/logo-1.jpg","contentUrl":"https:\/\/www.ecinews.fr\/wp-content\/uploads\/2022\/02\/logo-1.jpg","width":283,"height":113,"caption":"EENewsEurope"},"image":{"@id":"https:\/\/www.eenewseurope.com\/en\/#\/schema\/logo\/image\/"}},{"@type":"Person","@id":"https:\/\/www.eenewseurope.com\/en\/#\/schema\/person\/e4387676ad67ce722325c7832f3c3762","name":"Alain Dieul","image":{"@type":"ImageObject","inLanguage":"fr-FR","@id":"https:\/\/www.eenewseurope.com\/en\/#\/schema\/person\/image\/736120675699dbbf0f0f282b9a9cfb75","url":"https:\/\/secure.gravatar.com\/avatar\/bc93b056d07515be5b8eecd4acf49c5c?s=96&d=mm&r=g","contentUrl":"https:\/\/secure.gravatar.com\/avatar\/bc93b056d07515be5b8eecd4acf49c5c?s=96&d=mm&r=g","caption":"Alain Dieul"},"sameAs":["http:\/\/ECINews"]}]}},"authors":[{"term_id":1154,"user_id":36,"is_guest":0,"slug":"alain-dieul","display_name":"Alain Dieul","avatar_url":"https:\/\/secure.gravatar.com\/avatar\/bc93b056d07515be5b8eecd4acf49c5c?s=96&d=mm&r=g","0":null,"1":"","2":"","3":"","4":"","5":"","6":"","7":"","8":""}],"_links":{"self":[{"href":"https:\/\/www.ecinews.fr\/fr\/wp-json\/wp\/v2\/posts\/391907"}],"collection":[{"href":"https:\/\/www.ecinews.fr\/fr\/wp-json\/wp\/v2\/posts"}],"about":[{"href":"https:\/\/www.ecinews.fr\/fr\/wp-json\/wp\/v2\/types\/post"}],"author":[{"embeddable":true,"href":"https:\/\/www.ecinews.fr\/fr\/wp-json\/wp\/v2\/users\/36"}],"replies":[{"embeddable":true,"href":"https:\/\/www.ecinews.fr\/fr\/wp-json\/wp\/v2\/comments?post=391907"}],"version-history":[{"count":0,"href":"https:\/\/www.ecinews.fr\/fr\/wp-json\/wp\/v2\/posts\/391907\/revisions"}],"wp:featuredmedia":[{"embeddable":true,"href":"https:\/\/www.ecinews.fr\/fr\/wp-json\/wp\/v2\/media\/391908"}],"wp:attachment":[{"href":"https:\/\/www.ecinews.fr\/fr\/wp-json\/wp\/v2\/media?parent=391907"}],"wp:term":[{"taxonomy":"category","embeddable":true,"href":"https:\/\/www.ecinews.fr\/fr\/wp-json\/wp\/v2\/categories?post=391907"},{"taxonomy":"post_tag","embeddable":true,"href":"https:\/\/www.ecinews.fr\/fr\/wp-json\/wp\/v2\/tags?post=391907"},{"taxonomy":"domains","embeddable":true,"href":"https:\/\/www.ecinews.fr\/fr\/wp-json\/wp\/v2\/domains?post=391907"},{"taxonomy":"author","embeddable":true,"href":"https:\/\/www.ecinews.fr\/fr\/wp-json\/wp\/v2\/ppma_author?post=391907"}],"curies":[{"name":"wp","href":"https:\/\/api.w.org\/{rel}","templated":true}]}}